{"id":6116,"date":"2016-06-27T20:13:48","date_gmt":"2016-06-27T20:13:48","guid":{"rendered":"http:\/\/katolicka-gimnazija.hr\/?p=6116"},"modified":"2018-12-28T14:18:43","modified_gmt":"2018-12-28T14:18:43","slug":"svecana-podjela-svjedodzbi-maturantima","status":"publish","type":"post","link":"https:\/\/katolicka-gimnazija.hr\/index.php\/2016\/06\/27\/svecana-podjela-svjedodzbi-maturantima\/","title":{"rendered":"Sve\u010dana podjela svjedod\u017ebi maturantima"},"content":{"rendered":"<p>U predve\u010derje 27. lipnja u prostorima Katoli\u010dke gimnazije u Po\u017eegi odr\u017eana je Sve\u010dana podjela svjedod\u017ebi \u0161estoj generaciji maturanata Katoli\u010dke gimnazije. Osim maturanata u pratnji roditelja i prijatelja, sve\u010danosti su nazo\u010dili djelatnici \u0161kole na \u010delu s ravnateljem Ivanom Bedeni\u010di\u0107em, ali i pre\u010d. Ivica \u017duljevi\u0107, predstojnik Ureda za katoli\u010dke \u0161kole u Po\u017ee\u0161koj biskupiji i osniva\u010d \u0161kole Po\u017ee\u0161ki biskup mons. dr. Antun \u0160kvor\u010devi\u0107.<br \/>\nProgram su zapo\u010deli razrednici ovogodi\u0161njih maturanata prof. Marijana \u0106orluka i prof. Josip Kati\u0107 prigodnim tekstom iz Svetoga pisma i interpretativnim \u010ditanjem Srebrne ceste Gustava Krkleca. Potom je moderator sve\u010danosti i gimnazijski vjerou\u010ditelj Marijan Paveli\u0107 pozdravio prisutne i rije\u010d predao ravnatelju \u0161kole prof. Bedeni\u010di\u0107u koji je iskazao zahvalnost i maturantima, i njihovim roditeljima, ali i biskupu koji izbliza prati i podr\u017eava sva \u0161kolska nastojanja. Na kraju svoga govora uputio je maturantima rije\u010di ohrabrenja za sve ono \u0161to im tek slijedi.<br \/>\nUslijedila je dodjela nagrada svim maturantima koji su predstavljali \u0161kolu i ostvarili uspjehe na razli\u010ditim natjecanjima, a kao najmaturantica progla\u0161ena je Marija Prpi\u0107 koju je zbog brojnih uspjeha i doprinosa \u0161koli Nastavni\u010dko vije\u0107e jednoglasno proglasilo najboljom u\u010denicom generacije 2015.\/2016. Mariji je ravnatelj kao nagradu uru\u010dio Sveto pismo i jednokratnu stipendiju Po\u017ee\u0161ke biskupije. U ime svih maturanata Marija je izrekla zahvalni govor upu\u0107en svima koji su doprinijeli njihovom rastu: od Oca biskupa, preko \u0161kolskih djelatnika, do roditelja i prijatelja. Svojim iskrenim i nepatvorenim rije\u010dima Marija je iskazala svu dubinu pro\u017eivljenoga, svu ljepotu ste\u010denoga, svo bogatstvo spoznatoga.<br \/>\nU\u010denici tre\u0107ih razreda Petar Petrovi\u0107 i Marko Gelen\u010dir izveli su kratki scenski prikaz \u201eDobri de\u010dki\u201c kojim su odu\u0161evili prisutne, a potom je uslijedio sredi\u0161nji dio sve\u010danosti \u2013 podjela svjedod\u017ebi. U tom sve\u010danom i maturantima va\u017enom trenutku obratio se i Po\u017ee\u0161ki biskup koji je izrazio zahvalnost u\u010denicima za ostvaren uspjeh. Osvrnuv\u0161i se na aktualna zbivanja i poraz Hrvatske nogometne reprezentacije biskup je upitao maturante: \u201eJeste li vi pobijedili?\u201c Ohrabrio ih je kazav\u0161i \u201enakon svega \u0161to su va\u0161i roditelji ulagali u vas i nakon \u010detverogodi\u0161njeg napora va\u0161ih profesora ne mo\u017eete izgubiti ni biti pora\u017eeni. U ovoj smo \u0161koli nastojali ne samo predavati vam informacije kojima se razvija va\u0161e intelektualno znanje, nego vas odgajati za cjelovite osobe.\u201c Na kraju svoga govora biskup je izrazio svoju zahvalnost i ponos na maturante te izrazio \u017eelju za daljnjom povezano\u0161\u0107u.<br \/>\nSve\u010danost je zavr\u0161ila pjevanjem himne \u201eGaudeamus\u201c, a nakon toga maturanti su imali priliku upisati se u Knjigu prijatelja \u0161kole. Susret maturanata, roditelja i njihovih prijatelja s djelatnicima \u0161kole nastavio se opu\u0161tenijim dru\u017eenjem na sve\u010danom domjenku u prostorijama \u0161kole.<\/p>\n<div id='gallery-1' class='gallery galleryid-6116 gallery-columns-3 gallery-size-medium'><figure class='gallery-item'>\n\t\t\t<div class='gallery-icon landscape'>\n\t\t\t\t<a href='https:\/\/katolicka-gimnazija.hr\/wp-content\/uploads\/2016\/06\/DSC_0120.jpg'><img loading=\"lazy\" decoding=\"async\" width=\"300\" height=\"200\" src=\"https:\/\/katolicka-gimnazija.hr\/wp-content\/uploads\/2016\/06\/DSC_0120-300x200.jpg\" class=\"attachment-medium size-medium\" alt=\"\" srcset=\"https:\/\/katolicka-gimnazija.hr\/wp-content\/uploads\/2016\/06\/DSC_0120-300x200.jpg 300w, https:\/\/katolicka-gimnazija.hr\/wp-content\/uploads\/2016\/06\/DSC_0120-768x512.jpg 768w, https:\/\/katolicka-gimnazija.hr\/wp-content\/uploads\/2016\/06\/DSC_0120-1024x683.jpg 1024w, https:\/\/katolicka-gimnazija.hr\/wp-content\/uploads\/2016\/06\/DSC_0120-360x240.jpg 360w, https:\/\/katolicka-gimnazija.hr\/wp-content\/uploads\/2016\/06\/DSC_0120-750x500.jpg 750w, https:\/\/katolicka-gimnazija.hr\/wp-content\/uploads\/2016\/06\/DSC_0120-400x267.jpg 400w, https:\/\/katolicka-gimnazija.hr\/wp-content\/uploads\/2016\/06\/DSC_0120-430x287.jpg 430w, https:\/\/katolicka-gimnazija.hr\/wp-content\/uploads\/2016\/06\/DSC_0120-150x100.jpg 150w, https:\/\/katolicka-gimnazija.hr\/wp-content\/uploads\/2016\/06\/DSC_0120-100x67.jpg 100w, https:\/\/katolicka-gimnazija.hr\/wp-content\/uploads\/2016\/06\/DSC_0120.jpg 1500w\" sizes=\"auto, (max-width: 300px) 100vw, 300px\" \/><\/a>\n\t\t\t<\/div><\/figure><figure class='gallery-item'>\n\t\t\t<div class='gallery-icon landscape'>\n\t\t\t\t<a href='https:\/\/katolicka-gimnazija.hr\/wp-content\/uploads\/2016\/06\/DSC_0066-1.jpg'><img loading=\"lazy\" decoding=\"async\" width=\"300\" height=\"200\" src=\"https:\/\/katolicka-gimnazija.hr\/wp-content\/uploads\/2016\/06\/DSC_0066-1-300x200.jpg\" class=\"attachment-medium size-medium\" alt=\"\" srcset=\"https:\/\/katolicka-gimnazija.hr\/wp-content\/uploads\/2016\/06\/DSC_0066-1-300x200.jpg 300w, https:\/\/katolicka-gimnazija.hr\/wp-content\/uploads\/2016\/06\/DSC_0066-1-768x512.jpg 768w, https:\/\/katolicka-gimnazija.hr\/wp-content\/uploads\/2016\/06\/DSC_0066-1-1024x683.jpg 1024w, https:\/\/katolicka-gimnazija.hr\/wp-content\/uploads\/2016\/06\/DSC_0066-1-360x240.jpg 360w, https:\/\/katolicka-gimnazija.hr\/wp-content\/uploads\/2016\/06\/DSC_0066-1-750x500.jpg 750w, https:\/\/katolicka-gimnazija.hr\/wp-content\/uploads\/2016\/06\/DSC_0066-1-400x267.jpg 400w, https:\/\/katolicka-gimnazija.hr\/wp-content\/uploads\/2016\/06\/DSC_0066-1-430x287.jpg 430w, https:\/\/katolicka-gimnazija.hr\/wp-content\/uploads\/2016\/06\/DSC_0066-1-150x100.jpg 150w, https:\/\/katolicka-gimnazija.hr\/wp-content\/uploads\/2016\/06\/DSC_0066-1-100x67.jpg 100w, https:\/\/katolicka-gimnazija.hr\/wp-content\/uploads\/2016\/06\/DSC_0066-1.jpg 1500w\" sizes=\"auto, (max-width: 300px) 100vw, 300px\" \/><\/a>\n\t\t\t<\/div><\/figure><figure class='gallery-item'>\n\t\t\t<div class='gallery-icon portrait'>\n\t\t\t\t<a href='https:\/\/katolicka-gimnazija.hr\/wp-content\/uploads\/2016\/06\/DSC_0035-e1467058318545.jpg'><img loading=\"lazy\" decoding=\"async\" width=\"200\" height=\"300\" src=\"https:\/\/katolicka-gimnazija.hr\/wp-content\/uploads\/2016\/06\/DSC_0035-e1467058318545-200x300.jpg\" class=\"attachment-medium size-medium\" alt=\"\" srcset=\"https:\/\/katolicka-gimnazija.hr\/wp-content\/uploads\/2016\/06\/DSC_0035-e1467058318545-200x300.jpg 200w, https:\/\/katolicka-gimnazija.hr\/wp-content\/uploads\/2016\/06\/DSC_0035-e1467058318545-768x1152.jpg 768w, https:\/\/katolicka-gimnazija.hr\/wp-content\/uploads\/2016\/06\/DSC_0035-e1467058318545-683x1024.jpg 683w, https:\/\/katolicka-gimnazija.hr\/wp-content\/uploads\/2016\/06\/DSC_0035-e1467058318545-360x540.jpg 360w, https:\/\/katolicka-gimnazija.hr\/wp-content\/uploads\/2016\/06\/DSC_0035-e1467058318545-750x1125.jpg 750w, https:\/\/katolicka-gimnazija.hr\/wp-content\/uploads\/2016\/06\/DSC_0035-e1467058318545-400x600.jpg 400w, https:\/\/katolicka-gimnazija.hr\/wp-content\/uploads\/2016\/06\/DSC_0035-e1467058318545-430x645.jpg 430w, https:\/\/katolicka-gimnazija.hr\/wp-content\/uploads\/2016\/06\/DSC_0035-e1467058318545-150x225.jpg 150w, https:\/\/katolicka-gimnazija.hr\/wp-content\/uploads\/2016\/06\/DSC_0035-e1467058318545-100x150.jpg 100w, https:\/\/katolicka-gimnazija.hr\/wp-content\/uploads\/2016\/06\/DSC_0035-e1467058318545.jpg 1000w\" sizes=\"auto, (max-width: 200px) 100vw, 200px\" \/><\/a>\n\t\t\t<\/div><\/figure><figure class='gallery-item'>\n\t\t\t<div class='gallery-icon landscape'>\n\t\t\t\t<a href='https:\/\/katolicka-gimnazija.hr\/wp-content\/uploads\/2016\/06\/DSC_0104.jpg'><img loading=\"lazy\" decoding=\"async\" width=\"300\" height=\"200\" src=\"https:\/\/katolicka-gimnazija.hr\/wp-content\/uploads\/2016\/06\/DSC_0104-300x200.jpg\" class=\"attachment-medium size-medium\" alt=\"\" srcset=\"https:\/\/katolicka-gimnazija.hr\/wp-content\/uploads\/2016\/06\/DSC_0104-300x200.jpg 300w, https:\/\/katolicka-gimnazija.hr\/wp-content\/uploads\/2016\/06\/DSC_0104-768x512.jpg 768w, https:\/\/katolicka-gimnazija.hr\/wp-content\/uploads\/2016\/06\/DSC_0104-1024x683.jpg 1024w, https:\/\/katolicka-gimnazija.hr\/wp-content\/uploads\/2016\/06\/DSC_0104-360x240.jpg 360w, https:\/\/katolicka-gimnazija.hr\/wp-content\/uploads\/2016\/06\/DSC_0104-750x500.jpg 750w, https:\/\/katolicka-gimnazija.hr\/wp-content\/uploads\/2016\/06\/DSC_0104-400x267.jpg 400w, https:\/\/katolicka-gimnazija.hr\/wp-content\/uploads\/2016\/06\/DSC_0104-430x287.jpg 430w, https:\/\/katolicka-gimnazija.hr\/wp-content\/uploads\/2016\/06\/DSC_0104-150x100.jpg 150w, https:\/\/katolicka-gimnazija.hr\/wp-content\/uploads\/2016\/06\/DSC_0104-100x67.jpg 100w, https:\/\/katolicka-gimnazija.hr\/wp-content\/uploads\/2016\/06\/DSC_0104.jpg 1500w\" sizes=\"auto, (max-width: 300px) 100vw, 300px\" \/><\/a>\n\t\t\t<\/div><\/figure><figure class='gallery-item'>\n\t\t\t<div class='gallery-icon landscape'>\n\t\t\t\t<a href='https:\/\/katolicka-gimnazija.hr\/wp-content\/uploads\/2016\/06\/DSC_0029.jpg'><img loading=\"lazy\" decoding=\"async\" width=\"300\" height=\"200\" src=\"https:\/\/katolicka-gimnazija.hr\/wp-content\/uploads\/2016\/06\/DSC_0029-300x200.jpg\" class=\"attachment-medium size-medium\" alt=\"\" srcset=\"https:\/\/katolicka-gimnazija.hr\/wp-content\/uploads\/2016\/06\/DSC_0029-300x200.jpg 300w, https:\/\/katolicka-gimnazija.hr\/wp-content\/uploads\/2016\/06\/DSC_0029-768x512.jpg 768w, https:\/\/katolicka-gimnazija.hr\/wp-content\/uploads\/2016\/06\/DSC_0029-1024x683.jpg 1024w, https:\/\/katolicka-gimnazija.hr\/wp-content\/uploads\/2016\/06\/DSC_0029-360x240.jpg 360w, https:\/\/katolicka-gimnazija.hr\/wp-content\/uploads\/2016\/06\/DSC_0029-750x500.jpg 750w, https:\/\/katolicka-gimnazija.hr\/wp-content\/uploads\/2016\/06\/DSC_0029-400x267.jpg 400w, https:\/\/katolicka-gimnazija.hr\/wp-content\/uploads\/2016\/06\/DSC_0029-430x287.jpg 430w, https:\/\/katolicka-gimnazija.hr\/wp-content\/uploads\/2016\/06\/DSC_0029-150x100.jpg 150w, https:\/\/katolicka-gimnazija.hr\/wp-content\/uploads\/2016\/06\/DSC_0029-100x67.jpg 100w, https:\/\/katolicka-gimnazija.hr\/wp-content\/uploads\/2016\/06\/DSC_0029.jpg 1500w\" sizes=\"auto, (max-width: 300px) 100vw, 300px\" \/><\/a>\n\t\t\t<\/div><\/figure><figure class='gallery-item'>\n\t\t\t<div class='gallery-icon landscape'>\n\t\t\t\t<a href='https:\/\/katolicka-gimnazija.hr\/wp-content\/uploads\/2016\/06\/DSC_0115.jpg'><img loading=\"lazy\" decoding=\"async\" width=\"300\" height=\"200\" src=\"https:\/\/katolicka-gimnazija.hr\/wp-content\/uploads\/2016\/06\/DSC_0115-300x200.jpg\" class=\"attachment-medium size-medium\" alt=\"\" srcset=\"https:\/\/katolicka-gimnazija.hr\/wp-content\/uploads\/2016\/06\/DSC_0115-300x200.jpg 300w, https:\/\/katolicka-gimnazija.hr\/wp-content\/uploads\/2016\/06\/DSC_0115-768x512.jpg 768w, https:\/\/katolicka-gimnazija.hr\/wp-content\/uploads\/2016\/06\/DSC_0115-1024x683.jpg 1024w, https:\/\/katolicka-gimnazija.hr\/wp-content\/uploads\/2016\/06\/DSC_0115-360x240.jpg 360w, https:\/\/katolicka-gimnazija.hr\/wp-content\/uploads\/2016\/06\/DSC_0115-750x500.jpg 750w, https:\/\/katolicka-gimnazija.hr\/wp-content\/uploads\/2016\/06\/DSC_0115-400x267.jpg 400w, https:\/\/katolicka-gimnazija.hr\/wp-content\/uploads\/2016\/06\/DSC_0115-430x287.jpg 430w, https:\/\/katolicka-gimnazija.hr\/wp-content\/uploads\/2016\/06\/DSC_0115-150x100.jpg 150w, https:\/\/katolicka-gimnazija.hr\/wp-content\/uploads\/2016\/06\/DSC_0115-100x67.jpg 100w, https:\/\/katolicka-gimnazija.hr\/wp-content\/uploads\/2016\/06\/DSC_0115.jpg 1500w\" sizes=\"auto, (max-width: 300px) 100vw, 300px\" \/><\/a>\n\t\t\t<\/div><\/figure><figure class='gallery-item'>\n\t\t\t<div class='gallery-icon landscape'>\n\t\t\t\t<a href='https:\/\/katolicka-gimnazija.hr\/wp-content\/uploads\/2016\/06\/DSC_0103.jpg'><img loading=\"lazy\" decoding=\"async\" width=\"300\" height=\"200\" src=\"https:\/\/katolicka-gimnazija.hr\/wp-content\/uploads\/2016\/06\/DSC_0103-300x200.jpg\" class=\"attachment-medium size-medium\" alt=\"\" srcset=\"https:\/\/katolicka-gimnazija.hr\/wp-content\/uploads\/2016\/06\/DSC_0103-300x200.jpg 300w, https:\/\/katolicka-gimnazija.hr\/wp-content\/uploads\/2016\/06\/DSC_0103-768x512.jpg 768w, https:\/\/katolicka-gimnazija.hr\/wp-content\/uploads\/2016\/06\/DSC_0103-1024x683.jpg 1024w, https:\/\/katolicka-gimnazija.hr\/wp-content\/uploads\/2016\/06\/DSC_0103-360x240.jpg 360w, https:\/\/katolicka-gimnazija.hr\/wp-content\/uploads\/2016\/06\/DSC_0103-750x500.jpg 750w, https:\/\/katolicka-gimnazija.hr\/wp-content\/uploads\/2016\/06\/DSC_0103-400x267.jpg 400w, https:\/\/katolicka-gimnazija.hr\/wp-content\/uploads\/2016\/06\/DSC_0103-430x287.jpg 430w, https:\/\/katolicka-gimnazija.hr\/wp-content\/uploads\/2016\/06\/DSC_0103-150x100.jpg 150w, https:\/\/katolicka-gimnazija.hr\/wp-content\/uploads\/2016\/06\/DSC_0103-100x67.jpg 100w, https:\/\/katolicka-gimnazija.hr\/wp-content\/uploads\/2016\/06\/DSC_0103.jpg 1500w\" sizes=\"auto, (max-width: 300px) 100vw, 300px\" \/><\/a>\n\t\t\t<\/div><\/figure>\n\t\t<\/div>\n\n<p>Ostatak fotografija pogledajte <strong><a href=\"https:\/\/www.facebook.com\/Nautes-KG-Po%C5%BEega-206809962671415\/photos\/?tab=album&amp;album_id=1226960797322988\" target=\"_blank\">ovdje<\/a><\/strong>! <\/p>\n","protected":false},"excerpt":{"rendered":"<p>U predve\u010derje 27. lipnja u prostorima Katoli\u010dke gimnazije u Po\u017eegi odr\u017eana je Sve\u010dana podjela svjedod\u017ebi \u0161estoj generaciji maturanata Katoli\u010dke gimnazije. Osim maturanata u pratnji roditelja i prijatelja, sve\u010danosti su nazo\u010dili djelatnici \u0161kole na \u010delu s ravnateljem Ivanom Bedeni\u010di\u0107em, ali i pre\u010d. Ivica \u017duljevi\u0107, predstojnik Ureda za katoli\u010dke \u0161kole u Po\u017ee\u0161koj biskupiji i osniva\u010d \u0161kole Po\u017ee\u0161ki [&hellip;]<\/p>\n","protected":false},"author":1,"featured_media":6123,"comment_status":"closed","ping_status":"closed","sticky":false,"template":"","format":"standard","meta":{"footnotes":""},"categories":[4,2],"tags":[],"class_list":["post-6116","post","type-post","status-publish","format-standard","has-post-thumbnail","hentry","category-fotogalerije","category-vijesti"],"_links":{"self":[{"href":"https:\/\/katolicka-gimnazija.hr\/index.php\/wp-json\/wp\/v2\/posts\/6116","targetHints":{"allow":["GET"]}}],"collection":[{"href":"https:\/\/katolicka-gimnazija.hr\/index.php\/wp-json\/wp\/v2\/posts"}],"about":[{"href":"https:\/\/katolicka-gimnazija.hr\/index.php\/wp-json\/wp\/v2\/types\/post"}],"author":[{"embeddable":true,"href":"https:\/\/katolicka-gimnazija.hr\/index.php\/wp-json\/wp\/v2\/users\/1"}],"replies":[{"embeddable":true,"href":"https:\/\/katolicka-gimnazija.hr\/index.php\/wp-json\/wp\/v2\/comments?post=6116"}],"version-history":[{"count":2,"href":"https:\/\/katolicka-gimnazija.hr\/index.php\/wp-json\/wp\/v2\/posts\/6116\/revisions"}],"predecessor-version":[{"id":15017,"href":"https:\/\/katolicka-gimnazija.hr\/index.php\/wp-json\/wp\/v2\/posts\/6116\/revisions\/15017"}],"wp:featuredmedia":[{"embeddable":true,"href":"https:\/\/katolicka-gimnazija.hr\/index.php\/wp-json\/wp\/v2\/media\/6123"}],"wp:attachment":[{"href":"https:\/\/katolicka-gimnazija.hr\/index.php\/wp-json\/wp\/v2\/media?parent=6116"}],"wp:term":[{"taxonomy":"category","embeddable":true,"href":"https:\/\/katolicka-gimnazija.hr\/index.php\/wp-json\/wp\/v2\/categories?post=6116"},{"taxonomy":"post_tag","embeddable":true,"href":"https:\/\/katolicka-gimnazija.hr\/index.php\/wp-json\/wp\/v2\/tags?post=6116"}],"curies":[{"name":"wp","href":"https:\/\/api.w.org\/{rel}","templated":true}]}}