{"id":6205,"date":"2016-06-30T09:32:36","date_gmt":"2016-06-30T09:32:36","guid":{"rendered":"http:\/\/katolicka-gimnazija.hr\/?p=6205"},"modified":"2016-06-30T09:32:36","modified_gmt":"2016-06-30T09:32:36","slug":"podjela-svjedodzbi-1-2-i-3-razredima","status":"publish","type":"post","link":"https:\/\/katolicka-gimnazija.hr\/index.php\/2016\/06\/30\/podjela-svjedodzbi-1-2-i-3-razredima\/","title":{"rendered":"PODJELA SVJEDOD\u017dBI 1., 2. I 3. RAZREDIMA"},"content":{"rendered":"<p>PODJELA SVJEDOD\u017dBI SVIMA KOJI SU U MOGU\u0106NOSTI DO\u0106I<br \/>\nBIT \u0106E PREMA SLJEDE\u0106EM RASPOREDU:<\/p>\n<div class=\"text_exposed_show\">\n<p>1.a 4. srpnja u 11h<br \/>\n1.b 1. srpnja u 9h<\/p>\n<p>2.a 1. srpnja u 9h<br \/>\n2.b 1. srpnja u 9h<\/p>\n<p>3.a 1. srpnja u 9h<br \/>\n3.b 1. srpnja u 9h<\/p>\n<\/div>\n","protected":false},"excerpt":{"rendered":"<p>PODJELA SVJEDOD\u017dBI SVIMA KOJI SU U MOGU\u0106NOSTI DO\u0106I BIT \u0106E PREMA SLJEDE\u0106EM RASPOREDU: 1.a 4. srpnja u 11h 1.b 1. srpnja u 9h 2.a 1. srpnja u 9h 2.b 1. srpnja u 9h 3.a 1. srpnja u 9h 3.b 1. srpnja u 9h<\/p>\n","protected":false},"author":2,"featured_media":6206,"comment_status":"closed","ping_status":"closed","sticky":false,"template":"","format":"standard","meta":{"footnotes":""},"categories":[3],"tags":[],"class_list":["post-6205","post","type-post","status-publish","format-standard","has-post-thumbnail","hentry","category-obavijesti"],"_links":{"self":[{"href":"https:\/\/katolicka-gimnazija.hr\/index.php\/wp-json\/wp\/v2\/posts\/6205","targetHints":{"allow":["GET"]}}],"collection":[{"href":"https:\/\/katolicka-gimnazija.hr\/index.php\/wp-json\/wp\/v2\/posts"}],"about":[{"href":"https:\/\/katolicka-gimnazija.hr\/index.php\/wp-json\/wp\/v2\/types\/post"}],"author":[{"embeddable":true,"href":"https:\/\/katolicka-gimnazija.hr\/index.php\/wp-json\/wp\/v2\/users\/2"}],"replies":[{"embeddable":true,"href":"https:\/\/katolicka-gimnazija.hr\/index.php\/wp-json\/wp\/v2\/comments?post=6205"}],"version-history":[{"count":1,"href":"https:\/\/katolicka-gimnazija.hr\/index.php\/wp-json\/wp\/v2\/posts\/6205\/revisions"}],"predecessor-version":[{"id":6207,"href":"https:\/\/katolicka-gimnazija.hr\/index.php\/wp-json\/wp\/v2\/posts\/6205\/revisions\/6207"}],"wp:featuredmedia":[{"embeddable":true,"href":"https:\/\/katolicka-gimnazija.hr\/index.php\/wp-json\/wp\/v2\/media\/6206"}],"wp:attachment":[{"href":"https:\/\/katolicka-gimnazija.hr\/index.php\/wp-json\/wp\/v2\/media?parent=6205"}],"wp:term":[{"taxonomy":"category","embeddable":true,"href":"https:\/\/katolicka-gimnazija.hr\/index.php\/wp-json\/wp\/v2\/categories?post=6205"},{"taxonomy":"post_tag","embeddable":true,"href":"https:\/\/katolicka-gimnazija.hr\/index.php\/wp-json\/wp\/v2\/tags?post=6205"}],"curies":[{"name":"wp","href":"https:\/\/api.w.org\/{rel}","templated":true}]}}