{"id":6209,"date":"2016-07-05T07:11:42","date_gmt":"2016-07-05T07:11:42","guid":{"rendered":"http:\/\/katolicka-gimnazija.hr\/?p=6209"},"modified":"2018-12-28T14:18:03","modified_gmt":"2018-12-28T14:18:03","slug":"novi-duhovnik-skole","status":"publish","type":"post","link":"https:\/\/katolicka-gimnazija.hr\/index.php\/2016\/07\/05\/novi-duhovnik-skole\/","title":{"rendered":"Novi duhovnik \u0161kole"},"content":{"rendered":"<p><img loading=\"lazy\" decoding=\"async\" class=\"alignleft size-medium wp-image-6214\" src=\"http:\/\/katolicka-gimnazija.hr\/wp-content\/uploads\/2016\/07\/aktualnolight_elementi698slika4-300x203.jpg\" alt=\"Karlo Prpi\u0107\" width=\"300\" height=\"203\" srcset=\"https:\/\/katolicka-gimnazija.hr\/wp-content\/uploads\/2016\/07\/aktualnolight_elementi698slika4-300x203.jpg 300w, https:\/\/katolicka-gimnazija.hr\/wp-content\/uploads\/2016\/07\/aktualnolight_elementi698slika4-768x521.jpg 768w, https:\/\/katolicka-gimnazija.hr\/wp-content\/uploads\/2016\/07\/aktualnolight_elementi698slika4-1024x694.jpg 1024w, https:\/\/katolicka-gimnazija.hr\/wp-content\/uploads\/2016\/07\/aktualnolight_elementi698slika4-360x244.jpg 360w, https:\/\/katolicka-gimnazija.hr\/wp-content\/uploads\/2016\/07\/aktualnolight_elementi698slika4-750x508.jpg 750w, https:\/\/katolicka-gimnazija.hr\/wp-content\/uploads\/2016\/07\/aktualnolight_elementi698slika4-400x271.jpg 400w, https:\/\/katolicka-gimnazija.hr\/wp-content\/uploads\/2016\/07\/aktualnolight_elementi698slika4-430x292.jpg 430w, https:\/\/katolicka-gimnazija.hr\/wp-content\/uploads\/2016\/07\/aktualnolight_elementi698slika4-150x102.jpg 150w, https:\/\/katolicka-gimnazija.hr\/wp-content\/uploads\/2016\/07\/aktualnolight_elementi698slika4-100x68.jpg 100w, https:\/\/katolicka-gimnazija.hr\/wp-content\/uploads\/2016\/07\/aktualnolight_elementi698slika4.jpg 1680w\" sizes=\"auto, (max-width: 300px) 100vw, 300px\" \/>Slu\u017ebenim dekretom 4. srpnja Po\u017ee\u0161ki biskup je na\u0161oj gimnaziji dodijelio sve\u0107enika duhovnika koji \u0107e brinuti za molitveni \u017eivot \u0161kole, predvoditi svete mise i biti na raspolaganju gimnazijalcima ali i djelatnicima \u0161kole\u00a0za razgovor. To je vl\u010d. Karlo Prpi\u0107 koji se nakon 27 godina provedenih u afri\u010dkoj dr\u017eavi Kamerun u biskupiji N&#8217;gaoundere vratio se u svoju rodnu Po\u017ee\u0161ku biskupiju. Vl\u010d. Prpi\u0107 je i u Kamerunu djelovao u Srednjoj \u0161koli u N&#8217;gaoundere koju je poha\u0111alo vi\u0161e od tisu\u0107u u\u010denika. Budu\u0107i da se na\u0161 misionar vratio zbog zdravstvenih tegoba, nadamo se da \u0107e mu nova slu\u017eba u na\u0161oj \u0161koli biti prilika i za odmor i oporavak. Nadamo se da \u0107e njegovo bogato iskustvo svima nama biti plodonosno. <\/p>\n","protected":false},"excerpt":{"rendered":"<p>Slu\u017ebenim dekretom 4. srpnja Po\u017ee\u0161ki biskup je na\u0161oj gimnaziji dodijelio sve\u0107enika duhovnika koji \u0107e brinuti za molitveni \u017eivot \u0161kole, predvoditi svete mise i biti na raspolaganju gimnazijalcima ali i djelatnicima \u0161kole\u00a0za razgovor. To je vl\u010d. Karlo Prpi\u0107 koji se nakon 27 godina provedenih u afri\u010dkoj dr\u017eavi Kamerun u biskupiji N&#8217;gaoundere vratio se u svoju rodnu [&hellip;]<\/p>\n","protected":false},"author":1,"featured_media":6214,"comment_status":"closed","ping_status":"closed","sticky":false,"template":"","format":"standard","meta":{"footnotes":""},"categories":[2],"tags":[],"class_list":["post-6209","post","type-post","status-publish","format-standard","has-post-thumbnail","hentry","category-vijesti"],"_links":{"self":[{"href":"https:\/\/katolicka-gimnazija.hr\/index.php\/wp-json\/wp\/v2\/posts\/6209","targetHints":{"allow":["GET"]}}],"collection":[{"href":"https:\/\/katolicka-gimnazija.hr\/index.php\/wp-json\/wp\/v2\/posts"}],"about":[{"href":"https:\/\/katolicka-gimnazija.hr\/index.php\/wp-json\/wp\/v2\/types\/post"}],"author":[{"embeddable":true,"href":"https:\/\/katolicka-gimnazija.hr\/index.php\/wp-json\/wp\/v2\/users\/1"}],"replies":[{"embeddable":true,"href":"https:\/\/katolicka-gimnazija.hr\/index.php\/wp-json\/wp\/v2\/comments?post=6209"}],"version-history":[{"count":2,"href":"https:\/\/katolicka-gimnazija.hr\/index.php\/wp-json\/wp\/v2\/posts\/6209\/revisions"}],"predecessor-version":[{"id":15012,"href":"https:\/\/katolicka-gimnazija.hr\/index.php\/wp-json\/wp\/v2\/posts\/6209\/revisions\/15012"}],"wp:featuredmedia":[{"embeddable":true,"href":"https:\/\/katolicka-gimnazija.hr\/index.php\/wp-json\/wp\/v2\/media\/6214"}],"wp:attachment":[{"href":"https:\/\/katolicka-gimnazija.hr\/index.php\/wp-json\/wp\/v2\/media?parent=6209"}],"wp:term":[{"taxonomy":"category","embeddable":true,"href":"https:\/\/katolicka-gimnazija.hr\/index.php\/wp-json\/wp\/v2\/categories?post=6209"},{"taxonomy":"post_tag","embeddable":true,"href":"https:\/\/katolicka-gimnazija.hr\/index.php\/wp-json\/wp\/v2\/tags?post=6209"}],"curies":[{"name":"wp","href":"https:\/\/api.w.org\/{rel}","templated":true}]}}