{"id":6217,"date":"2016-07-08T07:30:10","date_gmt":"2016-07-08T07:30:10","guid":{"rendered":"http:\/\/katolicka-gimnazija.hr\/?p=6217"},"modified":"2016-07-08T07:30:10","modified_gmt":"2016-07-08T07:30:10","slug":"popravni-ispiti","status":"publish","type":"post","link":"https:\/\/katolicka-gimnazija.hr\/index.php\/2016\/07\/08\/popravni-ispiti\/","title":{"rendered":"Popravni ispiti"},"content":{"rendered":"<p>U\u010denici kojima nakon dopunskog rada nije zaklju\u010dena prolazna ocjena upu\u0107eni su na popravni ispit, koji se odr\u017eava krajem \u0161kolske godine, a najkasnije do 25. kolovoza teku\u0107e godine.<\/p>\n<p>Popravni ispit pola\u017ee se pred ispitnim povjerenstvom koje imenuje ravnatelj, a ocjena povjerenstva je kona\u010dna.<\/p>\n<p>Termine odr\u017eavanja popravnih ispita odredilo je Nastavni\u010dko vije\u0107e.<\/p>\n<p>U\u010denici su obvezni prijaviti polaganje popravnog ispita ispunjavanjem i dostavljanjem prijavnice za polaganje popravnog ispita u tajni\u0161tvo \u0160kole.<\/p>\n<p>U\u010denici, koji su ve\u0107 prijavili polaganje popravnog ispita, ne trebaju ponavljati prijavu.<\/p>\n<p><a href=\"http:\/\/katolicka-gimnazija.hr\/wp-content\/uploads\/2016\/07\/Odluka-o-terminima-odr\u017eavanja-popravnih-ispita-u\u010denika-Katoli\u010dke-gimnazije-s-pravom-javnosti-u-\u0161kolskoj-godini-2015.-2016..docx\" rel=\"\">Odluka o terminima odr\u017eavanja popravnih ispita u\u010denika Katoli\u010dke gimnazije s pravom javnosti u \u0161kolskoj godini 2015.-2016.<\/a><\/p>\n<p><a href=\"http:\/\/katolicka-gimnazija.hr\/wp-content\/uploads\/2016\/07\/Prijavnica-za-polaganje-popravnog-ispita-i-Zapisnik-o-popravnom-ispitu-u\u010denika.pdf\" rel=\"\">Prijavnica za polaganje popravnog ispita i Zapisnik o popravnom ispitu u\u010denika<\/a><\/p>\n","protected":false},"excerpt":{"rendered":"<p>U\u010denici kojima nakon dopunskog rada nije zaklju\u010dena prolazna ocjena upu\u0107eni su na popravni ispit, koji se odr\u017eava krajem \u0161kolske godine, a najkasnije do 25. kolovoza teku\u0107e godine. Popravni ispit pola\u017ee se pred ispitnim povjerenstvom koje imenuje ravnatelj, a ocjena povjerenstva je kona\u010dna. Termine odr\u017eavanja popravnih ispita odredilo je Nastavni\u010dko vije\u0107e. U\u010denici su obvezni prijaviti polaganje [&hellip;]<\/p>\n","protected":false},"author":1,"featured_media":6220,"comment_status":"closed","ping_status":"closed","sticky":false,"template":"","format":"standard","meta":{"footnotes":""},"categories":[3],"tags":[],"class_list":["post-6217","post","type-post","status-publish","format-standard","has-post-thumbnail","hentry","category-obavijesti"],"_links":{"self":[{"href":"https:\/\/katolicka-gimnazija.hr\/index.php\/wp-json\/wp\/v2\/posts\/6217","targetHints":{"allow":["GET"]}}],"collection":[{"href":"https:\/\/katolicka-gimnazija.hr\/index.php\/wp-json\/wp\/v2\/posts"}],"about":[{"href":"https:\/\/katolicka-gimnazija.hr\/index.php\/wp-json\/wp\/v2\/types\/post"}],"author":[{"embeddable":true,"href":"https:\/\/katolicka-gimnazija.hr\/index.php\/wp-json\/wp\/v2\/users\/1"}],"replies":[{"embeddable":true,"href":"https:\/\/katolicka-gimnazija.hr\/index.php\/wp-json\/wp\/v2\/comments?post=6217"}],"version-history":[{"count":1,"href":"https:\/\/katolicka-gimnazija.hr\/index.php\/wp-json\/wp\/v2\/posts\/6217\/revisions"}],"predecessor-version":[{"id":6221,"href":"https:\/\/katolicka-gimnazija.hr\/index.php\/wp-json\/wp\/v2\/posts\/6217\/revisions\/6221"}],"wp:featuredmedia":[{"embeddable":true,"href":"https:\/\/katolicka-gimnazija.hr\/index.php\/wp-json\/wp\/v2\/media\/6220"}],"wp:attachment":[{"href":"https:\/\/katolicka-gimnazija.hr\/index.php\/wp-json\/wp\/v2\/media?parent=6217"}],"wp:term":[{"taxonomy":"category","embeddable":true,"href":"https:\/\/katolicka-gimnazija.hr\/index.php\/wp-json\/wp\/v2\/categories?post=6217"},{"taxonomy":"post_tag","embeddable":true,"href":"https:\/\/katolicka-gimnazija.hr\/index.php\/wp-json\/wp\/v2\/tags?post=6217"}],"curies":[{"name":"wp","href":"https:\/\/api.w.org\/{rel}","templated":true}]}}