{"id":6223,"date":"2016-06-30T07:35:57","date_gmt":"2016-06-30T07:35:57","guid":{"rendered":"http:\/\/katolicka-gimnazija.hr\/?p=6223"},"modified":"2018-12-28T14:18:18","modified_gmt":"2018-12-28T14:18:18","slug":"zakljucci-s-11-sjednice-nastavnickog-vijeca","status":"publish","type":"post","link":"https:\/\/katolicka-gimnazija.hr\/index.php\/2016\/06\/30\/zakljucci-s-11-sjednice-nastavnickog-vijeca\/","title":{"rendered":"Zaklju\u010dci s 11. sjednice Nastavni\u010dkog vije\u0107a"},"content":{"rendered":"<p>Zaklju\u010dci s 11. sjednice Nastavni\u010dkog vije\u0107a Katoli\u010dke gimnazije s pravom javnosti u \u0161kolskoj godini 2015.\/2016.<\/p>\n<p>Na 11. sjednici Nastavni\u010dkog vije\u0107a Katoli\u010dke gimnazije s pravom javnosti odr\u017eanoj dana 30. lipnja 2016. godine:<\/p>\n<p>1. Usvojeni su Zapisnici s prethodne i izvanredne sjednice Nastavni\u010dkog vije\u0107a Katoli\u010dke gimnazije s pravom javnosti odr\u017eanih dana 13. i izvanredno 14. lipnja 2016. godine bez primjedbi.<\/p>\n<p>2. Odobren je zahtjev (informacija ograni\u010dena), roditelja u\u010denice 2. razreda (informacija ograni\u010dena), za prelazak iz (informacija ograni\u010dena) u Katoli\u010dku gimnaziju s pravom javnosti, koja ostvaruje isti obrazovni program klasi\u010dnu gimnaziju, u \u0161kolskoj godini 2016.\/2017. u razredni odjel 3.a.<\/p>\n<p>3. Odre\u0111eni su termini odr\u017eavanja popravnih ispita za nastavne predmete:<br \/>\n&#8211; Hrvatski jezik pisano dana 22.8.2016. i usmeno dana 23.8.2016. s po\u010detkom u 9 sati za u\u010denika\/u\u010denike razrednog odjela 1.b,<br \/>\n&#8211; Matematike pisano dana 18.8.2016. godine i usmeno dana 22.8.2016. godine s po\u010detkom u 8 sati za u\u010denika\/u\u010denike razrednog odjela 2.a,<br \/>\n&#8211; Fizike usmeno dana 18.8.2016. godine s po\u010detkom u 8 sati za u\u010denika\/u\u010denike razrednog odjela 1.a i dana 19.8.2016. s po\u010detkom u 8 sati za u\u010denika\/u\u010denike razrednog odjela 2.a i 2.b,<br \/>\n&#8211; Kemije usmeno dana 18.8.2016. godine s po\u010detkom u 8 sati za u\u010denike razrednog odjela 2.a i 2.b i s po\u010detkom u 10 sati za u\u010denike razrednog odjela 3.a.<\/p>\n<p>4. Pozvalo se nastavnike na dogovor i razgovor s ravnateljem u vezi zadu\u017eenja za \u0161kolsku godinu 2016.\/2017. u narednim danima, a prije po\u010detka kori\u0161tenja godi\u0161njeg odmora za 2016. godinu.<br \/>\nPodsjetilo se na blagoslov Dijecezanskog muzeja dana 5.7.2016. godine i svetu misa u 18:30 sati u povodu toga doga\u0111aja.<br \/>\nRaspravljalo se o rje\u0161enjima za odlaganje mobilnih ure\u0111aja u\u010denika koje imaju sa sobom na nastavnim satima. <\/p>\n","protected":false},"excerpt":{"rendered":"<p>Zaklju\u010dci s 11. sjednice Nastavni\u010dkog vije\u0107a Katoli\u010dke gimnazije s pravom javnosti u \u0161kolskoj godini 2015.\/2016. Na 11. sjednici Nastavni\u010dkog vije\u0107a Katoli\u010dke gimnazije s pravom javnosti odr\u017eanoj dana 30. lipnja 2016. godine: 1. Usvojeni su Zapisnici s prethodne i izvanredne sjednice Nastavni\u010dkog vije\u0107a Katoli\u010dke gimnazije s pravom javnosti odr\u017eanih dana 13. i izvanredno 14. lipnja 2016. [&hellip;]<\/p>\n","protected":false},"author":1,"featured_media":0,"comment_status":"closed","ping_status":"closed","sticky":false,"template":"","format":"standard","meta":{"footnotes":""},"categories":[2],"tags":[],"class_list":["post-6223","post","type-post","status-publish","format-standard","hentry","category-vijesti"],"_links":{"self":[{"href":"https:\/\/katolicka-gimnazija.hr\/index.php\/wp-json\/wp\/v2\/posts\/6223","targetHints":{"allow":["GET"]}}],"collection":[{"href":"https:\/\/katolicka-gimnazija.hr\/index.php\/wp-json\/wp\/v2\/posts"}],"about":[{"href":"https:\/\/katolicka-gimnazija.hr\/index.php\/wp-json\/wp\/v2\/types\/post"}],"author":[{"embeddable":true,"href":"https:\/\/katolicka-gimnazija.hr\/index.php\/wp-json\/wp\/v2\/users\/1"}],"replies":[{"embeddable":true,"href":"https:\/\/katolicka-gimnazija.hr\/index.php\/wp-json\/wp\/v2\/comments?post=6223"}],"version-history":[{"count":2,"href":"https:\/\/katolicka-gimnazija.hr\/index.php\/wp-json\/wp\/v2\/posts\/6223\/revisions"}],"predecessor-version":[{"id":15014,"href":"https:\/\/katolicka-gimnazija.hr\/index.php\/wp-json\/wp\/v2\/posts\/6223\/revisions\/15014"}],"wp:attachment":[{"href":"https:\/\/katolicka-gimnazija.hr\/index.php\/wp-json\/wp\/v2\/media?parent=6223"}],"wp:term":[{"taxonomy":"category","embeddable":true,"href":"https:\/\/katolicka-gimnazija.hr\/index.php\/wp-json\/wp\/v2\/categories?post=6223"},{"taxonomy":"post_tag","embeddable":true,"href":"https:\/\/katolicka-gimnazija.hr\/index.php\/wp-json\/wp\/v2\/tags?post=6223"}],"curies":[{"name":"wp","href":"https:\/\/api.w.org\/{rel}","templated":true}]}}