{"id":6231,"date":"2016-07-11T08:11:44","date_gmt":"2016-07-11T08:11:44","guid":{"rendered":"http:\/\/katolicka-gimnazija.hr\/?p=6231"},"modified":"2016-09-06T11:30:08","modified_gmt":"2016-09-06T11:30:08","slug":"udzbenici-i-pripadajuca-dopunska-nastavna-sredstva-u-skolskoj-godini-2016-2017","status":"publish","type":"post","link":"https:\/\/katolicka-gimnazija.hr\/index.php\/2016\/07\/11\/udzbenici-i-pripadajuca-dopunska-nastavna-sredstva-u-skolskoj-godini-2016-2017\/","title":{"rendered":"Ud\u017ebenici i pripadaju\u0107a dopunska nastavna sredstva u \u0161kolskoj godini 2016.\/2017."},"content":{"rendered":"<p>Ud\u017ebenici i pripadaju\u0107a dopunska nastavna sredstva s Kona\u010dne liste odabranih ud\u017ebenika i pripadaju\u0107ih dopunskih nastavnih sredstava prema obrazovnim programima i razredima, koji su odabrani za \u0161kolsku godinu 2014.\/2015., bit \u0107e u uporabi i u \u0161kolskoj godini 2016.\/2017.<\/p>\n<p>Preporuka je da se ud\u017ebenici i pripadaju\u0107a dopunska nastavna sredstva za \u0161kolsku godinu 2016.\/2017., objavljena na Kona\u010dnoj listi odabranih ud\u017ebenika i pripadaju\u0107ih dopunskih nastavnih sredstava, kupe nakon \u0161to predmetni nastavnici na prvim nastavnim satima informiraju u\u010denike o obveznim ud\u017ebenicima i pripadaju\u0107im dopunskim nastavnim sredstvima, s obzirom na stara i nova izdanja ud\u017ebenika i pripadaju\u0107ih dopunskih nastavnih sredstava, prvi i drugi strani jezik te fakultativnu nastavu, koja se organizira prema interesu u\u010denika za nastavni predmet, \u0161to se utvr\u0111uje na po\u010detku nastavne godine.<\/p>\n<p>Kona\u010dnoj listi odabranih ud\u017ebenika i pripadaju\u0107ih dopunskih nastavnih sredstava prema obrazovnim programima i razredima mo\u017eete pristupiti na ovim internetskim stranicama pod izbornikom <strong><a href=\"http:\/\/katolicka-gimnazija.hr\/index.php\/popis-udzbenika\/\">Popis ud\u017ebenika<\/a><\/strong>.<\/p>\n<p>&nbsp;<\/p>\n<p><strong>Obavijest o povla\u010denju ud\u017ebenika iz uporabe<\/strong><\/p>\n<p>Ministar znanosti, obrazovanja i sporta Predrag \u0160ustar donio je rje\u0161enja kojima se povla\u010de iz uporabe ud\u017ebenici nakladnika Salesiane d.o.o. iz Zagreba zbog izmjena i dopuna nu\u017enih za uskla\u0111ivanje s novim nastavnim Planom i programom:<\/p>\n<ol>\n<li>TRA\u017dITELJI SMISLA \u2013 ud\u017ebenik vjeronauka za 1. razred srednjih \u0161kola, autora Viktorije Gad\u017ee, Nikole Milanovi\u0107a, Rudija Palo\u0161a, Mirjane Vu\u010dice i Du\u0161ana Vuleti\u0107a (odobren 2003. godine) i<\/li>\n<li>ODVA\u017dNI SVJEDOCI \u2013 ud\u017ebenik vjeronauka za 2. razred srednje \u0161kole, autora Viktorije Gad\u017ee, Nikole Milanovi\u0107a, Rudija Palo\u0161a, Mirjane Vu\u010dice i Du\u0161ana Vuleti\u0107a (odobren 2004. godine).<\/li>\n<\/ol>\n<p>Na Kona\u010dne liste srednjih \u0161kola iz 2014. godine uvr\u0161tavaju se njihova izmijenjena i dopunjena izdanja uskla\u0111ena s nastavnim Planom i programom katoli\u010dkoga vjeronauka za trogodi\u0161nje srednje \u0161kole:<\/p>\n<ol>\n<li>TRA\u017dITELJI SMISLA \u2013 ud\u017ebenik katoli\u010dkoga vjeronauka za 1. razred srednjih \u0161kola, autora Viktorije Gad\u017ee, Nikole Milanovi\u0107a, Rudija Palo\u0161a, Mirjane Vu\u010dice i Du\u0161ana Vuleti\u0107a i<\/li>\n<li>ODVA\u017dNI SVJEDOCI \u2013 ud\u017ebenik katoli\u010dkoga vjeronauka za 2. razred srednjih \u0161kola, autora Viktorije Gad\u017ee, Nikole Milanovi\u0107a, Mirjane Vu\u010dice i Du\u0161ana Vuleti\u0107a (odobren 2004. godine).<\/li>\n<\/ol>\n<p>Obavje\u0161tavamo u\u010denike da povu\u010dena izdanja vi\u0161e ne mogu biti u uporabi.<\/p>\n","protected":false},"excerpt":{"rendered":"<p>Ud\u017ebenici i pripadaju\u0107a dopunska nastavna sredstva s Kona\u010dne liste odabranih ud\u017ebenika i pripadaju\u0107ih dopunskih nastavnih sredstava prema obrazovnim programima i razredima, koji su odabrani za \u0161kolsku godinu 2014.\/2015., bit \u0107e u uporabi i u \u0161kolskoj godini 2016.\/2017. Preporuka je da se ud\u017ebenici i pripadaju\u0107a dopunska nastavna sredstva za \u0161kolsku godinu 2016.\/2017., objavljena na Kona\u010dnoj listi [&hellip;]<\/p>\n","protected":false},"author":1,"featured_media":624,"comment_status":"closed","ping_status":"closed","sticky":false,"template":"","format":"standard","meta":{"footnotes":""},"categories":[3],"tags":[],"class_list":["post-6231","post","type-post","status-publish","format-standard","has-post-thumbnail","hentry","category-obavijesti"],"_links":{"self":[{"href":"https:\/\/katolicka-gimnazija.hr\/index.php\/wp-json\/wp\/v2\/posts\/6231","targetHints":{"allow":["GET"]}}],"collection":[{"href":"https:\/\/katolicka-gimnazija.hr\/index.php\/wp-json\/wp\/v2\/posts"}],"about":[{"href":"https:\/\/katolicka-gimnazija.hr\/index.php\/wp-json\/wp\/v2\/types\/post"}],"author":[{"embeddable":true,"href":"https:\/\/katolicka-gimnazija.hr\/index.php\/wp-json\/wp\/v2\/users\/1"}],"replies":[{"embeddable":true,"href":"https:\/\/katolicka-gimnazija.hr\/index.php\/wp-json\/wp\/v2\/comments?post=6231"}],"version-history":[{"count":3,"href":"https:\/\/katolicka-gimnazija.hr\/index.php\/wp-json\/wp\/v2\/posts\/6231\/revisions"}],"predecessor-version":[{"id":6466,"href":"https:\/\/katolicka-gimnazija.hr\/index.php\/wp-json\/wp\/v2\/posts\/6231\/revisions\/6466"}],"wp:featuredmedia":[{"embeddable":true,"href":"https:\/\/katolicka-gimnazija.hr\/index.php\/wp-json\/wp\/v2\/media\/624"}],"wp:attachment":[{"href":"https:\/\/katolicka-gimnazija.hr\/index.php\/wp-json\/wp\/v2\/media?parent=6231"}],"wp:term":[{"taxonomy":"category","embeddable":true,"href":"https:\/\/katolicka-gimnazija.hr\/index.php\/wp-json\/wp\/v2\/categories?post=6231"},{"taxonomy":"post_tag","embeddable":true,"href":"https:\/\/katolicka-gimnazija.hr\/index.php\/wp-json\/wp\/v2\/tags?post=6231"}],"curies":[{"name":"wp","href":"https:\/\/api.w.org\/{rel}","templated":true}]}}