{"id":6242,"date":"2016-06-30T09:53:32","date_gmt":"2016-06-30T09:53:32","guid":{"rendered":"http:\/\/katolicka-gimnazija.hr\/?p=6242"},"modified":"2018-12-28T14:18:10","modified_gmt":"2018-12-28T14:18:10","slug":"zakljucci-sa-7-sjednice-razrednog-vijeca","status":"publish","type":"post","link":"https:\/\/katolicka-gimnazija.hr\/index.php\/2016\/06\/30\/zakljucci-sa-7-sjednice-razrednog-vijeca\/","title":{"rendered":"Zaklju\u010dci sa 7. sjednice Razrednog vije\u0107a"},"content":{"rendered":"<p>Zaklju\u010dci sa 7. sjednice Razrednog vije\u0107a razrednih odjela 1.a, 1.b, 2.a, 2.b, 3.a i 3.b Katoli\u010dke gimnazije s pravom javnosti u \u0161kolskoj godini 2015.\/2016.<\/p>\n<p>Na 7. sjednici Razrednog vije\u0107a razrednih odjela 1.a, 1.b, 2.a, 2.b, 3.a i 3.b Katoli\u010dke gimnazije s pravom javnosti odr\u017eanoj dana 30. lipnja 2016. godine:<\/p>\n<p>1. Usvojen je Zapisnik s prethodne sjednice Razrednog vije\u0107a Katoli\u010dke gimnazije s pravom javnosti odr\u017eane dana 13. lipnja 2016. godine bez primjedbi.<\/p>\n<p>2. Utvr\u0111ene su ocjene iz vladanja u\u010denicima od 1. do 3. razreda, nakon polaganja ispita pred povjerenstvom i dopunskog rada, na prijedlog razrednika.<\/p>\n<p>3. Analiziralo se utvr\u0111ene zaklju\u010dne ocjene iz nastavnih predmeta i uspjeh u\u010denika od 1. do 3. razreda, nakon polaganja ispita pred povjerenstvom i dopunskog rada, odnosno u\u010denike kojima je zaklju\u010dena prolazna i kojima nije zaklju\u010dena prolazna ocjena nakon dopunskog rada pa su upu\u0107eni na popravni ispit.<\/p>\n<p>4. Nije se raspravljalo o temama koje nisu na dnevnom redu. <\/p>\n","protected":false},"excerpt":{"rendered":"<p>Zaklju\u010dci sa 7. sjednice Razrednog vije\u0107a razrednih odjela 1.a, 1.b, 2.a, 2.b, 3.a i 3.b Katoli\u010dke gimnazije s pravom javnosti u \u0161kolskoj godini 2015.\/2016. Na 7. sjednici Razrednog vije\u0107a razrednih odjela 1.a, 1.b, 2.a, 2.b, 3.a i 3.b Katoli\u010dke gimnazije s pravom javnosti odr\u017eanoj dana 30. lipnja 2016. godine: 1. Usvojen je Zapisnik s prethodne [&hellip;]<\/p>\n","protected":false},"author":1,"featured_media":0,"comment_status":"closed","ping_status":"closed","sticky":false,"template":"","format":"standard","meta":{"footnotes":""},"categories":[2],"tags":[],"class_list":["post-6242","post","type-post","status-publish","format-standard","hentry","category-vijesti"],"_links":{"self":[{"href":"https:\/\/katolicka-gimnazija.hr\/index.php\/wp-json\/wp\/v2\/posts\/6242","targetHints":{"allow":["GET"]}}],"collection":[{"href":"https:\/\/katolicka-gimnazija.hr\/index.php\/wp-json\/wp\/v2\/posts"}],"about":[{"href":"https:\/\/katolicka-gimnazija.hr\/index.php\/wp-json\/wp\/v2\/types\/post"}],"author":[{"embeddable":true,"href":"https:\/\/katolicka-gimnazija.hr\/index.php\/wp-json\/wp\/v2\/users\/1"}],"replies":[{"embeddable":true,"href":"https:\/\/katolicka-gimnazija.hr\/index.php\/wp-json\/wp\/v2\/comments?post=6242"}],"version-history":[{"count":2,"href":"https:\/\/katolicka-gimnazija.hr\/index.php\/wp-json\/wp\/v2\/posts\/6242\/revisions"}],"predecessor-version":[{"id":15013,"href":"https:\/\/katolicka-gimnazija.hr\/index.php\/wp-json\/wp\/v2\/posts\/6242\/revisions\/15013"}],"wp:attachment":[{"href":"https:\/\/katolicka-gimnazija.hr\/index.php\/wp-json\/wp\/v2\/media?parent=6242"}],"wp:term":[{"taxonomy":"category","embeddable":true,"href":"https:\/\/katolicka-gimnazija.hr\/index.php\/wp-json\/wp\/v2\/categories?post=6242"},{"taxonomy":"post_tag","embeddable":true,"href":"https:\/\/katolicka-gimnazija.hr\/index.php\/wp-json\/wp\/v2\/tags?post=6242"}],"curies":[{"name":"wp","href":"https:\/\/api.w.org\/{rel}","templated":true}]}}