{"id":6295,"date":"2016-07-31T14:21:00","date_gmt":"2016-07-31T14:21:00","guid":{"rendered":"http:\/\/katolicka-gimnazija.hr\/?p=6295"},"modified":"2018-12-28T14:17:35","modified_gmt":"2018-12-28T14:17:35","slug":"uvijek-sam-gledao-u-nebo","status":"publish","type":"post","link":"https:\/\/katolicka-gimnazija.hr\/index.php\/2016\/07\/31\/uvijek-sam-gledao-u-nebo\/","title":{"rendered":"Uvijek sam gledao u nebo&#8230;"},"content":{"rendered":"<p><a href=\"http:\/\/katolicka-gimnazija.hr\/wp-content\/uploads\/2016\/07\/13606702_1088880711172496_1279582938340439882_n.jpg\" rel=\"attachment wp-att-6296\"><img loading=\"lazy\" decoding=\"async\" class=\"alignleft size-medium wp-image-6296\" src=\"http:\/\/katolicka-gimnazija.hr\/wp-content\/uploads\/2016\/07\/13606702_1088880711172496_1279582938340439882_n-300x225.jpg\" alt=\"13606702_1088880711172496_1279582938340439882_n\" width=\"300\" height=\"225\" srcset=\"https:\/\/katolicka-gimnazija.hr\/wp-content\/uploads\/2016\/07\/13606702_1088880711172496_1279582938340439882_n-300x225.jpg 300w, https:\/\/katolicka-gimnazija.hr\/wp-content\/uploads\/2016\/07\/13606702_1088880711172496_1279582938340439882_n-768x576.jpg 768w, https:\/\/katolicka-gimnazija.hr\/wp-content\/uploads\/2016\/07\/13606702_1088880711172496_1279582938340439882_n-360x270.jpg 360w, https:\/\/katolicka-gimnazija.hr\/wp-content\/uploads\/2016\/07\/13606702_1088880711172496_1279582938340439882_n-750x563.jpg 750w, https:\/\/katolicka-gimnazija.hr\/wp-content\/uploads\/2016\/07\/13606702_1088880711172496_1279582938340439882_n-400x300.jpg 400w, https:\/\/katolicka-gimnazija.hr\/wp-content\/uploads\/2016\/07\/13606702_1088880711172496_1279582938340439882_n-430x323.jpg 430w, https:\/\/katolicka-gimnazija.hr\/wp-content\/uploads\/2016\/07\/13606702_1088880711172496_1279582938340439882_n-150x113.jpg 150w, https:\/\/katolicka-gimnazija.hr\/wp-content\/uploads\/2016\/07\/13606702_1088880711172496_1279582938340439882_n-100x75.jpg 100w, https:\/\/katolicka-gimnazija.hr\/wp-content\/uploads\/2016\/07\/13606702_1088880711172496_1279582938340439882_n.jpg 960w\" sizes=\"auto, (max-width: 300px) 100vw, 300px\" \/><\/a><\/p>\n<p>Cijenjeni kolege profesori, po\u0161tovani roditelji, dragi u\u010denici i prijatelji \u0160kole,<\/p>\n<p>pogledajte i poslu\u0161ajte ovog mladog \u010dovjeka o njegovu putu do ostvarenja dje\u010da\u010dkih snova.<\/p>\n<p>Karlo Brus, u\u010denik na\u0161e \u0161kole kao kandidat za vojnog pilota Hrvatskog ratnog zrakoplovstva.<\/p>\n<p>&nbsp;<\/p>\n<p><a href=\"https:\/\/hrvatski-vojnik.hr\/multimedija\/videoprilozi\/vojne-vjezbe\/item\/2234-prvo-letacko-iskustvo-buducih-pilota.html\">Prvo leta\u010dko iskustvo budu\u0107ih pilota<\/a> <\/p>\n","protected":false},"excerpt":{"rendered":"<p>Cijenjeni kolege profesori, po\u0161tovani roditelji, dragi u\u010denici i prijatelji \u0160kole, pogledajte i poslu\u0161ajte ovog mladog \u010dovjeka o njegovu putu do ostvarenja dje\u010da\u010dkih snova. Karlo Brus, u\u010denik na\u0161e \u0161kole kao kandidat za vojnog pilota Hrvatskog ratnog zrakoplovstva. &nbsp; Prvo leta\u010dko iskustvo budu\u0107ih pilota<\/p>\n","protected":false},"author":2,"featured_media":6296,"comment_status":"closed","ping_status":"closed","sticky":false,"template":"","format":"standard","meta":{"footnotes":""},"categories":[2],"tags":[],"class_list":["post-6295","post","type-post","status-publish","format-standard","has-post-thumbnail","hentry","category-vijesti"],"_links":{"self":[{"href":"https:\/\/katolicka-gimnazija.hr\/index.php\/wp-json\/wp\/v2\/posts\/6295","targetHints":{"allow":["GET"]}}],"collection":[{"href":"https:\/\/katolicka-gimnazija.hr\/index.php\/wp-json\/wp\/v2\/posts"}],"about":[{"href":"https:\/\/katolicka-gimnazija.hr\/index.php\/wp-json\/wp\/v2\/types\/post"}],"author":[{"embeddable":true,"href":"https:\/\/katolicka-gimnazija.hr\/index.php\/wp-json\/wp\/v2\/users\/2"}],"replies":[{"embeddable":true,"href":"https:\/\/katolicka-gimnazija.hr\/index.php\/wp-json\/wp\/v2\/comments?post=6295"}],"version-history":[{"count":5,"href":"https:\/\/katolicka-gimnazija.hr\/index.php\/wp-json\/wp\/v2\/posts\/6295\/revisions"}],"predecessor-version":[{"id":15010,"href":"https:\/\/katolicka-gimnazija.hr\/index.php\/wp-json\/wp\/v2\/posts\/6295\/revisions\/15010"}],"wp:featuredmedia":[{"embeddable":true,"href":"https:\/\/katolicka-gimnazija.hr\/index.php\/wp-json\/wp\/v2\/media\/6296"}],"wp:attachment":[{"href":"https:\/\/katolicka-gimnazija.hr\/index.php\/wp-json\/wp\/v2\/media?parent=6295"}],"wp:term":[{"taxonomy":"category","embeddable":true,"href":"https:\/\/katolicka-gimnazija.hr\/index.php\/wp-json\/wp\/v2\/categories?post=6295"},{"taxonomy":"post_tag","embeddable":true,"href":"https:\/\/katolicka-gimnazija.hr\/index.php\/wp-json\/wp\/v2\/tags?post=6295"}],"curies":[{"name":"wp","href":"https:\/\/api.w.org\/{rel}","templated":true}]}}