{"id":6332,"date":"2016-08-29T07:05:45","date_gmt":"2016-08-29T07:05:45","guid":{"rendered":"http:\/\/katolicka-gimnazija.hr\/?p=6332"},"modified":"2018-12-28T14:16:45","modified_gmt":"2018-12-28T14:16:45","slug":"informacije-o-radu-8-sjednice-razrednog-vijeca","status":"publish","type":"post","link":"https:\/\/katolicka-gimnazija.hr\/index.php\/2016\/08\/29\/informacije-o-radu-8-sjednice-razrednog-vijeca\/","title":{"rendered":"Informacije o radu 8. sjednice Razrednog vije\u0107a"},"content":{"rendered":"<p><em>8. sjednica Razrednog vije\u0107a razrednih odjela 1.a, 1.b, 2.a, 2.b i 3.a Katoli\u010dke gimnazije s pravom javnosti u \u0161kolskoj godini 2015.\/2016. dana 29. kolovoza 2016. godine s po\u010detkom u 10:00 sati<\/em><\/p>\n<p><strong>Dnevni red:<\/strong><\/p>\n<ol>\n<li>Usvajanje Zapisnika s prethodne sjednice Razrednog vije\u0107a Katoli\u010dke gimnazije s pravom javnosti<\/li>\n<li>Utvr\u0111ivanje ocjena iz vladanja u\u010denicima od 1. do 3. razreda, nakon polaganja popravnog ispita, na prijedlog razrednika<\/li>\n<li>Analiziranje utvr\u0111enih zaklju\u010dnih ocjena iz nastavnih predmeta i uspjeha u\u010denika od 1. do 3. razreda, nakon polaganja popravnog ispita<\/li>\n<li>Razno.<\/li>\n<\/ol>\n","protected":false},"excerpt":{"rendered":"<p>8. sjednica Razrednog vije\u0107a razrednih odjela 1.a, 1.b, 2.a, 2.b i 3.a Katoli\u010dke gimnazije s pravom javnosti u \u0161kolskoj godini 2015.\/2016. dana 29. kolovoza 2016. godine s po\u010detkom u 10:00 sati Dnevni red: Usvajanje Zapisnika s prethodne sjednice Razrednog vije\u0107a Katoli\u010dke gimnazije s pravom javnosti Utvr\u0111ivanje ocjena iz vladanja u\u010denicima od 1. do 3. razreda, [&hellip;]<\/p>\n","protected":false},"author":1,"featured_media":0,"comment_status":"closed","ping_status":"closed","sticky":false,"template":"","format":"standard","meta":{"footnotes":""},"categories":[2],"tags":[],"class_list":["post-6332","post","type-post","status-publish","format-standard","hentry","category-vijesti"],"_links":{"self":[{"href":"https:\/\/katolicka-gimnazija.hr\/index.php\/wp-json\/wp\/v2\/posts\/6332","targetHints":{"allow":["GET"]}}],"collection":[{"href":"https:\/\/katolicka-gimnazija.hr\/index.php\/wp-json\/wp\/v2\/posts"}],"about":[{"href":"https:\/\/katolicka-gimnazija.hr\/index.php\/wp-json\/wp\/v2\/types\/post"}],"author":[{"embeddable":true,"href":"https:\/\/katolicka-gimnazija.hr\/index.php\/wp-json\/wp\/v2\/users\/1"}],"replies":[{"embeddable":true,"href":"https:\/\/katolicka-gimnazija.hr\/index.php\/wp-json\/wp\/v2\/comments?post=6332"}],"version-history":[{"count":2,"href":"https:\/\/katolicka-gimnazija.hr\/index.php\/wp-json\/wp\/v2\/posts\/6332\/revisions"}],"predecessor-version":[{"id":15006,"href":"https:\/\/katolicka-gimnazija.hr\/index.php\/wp-json\/wp\/v2\/posts\/6332\/revisions\/15006"}],"wp:attachment":[{"href":"https:\/\/katolicka-gimnazija.hr\/index.php\/wp-json\/wp\/v2\/media?parent=6332"}],"wp:term":[{"taxonomy":"category","embeddable":true,"href":"https:\/\/katolicka-gimnazija.hr\/index.php\/wp-json\/wp\/v2\/categories?post=6332"},{"taxonomy":"post_tag","embeddable":true,"href":"https:\/\/katolicka-gimnazija.hr\/index.php\/wp-json\/wp\/v2\/tags?post=6332"}],"curies":[{"name":"wp","href":"https:\/\/api.w.org\/{rel}","templated":true}]}}