{"id":6359,"date":"2016-08-29T21:45:45","date_gmt":"2016-08-29T21:45:45","guid":{"rendered":"http:\/\/katolicka-gimnazija.hr\/?p=6359"},"modified":"2021-11-16T21:56:08","modified_gmt":"2021-11-16T21:56:08","slug":"venimus-vidimus-deus-vicit","status":"publish","type":"post","link":"https:\/\/katolicka-gimnazija.hr\/index.php\/2016\/08\/29\/venimus-vidimus-deus-vicit\/","title":{"rendered":"Venimus, Vidimus, Deus vicit!"},"content":{"rendered":"<p>Od 22. do 28. kolovoza u\u010denici katoli\u010dkih gimnazija iz Po\u017eege i Virovitice, koji \u0107e za nekoliko dana zapo\u010deti \u010detvrti i posljednji razred svog \u0161kolovanja u tim ustanovama, boravili su na maturalnom hodo\u010da\u0161\u0107u u Rimu. S njima su bili njihovi razrednici prof. \u0110akovi\u0107 i prof. Pauli\u0107 te vjerou\u010ditelj Marijan Paveli\u0107. Pridru\u017eio im se i biskup Antun \u0160kvor\u010devi\u0107 te je u srijedu 24. kolovoza s njima sudjelovao na generalnoj audijenciji s papom Franjom na Trgu sv. Petra. Tom prigodom biskup se susreo s papom Franjom te mu predstavio po\u017ee\u0161ke i viroviti\u010dke maturante zamoliv\u0161i za njih poseban apostolski blagoslov, na \u0161to je Papa odgovorio da to rado \u010dini i da ih uklju\u010duje u svoju molitvu da ostanu vjerni Isusu Kristu. Predve\u010der istoga dana biskup je predvodio misno slavlje u hrvatskoj crkvi sv. Jeronima. U pozdravu je podsjetio maturante na pola tisu\u0107lje\u0107a prisutnosti Hrvata u Vje\u010dnom Gradu po ustanovama koje su postojale uz nacionalnu crkvu sv. Jeronima, napose na zna\u010denje Papinskog hrvatskog zavoda sv. Jeronima, te ih pozvao da se sjedine u molitvi sa svima onima koji su ovdje svjedo\u010dili pripadnost Bogu i svome hrvatskom rodu.<\/p>\n<div id='gallery-1' class='gallery galleryid-6359 gallery-columns-3 gallery-size-medium'><figure class='gallery-item'>\n\t\t\t<div class='gallery-icon landscape'>\n\t\t\t\t<a href='https:\/\/katolicka-gimnazija.hr\/wp-content\/uploads\/2016\/08\/svpetar-5.jpg'><img loading=\"lazy\" decoding=\"async\" width=\"300\" height=\"200\" src=\"https:\/\/katolicka-gimnazija.hr\/wp-content\/uploads\/2016\/08\/svpetar-5-300x200.jpg\" class=\"attachment-medium size-medium\" alt=\"\" srcset=\"https:\/\/katolicka-gimnazija.hr\/wp-content\/uploads\/2016\/08\/svpetar-5-300x200.jpg 300w, https:\/\/katolicka-gimnazija.hr\/wp-content\/uploads\/2016\/08\/svpetar-5-768x512.jpg 768w, https:\/\/katolicka-gimnazija.hr\/wp-content\/uploads\/2016\/08\/svpetar-5-1024x683.jpg 1024w, https:\/\/katolicka-gimnazija.hr\/wp-content\/uploads\/2016\/08\/svpetar-5-360x240.jpg 360w, https:\/\/katolicka-gimnazija.hr\/wp-content\/uploads\/2016\/08\/svpetar-5-750x500.jpg 750w, https:\/\/katolicka-gimnazija.hr\/wp-content\/uploads\/2016\/08\/svpetar-5-400x267.jpg 400w, https:\/\/katolicka-gimnazija.hr\/wp-content\/uploads\/2016\/08\/svpetar-5-430x287.jpg 430w, https:\/\/katolicka-gimnazija.hr\/wp-content\/uploads\/2016\/08\/svpetar-5-150x100.jpg 150w, https:\/\/katolicka-gimnazija.hr\/wp-content\/uploads\/2016\/08\/svpetar-5-100x67.jpg 100w, https:\/\/katolicka-gimnazija.hr\/wp-content\/uploads\/2016\/08\/svpetar-5.jpg 1500w\" sizes=\"auto, (max-width: 300px) 100vw, 300px\" \/><\/a>\n\t\t\t<\/div><\/figure><figure class='gallery-item'>\n\t\t\t<div class='gallery-icon landscape'>\n\t\t\t\t<a href='https:\/\/katolicka-gimnazija.hr\/wp-content\/uploads\/2016\/08\/jeronim-4.jpg'><img loading=\"lazy\" decoding=\"async\" width=\"300\" height=\"200\" src=\"https:\/\/katolicka-gimnazija.hr\/wp-content\/uploads\/2016\/08\/jeronim-4-300x200.jpg\" class=\"attachment-medium size-medium\" alt=\"\" srcset=\"https:\/\/katolicka-gimnazija.hr\/wp-content\/uploads\/2016\/08\/jeronim-4-300x200.jpg 300w, https:\/\/katolicka-gimnazija.hr\/wp-content\/uploads\/2016\/08\/jeronim-4-768x512.jpg 768w, https:\/\/katolicka-gimnazija.hr\/wp-content\/uploads\/2016\/08\/jeronim-4-1024x683.jpg 1024w, https:\/\/katolicka-gimnazija.hr\/wp-content\/uploads\/2016\/08\/jeronim-4-360x240.jpg 360w, https:\/\/katolicka-gimnazija.hr\/wp-content\/uploads\/2016\/08\/jeronim-4-750x500.jpg 750w, https:\/\/katolicka-gimnazija.hr\/wp-content\/uploads\/2016\/08\/jeronim-4-400x267.jpg 400w, https:\/\/katolicka-gimnazija.hr\/wp-content\/uploads\/2016\/08\/jeronim-4-430x287.jpg 430w, https:\/\/katolicka-gimnazija.hr\/wp-content\/uploads\/2016\/08\/jeronim-4-150x100.jpg 150w, https:\/\/katolicka-gimnazija.hr\/wp-content\/uploads\/2016\/08\/jeronim-4-100x67.jpg 100w, https:\/\/katolicka-gimnazija.hr\/wp-content\/uploads\/2016\/08\/jeronim-4.jpg 1500w\" sizes=\"auto, (max-width: 300px) 100vw, 300px\" \/><\/a>\n\t\t\t<\/div><\/figure><figure class='gallery-item'>\n\t\t\t<div class='gallery-icon landscape'>\n\t\t\t\t<a href='https:\/\/katolicka-gimnazija.hr\/wp-content\/uploads\/2016\/08\/svpetar-6.jpg'><img loading=\"lazy\" decoding=\"async\" width=\"300\" height=\"200\" src=\"https:\/\/katolicka-gimnazija.hr\/wp-content\/uploads\/2016\/08\/svpetar-6-300x200.jpg\" class=\"attachment-medium size-medium\" alt=\"\" srcset=\"https:\/\/katolicka-gimnazija.hr\/wp-content\/uploads\/2016\/08\/svpetar-6-300x200.jpg 300w, https:\/\/katolicka-gimnazija.hr\/wp-content\/uploads\/2016\/08\/svpetar-6-768x512.jpg 768w, https:\/\/katolicka-gimnazija.hr\/wp-content\/uploads\/2016\/08\/svpetar-6-1024x683.jpg 1024w, https:\/\/katolicka-gimnazija.hr\/wp-content\/uploads\/2016\/08\/svpetar-6-360x240.jpg 360w, https:\/\/katolicka-gimnazija.hr\/wp-content\/uploads\/2016\/08\/svpetar-6-750x500.jpg 750w, https:\/\/katolicka-gimnazija.hr\/wp-content\/uploads\/2016\/08\/svpetar-6-400x267.jpg 400w, https:\/\/katolicka-gimnazija.hr\/wp-content\/uploads\/2016\/08\/svpetar-6-430x287.jpg 430w, https:\/\/katolicka-gimnazija.hr\/wp-content\/uploads\/2016\/08\/svpetar-6-150x100.jpg 150w, https:\/\/katolicka-gimnazija.hr\/wp-content\/uploads\/2016\/08\/svpetar-6-100x67.jpg 100w, https:\/\/katolicka-gimnazija.hr\/wp-content\/uploads\/2016\/08\/svpetar-6.jpg 1500w\" sizes=\"auto, (max-width: 300px) 100vw, 300px\" \/><\/a>\n\t\t\t<\/div><\/figure><figure class='gallery-item'>\n\t\t\t<div class='gallery-icon landscape'>\n\t\t\t\t<a href='https:\/\/katolicka-gimnazija.hr\/wp-content\/uploads\/2016\/08\/jeronim-2.jpg'><img loading=\"lazy\" decoding=\"async\" width=\"300\" height=\"200\" src=\"https:\/\/katolicka-gimnazija.hr\/wp-content\/uploads\/2016\/08\/jeronim-2-300x200.jpg\" class=\"attachment-medium size-medium\" alt=\"\" srcset=\"https:\/\/katolicka-gimnazija.hr\/wp-content\/uploads\/2016\/08\/jeronim-2-300x200.jpg 300w, https:\/\/katolicka-gimnazija.hr\/wp-content\/uploads\/2016\/08\/jeronim-2-768x512.jpg 768w, https:\/\/katolicka-gimnazija.hr\/wp-content\/uploads\/2016\/08\/jeronim-2-1024x683.jpg 1024w, https:\/\/katolicka-gimnazija.hr\/wp-content\/uploads\/2016\/08\/jeronim-2-360x240.jpg 360w, https:\/\/katolicka-gimnazija.hr\/wp-content\/uploads\/2016\/08\/jeronim-2-750x500.jpg 750w, https:\/\/katolicka-gimnazija.hr\/wp-content\/uploads\/2016\/08\/jeronim-2-400x267.jpg 400w, https:\/\/katolicka-gimnazija.hr\/wp-content\/uploads\/2016\/08\/jeronim-2-430x287.jpg 430w, https:\/\/katolicka-gimnazija.hr\/wp-content\/uploads\/2016\/08\/jeronim-2-150x100.jpg 150w, https:\/\/katolicka-gimnazija.hr\/wp-content\/uploads\/2016\/08\/jeronim-2-100x67.jpg 100w, https:\/\/katolicka-gimnazija.hr\/wp-content\/uploads\/2016\/08\/jeronim-2.jpg 1500w\" sizes=\"auto, (max-width: 300px) 100vw, 300px\" \/><\/a>\n\t\t\t<\/div><\/figure><figure class='gallery-item'>\n\t\t\t<div class='gallery-icon landscape'>\n\t\t\t\t<a href='https:\/\/katolicka-gimnazija.hr\/wp-content\/uploads\/2016\/08\/audijencija.jpg'><img loading=\"lazy\" decoding=\"async\" width=\"300\" height=\"200\" src=\"https:\/\/katolicka-gimnazija.hr\/wp-content\/uploads\/2016\/08\/audijencija-300x200.jpg\" class=\"attachment-medium size-medium\" alt=\"\" srcset=\"https:\/\/katolicka-gimnazija.hr\/wp-content\/uploads\/2016\/08\/audijencija-300x200.jpg 300w, https:\/\/katolicka-gimnazija.hr\/wp-content\/uploads\/2016\/08\/audijencija-768x511.jpg 768w, https:\/\/katolicka-gimnazija.hr\/wp-content\/uploads\/2016\/08\/audijencija-1024x682.jpg 1024w, https:\/\/katolicka-gimnazija.hr\/wp-content\/uploads\/2016\/08\/audijencija-360x240.jpg 360w, https:\/\/katolicka-gimnazija.hr\/wp-content\/uploads\/2016\/08\/audijencija-750x500.jpg 750w, https:\/\/katolicka-gimnazija.hr\/wp-content\/uploads\/2016\/08\/audijencija-400x266.jpg 400w, https:\/\/katolicka-gimnazija.hr\/wp-content\/uploads\/2016\/08\/audijencija-430x286.jpg 430w, https:\/\/katolicka-gimnazija.hr\/wp-content\/uploads\/2016\/08\/audijencija-150x100.jpg 150w, https:\/\/katolicka-gimnazija.hr\/wp-content\/uploads\/2016\/08\/audijencija-100x67.jpg 100w, https:\/\/katolicka-gimnazija.hr\/wp-content\/uploads\/2016\/08\/audijencija.jpg 1500w\" sizes=\"auto, (max-width: 300px) 100vw, 300px\" \/><\/a>\n\t\t\t<\/div><\/figure><figure class='gallery-item'>\n\t\t\t<div class='gallery-icon landscape'>\n\t\t\t\t<a href='https:\/\/katolicka-gimnazija.hr\/wp-content\/uploads\/2016\/08\/svpetar-2.jpg'><img loading=\"lazy\" decoding=\"async\" width=\"300\" height=\"200\" src=\"https:\/\/katolicka-gimnazija.hr\/wp-content\/uploads\/2016\/08\/svpetar-2-300x200.jpg\" class=\"attachment-medium size-medium\" alt=\"\" srcset=\"https:\/\/katolicka-gimnazija.hr\/wp-content\/uploads\/2016\/08\/svpetar-2-300x200.jpg 300w, https:\/\/katolicka-gimnazija.hr\/wp-content\/uploads\/2016\/08\/svpetar-2-768x512.jpg 768w, https:\/\/katolicka-gimnazija.hr\/wp-content\/uploads\/2016\/08\/svpetar-2-1024x683.jpg 1024w, https:\/\/katolicka-gimnazija.hr\/wp-content\/uploads\/2016\/08\/svpetar-2-360x240.jpg 360w, https:\/\/katolicka-gimnazija.hr\/wp-content\/uploads\/2016\/08\/svpetar-2-750x500.jpg 750w, https:\/\/katolicka-gimnazija.hr\/wp-content\/uploads\/2016\/08\/svpetar-2-400x267.jpg 400w, https:\/\/katolicka-gimnazija.hr\/wp-content\/uploads\/2016\/08\/svpetar-2-430x287.jpg 430w, https:\/\/katolicka-gimnazija.hr\/wp-content\/uploads\/2016\/08\/svpetar-2-150x100.jpg 150w, https:\/\/katolicka-gimnazija.hr\/wp-content\/uploads\/2016\/08\/svpetar-2-100x67.jpg 100w, https:\/\/katolicka-gimnazija.hr\/wp-content\/uploads\/2016\/08\/svpetar-2.jpg 1500w\" sizes=\"auto, (max-width: 300px) 100vw, 300px\" \/><\/a>\n\t\t\t<\/div><\/figure><figure class='gallery-item'>\n\t\t\t<div class='gallery-icon landscape'>\n\t\t\t\t<a href='https:\/\/katolicka-gimnazija.hr\/wp-content\/uploads\/2016\/08\/audijencija-0.jpg'><img loading=\"lazy\" decoding=\"async\" width=\"300\" height=\"200\" src=\"https:\/\/katolicka-gimnazija.hr\/wp-content\/uploads\/2016\/08\/audijencija-0-300x200.jpg\" class=\"attachment-medium size-medium\" alt=\"\" srcset=\"https:\/\/katolicka-gimnazija.hr\/wp-content\/uploads\/2016\/08\/audijencija-0-300x200.jpg 300w, https:\/\/katolicka-gimnazija.hr\/wp-content\/uploads\/2016\/08\/audijencija-0-768x512.jpg 768w, https:\/\/katolicka-gimnazija.hr\/wp-content\/uploads\/2016\/08\/audijencija-0-1024x683.jpg 1024w, https:\/\/katolicka-gimnazija.hr\/wp-content\/uploads\/2016\/08\/audijencija-0-360x240.jpg 360w, https:\/\/katolicka-gimnazija.hr\/wp-content\/uploads\/2016\/08\/audijencija-0-750x500.jpg 750w, https:\/\/katolicka-gimnazija.hr\/wp-content\/uploads\/2016\/08\/audijencija-0-400x267.jpg 400w, https:\/\/katolicka-gimnazija.hr\/wp-content\/uploads\/2016\/08\/audijencija-0-430x287.jpg 430w, https:\/\/katolicka-gimnazija.hr\/wp-content\/uploads\/2016\/08\/audijencija-0-150x100.jpg 150w, https:\/\/katolicka-gimnazija.hr\/wp-content\/uploads\/2016\/08\/audijencija-0-100x67.jpg 100w, https:\/\/katolicka-gimnazija.hr\/wp-content\/uploads\/2016\/08\/audijencija-0.jpg 1500w\" sizes=\"auto, (max-width: 300px) 100vw, 300px\" \/><\/a>\n\t\t\t<\/div><\/figure><figure class='gallery-item'>\n\t\t\t<div class='gallery-icon landscape'>\n\t\t\t\t<a href='https:\/\/katolicka-gimnazija.hr\/wp-content\/uploads\/2016\/08\/svpetar-7.jpg'><img loading=\"lazy\" decoding=\"async\" width=\"300\" height=\"200\" src=\"https:\/\/katolicka-gimnazija.hr\/wp-content\/uploads\/2016\/08\/svpetar-7-300x200.jpg\" class=\"attachment-medium size-medium\" alt=\"\" srcset=\"https:\/\/katolicka-gimnazija.hr\/wp-content\/uploads\/2016\/08\/svpetar-7-300x200.jpg 300w, https:\/\/katolicka-gimnazija.hr\/wp-content\/uploads\/2016\/08\/svpetar-7-768x512.jpg 768w, https:\/\/katolicka-gimnazija.hr\/wp-content\/uploads\/2016\/08\/svpetar-7-1024x683.jpg 1024w, https:\/\/katolicka-gimnazija.hr\/wp-content\/uploads\/2016\/08\/svpetar-7-360x240.jpg 360w, https:\/\/katolicka-gimnazija.hr\/wp-content\/uploads\/2016\/08\/svpetar-7-750x500.jpg 750w, https:\/\/katolicka-gimnazija.hr\/wp-content\/uploads\/2016\/08\/svpetar-7-400x267.jpg 400w, https:\/\/katolicka-gimnazija.hr\/wp-content\/uploads\/2016\/08\/svpetar-7-430x287.jpg 430w, https:\/\/katolicka-gimnazija.hr\/wp-content\/uploads\/2016\/08\/svpetar-7-150x100.jpg 150w, https:\/\/katolicka-gimnazija.hr\/wp-content\/uploads\/2016\/08\/svpetar-7-100x67.jpg 100w, https:\/\/katolicka-gimnazija.hr\/wp-content\/uploads\/2016\/08\/svpetar-7.jpg 1500w\" sizes=\"auto, (max-width: 300px) 100vw, 300px\" \/><\/a>\n\t\t\t<\/div><\/figure><figure class='gallery-item'>\n\t\t\t<div class='gallery-icon landscape'>\n\t\t\t\t<a href='https:\/\/katolicka-gimnazija.hr\/wp-content\/uploads\/2016\/08\/jeronim-3.jpg'><img loading=\"lazy\" decoding=\"async\" width=\"300\" height=\"200\" src=\"https:\/\/katolicka-gimnazija.hr\/wp-content\/uploads\/2016\/08\/jeronim-3-300x200.jpg\" class=\"attachment-medium size-medium\" alt=\"\" srcset=\"https:\/\/katolicka-gimnazija.hr\/wp-content\/uploads\/2016\/08\/jeronim-3-300x200.jpg 300w, https:\/\/katolicka-gimnazija.hr\/wp-content\/uploads\/2016\/08\/jeronim-3-768x512.jpg 768w, https:\/\/katolicka-gimnazija.hr\/wp-content\/uploads\/2016\/08\/jeronim-3-1024x683.jpg 1024w, https:\/\/katolicka-gimnazija.hr\/wp-content\/uploads\/2016\/08\/jeronim-3-360x240.jpg 360w, https:\/\/katolicka-gimnazija.hr\/wp-content\/uploads\/2016\/08\/jeronim-3-750x500.jpg 750w, https:\/\/katolicka-gimnazija.hr\/wp-content\/uploads\/2016\/08\/jeronim-3-400x267.jpg 400w, https:\/\/katolicka-gimnazija.hr\/wp-content\/uploads\/2016\/08\/jeronim-3-430x287.jpg 430w, https:\/\/katolicka-gimnazija.hr\/wp-content\/uploads\/2016\/08\/jeronim-3-150x100.jpg 150w, https:\/\/katolicka-gimnazija.hr\/wp-content\/uploads\/2016\/08\/jeronim-3-100x67.jpg 100w, https:\/\/katolicka-gimnazija.hr\/wp-content\/uploads\/2016\/08\/jeronim-3.jpg 1500w\" sizes=\"auto, (max-width: 300px) 100vw, 300px\" \/><\/a>\n\t\t\t<\/div><\/figure><figure class='gallery-item'>\n\t\t\t<div class='gallery-icon landscape'>\n\t\t\t\t<a href='https:\/\/katolicka-gimnazija.hr\/wp-content\/uploads\/2016\/08\/svpetar-1.jpg'><img loading=\"lazy\" decoding=\"async\" width=\"300\" height=\"200\" src=\"https:\/\/katolicka-gimnazija.hr\/wp-content\/uploads\/2016\/08\/svpetar-1-300x200.jpg\" class=\"attachment-medium size-medium\" alt=\"\" srcset=\"https:\/\/katolicka-gimnazija.hr\/wp-content\/uploads\/2016\/08\/svpetar-1-300x200.jpg 300w, https:\/\/katolicka-gimnazija.hr\/wp-content\/uploads\/2016\/08\/svpetar-1-768x512.jpg 768w, https:\/\/katolicka-gimnazija.hr\/wp-content\/uploads\/2016\/08\/svpetar-1-1024x683.jpg 1024w, https:\/\/katolicka-gimnazija.hr\/wp-content\/uploads\/2016\/08\/svpetar-1-360x240.jpg 360w, https:\/\/katolicka-gimnazija.hr\/wp-content\/uploads\/2016\/08\/svpetar-1-750x500.jpg 750w, https:\/\/katolicka-gimnazija.hr\/wp-content\/uploads\/2016\/08\/svpetar-1-400x267.jpg 400w, https:\/\/katolicka-gimnazija.hr\/wp-content\/uploads\/2016\/08\/svpetar-1-430x287.jpg 430w, https:\/\/katolicka-gimnazija.hr\/wp-content\/uploads\/2016\/08\/svpetar-1-150x100.jpg 150w, https:\/\/katolicka-gimnazija.hr\/wp-content\/uploads\/2016\/08\/svpetar-1-100x67.jpg 100w, https:\/\/katolicka-gimnazija.hr\/wp-content\/uploads\/2016\/08\/svpetar-1.jpg 1500w\" sizes=\"auto, (max-width: 300px) 100vw, 300px\" \/><\/a>\n\t\t\t<\/div><\/figure>\n\t\t<\/div>\n\n<p>U homiliji biskup Antun je rekao gimnazijalcima da u Rim nisu do\u0161li tek ne\u0161to vidjeti, nego u srcu biti ispunjeni snagom vjere, napose prvokr\u0161\u0107anskih mu\u010denika. Naglasio je da se u sredi\u0161tu kratkog evan\u0111eoskog ulomka o blagdanu sv. Bartola apostola, nalazi upravo glagol \u00bbvidjeti\u00ab, koji evan\u0111elist koristi \u010dak \u0161est puta. U njemu se opisuje kako je apostol Filip nagovorio Natanaela \u2013 tako evan\u0111elist naziva apostola Bartola \u2013 da do\u0111e vidjeti Isusa. Do\u0107i k Isusu i vidjeti ga, nastavio je biskup, nije tek neki fizi\u010dki podatak, nego je to nutarnje \u010dovjekovo stanje u kojem njegov pogled srca ispunjen vjerom dopire do Bo\u017eje istine o njemu. Upitao je gimnazijalce do kuda se\u017ee njihov pogled, pozvav\u0161i ih da i oni poput Natanaela do\u0111u k Isusu Kristu, jer je u njemu progovorila mo\u0107 ljubavi i milosr\u0111a ja\u010da od njihove slabosti, zlo\u0107e i sebi\u010dnosti, i da dopuste da im ovdje u Rimu, osobito na svetim misama, progovori jasno\u0107a Bo\u017eje istine o njima i da tu istinu promatraju bistrinom pogleda svoje vjere. Potaknuo ih je da dok budu pohodili Sikstinsku kapelu u Vatikanu upravo takvim pogledom vjere promotre Michelangelovu fresku Posljednjeg suda na kojoj \u0107e me\u0111u brojnim ljudima koji su se svrstali na stranu Isusa, suca svega svijeta, ugledati i sv. Bartola koji u ruci dr\u017ei svoju oderanu ko\u017eu, simbol njegova mu\u010deni\u0161tva i znak njegove vjernosti Isusu Kristu te se i sami obnove u vjernosti njemu. Dodao je da lice Krista suca i gesta uzdignute ruke nije izraz srditosti, nego \u017ealosti \u0161to su se neki ljudi opredijelili protiv njega i izabrali sljepilo, nemo\u0107, sebi\u010dnost i zlo\u0107u, koja ih odvodi u vje\u010dnu propast. Otac biskup tako\u0111er je pozvao gimnazijalce da na ovom hodo\u010da\u0161\u0107u provjere nisu li mo\u017eda i sami postali \u017ertva vlastite zatvorenosti, poru\u010div\u0161i im neka nikome ne dopuste da u sebi\u010dnost zatvori njihova mladena\u010dka bi\u0107a, osobnost, duh i srce, nego da uvijek iznova otvaraju vrata svoga srca Kristu, kako je na po\u010detku svoga pontifikata govorio sv. Ivan Pavao II., utemeljitelj na\u0161e biskupije. Zavr\u0161avaju\u0107i homiliju biskup je s Antunom Brankom \u0160imi\u0107em poru\u010dio gimnazijalcima da ne idu maleni ispod zvijezda, nego da vjeruju kako se putem otvorenosti vrata svoga srca Bogu mo\u017ee sti\u0107i do vje\u010dnosti. Na koncu misnog slavlja biskup Antun je spomenuo gimnazijalcima da je rektorom ovog Hrvatskog papinskog zavoda sv. Jeronima u Rimu bio i Josip Pazman, sve\u0107enik rodom iz Pakraca, s podru\u010dja sada\u0161nje Po\u017ee\u0161ke biskupije, kao i to da ovdje borave sve\u0107enici hrvatskog govornog podru\u010dja koji na rimskim u\u010dili\u0161tima poha\u0111aju poslijediplomske studije, izraziv\u0161i \u017eelju da Gospodin nekoga od gimnazijalaca pozove u sve\u0107eni\u010dku slu\u017ebu, i tko zna, mo\u017eda netko od njih kao sve\u0107enik do\u0111e u ovaj rimski zavod.<\/p>\n<p>Sutradan, 25. kolovoza, biskup Antun je s gimnazijalcima posjetio baziliku sv. Petra u Vatikanu te je na grobu Apostolskog Prvaka slavio s njima svetu misu. Pozdravljaju\u0107i ih na po\u010detku slavlja naglasio je da se nalaze na jednom od najsna\u017enijih rimskih mjesta, gdje je mu\u010den i pokopan sv. Petar apostol i gdje kr\u0161\u0107ani od davnine trajno \u010duvaju vjerni\u010dki spomen na njega. Rekao je da se iznad Petrova groba, u bazilici uzdi\u017ee veliki oltar zvan \u00bbkonfesija\u00ab, oltar ispovijesti Petrove vjere, upravo na mjestu gdje je zbog vjere u Krista podnio mu\u010deni\u0161tvo. Pozvao je gimnazijalce da u svojim mladena\u010dkim srcima posla\u017eu mozaik onih ljudi koji su tijekom dvije tisu\u0107e godina dolazili na ovaj grob, me\u0111u njima mnogi iz Hrvatske, i da sjedinjeni sa svima njima iska\u017eu svoju zahvalnost i odanost sv. Petru i njegovu u\u010ditelju Isusu Kristu, kojega je volio i za kojega je polo\u017eio svoj \u017eivot; da se svatko osobno i svi zajedno povjere zagovoru sv. Petra te kao predstavnici Po\u017ee\u0161ke biskupije svi zajedno ispovijede svoju vjeru u povezanosti s cijelom Crkvom.<\/p>\n<p>Podsjetio je nazo\u010dne gimnazijalce da pripadaju hodo\u010dasni\u010dkom hrvatskom narodu \u010diju je vjerni\u010dku \u010de\u017enju za Bo\u017ejim licem, o\u010ditavanu pred relikvijom Veronikinog rupca, uo\u010dio pjesnik Dante i u svojoj Bo\u017eanstvenoj komediji napisao poznate stihove: \u201ePoput onoga mo\u017eda koji iz Hrvatske \/ do\u0111e da vidi na\u0161u Veroniku \/ pa svojom vjekovje\u010dnom \u010de\u017enjom nezasi\u0107en \/ ka\u017ee u misli dok se pokazuje (rubac) \/ &#8216;o Gospode moj, Isuse Kriste, pravi Bo\u017ee, \/ tako li je, dakle, izgledalo lice tvoje&#8217;\u201c Kazao je tako\u0111er da je s ovog mjesta davne 879. godine papa Ivan VIII. blagoslovio hrvatskog kneza Branimira i njegov narod, nazvav\u0161i ga narodom svetog Petra. \u00bbNe bojte se biti Isusovima u Katoli\u010dkoj Crkvi, i ne bojte se prihvatiti vrijednosti koje vam Crkva otkriva, za njih se opredijeliti i od njih \u017eivjeti\u00ab, poru\u010dio je biskup gimnazijalcima. Za\u017eelio je da blagoslov, koji je papa Ivan VIII. neko\u0107 ovdje zazvao na hrvatski narod, si\u0111e sada i na njih, a sv. Petra je zamolio da im svojim zagovorom pomogne da kao mladi nara\u0161taj ostanu vjerni svojoj duhovnoj hrvatskoj ba\u0161tini. Zavr\u0161avaju\u0107i homiliju pozvao je gimnazijalce da na ovom svetom mjestu svi zajedno ispovjede svoju vjeru.<\/p>\n<p><strong><a href=\"https:\/\/www.facebook.com\/Nautes-KG-Po%C5%BEega-206809962671415\/photos\" target=\"_blank\" rel=\"noopener noreferrer\">Op\u0161irnije fotogalerije po danima pogledajte na FB stranici!<\/a><\/strong><\/p>\n","protected":false},"excerpt":{"rendered":"<p>Od 22. do 28. kolovoza u\u010denici katoli\u010dkih gimnazija iz Po\u017eege i Virovitice, koji \u0107e za nekoliko dana zapo\u010deti \u010detvrti i posljednji razred svog \u0161kolovanja u tim ustanovama, boravili su na maturalnom hodo\u010da\u0161\u0107u u Rimu. S njima su bili njihovi razrednici prof. \u0110akovi\u0107 i prof. Pauli\u0107 te vjerou\u010ditelj Marijan Paveli\u0107. Pridru\u017eio im se i biskup Antun [&hellip;]<\/p>\n","protected":false},"author":2,"featured_media":6370,"comment_status":"closed","ping_status":"closed","sticky":false,"template":"","format":"standard","meta":{"footnotes":""},"categories":[2],"tags":[],"class_list":["post-6359","post","type-post","status-publish","format-standard","has-post-thumbnail","hentry","category-vijesti"],"_links":{"self":[{"href":"https:\/\/katolicka-gimnazija.hr\/index.php\/wp-json\/wp\/v2\/posts\/6359","targetHints":{"allow":["GET"]}}],"collection":[{"href":"https:\/\/katolicka-gimnazija.hr\/index.php\/wp-json\/wp\/v2\/posts"}],"about":[{"href":"https:\/\/katolicka-gimnazija.hr\/index.php\/wp-json\/wp\/v2\/types\/post"}],"author":[{"embeddable":true,"href":"https:\/\/katolicka-gimnazija.hr\/index.php\/wp-json\/wp\/v2\/users\/2"}],"replies":[{"embeddable":true,"href":"https:\/\/katolicka-gimnazija.hr\/index.php\/wp-json\/wp\/v2\/comments?post=6359"}],"version-history":[{"count":7,"href":"https:\/\/katolicka-gimnazija.hr\/index.php\/wp-json\/wp\/v2\/posts\/6359\/revisions"}],"predecessor-version":[{"id":24149,"href":"https:\/\/katolicka-gimnazija.hr\/index.php\/wp-json\/wp\/v2\/posts\/6359\/revisions\/24149"}],"wp:featuredmedia":[{"embeddable":true,"href":"https:\/\/katolicka-gimnazija.hr\/index.php\/wp-json\/wp\/v2\/media\/6370"}],"wp:attachment":[{"href":"https:\/\/katolicka-gimnazija.hr\/index.php\/wp-json\/wp\/v2\/media?parent=6359"}],"wp:term":[{"taxonomy":"category","embeddable":true,"href":"https:\/\/katolicka-gimnazija.hr\/index.php\/wp-json\/wp\/v2\/categories?post=6359"},{"taxonomy":"post_tag","embeddable":true,"href":"https:\/\/katolicka-gimnazija.hr\/index.php\/wp-json\/wp\/v2\/tags?post=6359"}],"curies":[{"name":"wp","href":"https:\/\/api.w.org\/{rel}","templated":true}]}}