{"id":6385,"date":"2016-09-04T07:15:15","date_gmt":"2016-09-04T07:15:15","guid":{"rendered":"http:\/\/katolicka-gimnazija.hr\/?p=6385"},"modified":"2018-12-28T14:16:28","modified_gmt":"2018-12-28T14:16:28","slug":"susret-formacije-djelatnika-katolickih-skola","status":"publish","type":"post","link":"https:\/\/katolicka-gimnazija.hr\/index.php\/2016\/09\/04\/susret-formacije-djelatnika-katolickih-skola\/","title":{"rendered":"Susret formacije djelatnika katoli\u010dkih \u0161kola"},"content":{"rendered":"<p><a href=\"http:\/\/katolicka-gimnazija.hr\/wp-content\/uploads\/2016\/09\/DSC_0002.jpg\" rel=\"attachment wp-att-6398\"><img loading=\"lazy\" decoding=\"async\" class=\"alignleft size-medium wp-image-6398\" src=\"http:\/\/katolicka-gimnazija.hr\/wp-content\/uploads\/2016\/09\/DSC_0002-300x200.jpg\" alt=\"DSC_0002\" width=\"300\" height=\"200\" srcset=\"https:\/\/katolicka-gimnazija.hr\/wp-content\/uploads\/2016\/09\/DSC_0002-300x200.jpg 300w, https:\/\/katolicka-gimnazija.hr\/wp-content\/uploads\/2016\/09\/DSC_0002-768x512.jpg 768w, https:\/\/katolicka-gimnazija.hr\/wp-content\/uploads\/2016\/09\/DSC_0002-1024x683.jpg 1024w, https:\/\/katolicka-gimnazija.hr\/wp-content\/uploads\/2016\/09\/DSC_0002-360x240.jpg 360w, https:\/\/katolicka-gimnazija.hr\/wp-content\/uploads\/2016\/09\/DSC_0002-750x500.jpg 750w, https:\/\/katolicka-gimnazija.hr\/wp-content\/uploads\/2016\/09\/DSC_0002-400x267.jpg 400w, https:\/\/katolicka-gimnazija.hr\/wp-content\/uploads\/2016\/09\/DSC_0002-430x287.jpg 430w, https:\/\/katolicka-gimnazija.hr\/wp-content\/uploads\/2016\/09\/DSC_0002-150x100.jpg 150w, https:\/\/katolicka-gimnazija.hr\/wp-content\/uploads\/2016\/09\/DSC_0002-100x67.jpg 100w, https:\/\/katolicka-gimnazija.hr\/wp-content\/uploads\/2016\/09\/DSC_0002.jpg 1500w\" sizes=\"auto, (max-width: 300px) 100vw, 300px\" \/><\/a>Redoviti susret formacije svih djelatnika katoli\u010dkih \u0161kola u Po\u017ee\u0161koj biskupiji odr\u017eao se 3. rujna u Dvorani bla\u017eenog Alojzija Stepinca predavanjem na temu <em>U\u010ditelji, u\u010denici, roditelji<\/em>, dok je duhovni dio susreta nastavljen u crkvi sv. Lovre. Okupljene djelatnike \u010detiriju katoli\u010dkih \u0161kola na\u0161e Biskupije najprije je pozdravio Predstojnik ureda za katoli\u010dke \u0161kole pre\u010d. Ivica \u017duljevi\u0107 koji je i predmolio zajedni\u010dku molitvu \u010dasoslova. Potom je prisutne upoznao s programom susreta te najavio predava\u010dice u prvom dijelu programa, a to su djelatnice upravo na\u0161ih \u0161kola \u2013 psihologica u Katoli\u010dkoj osnovnoj \u0161koli u Po\u017eegi, Ana Matkovi\u0107, psihologica u katoli\u010dkim \u0161kolama u Virovitici, Maja Ivankovi\u0107, te pedagogica tako\u0111er u Katoli\u010dkoj osnovnoj \u0161koli u Po\u017eegi, Dra\u017eenka Rotim.<\/p>\n<p><a href=\"http:\/\/katolicka-gimnazija.hr\/wp-content\/uploads\/2016\/09\/DSC_0009.jpg\" rel=\"attachment wp-att-6400\"><img loading=\"lazy\" decoding=\"async\" class=\"size-medium wp-image-6400 alignright\" src=\"http:\/\/katolicka-gimnazija.hr\/wp-content\/uploads\/2016\/09\/DSC_0009-300x200.jpg\" alt=\"DSC_0009\" width=\"300\" height=\"200\" srcset=\"https:\/\/katolicka-gimnazija.hr\/wp-content\/uploads\/2016\/09\/DSC_0009-300x200.jpg 300w, https:\/\/katolicka-gimnazija.hr\/wp-content\/uploads\/2016\/09\/DSC_0009-768x512.jpg 768w, https:\/\/katolicka-gimnazija.hr\/wp-content\/uploads\/2016\/09\/DSC_0009-1024x683.jpg 1024w, https:\/\/katolicka-gimnazija.hr\/wp-content\/uploads\/2016\/09\/DSC_0009-360x240.jpg 360w, https:\/\/katolicka-gimnazija.hr\/wp-content\/uploads\/2016\/09\/DSC_0009-750x500.jpg 750w, https:\/\/katolicka-gimnazija.hr\/wp-content\/uploads\/2016\/09\/DSC_0009-400x267.jpg 400w, https:\/\/katolicka-gimnazija.hr\/wp-content\/uploads\/2016\/09\/DSC_0009-430x287.jpg 430w, https:\/\/katolicka-gimnazija.hr\/wp-content\/uploads\/2016\/09\/DSC_0009-150x100.jpg 150w, https:\/\/katolicka-gimnazija.hr\/wp-content\/uploads\/2016\/09\/DSC_0009-100x67.jpg 100w, https:\/\/katolicka-gimnazija.hr\/wp-content\/uploads\/2016\/09\/DSC_0009.jpg 1500w\" sizes=\"auto, (max-width: 300px) 100vw, 300px\" \/><\/a>Budu\u0107i da su predava\u010dice stru\u010dni suradnici u na\u0161im \u0161kolama, odr\u017eale su predavanje na temu <em>U\u010ditelji, u\u010denici, roditelji <\/em>koja je najbliskija njihovom pozivu, a neposredno je vezana i za svakodnevnu u\u010diteljsku praksu. Predava\u010dice su svaka iz svoje perspektive predstavile neke od \u010de\u0161\u0107ih situacija u kojima se u\u010ditelji susre\u0107u u nastavnom procesu, tj. suradnji s u\u010denicima, ali i njihovim roditeljima. Predstavljeni su i neki od modela pristupa kako u\u010deniku tako i roditelju, i to kroz prizmu u\u010ditelja kao moderatora toga procesa.<\/p>\n<p><a href=\"http:\/\/katolicka-gimnazija.hr\/wp-content\/uploads\/2016\/09\/DSC_0005.jpg\" rel=\"attachment wp-att-6399\"><img loading=\"lazy\" decoding=\"async\" class=\"alignleft size-medium wp-image-6399\" src=\"http:\/\/katolicka-gimnazija.hr\/wp-content\/uploads\/2016\/09\/DSC_0005-300x200.jpg\" alt=\"DSC_0005\" width=\"300\" height=\"200\" srcset=\"https:\/\/katolicka-gimnazija.hr\/wp-content\/uploads\/2016\/09\/DSC_0005-300x200.jpg 300w, https:\/\/katolicka-gimnazija.hr\/wp-content\/uploads\/2016\/09\/DSC_0005-768x512.jpg 768w, https:\/\/katolicka-gimnazija.hr\/wp-content\/uploads\/2016\/09\/DSC_0005-1024x683.jpg 1024w, https:\/\/katolicka-gimnazija.hr\/wp-content\/uploads\/2016\/09\/DSC_0005-360x240.jpg 360w, https:\/\/katolicka-gimnazija.hr\/wp-content\/uploads\/2016\/09\/DSC_0005-750x500.jpg 750w, https:\/\/katolicka-gimnazija.hr\/wp-content\/uploads\/2016\/09\/DSC_0005-400x267.jpg 400w, https:\/\/katolicka-gimnazija.hr\/wp-content\/uploads\/2016\/09\/DSC_0005-430x287.jpg 430w, https:\/\/katolicka-gimnazija.hr\/wp-content\/uploads\/2016\/09\/DSC_0005-150x100.jpg 150w, https:\/\/katolicka-gimnazija.hr\/wp-content\/uploads\/2016\/09\/DSC_0005-100x67.jpg 100w, https:\/\/katolicka-gimnazija.hr\/wp-content\/uploads\/2016\/09\/DSC_0005.jpg 1500w\" sizes=\"auto, (max-width: 300px) 100vw, 300px\" \/><\/a>U drugome dijelu programa prisutnima se pridru\u017eio i msgr. \u0160kvor\u010devi\u0107, a Predstojnik ureda najprije je podsjetio da se u ovoj \u0161kolskoj godini slave dvije obljetnice \u2013 deseta godi\u0161njica na\u0161ih gimnazija i dvadeseta obljetnica osnutka na\u0161e biskupije. Tom prigodom pozvao je ravnatelje i djelatnike gimnazija da te obljetnice \u0161to kvalitetnije osmisle i dostojno obilje\u017ee. S tim u vezi predstavio je i biskupijsko hodo\u010da\u0161\u0107e u Rim na koje su pozvani svi djelatnici, ali i roditelji djece koja polaze na\u0161e \u0161kole. Predstojnik je potom pozdravio oca biskupa i predao mu rije\u010d.<\/p>\n<p>Biskup Antun najprije je pozdravio prisutne a potom ih upoznao i s doga\u0111ajem koji se paralelno odvijao s njihovim, a to je dodjela mandata vjerou\u010diteljima na\u0161e biskupije. Istaknuo je kako nam je zajedni\u010dka prisutnost u \u0161kolama u kojima onda, umre\u017eeni, \u0161irimo prisutnost Crkve. Potom je prenio pozdrave pape Franje s kojim se imao priliku susresti na audijenciji 24. kolovoza, za vrijeme maturalnog hodo\u010da\u0161\u0107a u\u010denika na\u0161ih gimnazija. Papa je pozdravio ne samo prisutne maturante, ve\u0107 je i svoj apostolski blagoslov zazvao i na sve one koji polaze i djeluju u na\u0161im \u0161kolama.<\/p>\n<p><a href=\"http:\/\/katolicka-gimnazija.hr\/wp-content\/uploads\/2016\/09\/DSC_0021.jpg\" rel=\"attachment wp-att-6401\"><img loading=\"lazy\" decoding=\"async\" class=\"size-medium wp-image-6401 alignright\" src=\"http:\/\/katolicka-gimnazija.hr\/wp-content\/uploads\/2016\/09\/DSC_0021-300x200.jpg\" alt=\"DSC_0021\" width=\"300\" height=\"200\" srcset=\"https:\/\/katolicka-gimnazija.hr\/wp-content\/uploads\/2016\/09\/DSC_0021-300x200.jpg 300w, https:\/\/katolicka-gimnazija.hr\/wp-content\/uploads\/2016\/09\/DSC_0021-768x512.jpg 768w, https:\/\/katolicka-gimnazija.hr\/wp-content\/uploads\/2016\/09\/DSC_0021-1024x683.jpg 1024w, https:\/\/katolicka-gimnazija.hr\/wp-content\/uploads\/2016\/09\/DSC_0021-360x240.jpg 360w, https:\/\/katolicka-gimnazija.hr\/wp-content\/uploads\/2016\/09\/DSC_0021-750x500.jpg 750w, https:\/\/katolicka-gimnazija.hr\/wp-content\/uploads\/2016\/09\/DSC_0021-400x267.jpg 400w, https:\/\/katolicka-gimnazija.hr\/wp-content\/uploads\/2016\/09\/DSC_0021-430x287.jpg 430w, https:\/\/katolicka-gimnazija.hr\/wp-content\/uploads\/2016\/09\/DSC_0021-150x100.jpg 150w, https:\/\/katolicka-gimnazija.hr\/wp-content\/uploads\/2016\/09\/DSC_0021-100x67.jpg 100w, https:\/\/katolicka-gimnazija.hr\/wp-content\/uploads\/2016\/09\/DSC_0021.jpg 1500w\" sizes=\"auto, (max-width: 300px) 100vw, 300px\" \/><\/a>\u201eMi smo katoli\u010dke \u0161kole. Je li to vi\u0161ak u Hrvatskoj?\u201c Zapitao se na samom po\u010detku biskup i odmah odgovorio: \u201eJavna \u0161kola omogu\u0107uje da svi gra\u0111ani po zakonu RH mogu imati tu mogu\u0107nost po onomu \u0161to dr\u017eava organizira, me\u0111utim, Crkva, kao zajednica vjere, nade i ljubavi u Isusu Kristu prepoznaje model ostvarenog \u010dovjeka. U svome poslanju smatra jednom od va\u017enih sastavnica biti u \u0161koli i imati \u0161kole i to ne zato da bismo stvarali neke umjetne \u0161kole, ve\u0107 one koje \u0107e imati poseban cilj, a to nije dobra ocjena, nego dobar \u010dovjek. To zna\u010di da nam je onda pristup svakomu djetetu i roditelju upravo u tom polazi\u0161tu stra\u0161no va\u017ean \u2013 da prihvatimo svako dijete onakvo kakvo je, sa svim svojim sposobnostima ili nesposobnostima, sa svojim mogu\u0107nostima ili manjim mogu\u0107nostima i da ga prihva\u0107amo najprije kao \u010dovjeka, jer to dijete je cilj va\u0161ega i moga djelovanja da mu pomognemo da raste kao \u010dovjek i to da raste i onim sredstvima koja mi kao vjernici imamo na raspolaganju. \u017delimo mi da nam djeca imaju \u0161to bolje ocjene, ali na ra\u010dun \u0161to boljih ocjena mo\u017ee se dogoditi da stvorimo neke traume kod djece, osobito kod onih koji su slabijih mogu\u0107nosti. Ovdje se trebamo podsjetiti da postoji i kr\u0161\u0107anska antropologija, znati da postoji \u0111ak koji zna i koji ne zna, koji je zlo\u010dest i koji nije zlo\u010dest, a svaki je dijete Bo\u017eje, Bo\u017eji naum. Nijednom ne smijemo pristupiti s nekog drugog polazi\u0161ta i s takvim raspolo\u017eenjem trebamo ponovno pristupiti u \u0161kolu. Roditelji uvijek o\u010dekuju druga\u010dije mo\u017eda vi\u0161e i nego smiju o\u010dekivati, no mi ta roditeljska o\u010dekivanja moramo shvatiti i ne smijemo ih prezreti, ve\u0107 ih nastojati razumjeti i roditeljima poru\u010diti <em>mi \u0107emo u\u010diniti za va\u0161e dijete najvi\u0161e \u0161to mo\u017eemo i znamo i u tim nastojanjima treba nam i va\u0161a pomo\u0107. <\/em>Takvim pristupom stvarate posebno ozra\u010dje u katoli\u010dkoj \u0161koli u kojoj je dijete u prvom planu.\u201c<\/p>\n<p>Zatim je nastavio: \u201eKatoli\u010dke \u0161kole u takvom identitetu mogu disati i rasti samo po vama profesorima i drugim djelatnicima. Kakav je u\u010ditelj u katoli\u010dkoj \u0161koli, takva je i katoli\u010dka \u0161kola. To se ostvaruje formacijom i radom, ali i odgojnim dijelom \u2013 onim \u0161to vi nosite kao sustav vrijednosti i na\u010dinom kako \u017eivite. To je specifi\u010dnost u\u010ditelja katoli\u010dke \u0161kole jer on stalno propituje sebe kakav jest s obzirom na sustav vrijednosti. \u00a0Postoji sustav kr\u0161\u0107anskih vrijednosti \u2013 to je ponajprije \u010dovjek koji je u sredi\u0161tu Bo\u017ejeg interesa, pa je onda i u sredi\u0161tu na\u0161eg interesa. Katoli\u010dkoj \u0161koli nije cilj Crkva, ve\u0107 dijete, \u010dovjek kojemu Crkva \u017eeli poslu\u017eiti. To je prva vrijednost nakon Boga \u2013 \u010dovjek. Tu su jo\u0161 vrijednosti braka, obitelji i mnoge druge.\u201c Osvr\u0107u\u0107i se na opasnost sveprisutnih ideologija, kako u politici tako i drugdje, pojasnio je da \u201ekatoli\u010dko u \u0161kolama nije ideolo\u0161ki predznak, ve\u0107 sustav kr\u0161\u0107anskih vrijednosti koji si ponajprije mi moramo posvijestiti kako bismo to mogli i roditeljima prenijeti. Ako si to sami ne mo\u017eemo posvijestiti, onda ne mo\u017eemo biti u\u010ditelji u katoli\u010dkim \u0161kolama. Mi vjerujemo da je ono dostojanstvo \u010dovjekovo najve\u0107e koje je Bog objavio i ostvario u Isusu Kristu. Ako vjerujemo u neku drugu \u010dovjekovu antropologiju, onda nismo dobri u\u010ditelji u katoli\u010dkim \u0161koli\u201c zaklju\u010dio je.<\/p>\n<p><a href=\"http:\/\/katolicka-gimnazija.hr\/wp-content\/uploads\/2016\/09\/DSC_0022.jpg\" rel=\"attachment wp-att-6402\"><img loading=\"lazy\" decoding=\"async\" class=\"alignleft size-medium wp-image-6402\" src=\"http:\/\/katolicka-gimnazija.hr\/wp-content\/uploads\/2016\/09\/DSC_0022-300x200.jpg\" alt=\"DSC_0022\" width=\"300\" height=\"200\" srcset=\"https:\/\/katolicka-gimnazija.hr\/wp-content\/uploads\/2016\/09\/DSC_0022-300x200.jpg 300w, https:\/\/katolicka-gimnazija.hr\/wp-content\/uploads\/2016\/09\/DSC_0022-768x512.jpg 768w, https:\/\/katolicka-gimnazija.hr\/wp-content\/uploads\/2016\/09\/DSC_0022-1024x683.jpg 1024w, https:\/\/katolicka-gimnazija.hr\/wp-content\/uploads\/2016\/09\/DSC_0022-360x240.jpg 360w, https:\/\/katolicka-gimnazija.hr\/wp-content\/uploads\/2016\/09\/DSC_0022-750x500.jpg 750w, https:\/\/katolicka-gimnazija.hr\/wp-content\/uploads\/2016\/09\/DSC_0022-400x267.jpg 400w, https:\/\/katolicka-gimnazija.hr\/wp-content\/uploads\/2016\/09\/DSC_0022-430x287.jpg 430w, https:\/\/katolicka-gimnazija.hr\/wp-content\/uploads\/2016\/09\/DSC_0022-150x100.jpg 150w, https:\/\/katolicka-gimnazija.hr\/wp-content\/uploads\/2016\/09\/DSC_0022-100x67.jpg 100w, https:\/\/katolicka-gimnazija.hr\/wp-content\/uploads\/2016\/09\/DSC_0022.jpg 1500w\" sizes=\"auto, (max-width: 300px) 100vw, 300px\" \/><\/a>U drugom dijelu svoga obra\u0107anja djelatnicima katoli\u010dkih \u0161kola osvrnuo se i na njihovu prisutnost i sudjelovanje u doga\u0111ajima koji se organiziraju na svim razinama vjerskoga \u017eivota, od \u017eupskih do biskupijskih. \u201eMi vas pozivamo da sudjelujete na doga\u0111ajima Crkve, biskupije, mo\u017eda i \u017eupe. Trebate li vi sudjelovati na tim doga\u0111ajima? Ako se uzimate ozbiljnima kao vjernika, a onda i u\u010ditelja u katoli\u010dkim \u0161kolama, onda bi za vas svaka prigoda koja se organizira trebala biti radosna okolnost u kojoj \u017eelite biti i uklju\u010diti se ne samo svojom prisutno\u0161\u0107u, ve\u0107 i sudjelovanjem. Tako ulazite u dinamizam zajednice Crkve i na taj na\u010din ostvarujete i o\u010ditujete zajedni\u0161tvo Crkve i svjedo\u010dite svoju vjerni\u010dku dimenziju \u017eivota. Kad netko svede sebe na minimum svega, on postaje siroma\u0161an gledano op\u0107ekulturno, a osobito gledano \u0161to se ti\u010de kr\u0161\u0107anske kulture. Kad ste vi u\u010ditelji u katoli\u010dkoj \u0161koli, onda svjedo\u010dite da ste crkva u \u0161koli, ali ako ste samo crkva u \u0161koli, a nema vas drugdje, to onda nije uvjerljivo niti vjerodostojno. Postoje doga\u0111aji od kojih vi sami duhovno profitirate, izgra\u0111ujete se i ugra\u0111ujete se u duhovne dimenzije.\u201c<\/p>\n<p>Na kraju se biskup vratio na objekt na\u0161ega poslanja, a to je dijete kao dar Bo\u017eji. \u201eKad god stanem pred bilo koje malo dijete, onda sam silno pogo\u0111en istinom da je tu zapo\u010deo onaj \u017eivot koji je naumio Bog. Nema nijednog ljudskog \u017eivota iza kojeg ne stoji Bog. I pred tim ljudskim \u017eivotom treba se uvijek diviti i Bogu zahvaljivati. Stoga vi kao u\u010ditelji, kad stanete pred djecu koja su Bo\u017eji dar pa se svojim djelovanjem ugra\u0111ujete u Bo\u017eji naum kao u\u010ditelji i odgojitelji, onda nema ljep\u0161eg i dragocjenijeg poslanja nego je va\u0161e. Naravno, sve ono \u0161to je vrijedno i veliko, to je i te\u0161ko. S tim te\u0161ko\u0107ama, su\u010deliti se s djetetom koje ima i dimenzije ranjenosti sa zlom, treba se su\u010deliti u radosti, jer tu se ra\u0111a bolji svijet, Bo\u017eji svijet. U svojoj slu\u017ebi vi ste suradnici s Bogom u njegovom dalekose\u017enom naumu koji ima svoje odjeke u vje\u010dnosti. Volio bih da sebe vidite upravo na tom obzoru zajedno sa svim pote\u0161ko\u0107ama i da znadete da dok ima pote\u0161ko\u0107a, ra\u0111a se novi svijet. Tamo gdje nema pote\u0161ko\u0107a, ni\u0161ta se ne ra\u0111a. \u0160to god je od vrijednosti \u017eivota, rodilo se kroz zasukane rukave, kroz trud, muku i znoj i mi u\u017eivamo plodove onih koji su prije nas zapeli, mu\u010dili se i trpjeli, orali duboko u brazdu kako bismo mi u\u017eivali plodove njihova rada. Nijedna \u017ertva nije besmislena, ve\u0107 je ona ugra\u0111ena u temelje na\u0161eg dostojanstva.\u201c<\/p>\n<p>Neka su blagoslovljene sve radosti u va\u0161emu pozivu, ali neka je blagoslovljeno i sve ono \u0161to je poprili\u010dno te\u0161ko, ali sa svije\u0161\u0107u da se tu ra\u0111a budu\u0107nost, vje\u010dnost. S tim mislima \u017eelim vam blagoslovljen po\u010detak nove \u0161kolske godine. Povezujte se s Bogom i iz te povezanosti budite jaki. Povezujte se i me\u0111usobno, podupirite jedni druge u dobru, u plemenitosti i ne dopustite da vas zavedu zlo\u0107a ili sebi\u010dnost pa da po\u010dnete razmi\u0161ljati u svojim sebi\u010dnostima i negativnostima u kojima ne mo\u017eete opstati ni vi sami, a kamoli netko pored vas. Ne dajte da u va\u0161em kolektivu bude ne\u0161to \u0161to vas suprotstavlja, ve\u0107, naprotiv, prihva\u0107ajte se u plemenitosti i dobrohotnosti i u svijesti poslanja koje vam je dano. Zahvaljujem vam na svemu \u0161to \u010dinite i nastojite \u010diniti da \u0161kola bude zajedni\u0161tvo izme\u0111u vas i djece, izme\u0111u vas i roditelja.\u201c zaklju\u010dio je biskup \u0160kvor\u010devi\u0107.<\/p>\n<p><a href=\"http:\/\/katolicka-gimnazija.hr\/wp-content\/uploads\/2016\/09\/DSC_0032-e1472973256347.jpg\" rel=\"attachment wp-att-6404\"><img loading=\"lazy\" decoding=\"async\" class=\"alignleft size-medium wp-image-6404\" src=\"http:\/\/katolicka-gimnazija.hr\/wp-content\/uploads\/2016\/09\/DSC_0032-e1472973256347-200x300.jpg\" alt=\"DSC_0032\" width=\"200\" height=\"300\" srcset=\"https:\/\/katolicka-gimnazija.hr\/wp-content\/uploads\/2016\/09\/DSC_0032-e1472973256347-200x300.jpg 200w, https:\/\/katolicka-gimnazija.hr\/wp-content\/uploads\/2016\/09\/DSC_0032-e1472973256347-768x1152.jpg 768w, https:\/\/katolicka-gimnazija.hr\/wp-content\/uploads\/2016\/09\/DSC_0032-e1472973256347-683x1024.jpg 683w, https:\/\/katolicka-gimnazija.hr\/wp-content\/uploads\/2016\/09\/DSC_0032-e1472973256347-360x540.jpg 360w, https:\/\/katolicka-gimnazija.hr\/wp-content\/uploads\/2016\/09\/DSC_0032-e1472973256347-750x1125.jpg 750w, https:\/\/katolicka-gimnazija.hr\/wp-content\/uploads\/2016\/09\/DSC_0032-e1472973256347-400x600.jpg 400w, https:\/\/katolicka-gimnazija.hr\/wp-content\/uploads\/2016\/09\/DSC_0032-e1472973256347-430x645.jpg 430w, https:\/\/katolicka-gimnazija.hr\/wp-content\/uploads\/2016\/09\/DSC_0032-e1472973256347-150x225.jpg 150w, https:\/\/katolicka-gimnazija.hr\/wp-content\/uploads\/2016\/09\/DSC_0032-e1472973256347-100x150.jpg 100w, https:\/\/katolicka-gimnazija.hr\/wp-content\/uploads\/2016\/09\/DSC_0032-e1472973256347.jpg 1000w\" sizes=\"auto, (max-width: 200px) 100vw, 200px\" \/><\/a>Susret je nastavljen klanjanjem pred Presvetim u crkvi sv. Lovre koje su pripremili i animirali vjerou\u010ditelji u na\u0161im \u0161kolama, a potom prigodnim domjenkom u prostorijama Katoli\u010dke osnovne \u0161kole koji su i ovaj puta pripremili njihovi kuhari Melita Tu\u0161ek i <a href=\"http:\/\/katolicka-gimnazija.hr\/wp-content\/uploads\/2016\/09\/DSC_0036.jpg\" rel=\"attachment wp-att-6405\"><img loading=\"lazy\" decoding=\"async\" class=\"alignleft size-medium wp-image-6405\" src=\"http:\/\/katolicka-gimnazija.hr\/wp-content\/uploads\/2016\/09\/DSC_0036-300x200.jpg\" alt=\"DSC_0036\" width=\"300\" height=\"200\" srcset=\"https:\/\/katolicka-gimnazija.hr\/wp-content\/uploads\/2016\/09\/DSC_0036-300x200.jpg 300w, https:\/\/katolicka-gimnazija.hr\/wp-content\/uploads\/2016\/09\/DSC_0036-768x512.jpg 768w, https:\/\/katolicka-gimnazija.hr\/wp-content\/uploads\/2016\/09\/DSC_0036-1024x683.jpg 1024w, https:\/\/katolicka-gimnazija.hr\/wp-content\/uploads\/2016\/09\/DSC_0036-360x240.jpg 360w, https:\/\/katolicka-gimnazija.hr\/wp-content\/uploads\/2016\/09\/DSC_0036-750x500.jpg 750w, https:\/\/katolicka-gimnazija.hr\/wp-content\/uploads\/2016\/09\/DSC_0036-400x267.jpg 400w, https:\/\/katolicka-gimnazija.hr\/wp-content\/uploads\/2016\/09\/DSC_0036-430x287.jpg 430w, https:\/\/katolicka-gimnazija.hr\/wp-content\/uploads\/2016\/09\/DSC_0036-150x100.jpg 150w, https:\/\/katolicka-gimnazija.hr\/wp-content\/uploads\/2016\/09\/DSC_0036-100x67.jpg 100w, https:\/\/katolicka-gimnazija.hr\/wp-content\/uploads\/2016\/09\/DSC_0036.jpg 1500w\" sizes=\"auto, (max-width: 300px) 100vw, 300px\" \/><\/a> <a href=\"http:\/\/katolicka-gimnazija.hr\/wp-content\/uploads\/2016\/09\/DSC_0037.jpg\" rel=\"attachment wp-att-6406\"><img loading=\"lazy\" decoding=\"async\" class=\"alignleft size-medium wp-image-6406\" src=\"http:\/\/katolicka-gimnazija.hr\/wp-content\/uploads\/2016\/09\/DSC_0037-300x200.jpg\" alt=\"DSC_0037\" width=\"300\" height=\"200\" srcset=\"https:\/\/katolicka-gimnazija.hr\/wp-content\/uploads\/2016\/09\/DSC_0037-300x200.jpg 300w, https:\/\/katolicka-gimnazija.hr\/wp-content\/uploads\/2016\/09\/DSC_0037-768x512.jpg 768w, https:\/\/katolicka-gimnazija.hr\/wp-content\/uploads\/2016\/09\/DSC_0037-1024x683.jpg 1024w, https:\/\/katolicka-gimnazija.hr\/wp-content\/uploads\/2016\/09\/DSC_0037-360x240.jpg 360w, https:\/\/katolicka-gimnazija.hr\/wp-content\/uploads\/2016\/09\/DSC_0037-750x500.jpg 750w, https:\/\/katolicka-gimnazija.hr\/wp-content\/uploads\/2016\/09\/DSC_0037-400x267.jpg 400w, https:\/\/katolicka-gimnazija.hr\/wp-content\/uploads\/2016\/09\/DSC_0037-430x287.jpg 430w, https:\/\/katolicka-gimnazija.hr\/wp-content\/uploads\/2016\/09\/DSC_0037-150x100.jpg 150w, https:\/\/katolicka-gimnazija.hr\/wp-content\/uploads\/2016\/09\/DSC_0037-100x67.jpg 100w, https:\/\/katolicka-gimnazija.hr\/wp-content\/uploads\/2016\/09\/DSC_0037.jpg 1500w\" sizes=\"auto, (max-width: 300px) 100vw, 300px\" \/><\/a>Vinko Kova\u010devi\u0107.<\/p>\n<p>&nbsp; <\/p>\n","protected":false},"excerpt":{"rendered":"<p>Redoviti susret formacije svih djelatnika katoli\u010dkih \u0161kola u Po\u017ee\u0161koj biskupiji odr\u017eao se 3. rujna u Dvorani bla\u017eenog Alojzija Stepinca predavanjem na temu U\u010ditelji, u\u010denici, roditelji, dok je duhovni dio susreta nastavljen u crkvi sv. Lovre. Okupljene djelatnike \u010detiriju katoli\u010dkih \u0161kola na\u0161e Biskupije najprije je pozdravio Predstojnik ureda za katoli\u010dke \u0161kole pre\u010d. Ivica \u017duljevi\u0107 koji je [&hellip;]<\/p>\n","protected":false},"author":2,"featured_media":6403,"comment_status":"closed","ping_status":"closed","sticky":false,"template":"","format":"standard","meta":{"footnotes":""},"categories":[2],"tags":[],"class_list":["post-6385","post","type-post","status-publish","format-standard","has-post-thumbnail","hentry","category-vijesti"],"_links":{"self":[{"href":"https:\/\/katolicka-gimnazija.hr\/index.php\/wp-json\/wp\/v2\/posts\/6385","targetHints":{"allow":["GET"]}}],"collection":[{"href":"https:\/\/katolicka-gimnazija.hr\/index.php\/wp-json\/wp\/v2\/posts"}],"about":[{"href":"https:\/\/katolicka-gimnazija.hr\/index.php\/wp-json\/wp\/v2\/types\/post"}],"author":[{"embeddable":true,"href":"https:\/\/katolicka-gimnazija.hr\/index.php\/wp-json\/wp\/v2\/users\/2"}],"replies":[{"embeddable":true,"href":"https:\/\/katolicka-gimnazija.hr\/index.php\/wp-json\/wp\/v2\/comments?post=6385"}],"version-history":[{"count":3,"href":"https:\/\/katolicka-gimnazija.hr\/index.php\/wp-json\/wp\/v2\/posts\/6385\/revisions"}],"predecessor-version":[{"id":15004,"href":"https:\/\/katolicka-gimnazija.hr\/index.php\/wp-json\/wp\/v2\/posts\/6385\/revisions\/15004"}],"wp:featuredmedia":[{"embeddable":true,"href":"https:\/\/katolicka-gimnazija.hr\/index.php\/wp-json\/wp\/v2\/media\/6403"}],"wp:attachment":[{"href":"https:\/\/katolicka-gimnazija.hr\/index.php\/wp-json\/wp\/v2\/media?parent=6385"}],"wp:term":[{"taxonomy":"category","embeddable":true,"href":"https:\/\/katolicka-gimnazija.hr\/index.php\/wp-json\/wp\/v2\/categories?post=6385"},{"taxonomy":"post_tag","embeddable":true,"href":"https:\/\/katolicka-gimnazija.hr\/index.php\/wp-json\/wp\/v2\/tags?post=6385"}],"curies":[{"name":"wp","href":"https:\/\/api.w.org\/{rel}","templated":true}]}}