{"id":6410,"date":"2016-09-05T05:32:23","date_gmt":"2016-09-05T05:32:23","guid":{"rendered":"http:\/\/katolicka-gimnazija.hr\/?p=6410"},"modified":"2018-12-28T14:16:20","modified_gmt":"2018-12-28T14:16:20","slug":"pocetak-nove-skolske-godine","status":"publish","type":"post","link":"https:\/\/katolicka-gimnazija.hr\/index.php\/2016\/09\/05\/pocetak-nove-skolske-godine\/","title":{"rendered":"Po\u010detak nove \u0161kolske godine"},"content":{"rendered":"<figure id=\"attachment_125\" aria-describedby=\"caption-attachment-125\" style=\"width: 150px\" class=\"wp-caption alignright\"><img loading=\"lazy\" decoding=\"async\" class=\"wp-image-125 size-thumbnail\" src=\"http:\/\/katolicka-gimnazija.hr\/wp-content\/uploads\/2015\/09\/Ivica-Bedeni--ic-150x150.jpg\" alt=\"Prof. latinskog i gr\u010dkog jezika\" width=\"150\" height=\"150\" srcset=\"https:\/\/katolicka-gimnazija.hr\/wp-content\/uploads\/2015\/09\/Ivica-Bedeni--ic-150x150.jpg 150w, https:\/\/katolicka-gimnazija.hr\/wp-content\/uploads\/2015\/09\/Ivica-Bedeni--ic-768x768.jpg 768w, https:\/\/katolicka-gimnazija.hr\/wp-content\/uploads\/2015\/09\/Ivica-Bedeni--ic-300x300.jpg 300w, https:\/\/katolicka-gimnazija.hr\/wp-content\/uploads\/2015\/09\/Ivica-Bedeni--ic-1024x1024.jpg 1024w, https:\/\/katolicka-gimnazija.hr\/wp-content\/uploads\/2015\/09\/Ivica-Bedeni--ic-360x360.jpg 360w, https:\/\/katolicka-gimnazija.hr\/wp-content\/uploads\/2015\/09\/Ivica-Bedeni--ic-750x750.jpg 750w, https:\/\/katolicka-gimnazija.hr\/wp-content\/uploads\/2015\/09\/Ivica-Bedeni--ic-400x400.jpg 400w, https:\/\/katolicka-gimnazija.hr\/wp-content\/uploads\/2015\/09\/Ivica-Bedeni--ic-430x430.jpg 430w, https:\/\/katolicka-gimnazija.hr\/wp-content\/uploads\/2015\/09\/Ivica-Bedeni--ic-100x100.jpg 100w, https:\/\/katolicka-gimnazija.hr\/wp-content\/uploads\/2015\/09\/Ivica-Bedeni--ic.jpg 1200w\" sizes=\"auto, (max-width: 150px) 100vw, 150px\" \/><figcaption id=\"caption-attachment-125\" class=\"wp-caption-text\">Prof. latinskog i gr\u010dkog jezika<\/figcaption><\/figure>\n<p>Dragi u\u010denici, klasi\u010dari i gimnazijalci!<br \/>\nCijenjeni maturanti! Po\u0161tovani djelatnici!<\/p>\n<p><em>Duc in altum<\/em>! \u00a0<em>\u1f18\u03c0\u03b1\u03bd\u03ac\u03b3\u03b1\u03b3\u03b5 \u03b5\u1f30\u03c2 \u03c4\u1f78 \u03b2\u03ac\u03b8\u03bf\u03c2<\/em>! Geslo na gr\u010dkom i latinskom koje vas je do\u010dekalo na upisu, koje \u0107e vas vjerno pratiti kroz sve godine va\u0161eg \u0161kolovanja u na\u0161oj gimnaziji (najkra\u0107a verzija traje \u010detiri godine, ali ima i onih koji to \u017eele dulje i temeljitije!) mo\u017ee postati samo otrcana floskula, ali i na\u0161 \u017eivotni program i credo.<\/p>\n<p>Ho\u0107emo li jednozna\u010dni hrvatski prijevod tog gesla \u201e<em>Izvezi na pu\u010dinu<\/em>\u201c ostaviti na razini puke pojavnosti, folklora\u0161ke dopadljivosti i prigodni\u010darske bibli\u010dnosti ili ga pretvoriti u svoj, na\u0161 zajedni\u010dki hod, \u017eivotni moto?<\/p>\n<p>\u017delimo li \u0161kolu lijepih zidova, korektnih odnosa i pukog instrumentarija za materijalni, znanstveni i dru\u0161tveni probitak individua ili slo\u017enu, me\u0111usobno ljube\u0107u zajednicu koja svjesno plovi prema svom krajnjem cilju \u2013 vje\u010dnosti?<\/p>\n<p>Ja \u0107u vam zajedno s kolegama profesorima, stru\u010dnim i pomo\u0107nim slu\u017ebama ponuditi sav dijapazon gr\u010dkog i latinskog originala tog gesla. Pozvat \u0107u vas da inspirirani Lukinim evan\u0111eljem koje nam je darovalo ovo geslo za\u017eivimo kao zajednica koja se s pouzdanjem u svoga Boga otiskuje na pu\u010dinu i istra\u017euje s Gospodinom dubine, visine i \u0161irine bogatstava koja su nam darovana. Pozvat \u0107u vas na plovidbu, \u017euljevit rad i bogati ulov. Kona\u010dno, pozivam vas i na puno, puno radosti!<\/p>\n<p>Svi vi, od prva\u0161a do maturanata, dio ste\u00a0 posade tog na\u0161eg broda koji brodi ve\u0107 desetu godinu. \u00a0Stoga \u017eelim vidjeti, gospodo gimnazijalci i va\u0161e \u017euljeve, osjetiti zanos i va\u0161e vjere, a na kraju i uva\u017eiti va\u0161 glas te vam omogu\u0107iti radost!<\/p>\n<p>Nemojte se zadovoljavati mrvicama kada ste stvoreni <em>ad maiorem gloriam!<\/em><\/p>\n<p>Posado! <em>Pru\u017ei vesla! Raspni jedra!<\/em><\/p>\n<p>Laudetur Iesus Christus <\/p>\n","protected":false},"excerpt":{"rendered":"<p>Dragi u\u010denici, klasi\u010dari i gimnazijalci! Cijenjeni maturanti! Po\u0161tovani djelatnici! Duc in altum! \u00a0\u1f18\u03c0\u03b1\u03bd\u03ac\u03b3\u03b1\u03b3\u03b5 \u03b5\u1f30\u03c2 \u03c4\u1f78 \u03b2\u03ac\u03b8\u03bf\u03c2! Geslo na gr\u010dkom i latinskom koje vas je do\u010dekalo na upisu, koje \u0107e vas vjerno pratiti kroz sve godine va\u0161eg \u0161kolovanja u na\u0161oj gimnaziji (najkra\u0107a verzija traje \u010detiri godine, ali ima i onih koji to \u017eele dulje i temeljitije!) [&hellip;]<\/p>\n","protected":false},"author":1,"featured_media":125,"comment_status":"closed","ping_status":"closed","sticky":false,"template":"","format":"standard","meta":{"footnotes":""},"categories":[179],"tags":[],"class_list":["post-6410","post","type-post","status-publish","format-standard","has-post-thumbnail","hentry","category-rijec-ravnatelja"],"_links":{"self":[{"href":"https:\/\/katolicka-gimnazija.hr\/index.php\/wp-json\/wp\/v2\/posts\/6410","targetHints":{"allow":["GET"]}}],"collection":[{"href":"https:\/\/katolicka-gimnazija.hr\/index.php\/wp-json\/wp\/v2\/posts"}],"about":[{"href":"https:\/\/katolicka-gimnazija.hr\/index.php\/wp-json\/wp\/v2\/types\/post"}],"author":[{"embeddable":true,"href":"https:\/\/katolicka-gimnazija.hr\/index.php\/wp-json\/wp\/v2\/users\/1"}],"replies":[{"embeddable":true,"href":"https:\/\/katolicka-gimnazija.hr\/index.php\/wp-json\/wp\/v2\/comments?post=6410"}],"version-history":[{"count":3,"href":"https:\/\/katolicka-gimnazija.hr\/index.php\/wp-json\/wp\/v2\/posts\/6410\/revisions"}],"predecessor-version":[{"id":15003,"href":"https:\/\/katolicka-gimnazija.hr\/index.php\/wp-json\/wp\/v2\/posts\/6410\/revisions\/15003"}],"wp:featuredmedia":[{"embeddable":true,"href":"https:\/\/katolicka-gimnazija.hr\/index.php\/wp-json\/wp\/v2\/media\/125"}],"wp:attachment":[{"href":"https:\/\/katolicka-gimnazija.hr\/index.php\/wp-json\/wp\/v2\/media?parent=6410"}],"wp:term":[{"taxonomy":"category","embeddable":true,"href":"https:\/\/katolicka-gimnazija.hr\/index.php\/wp-json\/wp\/v2\/categories?post=6410"},{"taxonomy":"post_tag","embeddable":true,"href":"https:\/\/katolicka-gimnazija.hr\/index.php\/wp-json\/wp\/v2\/tags?post=6410"}],"curies":[{"name":"wp","href":"https:\/\/api.w.org\/{rel}","templated":true}]}}