{"id":6578,"date":"2016-09-17T05:11:26","date_gmt":"2016-09-17T05:11:26","guid":{"rendered":"http:\/\/katolicka-gimnazija.hr\/?p=6578"},"modified":"2018-12-28T14:15:46","modified_gmt":"2018-12-28T14:15:46","slug":"ljetna-skola-povijesti","status":"publish","type":"post","link":"https:\/\/katolicka-gimnazija.hr\/index.php\/2016\/09\/17\/ljetna-skola-povijesti\/","title":{"rendered":"Ljetna \u0161kola povijesti"},"content":{"rendered":"<p style=\"margin: 0cm; margin-bottom: .0001pt; text-align: justify; line-height: 150%; background: white;\"><span style=\"color: #111111;\"><a href=\"http:\/\/katolicka-gimnazija.hr\/wp-content\/uploads\/2016\/09\/DSCN9421.jpg\"><img loading=\"lazy\" decoding=\"async\" class=\"alignleft wp-image-6582 size-medium\" src=\"http:\/\/katolicka-gimnazija.hr\/wp-content\/uploads\/2016\/09\/DSCN9421-300x225.jpg\" alt=\"dscn9421\" width=\"300\" height=\"225\" srcset=\"https:\/\/katolicka-gimnazija.hr\/wp-content\/uploads\/2016\/09\/DSCN9421-300x225.jpg 300w, https:\/\/katolicka-gimnazija.hr\/wp-content\/uploads\/2016\/09\/DSCN9421-768x576.jpg 768w, https:\/\/katolicka-gimnazija.hr\/wp-content\/uploads\/2016\/09\/DSCN9421-360x270.jpg 360w, https:\/\/katolicka-gimnazija.hr\/wp-content\/uploads\/2016\/09\/DSCN9421-750x563.jpg 750w, https:\/\/katolicka-gimnazija.hr\/wp-content\/uploads\/2016\/09\/DSCN9421-400x300.jpg 400w, https:\/\/katolicka-gimnazija.hr\/wp-content\/uploads\/2016\/09\/DSCN9421-430x323.jpg 430w, https:\/\/katolicka-gimnazija.hr\/wp-content\/uploads\/2016\/09\/DSCN9421-150x113.jpg 150w, https:\/\/katolicka-gimnazija.hr\/wp-content\/uploads\/2016\/09\/DSCN9421-100x75.jpg 100w, https:\/\/katolicka-gimnazija.hr\/wp-content\/uploads\/2016\/09\/DSCN9421.jpg 800w\" sizes=\"auto, (max-width: 300px) 100vw, 300px\" \/><\/a>Ju\u010der je u prostorijama na\u0161e gimnazije tradicionalno zapo\u010dela tre\u0107a Ljetna \u0161kola povijesti koju organizira Povijesno dru\u0161tvo Po\u017eega\u00a0u suradnji s na\u0161om \u0161kolom. Otvorili su je prfo. Vinko Tadi\u0107 i doma\u0107in, ravnatelj Ivica Bedeni\u010di\u0107, koji je dosad najbrojnijoj skupini u\u010denika i \u010dak sedam profesora predava\u010da po\u017eelio ugodan boravak u na\u0161oj \u0161koli i uspje\u0161an dvodnevni rad. <\/span><\/p>\n<p style=\"text-align: justify; line-height: 150%; box-sizing: border-box; margin: 0cm 0cm 9.0pt 0cm;\">Teme \u0107e ovogodi\u0161nje Ljetne \u0161kole povijesti biti vezane uz uvijek zanimljivo pitanje prisutnosti Osmanskog carstva u na\u0161em kraju. U\u010denici \u0107e se kroz niz predavanja i radionica upoznati s razli\u010ditim aspektima osmanskog razdoblja poput osmanske arhitekture, predod\u017ebi o Osmanlijama, prehrane, osmanske vojske i religije u osmanskoj dr\u017eavi.<\/p>\n<p style=\"text-align: justify; line-height: 150%; box-sizing: border-box; margin: 0cm 0cm 9.0pt 0cm;\"><a href=\"http:\/\/katolicka-gimnazija.hr\/wp-content\/uploads\/2016\/09\/14348958_1239739916067785_298063177_n.jpg\"><img loading=\"lazy\" decoding=\"async\" class=\"alignright wp-image-6580 size-medium\" src=\"http:\/\/katolicka-gimnazija.hr\/wp-content\/uploads\/2016\/09\/14348958_1239739916067785_298063177_n-300x225.jpg\" alt=\"14348958_1239739916067785_298063177_n\" width=\"300\" height=\"225\" srcset=\"https:\/\/katolicka-gimnazija.hr\/wp-content\/uploads\/2016\/09\/14348958_1239739916067785_298063177_n-300x225.jpg 300w, https:\/\/katolicka-gimnazija.hr\/wp-content\/uploads\/2016\/09\/14348958_1239739916067785_298063177_n-768x576.jpg 768w, https:\/\/katolicka-gimnazija.hr\/wp-content\/uploads\/2016\/09\/14348958_1239739916067785_298063177_n-360x270.jpg 360w, https:\/\/katolicka-gimnazija.hr\/wp-content\/uploads\/2016\/09\/14348958_1239739916067785_298063177_n-750x563.jpg 750w, https:\/\/katolicka-gimnazija.hr\/wp-content\/uploads\/2016\/09\/14348958_1239739916067785_298063177_n-400x300.jpg 400w, https:\/\/katolicka-gimnazija.hr\/wp-content\/uploads\/2016\/09\/14348958_1239739916067785_298063177_n-430x323.jpg 430w, https:\/\/katolicka-gimnazija.hr\/wp-content\/uploads\/2016\/09\/14348958_1239739916067785_298063177_n-150x113.jpg 150w, https:\/\/katolicka-gimnazija.hr\/wp-content\/uploads\/2016\/09\/14348958_1239739916067785_298063177_n-100x75.jpg 100w, https:\/\/katolicka-gimnazija.hr\/wp-content\/uploads\/2016\/09\/14348958_1239739916067785_298063177_n.jpg 960w\" sizes=\"auto, (max-width: 300px) 100vw, 300px\" \/><\/a>&#8220;Na\u0161u kulturu odredila su, izme\u0111u ostaloga, i pro\u017eimanja s obilje\u017ejima osmanske kulture. Neke rije\u010di, ali i svakodnevne navike i danas su svjedoci osmanskog perioda. Pokoja psovka, izreka, ali i navika no\u0161enja papu\u010da te neka omiljena jela poput pite vuku svoje porijeklo iz na\u0161e osmanske pro\u0161losti. Znanstvenici koji se bave izu\u010davanjem mentaliteta sasvim sigurno bi mogli ne\u0161to re\u0107i o tome kako su i osmanski aspekti oblikovali mentalitet ljudi u ovom dijelu Europe&#8221;, rekao je<span class=\"apple-converted-space\">\u00a0<\/span>prof. Tadi\u0107.<\/p>\n<p style=\"text-align: justify; line-height: 150%; box-sizing: border-box; margin: 0cm 0cm 9.0pt 0cm;\"><a href=\"http:\/\/katolicka-gimnazija.hr\/wp-content\/uploads\/2016\/09\/14371832_1239739896067787_1207822238_n.jpg\"><img loading=\"lazy\" decoding=\"async\" class=\"alignleft wp-image-6581 size-medium\" src=\"http:\/\/katolicka-gimnazija.hr\/wp-content\/uploads\/2016\/09\/14371832_1239739896067787_1207822238_n-300x225.jpg\" alt=\"14371832_1239739896067787_1207822238_n\" width=\"300\" height=\"225\" srcset=\"https:\/\/katolicka-gimnazija.hr\/wp-content\/uploads\/2016\/09\/14371832_1239739896067787_1207822238_n-300x225.jpg 300w, https:\/\/katolicka-gimnazija.hr\/wp-content\/uploads\/2016\/09\/14371832_1239739896067787_1207822238_n-768x576.jpg 768w, https:\/\/katolicka-gimnazija.hr\/wp-content\/uploads\/2016\/09\/14371832_1239739896067787_1207822238_n-360x270.jpg 360w, https:\/\/katolicka-gimnazija.hr\/wp-content\/uploads\/2016\/09\/14371832_1239739896067787_1207822238_n-750x563.jpg 750w, https:\/\/katolicka-gimnazija.hr\/wp-content\/uploads\/2016\/09\/14371832_1239739896067787_1207822238_n-400x300.jpg 400w, https:\/\/katolicka-gimnazija.hr\/wp-content\/uploads\/2016\/09\/14371832_1239739896067787_1207822238_n-430x323.jpg 430w, https:\/\/katolicka-gimnazija.hr\/wp-content\/uploads\/2016\/09\/14371832_1239739896067787_1207822238_n-150x113.jpg 150w, https:\/\/katolicka-gimnazija.hr\/wp-content\/uploads\/2016\/09\/14371832_1239739896067787_1207822238_n-100x75.jpg 100w, https:\/\/katolicka-gimnazija.hr\/wp-content\/uploads\/2016\/09\/14371832_1239739896067787_1207822238_n.jpg 960w\" sizes=\"auto, (max-width: 300px) 100vw, 300px\" \/><\/a>Za dana\u0161nji dio Ljetne \u0161kole povijesti planirana je terenska nastava u Sarajevu, gdje \u0107e se polaznici neposredno upoznati upravo s brojnim konkretnim ostatcima osmanske kulture o kojima su u predavanjima slu\u0161ali dan ranije. Cilj ovogodi\u0161nje Ljetne \u0161kole povijesti, zajedno s ovim posjetom Sarajevu, svakako jest razvijanje svijesti o bogatim ostacima osmanske kulture na na\u0161im prostorima, koje je i dalje potrebno istra\u017eivati i \u010duvati, tako\u0111er i rad na toleranciji i dijalogu izme\u0111u naroda razli\u010ditih vjeroispovijesti i kultura bez kojih bi su\u017eivot na na\u0161im prostorima bio nezamisliv.<\/p>\n<p style=\"text-align: justify; line-height: 150%; box-sizing: border-box; margin: 0cm 0cm 9.0pt 0cm;\">\n","protected":false},"excerpt":{"rendered":"<p>Ju\u010der je u prostorijama na\u0161e gimnazije tradicionalno zapo\u010dela tre\u0107a Ljetna \u0161kola povijesti koju organizira Povijesno dru\u0161tvo Po\u017eega\u00a0u suradnji s na\u0161om \u0161kolom. Otvorili su je prfo. Vinko Tadi\u0107 i doma\u0107in, ravnatelj Ivica Bedeni\u010di\u0107, koji je dosad najbrojnijoj skupini u\u010denika i \u010dak sedam profesora predava\u010da po\u017eelio ugodan boravak u na\u0161oj \u0161koli i uspje\u0161an dvodnevni rad. Teme \u0107e [&hellip;]<\/p>\n","protected":false},"author":2,"featured_media":6579,"comment_status":"closed","ping_status":"closed","sticky":false,"template":"","format":"standard","meta":{"footnotes":""},"categories":[2],"tags":[],"class_list":["post-6578","post","type-post","status-publish","format-standard","has-post-thumbnail","hentry","category-vijesti"],"_links":{"self":[{"href":"https:\/\/katolicka-gimnazija.hr\/index.php\/wp-json\/wp\/v2\/posts\/6578","targetHints":{"allow":["GET"]}}],"collection":[{"href":"https:\/\/katolicka-gimnazija.hr\/index.php\/wp-json\/wp\/v2\/posts"}],"about":[{"href":"https:\/\/katolicka-gimnazija.hr\/index.php\/wp-json\/wp\/v2\/types\/post"}],"author":[{"embeddable":true,"href":"https:\/\/katolicka-gimnazija.hr\/index.php\/wp-json\/wp\/v2\/users\/2"}],"replies":[{"embeddable":true,"href":"https:\/\/katolicka-gimnazija.hr\/index.php\/wp-json\/wp\/v2\/comments?post=6578"}],"version-history":[{"count":4,"href":"https:\/\/katolicka-gimnazija.hr\/index.php\/wp-json\/wp\/v2\/posts\/6578\/revisions"}],"predecessor-version":[{"id":14999,"href":"https:\/\/katolicka-gimnazija.hr\/index.php\/wp-json\/wp\/v2\/posts\/6578\/revisions\/14999"}],"wp:featuredmedia":[{"embeddable":true,"href":"https:\/\/katolicka-gimnazija.hr\/index.php\/wp-json\/wp\/v2\/media\/6579"}],"wp:attachment":[{"href":"https:\/\/katolicka-gimnazija.hr\/index.php\/wp-json\/wp\/v2\/media?parent=6578"}],"wp:term":[{"taxonomy":"category","embeddable":true,"href":"https:\/\/katolicka-gimnazija.hr\/index.php\/wp-json\/wp\/v2\/categories?post=6578"},{"taxonomy":"post_tag","embeddable":true,"href":"https:\/\/katolicka-gimnazija.hr\/index.php\/wp-json\/wp\/v2\/tags?post=6578"}],"curies":[{"name":"wp","href":"https:\/\/api.w.org\/{rel}","templated":true}]}}