{"id":659,"date":"2015-10-02T21:51:40","date_gmt":"2015-10-02T21:51:40","guid":{"rendered":"http:\/\/katolicka-gimnazija.hr\/?p=659"},"modified":"2018-12-28T15:10:07","modified_gmt":"2018-12-28T15:10:07","slug":"poznati-prvi-finalisti-za-bruxelles","status":"publish","type":"post","link":"https:\/\/katolicka-gimnazija.hr\/index.php\/2015\/10\/02\/poznati-prvi-finalisti-za-bruxelles\/","title":{"rendered":"Poznati prvi finalisti za Bruxelles"},"content":{"rendered":"<p>Upitala ptica crva koji se popeo na vrh stabla kako je on tamo dospio, a on joj odgovori \u2013 \u201ePuzanjem, draga, puzanjem.\u201c Tko imalo pozornije promisli o ovoj simpati\u010dnoj situaciji iz Krilovljeve basne zaklju\u010dit \u0107e da su svi na\u0161i snovi ostvarivi, no za njih \u0107emo se trebati dobro, dobro oznojiti.<\/p>\n<p>Upravo s tom mi\u0161lju valja se osvrnuti na dana\u0161nji prvi dio natjecanja u kvizu znanja na temu &#8220;Sveta Terezija Avilska i Po\u017ee\u0161ka biskupija&#8221;. Svi su bili pozvani, mnogi prijavljeni, a na kraju dvadesetak odazvanih. Mo\u017eda se stablo nekima u\u010dinilo prestrmim, mo\u017eda jabuka (Bruxelles) nije izgledala preprimamljivom, a mo\u017eda je samo bilo te\u0161ko puzati. Ovih dvadesetak odabranih kroz prvi, pismeni dio natjecanja vodili su vl\u010d. Marijan Paveli\u0107, organizator natjecanja, i prof. Josip Kati\u0107.<\/p>\n<p>U drugi krug natjecanja pro\u0161li su u\u010denici koji su najbolje rije\u0161ili test me\u0111u kolegama u svojim razredima. A to su redom po razredima: Ante Ragu\u017e (1.a), Matej Ragu\u017e (1.b), Maja Vuki\u0107 i Domagoj Zubovi\u0107 (2.a), Bruno Razumovi\u0107 (2.b), Mirko Filipovi\u0107 (3.a), Tomislav Varela (4.a) i Ivana Krstanovi\u0107 (4.b).<\/p>\n<p>Kao \u0161to je vidljivo, iz 3.b razreda nitko nije sudjelovalo pa \u0107e njihovo mjesto zauzeti jedan u\u010denik iz 2.a razreda koji je zajedno sa svojim kolegom imao najvi\u0161e osvojenih bodova izme\u0111u svih natjecatelja (41\/43). Svi sudionici imat \u0107e pravo uvida u test u ponedjeljak pod velikim odmorom u zbornici.<\/p>\n<p>\u010cestitamo pobjednicima i podsje\u0107amo da \u0107e se drugi, usmeni dio kviza odr\u017eati na Dan \u0161kole 15. listopada u Dvorani sv. Terezije Avilske, a pobjednik \u0107e biti nagra\u0111en izravnim putom u Bruxelles. A do tada \u2013 sretno s puzanjem! \ud83d\ude09<\/p>\n<p><a href=\"http:\/\/katolicka-gimnazija.hr\/wp-content\/uploads\/2015\/10\/1.jpg\"><img loading=\"lazy\" decoding=\"async\" class=\"size-medium wp-image-660 alignleft\" src=\"http:\/\/katolicka-gimnazija.hr\/wp-content\/uploads\/2015\/10\/1-300x200.jpg\" alt=\"1\" width=\"300\" height=\"200\" srcset=\"https:\/\/katolicka-gimnazija.hr\/wp-content\/uploads\/2015\/10\/1-300x200.jpg 300w, https:\/\/katolicka-gimnazija.hr\/wp-content\/uploads\/2015\/10\/1-768x512.jpg 768w, https:\/\/katolicka-gimnazija.hr\/wp-content\/uploads\/2015\/10\/1-400x267.jpg 400w, https:\/\/katolicka-gimnazija.hr\/wp-content\/uploads\/2015\/10\/1-360x240.jpg 360w, https:\/\/katolicka-gimnazija.hr\/wp-content\/uploads\/2015\/10\/1-750x500.jpg 750w, https:\/\/katolicka-gimnazija.hr\/wp-content\/uploads\/2015\/10\/1-430x287.jpg 430w, https:\/\/katolicka-gimnazija.hr\/wp-content\/uploads\/2015\/10\/1-150x100.jpg 150w, https:\/\/katolicka-gimnazija.hr\/wp-content\/uploads\/2015\/10\/1-100x67.jpg 100w, https:\/\/katolicka-gimnazija.hr\/wp-content\/uploads\/2015\/10\/1.jpg 784w\" sizes=\"auto, (max-width: 300px) 100vw, 300px\" \/><\/a><a href=\"http:\/\/katolicka-gimnazija.hr\/wp-content\/uploads\/2015\/10\/2.jpg\"><img loading=\"lazy\" decoding=\"async\" class=\"size-medium wp-image-661 alignleft\" src=\"http:\/\/katolicka-gimnazija.hr\/wp-content\/uploads\/2015\/10\/2-300x200.jpg\" alt=\"2\" width=\"300\" height=\"200\" srcset=\"https:\/\/katolicka-gimnazija.hr\/wp-content\/uploads\/2015\/10\/2-300x200.jpg 300w, https:\/\/katolicka-gimnazija.hr\/wp-content\/uploads\/2015\/10\/2-768x512.jpg 768w, https:\/\/katolicka-gimnazija.hr\/wp-content\/uploads\/2015\/10\/2-400x267.jpg 400w, https:\/\/katolicka-gimnazija.hr\/wp-content\/uploads\/2015\/10\/2-360x240.jpg 360w, https:\/\/katolicka-gimnazija.hr\/wp-content\/uploads\/2015\/10\/2-750x500.jpg 750w, https:\/\/katolicka-gimnazija.hr\/wp-content\/uploads\/2015\/10\/2-430x287.jpg 430w, https:\/\/katolicka-gimnazija.hr\/wp-content\/uploads\/2015\/10\/2-150x100.jpg 150w, https:\/\/katolicka-gimnazija.hr\/wp-content\/uploads\/2015\/10\/2-100x67.jpg 100w, https:\/\/katolicka-gimnazija.hr\/wp-content\/uploads\/2015\/10\/2.jpg 784w\" sizes=\"auto, (max-width: 300px) 100vw, 300px\" \/><\/a><a href=\"http:\/\/katolicka-gimnazija.hr\/wp-content\/uploads\/2015\/10\/4.jpg\"><img loading=\"lazy\" decoding=\"async\" class=\"size-medium wp-image-663 alignleft\" src=\"http:\/\/katolicka-gimnazija.hr\/wp-content\/uploads\/2015\/10\/4-300x200.jpg\" alt=\"4\" width=\"300\" height=\"200\" srcset=\"https:\/\/katolicka-gimnazija.hr\/wp-content\/uploads\/2015\/10\/4-300x200.jpg 300w, https:\/\/katolicka-gimnazija.hr\/wp-content\/uploads\/2015\/10\/4-768x512.jpg 768w, https:\/\/katolicka-gimnazija.hr\/wp-content\/uploads\/2015\/10\/4-400x267.jpg 400w, https:\/\/katolicka-gimnazija.hr\/wp-content\/uploads\/2015\/10\/4-360x240.jpg 360w, https:\/\/katolicka-gimnazija.hr\/wp-content\/uploads\/2015\/10\/4-750x500.jpg 750w, https:\/\/katolicka-gimnazija.hr\/wp-content\/uploads\/2015\/10\/4-430x287.jpg 430w, https:\/\/katolicka-gimnazija.hr\/wp-content\/uploads\/2015\/10\/4-150x100.jpg 150w, https:\/\/katolicka-gimnazija.hr\/wp-content\/uploads\/2015\/10\/4-100x67.jpg 100w, https:\/\/katolicka-gimnazija.hr\/wp-content\/uploads\/2015\/10\/4.jpg 784w\" sizes=\"auto, (max-width: 300px) 100vw, 300px\" \/><\/a><a href=\"http:\/\/katolicka-gimnazija.hr\/wp-content\/uploads\/2015\/10\/5.jpg\"><img loading=\"lazy\" decoding=\"async\" class=\"size-medium wp-image-664 alignleft\" src=\"http:\/\/katolicka-gimnazija.hr\/wp-content\/uploads\/2015\/10\/5-300x200.jpg\" alt=\"5\" width=\"300\" height=\"200\" srcset=\"https:\/\/katolicka-gimnazija.hr\/wp-content\/uploads\/2015\/10\/5-300x200.jpg 300w, https:\/\/katolicka-gimnazija.hr\/wp-content\/uploads\/2015\/10\/5-768x512.jpg 768w, https:\/\/katolicka-gimnazija.hr\/wp-content\/uploads\/2015\/10\/5-400x267.jpg 400w, https:\/\/katolicka-gimnazija.hr\/wp-content\/uploads\/2015\/10\/5-360x240.jpg 360w, https:\/\/katolicka-gimnazija.hr\/wp-content\/uploads\/2015\/10\/5-750x500.jpg 750w, https:\/\/katolicka-gimnazija.hr\/wp-content\/uploads\/2015\/10\/5-430x287.jpg 430w, https:\/\/katolicka-gimnazija.hr\/wp-content\/uploads\/2015\/10\/5-150x100.jpg 150w, https:\/\/katolicka-gimnazija.hr\/wp-content\/uploads\/2015\/10\/5-100x67.jpg 100w, https:\/\/katolicka-gimnazija.hr\/wp-content\/uploads\/2015\/10\/5.jpg 784w\" sizes=\"auto, (max-width: 300px) 100vw, 300px\" \/><\/a> <\/p>\n","protected":false},"excerpt":{"rendered":"<p>Upitala ptica crva koji se popeo na vrh stabla kako je on tamo dospio, a on joj odgovori \u2013 \u201ePuzanjem, draga, puzanjem.\u201c Tko imalo pozornije promisli o ovoj simpati\u010dnoj situaciji iz Krilovljeve basne zaklju\u010dit \u0107e da su svi na\u0161i snovi ostvarivi, no za njih \u0107emo se trebati dobro, dobro oznojiti. Upravo s tom mi\u0161lju valja [&hellip;]<\/p>\n","protected":false},"author":2,"featured_media":662,"comment_status":"closed","ping_status":"closed","sticky":false,"template":"","format":"standard","meta":{"footnotes":""},"categories":[181,2],"tags":[45,46,44,62,47],"class_list":["post-659","post","type-post","status-publish","format-standard","has-post-thumbnail","hentry","category-arhiva-obavijesti","category-vijesti","tag-bruxelles","tag-kviz-znanja","tag-natjecanje","tag-pozeska-biskupija","tag-terezija-avilska"],"_links":{"self":[{"href":"https:\/\/katolicka-gimnazija.hr\/index.php\/wp-json\/wp\/v2\/posts\/659","targetHints":{"allow":["GET"]}}],"collection":[{"href":"https:\/\/katolicka-gimnazija.hr\/index.php\/wp-json\/wp\/v2\/posts"}],"about":[{"href":"https:\/\/katolicka-gimnazija.hr\/index.php\/wp-json\/wp\/v2\/types\/post"}],"author":[{"embeddable":true,"href":"https:\/\/katolicka-gimnazija.hr\/index.php\/wp-json\/wp\/v2\/users\/2"}],"replies":[{"embeddable":true,"href":"https:\/\/katolicka-gimnazija.hr\/index.php\/wp-json\/wp\/v2\/comments?post=659"}],"version-history":[{"count":5,"href":"https:\/\/katolicka-gimnazija.hr\/index.php\/wp-json\/wp\/v2\/posts\/659\/revisions"}],"predecessor-version":[{"id":15223,"href":"https:\/\/katolicka-gimnazija.hr\/index.php\/wp-json\/wp\/v2\/posts\/659\/revisions\/15223"}],"wp:featuredmedia":[{"embeddable":true,"href":"https:\/\/katolicka-gimnazija.hr\/index.php\/wp-json\/wp\/v2\/media\/662"}],"wp:attachment":[{"href":"https:\/\/katolicka-gimnazija.hr\/index.php\/wp-json\/wp\/v2\/media?parent=659"}],"wp:term":[{"taxonomy":"category","embeddable":true,"href":"https:\/\/katolicka-gimnazija.hr\/index.php\/wp-json\/wp\/v2\/categories?post=659"},{"taxonomy":"post_tag","embeddable":true,"href":"https:\/\/katolicka-gimnazija.hr\/index.php\/wp-json\/wp\/v2\/tags?post=659"}],"curies":[{"name":"wp","href":"https:\/\/api.w.org\/{rel}","templated":true}]}}