{"id":6945,"date":"2016-10-06T14:54:32","date_gmt":"2016-10-06T14:54:32","guid":{"rendered":"http:\/\/katolicka-gimnazija.hr\/?p=6945"},"modified":"2018-12-28T14:13:44","modified_gmt":"2018-12-28T14:13:44","slug":"zupanijsko-natjecanje-u-krosu","status":"publish","type":"post","link":"https:\/\/katolicka-gimnazija.hr\/index.php\/2016\/10\/06\/zupanijsko-natjecanje-u-krosu\/","title":{"rendered":"\u017dupanijsko natjecanje u krosu"},"content":{"rendered":"<p><a href=\"http:\/\/katolicka-gimnazija.hr\/wp-content\/uploads\/2016\/10\/Untitled-1.jpg\"><img loading=\"lazy\" decoding=\"async\" class=\"alignleft wp-image-6946 size-medium\" src=\"http:\/\/katolicka-gimnazija.hr\/wp-content\/uploads\/2016\/10\/Untitled-1-300x225.jpg\" alt=\"untitled-1\" width=\"300\" height=\"225\" srcset=\"https:\/\/katolicka-gimnazija.hr\/wp-content\/uploads\/2016\/10\/Untitled-1-300x225.jpg 300w, https:\/\/katolicka-gimnazija.hr\/wp-content\/uploads\/2016\/10\/Untitled-1-768x576.jpg 768w, https:\/\/katolicka-gimnazija.hr\/wp-content\/uploads\/2016\/10\/Untitled-1-360x270.jpg 360w, https:\/\/katolicka-gimnazija.hr\/wp-content\/uploads\/2016\/10\/Untitled-1-750x563.jpg 750w, https:\/\/katolicka-gimnazija.hr\/wp-content\/uploads\/2016\/10\/Untitled-1-400x300.jpg 400w, https:\/\/katolicka-gimnazija.hr\/wp-content\/uploads\/2016\/10\/Untitled-1-430x323.jpg 430w, https:\/\/katolicka-gimnazija.hr\/wp-content\/uploads\/2016\/10\/Untitled-1-150x113.jpg 150w, https:\/\/katolicka-gimnazija.hr\/wp-content\/uploads\/2016\/10\/Untitled-1-100x75.jpg 100w, https:\/\/katolicka-gimnazija.hr\/wp-content\/uploads\/2016\/10\/Untitled-1.jpg 960w\" sizes=\"auto, (max-width: 300px) 100vw, 300px\" \/><\/a>Danas se odr\u017eavalo \u017dupanijsko natjecanje u krosu za mladi\u0107e i djevojke srednjih i osnovnih \u0161kola PS\u017d. Katoli\u010dka gimnazija prijavila je \u010detiri mladi\u0107a koji su predstavljali na\u0161u \u0161kolu. Prema dobivenim rezultatima u \u0161kolskom natjecanju za \u017eupanijsko smo predlo\u017eili: Svena Abramovi\u0107a 4a, Marka Gelen\u010dira 4b, Lovru Pavlovi\u0107a 4b i Juru Mili\u010devi\u0107a 3b. Natjecanje se odr\u017eavalo u parku kraj Orljave, a sudjelovalo je \u0161est srednjih \u0161kola i ukupno u konkurenciji 28 mladi\u0107a natjecatelja. Upravo najbolji od 28 natjecatelja i ispred svih u cilju je slavio Sven Abramovi\u0107. Kako je bodovanje u krosu ekipno na kraju smo osvojili \u010detvrto mjesto. Marko Gelen\u010dir zauzeo je 14. poziciju, Jure Mili\u010devi\u0107 16. dok je Lovro Pavlovi\u0107 bio 17. Iako su ostali na\u0161i mladi\u0107i bili u sredini poretka nismo ovoga puta uspjeli stati na postolje kao ekipa. \u010cestitamo de\u010dkima. Ekipu je vodio Mario Ragu\u017e, prof. <\/p>\n","protected":false},"excerpt":{"rendered":"<p>Danas se odr\u017eavalo \u017dupanijsko natjecanje u krosu za mladi\u0107e i djevojke srednjih i osnovnih \u0161kola PS\u017d. Katoli\u010dka gimnazija prijavila je \u010detiri mladi\u0107a koji su predstavljali na\u0161u \u0161kolu. Prema dobivenim rezultatima u \u0161kolskom natjecanju za \u017eupanijsko smo predlo\u017eili: Svena Abramovi\u0107a 4a, Marka Gelen\u010dira 4b, Lovru Pavlovi\u0107a 4b i Juru Mili\u010devi\u0107a 3b. Natjecanje se odr\u017eavalo u parku [&hellip;]<\/p>\n","protected":false},"author":1,"featured_media":6946,"comment_status":"closed","ping_status":"closed","sticky":false,"template":"","format":"standard","meta":{"footnotes":""},"categories":[2],"tags":[],"class_list":["post-6945","post","type-post","status-publish","format-standard","has-post-thumbnail","hentry","category-vijesti"],"_links":{"self":[{"href":"https:\/\/katolicka-gimnazija.hr\/index.php\/wp-json\/wp\/v2\/posts\/6945","targetHints":{"allow":["GET"]}}],"collection":[{"href":"https:\/\/katolicka-gimnazija.hr\/index.php\/wp-json\/wp\/v2\/posts"}],"about":[{"href":"https:\/\/katolicka-gimnazija.hr\/index.php\/wp-json\/wp\/v2\/types\/post"}],"author":[{"embeddable":true,"href":"https:\/\/katolicka-gimnazija.hr\/index.php\/wp-json\/wp\/v2\/users\/1"}],"replies":[{"embeddable":true,"href":"https:\/\/katolicka-gimnazija.hr\/index.php\/wp-json\/wp\/v2\/comments?post=6945"}],"version-history":[{"count":2,"href":"https:\/\/katolicka-gimnazija.hr\/index.php\/wp-json\/wp\/v2\/posts\/6945\/revisions"}],"predecessor-version":[{"id":14986,"href":"https:\/\/katolicka-gimnazija.hr\/index.php\/wp-json\/wp\/v2\/posts\/6945\/revisions\/14986"}],"wp:featuredmedia":[{"embeddable":true,"href":"https:\/\/katolicka-gimnazija.hr\/index.php\/wp-json\/wp\/v2\/media\/6946"}],"wp:attachment":[{"href":"https:\/\/katolicka-gimnazija.hr\/index.php\/wp-json\/wp\/v2\/media?parent=6945"}],"wp:term":[{"taxonomy":"category","embeddable":true,"href":"https:\/\/katolicka-gimnazija.hr\/index.php\/wp-json\/wp\/v2\/categories?post=6945"},{"taxonomy":"post_tag","embeddable":true,"href":"https:\/\/katolicka-gimnazija.hr\/index.php\/wp-json\/wp\/v2\/tags?post=6945"}],"curies":[{"name":"wp","href":"https:\/\/api.w.org\/{rel}","templated":true}]}}