{"id":7057,"date":"2016-10-13T06:27:19","date_gmt":"2016-10-13T06:27:19","guid":{"rendered":"http:\/\/katolicka-gimnazija.hr\/?p=7057"},"modified":"2018-12-28T14:13:16","modified_gmt":"2018-12-28T14:13:16","slug":"gumb-puce-botun-ili-dugme","status":"publish","type":"post","link":"https:\/\/katolicka-gimnazija.hr\/index.php\/2016\/10\/13\/gumb-puce-botun-ili-dugme\/","title":{"rendered":"Gumb, puce, botun ili dugme?"},"content":{"rendered":"<p><a href=\"http:\/\/katolicka-gimnazija.hr\/wp-content\/uploads\/2016\/10\/DSC_0015.jpg\"><img loading=\"lazy\" decoding=\"async\" class=\"alignleft wp-image-7059 size-medium\" src=\"http:\/\/katolicka-gimnazija.hr\/wp-content\/uploads\/2016\/10\/DSC_0015-300x200.jpg\" alt=\"dsc_0015\" width=\"300\" height=\"200\" srcset=\"https:\/\/katolicka-gimnazija.hr\/wp-content\/uploads\/2016\/10\/DSC_0015-300x200.jpg 300w, https:\/\/katolicka-gimnazija.hr\/wp-content\/uploads\/2016\/10\/DSC_0015-768x512.jpg 768w, https:\/\/katolicka-gimnazija.hr\/wp-content\/uploads\/2016\/10\/DSC_0015-1024x683.jpg 1024w, https:\/\/katolicka-gimnazija.hr\/wp-content\/uploads\/2016\/10\/DSC_0015-360x240.jpg 360w, https:\/\/katolicka-gimnazija.hr\/wp-content\/uploads\/2016\/10\/DSC_0015-750x500.jpg 750w, https:\/\/katolicka-gimnazija.hr\/wp-content\/uploads\/2016\/10\/DSC_0015-400x267.jpg 400w, https:\/\/katolicka-gimnazija.hr\/wp-content\/uploads\/2016\/10\/DSC_0015-430x287.jpg 430w, https:\/\/katolicka-gimnazija.hr\/wp-content\/uploads\/2016\/10\/DSC_0015-150x100.jpg 150w, https:\/\/katolicka-gimnazija.hr\/wp-content\/uploads\/2016\/10\/DSC_0015-100x67.jpg 100w, https:\/\/katolicka-gimnazija.hr\/wp-content\/uploads\/2016\/10\/DSC_0015.jpg 1500w\" sizes=\"auto, (max-width: 300px) 100vw, 300px\" \/><\/a>Vjerojatno ste svi ve\u0107 \u010duli za onu foru \u2013 ako sretnete dimnja\u010dara, uhvatite se za dugme da vam donese sre\u0107u. No, ustvari, svako dugme ima neku svoju sre\u0107u i pri\u010du, a ne samo dimnja\u010darevo. Upravo je zbog toga pri\u010da o dugmadi puno du\u017ea, ozbiljnija i zanimljivija. Arheolo\u0161ka iskapanja govore nam da nastanak dugmadi zapravo se\u017ee u daleku povijest. Prva dugmad od jantara se\u017eu unazad 10 000 godina, a stolje\u0107ima su bila samo ukrasni predmet privilegiranog sloja dru\u0161tva. Do sredine 19. stolje\u0107a gumbi su predstavljaju mu\u0161ku modu, a krajem 19. stolje\u0107a taj luksuz preuzimaju i \u017eene koje ga najprije koriste kao kop\u010du za odje\u0107u, a sve \u010de\u0161\u0107e i kao nakit.<\/p>\n<p>Sigurno ste, tako\u0111er, primijetili da \u017eene nose dugmad na lijevoj strani, a mu\u0161karci na desnoj. Je li tu rije\u010d o jo\u0161 jednom dizajnerskom proma\u0161aju ili je tu ne\u0161to ozbiljnije posrijedi? Razlozi su zapravo puno jednostavniji, mu\u0161karci su nosili dugmad na desnoj strani kako bi br\u017ee do\u0161li do oru\u017eja dok su \u017eene nosile na lijevoj kako bi im slu\u0161kinje lak\u0161e i br\u017ee zakop\u010dale bluzu. Kako god bilo, na kop\u010danje smo se itekako svi priviknuli.<\/p>\n<p><a href=\"http:\/\/katolicka-gimnazija.hr\/wp-content\/uploads\/2016\/10\/DSC_0008.jpg\"><img loading=\"lazy\" decoding=\"async\" class=\"alignright wp-image-7065 size-medium\" src=\"http:\/\/katolicka-gimnazija.hr\/wp-content\/uploads\/2016\/10\/DSC_0008-300x200.jpg\" alt=\"dsc_0008\" width=\"300\" height=\"200\" srcset=\"https:\/\/katolicka-gimnazija.hr\/wp-content\/uploads\/2016\/10\/DSC_0008-300x200.jpg 300w, https:\/\/katolicka-gimnazija.hr\/wp-content\/uploads\/2016\/10\/DSC_0008-768x512.jpg 768w, https:\/\/katolicka-gimnazija.hr\/wp-content\/uploads\/2016\/10\/DSC_0008-1024x683.jpg 1024w, https:\/\/katolicka-gimnazija.hr\/wp-content\/uploads\/2016\/10\/DSC_0008-360x240.jpg 360w, https:\/\/katolicka-gimnazija.hr\/wp-content\/uploads\/2016\/10\/DSC_0008-750x500.jpg 750w, https:\/\/katolicka-gimnazija.hr\/wp-content\/uploads\/2016\/10\/DSC_0008-400x267.jpg 400w, https:\/\/katolicka-gimnazija.hr\/wp-content\/uploads\/2016\/10\/DSC_0008-430x287.jpg 430w, https:\/\/katolicka-gimnazija.hr\/wp-content\/uploads\/2016\/10\/DSC_0008-150x100.jpg 150w, https:\/\/katolicka-gimnazija.hr\/wp-content\/uploads\/2016\/10\/DSC_0008-100x67.jpg 100w, https:\/\/katolicka-gimnazija.hr\/wp-content\/uploads\/2016\/10\/DSC_0008.jpg 1500w\" sizes=\"auto, (max-width: 300px) 100vw, 300px\" \/><\/a>U Gradskom muzeju Po\u017eega 31. kolovoza otvorena je gostuju\u0107a izlo\u017eba\u00a0 &#8221;Gumbi&#8221; Pokrajinskog muzeja iz Celja, autora povjesni\u010dara Jo\u017ee Rataja koju posjetitelji jo\u0161 mogu pogledati do sutra. Njegova izlo\u017eba upoznaje nas na najneobi\u010dniji na\u010din s malenim predmetom koji svakodnevno upotrebljavamo a da ga \u010desto nismo ni svjesni. Tijekom izlo\u017ebe posjetitelji su mogli pogledati to\u010dno 1598 najljep\u0161ih komada dugmadi od razli\u010ditih materijala. Izlo\u017ebu je otvorila go\u0161\u0107a Aurea festa, jazz-diva Zdenka Kova\u010di\u010dek, a priliku za posjet iskoristila je i novinarska dru\u017eina Katoli\u010dke gimnazije Nautes. Izlo\u017ebom ih je provela gospo\u0111a Ljiljana Mari\u0107 koja im je predstavila detaljniju povijest nastanka i uporabe dugmadi, njihovo zna\u010denje, na koji su na\u010din i od kojih materijala izra\u0111eni, koji je to car naredio svojem kroja\u010du da na odorama vojnika za\u0161ije dugmad na rukave (jer su oni do tada o te rukave brisali nos) te koje su svjetske dizajnerske zvijezde imale utjecaj na razvoj dugmadi.<\/p>\n<p>Gospo\u0111a Mari\u0107 najavila je sljede\u0107u izlo\u017ebu koja \u0107e biti postavljena u Gradskom muzeju, a to je <em>Priprema, pozor, pali!<\/em>, izlo\u017eba vatrenog oru\u017eja od 14. do 20. st. \u010dime \u0107e se u klju\u010diti u obilje\u017eavanje 25 godi\u0161njice Domovinskog rata u po\u017ee\u0161kom kraju.<\/p>\n<p>&nbsp;<\/p>\n<p>&nbsp;<\/p>\n<p>&nbsp; <\/p>\n","protected":false},"excerpt":{"rendered":"<p>Vjerojatno ste svi ve\u0107 \u010duli za onu foru \u2013 ako sretnete dimnja\u010dara, uhvatite se za dugme da vam donese sre\u0107u. No, ustvari, svako dugme ima neku svoju sre\u0107u i pri\u010du, a ne samo dimnja\u010darevo. Upravo je zbog toga pri\u010da o dugmadi puno du\u017ea, ozbiljnija i zanimljivija. Arheolo\u0161ka iskapanja govore nam da nastanak dugmadi zapravo se\u017ee [&hellip;]<\/p>\n","protected":false},"author":44,"featured_media":7064,"comment_status":"closed","ping_status":"closed","sticky":false,"template":"","format":"standard","meta":{"footnotes":""},"categories":[2],"tags":[],"class_list":["post-7057","post","type-post","status-publish","format-standard","has-post-thumbnail","hentry","category-vijesti"],"_links":{"self":[{"href":"https:\/\/katolicka-gimnazija.hr\/index.php\/wp-json\/wp\/v2\/posts\/7057","targetHints":{"allow":["GET"]}}],"collection":[{"href":"https:\/\/katolicka-gimnazija.hr\/index.php\/wp-json\/wp\/v2\/posts"}],"about":[{"href":"https:\/\/katolicka-gimnazija.hr\/index.php\/wp-json\/wp\/v2\/types\/post"}],"author":[{"embeddable":true,"href":"https:\/\/katolicka-gimnazija.hr\/index.php\/wp-json\/wp\/v2\/users\/44"}],"replies":[{"embeddable":true,"href":"https:\/\/katolicka-gimnazija.hr\/index.php\/wp-json\/wp\/v2\/comments?post=7057"}],"version-history":[{"count":2,"href":"https:\/\/katolicka-gimnazija.hr\/index.php\/wp-json\/wp\/v2\/posts\/7057\/revisions"}],"predecessor-version":[{"id":14983,"href":"https:\/\/katolicka-gimnazija.hr\/index.php\/wp-json\/wp\/v2\/posts\/7057\/revisions\/14983"}],"wp:featuredmedia":[{"embeddable":true,"href":"https:\/\/katolicka-gimnazija.hr\/index.php\/wp-json\/wp\/v2\/media\/7064"}],"wp:attachment":[{"href":"https:\/\/katolicka-gimnazija.hr\/index.php\/wp-json\/wp\/v2\/media?parent=7057"}],"wp:term":[{"taxonomy":"category","embeddable":true,"href":"https:\/\/katolicka-gimnazija.hr\/index.php\/wp-json\/wp\/v2\/categories?post=7057"},{"taxonomy":"post_tag","embeddable":true,"href":"https:\/\/katolicka-gimnazija.hr\/index.php\/wp-json\/wp\/v2\/tags?post=7057"}],"curies":[{"name":"wp","href":"https:\/\/api.w.org\/{rel}","templated":true}]}}