{"id":7073,"date":"2016-10-13T12:48:14","date_gmt":"2016-10-13T12:48:14","guid":{"rendered":"http:\/\/katolicka-gimnazija.hr\/?p=7073"},"modified":"2018-12-28T14:13:08","modified_gmt":"2018-12-28T14:13:08","slug":"dani-kruha-i-zahvalnosti-za-plodove-zemlje","status":"publish","type":"post","link":"https:\/\/katolicka-gimnazija.hr\/index.php\/2016\/10\/13\/dani-kruha-i-zahvalnosti-za-plodove-zemlje\/","title":{"rendered":"DANI KRUHA I ZAHVALNOSTI ZA PLODOVE ZEMLJE"},"content":{"rendered":"<p><a href=\"http:\/\/katolicka-gimnazija.hr\/wp-content\/uploads\/2016\/10\/DSC_1588.jpg\" rel=\"attachment wp-att-7074\"><img loading=\"lazy\" decoding=\"async\" class=\"alignleft size-medium wp-image-7074\" src=\"http:\/\/katolicka-gimnazija.hr\/wp-content\/uploads\/2016\/10\/DSC_1588-300x200.jpg\" alt=\"dsc_1588\" width=\"300\" height=\"200\" srcset=\"https:\/\/katolicka-gimnazija.hr\/wp-content\/uploads\/2016\/10\/DSC_1588-300x200.jpg 300w, https:\/\/katolicka-gimnazija.hr\/wp-content\/uploads\/2016\/10\/DSC_1588-768x512.jpg 768w, https:\/\/katolicka-gimnazija.hr\/wp-content\/uploads\/2016\/10\/DSC_1588-1024x683.jpg 1024w, https:\/\/katolicka-gimnazija.hr\/wp-content\/uploads\/2016\/10\/DSC_1588-360x240.jpg 360w, https:\/\/katolicka-gimnazija.hr\/wp-content\/uploads\/2016\/10\/DSC_1588-750x500.jpg 750w, https:\/\/katolicka-gimnazija.hr\/wp-content\/uploads\/2016\/10\/DSC_1588-400x267.jpg 400w, https:\/\/katolicka-gimnazija.hr\/wp-content\/uploads\/2016\/10\/DSC_1588-430x287.jpg 430w, https:\/\/katolicka-gimnazija.hr\/wp-content\/uploads\/2016\/10\/DSC_1588-150x100.jpg 150w, https:\/\/katolicka-gimnazija.hr\/wp-content\/uploads\/2016\/10\/DSC_1588-100x67.jpg 100w, https:\/\/katolicka-gimnazija.hr\/wp-content\/uploads\/2016\/10\/DSC_1588.jpg 1500w\" sizes=\"auto, (max-width: 300px) 100vw, 300px\" \/><\/a>U srijedu 12. listopada 2016. u\u010denici, profesori i djelatnici Katoli\u010dke gimnazije obilje\u017eili su Dane kruha i zahvalnosti za plodove zemlje. Povodom obilje\u017eavanja ove manifestacije u\u010denici Katoli\u010dke gimnazije kratkim su uvodnim tekstovima ukazali na va\u017enost kruha za \u010dovjeka i njegov \u017eivot. \u201eBez kruha ili peciva \u017eivot nam je nezamisliv. Ve\u0107 i sam njegov miris dovoljan je da se osje\u0107amo ugodno, za\u0161ti\u0107eno i \u2013 kao kod ku\u0107e.<\/p>\n<p>Zanimljivo je da je prvi kruh nastao sasvim slu\u010dajno oko 2 600 godine prije Krista. Gr\u010dki mornari i trgovci donijeli su bra\u0161no iz Egipta i tako se proizvodnja kruha pro\u0161irila i po Europi. Proizvodnju \u201elaganijeg i bjeljeg\u201c kruha omogu\u0107io je izum mlina oko 1 800 godine.\u201c Te i mnoge druge zanimljivosti mogli smo saznati iz tekstova koje su pro\u010ditali maturanti Ante Herceg i Alen Mato\u0161evi\u0107. Profesor Marijan Paveli\u0107 potom je blagoslovio kruh i pekarske proizvode te<a href=\"http:\/\/katolicka-gimnazija.hr\/wp-content\/uploads\/2016\/10\/DSC_1596.jpg\" rel=\"attachment wp-att-7075\"><img loading=\"lazy\" decoding=\"async\" class=\"size-medium wp-image-7075 alignright\" src=\"http:\/\/katolicka-gimnazija.hr\/wp-content\/uploads\/2016\/10\/DSC_1596-300x200.jpg\" alt=\"dsc_1596\" width=\"300\" height=\"200\" srcset=\"https:\/\/katolicka-gimnazija.hr\/wp-content\/uploads\/2016\/10\/DSC_1596-300x200.jpg 300w, https:\/\/katolicka-gimnazija.hr\/wp-content\/uploads\/2016\/10\/DSC_1596-768x512.jpg 768w, https:\/\/katolicka-gimnazija.hr\/wp-content\/uploads\/2016\/10\/DSC_1596-1024x683.jpg 1024w, https:\/\/katolicka-gimnazija.hr\/wp-content\/uploads\/2016\/10\/DSC_1596-360x240.jpg 360w, https:\/\/katolicka-gimnazija.hr\/wp-content\/uploads\/2016\/10\/DSC_1596-750x500.jpg 750w, https:\/\/katolicka-gimnazija.hr\/wp-content\/uploads\/2016\/10\/DSC_1596-400x267.jpg 400w, https:\/\/katolicka-gimnazija.hr\/wp-content\/uploads\/2016\/10\/DSC_1596-430x287.jpg 430w, https:\/\/katolicka-gimnazija.hr\/wp-content\/uploads\/2016\/10\/DSC_1596-150x100.jpg 150w, https:\/\/katolicka-gimnazija.hr\/wp-content\/uploads\/2016\/10\/DSC_1596-100x67.jpg 100w, https:\/\/katolicka-gimnazija.hr\/wp-content\/uploads\/2016\/10\/DSC_1596.jpg 1500w\" sizes=\"auto, (max-width: 300px) 100vw, 300px\" \/><\/a> zahvalio Bogu na tako potrebnoj hrani koju nam daje rije\u010dima: \u201eSvakodnevno molimo Boga \u201eKruh na\u0161 svagda\u0161nji daj nam danas\u201c i svjesni smo da Bo\u017ejom dobrotom primamo tu preva\u017enu hranu. \u010cinjenica da je Isus odabrao upravo kruh kao na\u010din kako \u0107e zauvijek ostati s nama i u nama jo\u0161 vi\u0161e potvr\u0111uje da je kruh najva\u017enija namirnica za \u017eivot, kako fizi\u010dki, tako i duhovni.\u201c<\/p>\n<p>Nakon blagoslova zajedni\u010dkom molitvom svi prisutni izrazili su zahvalnost Bogu i zatra\u017eili Njegov blagoslov za te darove koje smo kasnije svi zajedno blagovali. <\/p>\n","protected":false},"excerpt":{"rendered":"<p>U srijedu 12. listopada 2016. u\u010denici, profesori i djelatnici Katoli\u010dke gimnazije obilje\u017eili su Dane kruha i zahvalnosti za plodove zemlje. Povodom obilje\u017eavanja ove manifestacije u\u010denici Katoli\u010dke gimnazije kratkim su uvodnim tekstovima ukazali na va\u017enost kruha za \u010dovjeka i njegov \u017eivot. \u201eBez kruha ili peciva \u017eivot nam je nezamisliv. Ve\u0107 i sam njegov miris dovoljan je [&hellip;]<\/p>\n","protected":false},"author":50,"featured_media":7076,"comment_status":"closed","ping_status":"closed","sticky":false,"template":"","format":"standard","meta":{"footnotes":""},"categories":[2],"tags":[],"class_list":["post-7073","post","type-post","status-publish","format-standard","has-post-thumbnail","hentry","category-vijesti"],"_links":{"self":[{"href":"https:\/\/katolicka-gimnazija.hr\/index.php\/wp-json\/wp\/v2\/posts\/7073","targetHints":{"allow":["GET"]}}],"collection":[{"href":"https:\/\/katolicka-gimnazija.hr\/index.php\/wp-json\/wp\/v2\/posts"}],"about":[{"href":"https:\/\/katolicka-gimnazija.hr\/index.php\/wp-json\/wp\/v2\/types\/post"}],"author":[{"embeddable":true,"href":"https:\/\/katolicka-gimnazija.hr\/index.php\/wp-json\/wp\/v2\/users\/50"}],"replies":[{"embeddable":true,"href":"https:\/\/katolicka-gimnazija.hr\/index.php\/wp-json\/wp\/v2\/comments?post=7073"}],"version-history":[{"count":2,"href":"https:\/\/katolicka-gimnazija.hr\/index.php\/wp-json\/wp\/v2\/posts\/7073\/revisions"}],"predecessor-version":[{"id":14982,"href":"https:\/\/katolicka-gimnazija.hr\/index.php\/wp-json\/wp\/v2\/posts\/7073\/revisions\/14982"}],"wp:featuredmedia":[{"embeddable":true,"href":"https:\/\/katolicka-gimnazija.hr\/index.php\/wp-json\/wp\/v2\/media\/7076"}],"wp:attachment":[{"href":"https:\/\/katolicka-gimnazija.hr\/index.php\/wp-json\/wp\/v2\/media?parent=7073"}],"wp:term":[{"taxonomy":"category","embeddable":true,"href":"https:\/\/katolicka-gimnazija.hr\/index.php\/wp-json\/wp\/v2\/categories?post=7073"},{"taxonomy":"post_tag","embeddable":true,"href":"https:\/\/katolicka-gimnazija.hr\/index.php\/wp-json\/wp\/v2\/tags?post=7073"}],"curies":[{"name":"wp","href":"https:\/\/api.w.org\/{rel}","templated":true}]}}