{"id":7367,"date":"2016-10-26T18:41:31","date_gmt":"2016-10-26T18:41:31","guid":{"rendered":"http:\/\/katolicka-gimnazija.hr\/?p=7367"},"modified":"2018-12-28T14:11:31","modified_gmt":"2018-12-28T14:11:31","slug":"posjet-prvasa-gradskoj-knjiznici-i-citaonici","status":"publish","type":"post","link":"https:\/\/katolicka-gimnazija.hr\/index.php\/2016\/10\/26\/posjet-prvasa-gradskoj-knjiznici-i-citaonici\/","title":{"rendered":"POSJET PRVA\u0160A GRADSKOJ KNJI\u017dNICI I \u010cITAONICI"},"content":{"rendered":"<p>KOLIKO JE SAMO LJUDI ZAPO\u010cELO NOVU ERU U SVOM \u017dIVOTU PRO\u010cITAV\u0160I KNJIGU!<\/p>\n<p style=\"text-align: right;\">Henry David Thoreau<\/p>\n<p><a href=\"http:\/\/katolicka-gimnazija.hr\/wp-content\/uploads\/2016\/10\/DSC_2122.jpg\"><img loading=\"lazy\" decoding=\"async\" class=\"alignleft wp-image-7369 size-medium\" src=\"http:\/\/katolicka-gimnazija.hr\/wp-content\/uploads\/2016\/10\/DSC_2122-300x200.jpg\" alt=\"dsc_2122\" width=\"300\" height=\"200\" srcset=\"https:\/\/katolicka-gimnazija.hr\/wp-content\/uploads\/2016\/10\/DSC_2122-300x200.jpg 300w, https:\/\/katolicka-gimnazija.hr\/wp-content\/uploads\/2016\/10\/DSC_2122-768x512.jpg 768w, https:\/\/katolicka-gimnazija.hr\/wp-content\/uploads\/2016\/10\/DSC_2122-1024x683.jpg 1024w, https:\/\/katolicka-gimnazija.hr\/wp-content\/uploads\/2016\/10\/DSC_2122-360x240.jpg 360w, https:\/\/katolicka-gimnazija.hr\/wp-content\/uploads\/2016\/10\/DSC_2122-750x500.jpg 750w, https:\/\/katolicka-gimnazija.hr\/wp-content\/uploads\/2016\/10\/DSC_2122-400x267.jpg 400w, https:\/\/katolicka-gimnazija.hr\/wp-content\/uploads\/2016\/10\/DSC_2122-430x287.jpg 430w, https:\/\/katolicka-gimnazija.hr\/wp-content\/uploads\/2016\/10\/DSC_2122-150x100.jpg 150w, https:\/\/katolicka-gimnazija.hr\/wp-content\/uploads\/2016\/10\/DSC_2122-100x67.jpg 100w, https:\/\/katolicka-gimnazija.hr\/wp-content\/uploads\/2016\/10\/DSC_2122.jpg 1500w\" sizes=\"auto, (max-width: 300px) 100vw, 300px\" \/><\/a>Ovaj su ponedjeljak u\u010denici 1.a razreda, zajedno sa svojom profesoricom Marijanom \u0106orlukom, posjetili Gradsku knji\u017enicu i \u010ditaonicu u Po\u017eegi. Posjet i obilazak predlo\u017een je jer se smatra da mladi ne \u010ditaju dovoljno, a tijekom \u0161kolovanje \u010desto \u0107e morati posje\u0107ivati knji\u017enicu radi lektira ili literature potrebne za pisanje seminarskih radova.<\/p>\n<div class=\"text_exposed_show\">\n<p>U\u010denici su se prema knji\u017enici uputili za vrijeme \u010detvrtog sata, a u knji\u017enici ih je do\u010dekala ljubazna gospo\u0111a Vlasta koja je i vodila razgledavanje. U\u010denici su na po\u010detku saznali da je knji\u017enica osnovana 1845. g. te je od tada utjecala na razvoj kulture ovoga podru\u010dja. Dosada <a href=\"http:\/\/katolicka-gimnazija.hr\/wp-content\/uploads\/2016\/10\/DSC_2134.jpg\"><img loading=\"lazy\" decoding=\"async\" class=\"alignright wp-image-7378 size-medium\" src=\"http:\/\/katolicka-gimnazija.hr\/wp-content\/uploads\/2016\/10\/DSC_2134-300x200.jpg\" alt=\"dsc_2134\" width=\"300\" height=\"200\" srcset=\"https:\/\/katolicka-gimnazija.hr\/wp-content\/uploads\/2016\/10\/DSC_2134-300x200.jpg 300w, https:\/\/katolicka-gimnazija.hr\/wp-content\/uploads\/2016\/10\/DSC_2134-768x512.jpg 768w, https:\/\/katolicka-gimnazija.hr\/wp-content\/uploads\/2016\/10\/DSC_2134-1024x683.jpg 1024w, https:\/\/katolicka-gimnazija.hr\/wp-content\/uploads\/2016\/10\/DSC_2134-360x240.jpg 360w, https:\/\/katolicka-gimnazija.hr\/wp-content\/uploads\/2016\/10\/DSC_2134-750x500.jpg 750w, https:\/\/katolicka-gimnazija.hr\/wp-content\/uploads\/2016\/10\/DSC_2134-400x267.jpg 400w, https:\/\/katolicka-gimnazija.hr\/wp-content\/uploads\/2016\/10\/DSC_2134-430x287.jpg 430w, https:\/\/katolicka-gimnazija.hr\/wp-content\/uploads\/2016\/10\/DSC_2134-150x100.jpg 150w, https:\/\/katolicka-gimnazija.hr\/wp-content\/uploads\/2016\/10\/DSC_2134-100x67.jpg 100w, https:\/\/katolicka-gimnazija.hr\/wp-content\/uploads\/2016\/10\/DSC_2134.jpg 1500w\" sizes=\"auto, (max-width: 300px) 100vw, 300px\" \/><\/a>je knji\u017enica skupila oko 100 000 knji\u017enih primjeraka, enciklopedija, CD-ova, povijesnih knjiga, magazina i ostale knji\u017enike gra\u0111e. Gospo\u0111a Vlasta je pokazala kako se snalaziti me\u0111u policama, odnosno kako na\u0107i odgovaraju\u0107u knjigu. U\u010denici su zatim krenuli u obilazak pa su na prvom nivou posjetili prostoriju predvi\u0111enu za tzv. \u201etihi rad\u201c. U njoj u\u010denici mogu \u010dekati prijevoz dok u\u010de ili pi\u0161u zada\u0107e. U\u010denicima se najvi\u0161e svidjela prostorija u kojoj se nalazi velika zbirka igranih filmova, albuma klasi\u010dne i popularne glazbe, kao i auditivni zapisi za slijepe ili slabovidne osobe te za osobe s odre\u0111enim poreme\u0107ajima kao \u0161to je disleksija.<br \/>\nNa\u0161a gradska knji\u017enica sadr\u017ei zavi\u010dajnu zbirku pod nazivom Posegana koja sadr\u017ei brojna djela koja svojom gra\u0111om predstavljaju odre\u0111enu va\u017enost za na\u0161 kraj. Knji\u017enica ima i vlastitu internet i facebook stranicu koja daje jednostavan pregled literature koju sadr\u017ei kao i kontakte i katalog koji mogu pomo\u0107i u pronala\u017eenju odgovaraju\u0107eg materijala. U\u010denici u slu\u010daju nerazumijevanja mogu poslati mail, a knji\u017eni\u010dari \u0107e poku\u0161ati dati smjernice i objasniti nejasno\u0107e.<br \/>\nZa sve one koji jo\u0161 ne znaju, knji\u017enica radi svakim radnim danom od 8:00 do 19:00 sati ,a subotom od 8:00 do 12:45. Po zavr\u0161etku obilaska neki su se u\u010denici upisali u knji\u017enicu te tako postali njeni \u010dlanovi.<br \/>\nI za kraj jedna misao Tome Akvinskoga koji je upozoravao: \u201e\u010cuvaj se \u010dovjeka koji je pro\u010ditao samo jednu knjigu.\u201c<\/p>\n<div id='gallery-1' class='gallery galleryid-7367 gallery-columns-3 gallery-size-medium'><figure class='gallery-item'>\n\t\t\t<div class='gallery-icon landscape'>\n\t\t\t\t<a href='https:\/\/katolicka-gimnazija.hr\/wp-content\/uploads\/2016\/10\/DSC_2146.jpg'><img loading=\"lazy\" decoding=\"async\" width=\"300\" height=\"200\" src=\"https:\/\/katolicka-gimnazija.hr\/wp-content\/uploads\/2016\/10\/DSC_2146-300x200.jpg\" class=\"attachment-medium size-medium\" alt=\"\" srcset=\"https:\/\/katolicka-gimnazija.hr\/wp-content\/uploads\/2016\/10\/DSC_2146-300x200.jpg 300w, https:\/\/katolicka-gimnazija.hr\/wp-content\/uploads\/2016\/10\/DSC_2146-768x512.jpg 768w, https:\/\/katolicka-gimnazija.hr\/wp-content\/uploads\/2016\/10\/DSC_2146-1024x683.jpg 1024w, https:\/\/katolicka-gimnazija.hr\/wp-content\/uploads\/2016\/10\/DSC_2146-360x240.jpg 360w, https:\/\/katolicka-gimnazija.hr\/wp-content\/uploads\/2016\/10\/DSC_2146-750x500.jpg 750w, https:\/\/katolicka-gimnazija.hr\/wp-content\/uploads\/2016\/10\/DSC_2146-400x267.jpg 400w, https:\/\/katolicka-gimnazija.hr\/wp-content\/uploads\/2016\/10\/DSC_2146-430x287.jpg 430w, https:\/\/katolicka-gimnazija.hr\/wp-content\/uploads\/2016\/10\/DSC_2146-150x100.jpg 150w, https:\/\/katolicka-gimnazija.hr\/wp-content\/uploads\/2016\/10\/DSC_2146-100x67.jpg 100w, https:\/\/katolicka-gimnazija.hr\/wp-content\/uploads\/2016\/10\/DSC_2146.jpg 1500w\" sizes=\"auto, (max-width: 300px) 100vw, 300px\" \/><\/a>\n\t\t\t<\/div><\/figure><figure class='gallery-item'>\n\t\t\t<div class='gallery-icon landscape'>\n\t\t\t\t<a href='https:\/\/katolicka-gimnazija.hr\/wp-content\/uploads\/2016\/10\/DSC_2142.jpg'><img loading=\"lazy\" decoding=\"async\" width=\"300\" height=\"200\" src=\"https:\/\/katolicka-gimnazija.hr\/wp-content\/uploads\/2016\/10\/DSC_2142-300x200.jpg\" class=\"attachment-medium size-medium\" alt=\"\" srcset=\"https:\/\/katolicka-gimnazija.hr\/wp-content\/uploads\/2016\/10\/DSC_2142-300x200.jpg 300w, https:\/\/katolicka-gimnazija.hr\/wp-content\/uploads\/2016\/10\/DSC_2142-768x512.jpg 768w, https:\/\/katolicka-gimnazija.hr\/wp-content\/uploads\/2016\/10\/DSC_2142-1024x683.jpg 1024w, https:\/\/katolicka-gimnazija.hr\/wp-content\/uploads\/2016\/10\/DSC_2142-360x240.jpg 360w, https:\/\/katolicka-gimnazija.hr\/wp-content\/uploads\/2016\/10\/DSC_2142-750x500.jpg 750w, https:\/\/katolicka-gimnazija.hr\/wp-content\/uploads\/2016\/10\/DSC_2142-400x267.jpg 400w, https:\/\/katolicka-gimnazija.hr\/wp-content\/uploads\/2016\/10\/DSC_2142-430x287.jpg 430w, https:\/\/katolicka-gimnazija.hr\/wp-content\/uploads\/2016\/10\/DSC_2142-150x100.jpg 150w, https:\/\/katolicka-gimnazija.hr\/wp-content\/uploads\/2016\/10\/DSC_2142-100x67.jpg 100w, https:\/\/katolicka-gimnazija.hr\/wp-content\/uploads\/2016\/10\/DSC_2142.jpg 1500w\" sizes=\"auto, (max-width: 300px) 100vw, 300px\" \/><\/a>\n\t\t\t<\/div><\/figure><figure class='gallery-item'>\n\t\t\t<div class='gallery-icon landscape'>\n\t\t\t\t<a href='https:\/\/katolicka-gimnazija.hr\/wp-content\/uploads\/2016\/10\/DSC_2141.jpg'><img loading=\"lazy\" decoding=\"async\" width=\"300\" height=\"200\" src=\"https:\/\/katolicka-gimnazija.hr\/wp-content\/uploads\/2016\/10\/DSC_2141-300x200.jpg\" class=\"attachment-medium size-medium\" alt=\"\" srcset=\"https:\/\/katolicka-gimnazija.hr\/wp-content\/uploads\/2016\/10\/DSC_2141-300x200.jpg 300w, https:\/\/katolicka-gimnazija.hr\/wp-content\/uploads\/2016\/10\/DSC_2141-768x512.jpg 768w, https:\/\/katolicka-gimnazija.hr\/wp-content\/uploads\/2016\/10\/DSC_2141-1024x683.jpg 1024w, https:\/\/katolicka-gimnazija.hr\/wp-content\/uploads\/2016\/10\/DSC_2141-360x240.jpg 360w, https:\/\/katolicka-gimnazija.hr\/wp-content\/uploads\/2016\/10\/DSC_2141-750x500.jpg 750w, https:\/\/katolicka-gimnazija.hr\/wp-content\/uploads\/2016\/10\/DSC_2141-400x267.jpg 400w, https:\/\/katolicka-gimnazija.hr\/wp-content\/uploads\/2016\/10\/DSC_2141-430x287.jpg 430w, https:\/\/katolicka-gimnazija.hr\/wp-content\/uploads\/2016\/10\/DSC_2141-150x100.jpg 150w, https:\/\/katolicka-gimnazija.hr\/wp-content\/uploads\/2016\/10\/DSC_2141-100x67.jpg 100w, https:\/\/katolicka-gimnazija.hr\/wp-content\/uploads\/2016\/10\/DSC_2141.jpg 1500w\" sizes=\"auto, (max-width: 300px) 100vw, 300px\" \/><\/a>\n\t\t\t<\/div><\/figure><figure class='gallery-item'>\n\t\t\t<div class='gallery-icon landscape'>\n\t\t\t\t<a href='https:\/\/katolicka-gimnazija.hr\/wp-content\/uploads\/2016\/10\/DSC_2139.jpg'><img loading=\"lazy\" decoding=\"async\" width=\"300\" height=\"200\" src=\"https:\/\/katolicka-gimnazija.hr\/wp-content\/uploads\/2016\/10\/DSC_2139-300x200.jpg\" class=\"attachment-medium size-medium\" alt=\"\" srcset=\"https:\/\/katolicka-gimnazija.hr\/wp-content\/uploads\/2016\/10\/DSC_2139-300x200.jpg 300w, https:\/\/katolicka-gimnazija.hr\/wp-content\/uploads\/2016\/10\/DSC_2139-768x512.jpg 768w, https:\/\/katolicka-gimnazija.hr\/wp-content\/uploads\/2016\/10\/DSC_2139-1024x683.jpg 1024w, https:\/\/katolicka-gimnazija.hr\/wp-content\/uploads\/2016\/10\/DSC_2139-360x240.jpg 360w, https:\/\/katolicka-gimnazija.hr\/wp-content\/uploads\/2016\/10\/DSC_2139-750x500.jpg 750w, https:\/\/katolicka-gimnazija.hr\/wp-content\/uploads\/2016\/10\/DSC_2139-400x267.jpg 400w, https:\/\/katolicka-gimnazija.hr\/wp-content\/uploads\/2016\/10\/DSC_2139-430x287.jpg 430w, https:\/\/katolicka-gimnazija.hr\/wp-content\/uploads\/2016\/10\/DSC_2139-150x100.jpg 150w, https:\/\/katolicka-gimnazija.hr\/wp-content\/uploads\/2016\/10\/DSC_2139-100x67.jpg 100w, https:\/\/katolicka-gimnazija.hr\/wp-content\/uploads\/2016\/10\/DSC_2139.jpg 1500w\" sizes=\"auto, (max-width: 300px) 100vw, 300px\" \/><\/a>\n\t\t\t<\/div><\/figure><figure class='gallery-item'>\n\t\t\t<div class='gallery-icon landscape'>\n\t\t\t\t<a href='https:\/\/katolicka-gimnazija.hr\/wp-content\/uploads\/2016\/10\/DSC_2138.jpg'><img loading=\"lazy\" decoding=\"async\" width=\"300\" height=\"200\" src=\"https:\/\/katolicka-gimnazija.hr\/wp-content\/uploads\/2016\/10\/DSC_2138-300x200.jpg\" class=\"attachment-medium size-medium\" alt=\"\" srcset=\"https:\/\/katolicka-gimnazija.hr\/wp-content\/uploads\/2016\/10\/DSC_2138-300x200.jpg 300w, https:\/\/katolicka-gimnazija.hr\/wp-content\/uploads\/2016\/10\/DSC_2138-768x512.jpg 768w, https:\/\/katolicka-gimnazija.hr\/wp-content\/uploads\/2016\/10\/DSC_2138-1024x683.jpg 1024w, https:\/\/katolicka-gimnazija.hr\/wp-content\/uploads\/2016\/10\/DSC_2138-360x240.jpg 360w, https:\/\/katolicka-gimnazija.hr\/wp-content\/uploads\/2016\/10\/DSC_2138-750x500.jpg 750w, https:\/\/katolicka-gimnazija.hr\/wp-content\/uploads\/2016\/10\/DSC_2138-400x267.jpg 400w, https:\/\/katolicka-gimnazija.hr\/wp-content\/uploads\/2016\/10\/DSC_2138-430x287.jpg 430w, https:\/\/katolicka-gimnazija.hr\/wp-content\/uploads\/2016\/10\/DSC_2138-150x100.jpg 150w, https:\/\/katolicka-gimnazija.hr\/wp-content\/uploads\/2016\/10\/DSC_2138-100x67.jpg 100w, https:\/\/katolicka-gimnazija.hr\/wp-content\/uploads\/2016\/10\/DSC_2138.jpg 1500w\" sizes=\"auto, (max-width: 300px) 100vw, 300px\" \/><\/a>\n\t\t\t<\/div><\/figure><figure class='gallery-item'>\n\t\t\t<div class='gallery-icon landscape'>\n\t\t\t\t<a href='https:\/\/katolicka-gimnazija.hr\/wp-content\/uploads\/2016\/10\/DSC_2133.jpg'><img loading=\"lazy\" decoding=\"async\" width=\"300\" height=\"200\" src=\"https:\/\/katolicka-gimnazija.hr\/wp-content\/uploads\/2016\/10\/DSC_2133-300x200.jpg\" class=\"attachment-medium size-medium\" alt=\"\" srcset=\"https:\/\/katolicka-gimnazija.hr\/wp-content\/uploads\/2016\/10\/DSC_2133-300x200.jpg 300w, https:\/\/katolicka-gimnazija.hr\/wp-content\/uploads\/2016\/10\/DSC_2133-768x512.jpg 768w, https:\/\/katolicka-gimnazija.hr\/wp-content\/uploads\/2016\/10\/DSC_2133-1024x683.jpg 1024w, https:\/\/katolicka-gimnazija.hr\/wp-content\/uploads\/2016\/10\/DSC_2133-360x240.jpg 360w, https:\/\/katolicka-gimnazija.hr\/wp-content\/uploads\/2016\/10\/DSC_2133-750x500.jpg 750w, https:\/\/katolicka-gimnazija.hr\/wp-content\/uploads\/2016\/10\/DSC_2133-400x267.jpg 400w, https:\/\/katolicka-gimnazija.hr\/wp-content\/uploads\/2016\/10\/DSC_2133-430x287.jpg 430w, https:\/\/katolicka-gimnazija.hr\/wp-content\/uploads\/2016\/10\/DSC_2133-150x100.jpg 150w, https:\/\/katolicka-gimnazija.hr\/wp-content\/uploads\/2016\/10\/DSC_2133-100x67.jpg 100w, https:\/\/katolicka-gimnazija.hr\/wp-content\/uploads\/2016\/10\/DSC_2133.jpg 1500w\" sizes=\"auto, (max-width: 300px) 100vw, 300px\" \/><\/a>\n\t\t\t<\/div><\/figure><figure class='gallery-item'>\n\t\t\t<div class='gallery-icon landscape'>\n\t\t\t\t<a href='https:\/\/katolicka-gimnazija.hr\/wp-content\/uploads\/2016\/10\/DSC_2137.jpg'><img loading=\"lazy\" decoding=\"async\" width=\"300\" height=\"200\" src=\"https:\/\/katolicka-gimnazija.hr\/wp-content\/uploads\/2016\/10\/DSC_2137-300x200.jpg\" class=\"attachment-medium size-medium\" alt=\"\" srcset=\"https:\/\/katolicka-gimnazija.hr\/wp-content\/uploads\/2016\/10\/DSC_2137-300x200.jpg 300w, https:\/\/katolicka-gimnazija.hr\/wp-content\/uploads\/2016\/10\/DSC_2137-768x512.jpg 768w, https:\/\/katolicka-gimnazija.hr\/wp-content\/uploads\/2016\/10\/DSC_2137-1024x683.jpg 1024w, https:\/\/katolicka-gimnazija.hr\/wp-content\/uploads\/2016\/10\/DSC_2137-360x240.jpg 360w, https:\/\/katolicka-gimnazija.hr\/wp-content\/uploads\/2016\/10\/DSC_2137-750x500.jpg 750w, https:\/\/katolicka-gimnazija.hr\/wp-content\/uploads\/2016\/10\/DSC_2137-400x267.jpg 400w, https:\/\/katolicka-gimnazija.hr\/wp-content\/uploads\/2016\/10\/DSC_2137-430x287.jpg 430w, https:\/\/katolicka-gimnazija.hr\/wp-content\/uploads\/2016\/10\/DSC_2137-150x100.jpg 150w, https:\/\/katolicka-gimnazija.hr\/wp-content\/uploads\/2016\/10\/DSC_2137-100x67.jpg 100w, https:\/\/katolicka-gimnazija.hr\/wp-content\/uploads\/2016\/10\/DSC_2137.jpg 1500w\" sizes=\"auto, (max-width: 300px) 100vw, 300px\" \/><\/a>\n\t\t\t<\/div><\/figure>\n\t\t<\/div>\n\n<\/div>\n<p>Foto: Terezija Novi\u0107, 4.b <\/p>\n","protected":false},"excerpt":{"rendered":"<p>KOLIKO JE SAMO LJUDI ZAPO\u010cELO NOVU ERU U SVOM \u017dIVOTU PRO\u010cITAV\u0160I KNJIGU! Henry David Thoreau Ovaj su ponedjeljak u\u010denici 1.a razreda, zajedno sa svojom profesoricom Marijanom \u0106orlukom, posjetili Gradsku knji\u017enicu i \u010ditaonicu u Po\u017eegi. Posjet i obilazak predlo\u017een je jer se smatra da mladi ne \u010ditaju dovoljno, a tijekom \u0161kolovanje \u010desto \u0107e morati posje\u0107ivati knji\u017enicu [&hellip;]<\/p>\n","protected":false},"author":1,"featured_media":7376,"comment_status":"closed","ping_status":"closed","sticky":false,"template":"","format":"standard","meta":{"footnotes":""},"categories":[4,2],"tags":[],"class_list":["post-7367","post","type-post","status-publish","format-standard","has-post-thumbnail","hentry","category-fotogalerije","category-vijesti"],"_links":{"self":[{"href":"https:\/\/katolicka-gimnazija.hr\/index.php\/wp-json\/wp\/v2\/posts\/7367","targetHints":{"allow":["GET"]}}],"collection":[{"href":"https:\/\/katolicka-gimnazija.hr\/index.php\/wp-json\/wp\/v2\/posts"}],"about":[{"href":"https:\/\/katolicka-gimnazija.hr\/index.php\/wp-json\/wp\/v2\/types\/post"}],"author":[{"embeddable":true,"href":"https:\/\/katolicka-gimnazija.hr\/index.php\/wp-json\/wp\/v2\/users\/1"}],"replies":[{"embeddable":true,"href":"https:\/\/katolicka-gimnazija.hr\/index.php\/wp-json\/wp\/v2\/comments?post=7367"}],"version-history":[{"count":2,"href":"https:\/\/katolicka-gimnazija.hr\/index.php\/wp-json\/wp\/v2\/posts\/7367\/revisions"}],"predecessor-version":[{"id":14974,"href":"https:\/\/katolicka-gimnazija.hr\/index.php\/wp-json\/wp\/v2\/posts\/7367\/revisions\/14974"}],"wp:featuredmedia":[{"embeddable":true,"href":"https:\/\/katolicka-gimnazija.hr\/index.php\/wp-json\/wp\/v2\/media\/7376"}],"wp:attachment":[{"href":"https:\/\/katolicka-gimnazija.hr\/index.php\/wp-json\/wp\/v2\/media?parent=7367"}],"wp:term":[{"taxonomy":"category","embeddable":true,"href":"https:\/\/katolicka-gimnazija.hr\/index.php\/wp-json\/wp\/v2\/categories?post=7367"},{"taxonomy":"post_tag","embeddable":true,"href":"https:\/\/katolicka-gimnazija.hr\/index.php\/wp-json\/wp\/v2\/tags?post=7367"}],"curies":[{"name":"wp","href":"https:\/\/api.w.org\/{rel}","templated":true}]}}