{"id":7578,"date":"2016-11-11T14:35:17","date_gmt":"2016-11-11T14:35:17","guid":{"rendered":"http:\/\/katolicka-gimnazija.hr\/?p=7578"},"modified":"2018-12-28T14:10:32","modified_gmt":"2018-12-28T14:10:32","slug":"strucni-izlet-u-zagreb","status":"publish","type":"post","link":"https:\/\/katolicka-gimnazija.hr\/index.php\/2016\/11\/11\/strucni-izlet-u-zagreb\/","title":{"rendered":"Stru\u010dni izlet u Zagreb"},"content":{"rendered":"<p class=\"Standard\" style=\"text-align: justify; text-justify: inter-ideograph; line-height: 150%;\"><a href=\"http:\/\/katolicka-gimnazija.hr\/wp-content\/uploads\/2016\/11\/15032152_1350245514994515_3818524028234749711_n.jpg\"><img loading=\"lazy\" decoding=\"async\" class=\"alignright wp-image-7584\" src=\"http:\/\/katolicka-gimnazija.hr\/wp-content\/uploads\/2016\/11\/15032152_1350245514994515_3818524028234749711_n-300x225.jpg\" alt=\"15032152_1350245514994515_3818524028234749711_n\" width=\"240\" height=\"180\" srcset=\"https:\/\/katolicka-gimnazija.hr\/wp-content\/uploads\/2016\/11\/15032152_1350245514994515_3818524028234749711_n-300x225.jpg 300w, https:\/\/katolicka-gimnazija.hr\/wp-content\/uploads\/2016\/11\/15032152_1350245514994515_3818524028234749711_n-768x576.jpg 768w, https:\/\/katolicka-gimnazija.hr\/wp-content\/uploads\/2016\/11\/15032152_1350245514994515_3818524028234749711_n-360x270.jpg 360w, https:\/\/katolicka-gimnazija.hr\/wp-content\/uploads\/2016\/11\/15032152_1350245514994515_3818524028234749711_n-750x563.jpg 750w, https:\/\/katolicka-gimnazija.hr\/wp-content\/uploads\/2016\/11\/15032152_1350245514994515_3818524028234749711_n-400x300.jpg 400w, https:\/\/katolicka-gimnazija.hr\/wp-content\/uploads\/2016\/11\/15032152_1350245514994515_3818524028234749711_n-430x323.jpg 430w, https:\/\/katolicka-gimnazija.hr\/wp-content\/uploads\/2016\/11\/15032152_1350245514994515_3818524028234749711_n-150x113.jpg 150w, https:\/\/katolicka-gimnazija.hr\/wp-content\/uploads\/2016\/11\/15032152_1350245514994515_3818524028234749711_n-100x75.jpg 100w, https:\/\/katolicka-gimnazija.hr\/wp-content\/uploads\/2016\/11\/15032152_1350245514994515_3818524028234749711_n.jpg 960w\" sizes=\"auto, (max-width: 240px) 100vw, 240px\" \/><\/a>U \u010detvrtak 10. studenog na\u0161a je \u0161kola imala nenastavni dan jer su u\u010denici i profesori i\u0161li na tradicionalni stru\u010dni izlet u Zagreb. Prvi, drugi i tre\u0107i razredi najprije su posjetili Zagreba\u010dki velesajam na kojem su posjetili Sajam knjiga od milja zvani Interliber koji organizira Zajednica nakladnika i knji\u017eara Hrvatske. U isto vrijeme su se odr\u017eavali sajam inovacija INOVA te Sajam multimedije REBOOT INFOGAMER. Nakon toga drugi i tre\u0107i razredi posjetili su izlo\u017ebu u Umjetni\u010dkom paviljonu pod nazivom &#8220;Portreti sada\u0161njosti&#8221;, poznatiju kao &#8220;Tanki ljudi&#8221;. Autor te izlo\u017ebe je Alberto Giacometti koji se smatra jednim od najve\u0107ih kipara 20. st. Me\u0111u izlo\u017eenim eksponatima nalazi se skulptura pod imenom &#8220;\u010covjek koji hoda&#8221; koja dr\u017ei prvo mjesto na ljestvici najskupljih skulptura.<\/p>\n<p class=\"Textbody\" style=\"text-align: justify; text-justify: inter-ideograph; line-height: 150%;\"><a href=\"http:\/\/katolicka-gimnazija.hr\/wp-content\/uploads\/2016\/11\/15045383_10210900037721200_1862244985_o.jpg\"><img loading=\"lazy\" decoding=\"async\" class=\"alignleft wp-image-7580 size-medium\" src=\"http:\/\/katolicka-gimnazija.hr\/wp-content\/uploads\/2016\/11\/15045383_10210900037721200_1862244985_o-300x225.jpg\" alt=\"15045383_10210900037721200_1862244985_o\" width=\"300\" height=\"225\" srcset=\"https:\/\/katolicka-gimnazija.hr\/wp-content\/uploads\/2016\/11\/15045383_10210900037721200_1862244985_o-300x225.jpg 300w, https:\/\/katolicka-gimnazija.hr\/wp-content\/uploads\/2016\/11\/15045383_10210900037721200_1862244985_o-768x576.jpg 768w, https:\/\/katolicka-gimnazija.hr\/wp-content\/uploads\/2016\/11\/15045383_10210900037721200_1862244985_o-1024x768.jpg 1024w, https:\/\/katolicka-gimnazija.hr\/wp-content\/uploads\/2016\/11\/15045383_10210900037721200_1862244985_o-360x270.jpg 360w, https:\/\/katolicka-gimnazija.hr\/wp-content\/uploads\/2016\/11\/15045383_10210900037721200_1862244985_o-750x563.jpg 750w, https:\/\/katolicka-gimnazija.hr\/wp-content\/uploads\/2016\/11\/15045383_10210900037721200_1862244985_o-400x300.jpg 400w, https:\/\/katolicka-gimnazija.hr\/wp-content\/uploads\/2016\/11\/15045383_10210900037721200_1862244985_o-430x323.jpg 430w, https:\/\/katolicka-gimnazija.hr\/wp-content\/uploads\/2016\/11\/15045383_10210900037721200_1862244985_o-150x113.jpg 150w, https:\/\/katolicka-gimnazija.hr\/wp-content\/uploads\/2016\/11\/15045383_10210900037721200_1862244985_o-100x75.jpg 100w, https:\/\/katolicka-gimnazija.hr\/wp-content\/uploads\/2016\/11\/15045383_10210900037721200_1862244985_o.jpg 1280w\" sizes=\"auto, (max-width: 300px) 100vw, 300px\" \/><\/a>Maturanti su tradicionalno imali druk\u010diju organizaciju svoga dijela stru\u010dne ekskurzije. Oni su najprije posjetili Krapinu gdje su obi\u0161li Muzej krapinskih neandertalaca, koji se nalazi nedaleko od brda Hu\u0161njakova, mjesta pronalaska hrvatskoga neandertalca. Uz mnoge nagrade, ovaj muzej je 2012. godine nominiran za Europski muzej godine, a 2015. dobio je svjetsku oznaku &#8220;Certificate of exell<a href=\"http:\/\/katolicka-gimnazija.hr\/wp-content\/uploads\/2016\/11\/15058011_1166426953422919_1465111257_n.jpg\"><img loading=\"lazy\" decoding=\"async\" class=\"wp-image-7582 alignright\" src=\"http:\/\/katolicka-gimnazija.hr\/wp-content\/uploads\/2016\/11\/15058011_1166426953422919_1465111257_n-300x225.jpg\" alt=\"15058011_1166426953422919_1465111257_n\" width=\"271\" height=\"203\" srcset=\"https:\/\/katolicka-gimnazija.hr\/wp-content\/uploads\/2016\/11\/15058011_1166426953422919_1465111257_n-300x225.jpg 300w, https:\/\/katolicka-gimnazija.hr\/wp-content\/uploads\/2016\/11\/15058011_1166426953422919_1465111257_n-360x270.jpg 360w, https:\/\/katolicka-gimnazija.hr\/wp-content\/uploads\/2016\/11\/15058011_1166426953422919_1465111257_n-400x300.jpg 400w, https:\/\/katolicka-gimnazija.hr\/wp-content\/uploads\/2016\/11\/15058011_1166426953422919_1465111257_n-430x323.jpg 430w, https:\/\/katolicka-gimnazija.hr\/wp-content\/uploads\/2016\/11\/15058011_1166426953422919_1465111257_n-150x113.jpg 150w, https:\/\/katolicka-gimnazija.hr\/wp-content\/uploads\/2016\/11\/15058011_1166426953422919_1465111257_n-100x75.jpg 100w, https:\/\/katolicka-gimnazija.hr\/wp-content\/uploads\/2016\/11\/15058011_1166426953422919_1465111257_n.jpg 744w\" sizes=\"auto, (max-width: 271px) 100vw, 271px\" \/><\/a>ence 2015 winner&#8221; (Certifikat izvrsnosti 2015). Nakon edukativnog obilaska maturanti su se uputili u Zagreb do Hrvatskog katoli\u010dkog sveu\u010dili\u0161ta gdje su ih do\u010dekali prof. Stipe Ledi\u0107, asistent na katedri za povijest, Snje\u017eana Mali\u0161a, profesorica na katedri za komunikologiju te biv\u0161a u\u010denica na\u0161e \u0161kole i studentica povijesti Ivona Valenta. Svoj posjet su zapo\u010deli u kapelici zgrade Sveu\u010dili\u0161ta gdje ih je do\u010dekao i kratko im se obratio duhovnik vl\u010d. Odilon Singbo. Ovo sveu\u010dili\u0161te se nalazi u Ilici u kompleksu biv\u0161e vojarne \u201ePetar Zrinski\u201c, a osnovano je 2006. godine. Sveu\u010dili\u0161te nudi pet studijskih programa, a to su povijest, sestrinstvo, komunikologija, sociologija i psihologija. Doma\u0107ini su maturante proveli glavnom zgradom svoga kompleksa te im prikazali kratki film o \u017eivotu Sveu\u010dili\u0161ta nakon \u010dega su se maturanti imali priliku okrijepiti uz vo\u0107e i sok koje su im, tako\u0111er, priredili doma\u0107ini.<\/p>\n<p class=\"Textbody\" style=\"text-align: justify; text-justify: inter-ideograph; line-height: 150%;\"><a href=\"http:\/\/katolicka-gimnazija.hr\/wp-content\/uploads\/2016\/11\/gavella-umisljeni-bolesnik-anja-sovagovic-enes-vejzovic-barbara-nola-100.jpg\"><img loading=\"lazy\" decoding=\"async\" class=\"wp-image-7585 size-medium alignleft\" src=\"http:\/\/katolicka-gimnazija.hr\/wp-content\/uploads\/2016\/11\/gavella-umisljeni-bolesnik-anja-sovagovic-enes-vejzovic-barbara-nola-100-300x176.jpg\" alt=\"gavella-umisljeni-bolesnik-anja-sovagovic-enes-vejzovic-barbara-nola-100\" width=\"300\" height=\"176\" srcset=\"https:\/\/katolicka-gimnazija.hr\/wp-content\/uploads\/2016\/11\/gavella-umisljeni-bolesnik-anja-sovagovic-enes-vejzovic-barbara-nola-100-300x176.jpg 300w, https:\/\/katolicka-gimnazija.hr\/wp-content\/uploads\/2016\/11\/gavella-umisljeni-bolesnik-anja-sovagovic-enes-vejzovic-barbara-nola-100-360x211.jpg 360w, https:\/\/katolicka-gimnazija.hr\/wp-content\/uploads\/2016\/11\/gavella-umisljeni-bolesnik-anja-sovagovic-enes-vejzovic-barbara-nola-100-400x235.jpg 400w, https:\/\/katolicka-gimnazija.hr\/wp-content\/uploads\/2016\/11\/gavella-umisljeni-bolesnik-anja-sovagovic-enes-vejzovic-barbara-nola-100-430x252.jpg 430w, https:\/\/katolicka-gimnazija.hr\/wp-content\/uploads\/2016\/11\/gavella-umisljeni-bolesnik-anja-sovagovic-enes-vejzovic-barbara-nola-100-150x88.jpg 150w, https:\/\/katolicka-gimnazija.hr\/wp-content\/uploads\/2016\/11\/gavella-umisljeni-bolesnik-anja-sovagovic-enes-vejzovic-barbara-nola-100-100x59.jpg 100w, https:\/\/katolicka-gimnazija.hr\/wp-content\/uploads\/2016\/11\/gavella-umisljeni-bolesnik-anja-sovagovic-enes-vejzovic-barbara-nola-100.jpg 648w\" sizes=\"auto, (max-width: 300px) 100vw, 300px\" \/><\/a>Nakon svih obilazaka i slobodnog vremena svi su se u\u010denici i djelatnici ponovno na\u0161li ispred Gradskog kazali\u0161ta Gavella gdje su gledali komediju-balet\u00a0&#8220;Umi\u0161ljeni bolesnik&#8221;, posljednje djelo najve\u0107eg francuskog komediografa Jeana Baptistea Molierea. Nakon ugodno provedenog dana u Zgrebu krenuli smo ku\u0107ama kamo smo se vratili u kasnim satima.<\/p>\n<p class=\"Textbody\" style=\"text-align: justify; text-justify: inter-ideograph; line-height: 150%;\">\n","protected":false},"excerpt":{"rendered":"<p>U \u010detvrtak 10. studenog na\u0161a je \u0161kola imala nenastavni dan jer su u\u010denici i profesori i\u0161li na tradicionalni stru\u010dni izlet u Zagreb. Prvi, drugi i tre\u0107i razredi najprije su posjetili Zagreba\u010dki velesajam na kojem su posjetili Sajam knjiga od milja zvani Interliber koji organizira Zajednica nakladnika i knji\u017eara Hrvatske. U isto vrijeme su se odr\u017eavali [&hellip;]<\/p>\n","protected":false},"author":36,"featured_media":7581,"comment_status":"closed","ping_status":"closed","sticky":false,"template":"","format":"standard","meta":{"footnotes":""},"categories":[2],"tags":[],"class_list":["post-7578","post","type-post","status-publish","format-standard","has-post-thumbnail","hentry","category-vijesti"],"_links":{"self":[{"href":"https:\/\/katolicka-gimnazija.hr\/index.php\/wp-json\/wp\/v2\/posts\/7578","targetHints":{"allow":["GET"]}}],"collection":[{"href":"https:\/\/katolicka-gimnazija.hr\/index.php\/wp-json\/wp\/v2\/posts"}],"about":[{"href":"https:\/\/katolicka-gimnazija.hr\/index.php\/wp-json\/wp\/v2\/types\/post"}],"author":[{"embeddable":true,"href":"https:\/\/katolicka-gimnazija.hr\/index.php\/wp-json\/wp\/v2\/users\/36"}],"replies":[{"embeddable":true,"href":"https:\/\/katolicka-gimnazija.hr\/index.php\/wp-json\/wp\/v2\/comments?post=7578"}],"version-history":[{"count":9,"href":"https:\/\/katolicka-gimnazija.hr\/index.php\/wp-json\/wp\/v2\/posts\/7578\/revisions"}],"predecessor-version":[{"id":14967,"href":"https:\/\/katolicka-gimnazija.hr\/index.php\/wp-json\/wp\/v2\/posts\/7578\/revisions\/14967"}],"wp:featuredmedia":[{"embeddable":true,"href":"https:\/\/katolicka-gimnazija.hr\/index.php\/wp-json\/wp\/v2\/media\/7581"}],"wp:attachment":[{"href":"https:\/\/katolicka-gimnazija.hr\/index.php\/wp-json\/wp\/v2\/media?parent=7578"}],"wp:term":[{"taxonomy":"category","embeddable":true,"href":"https:\/\/katolicka-gimnazija.hr\/index.php\/wp-json\/wp\/v2\/categories?post=7578"},{"taxonomy":"post_tag","embeddable":true,"href":"https:\/\/katolicka-gimnazija.hr\/index.php\/wp-json\/wp\/v2\/tags?post=7578"}],"curies":[{"name":"wp","href":"https:\/\/api.w.org\/{rel}","templated":true}]}}