{"id":7626,"date":"2016-11-17T09:21:46","date_gmt":"2016-11-17T09:21:46","guid":{"rendered":"http:\/\/katolicka-gimnazija.hr\/?p=7626"},"modified":"2018-12-28T14:09:11","modified_gmt":"2018-12-28T14:09:11","slug":"krugovci-u-dubrovniku","status":"publish","type":"post","link":"https:\/\/katolicka-gimnazija.hr\/index.php\/2016\/11\/17\/krugovci-u-dubrovniku\/","title":{"rendered":"krugovci u dubrovniku"},"content":{"rendered":"<p>Od 20. do 23. listopada 2016. krugovci su proveli predivan vikend u Dubrovniku. Radi se o dugogodi\u0161njoj suradnji Po\u017eege i Dubrovnika, to\u010dnije 11 godina, koja je nastala kao rezultat razmjene iskustava i rada na zajedni\u010dkim projektima gimnazija. Svake druge godine Dubrov\u010dani dolaze u Po\u017eegu, a ove godine mi smo posjetili njih. Sudjelovali smo na DUFF-u (Dubrovnik film festival) te na radionici u sklopu festivala. U slobodno vrijeme pro\u0161etali smo Dubrova\u010dkim zidinama, obi\u0161li crkve, samostane i pitoreskne klaustre. Izlet na Lokrum bio je vi\u0161estruko interesantan jer osim obilaska otoka, dru\u017eenja sa ze\u010devima i paunima koji slobodno \u0161etaju cijelim otokom, posjeta Muzeju koji na interaktivna na\u010din pri\u010da legendu o prokletstvu otoka, ve\u0107ina krugovaca se okupala u moru.\u00a0 Dragocjenost ovoga dru\u017eenja svakako su nova prijateljstva i dogovor: \u201eVidimo se dogodine u Po\u017eegi!\u201c<\/p>\n<div id='gallery-1' class='gallery galleryid-7626 gallery-columns-3 gallery-size-medium'><figure class='gallery-item'>\n\t\t\t<div class='gallery-icon landscape'>\n\t\t\t\t<a href='https:\/\/katolicka-gimnazija.hr\/wp-content\/uploads\/2016\/11\/14855959_1334548159897584_672944379573802186_o.jpg'><img loading=\"lazy\" decoding=\"async\" width=\"300\" height=\"170\" src=\"https:\/\/katolicka-gimnazija.hr\/wp-content\/uploads\/2016\/11\/14855959_1334548159897584_672944379573802186_o-300x170.jpg\" class=\"attachment-medium size-medium\" alt=\"\" srcset=\"https:\/\/katolicka-gimnazija.hr\/wp-content\/uploads\/2016\/11\/14855959_1334548159897584_672944379573802186_o-300x170.jpg 300w, https:\/\/katolicka-gimnazija.hr\/wp-content\/uploads\/2016\/11\/14855959_1334548159897584_672944379573802186_o-768x434.jpg 768w, https:\/\/katolicka-gimnazija.hr\/wp-content\/uploads\/2016\/11\/14855959_1334548159897584_672944379573802186_o-1024x579.jpg 1024w, https:\/\/katolicka-gimnazija.hr\/wp-content\/uploads\/2016\/11\/14855959_1334548159897584_672944379573802186_o-360x204.jpg 360w, https:\/\/katolicka-gimnazija.hr\/wp-content\/uploads\/2016\/11\/14855959_1334548159897584_672944379573802186_o-750x424.jpg 750w, https:\/\/katolicka-gimnazija.hr\/wp-content\/uploads\/2016\/11\/14855959_1334548159897584_672944379573802186_o-400x226.jpg 400w, https:\/\/katolicka-gimnazija.hr\/wp-content\/uploads\/2016\/11\/14855959_1334548159897584_672944379573802186_o-430x243.jpg 430w, https:\/\/katolicka-gimnazija.hr\/wp-content\/uploads\/2016\/11\/14855959_1334548159897584_672944379573802186_o-150x85.jpg 150w, https:\/\/katolicka-gimnazija.hr\/wp-content\/uploads\/2016\/11\/14855959_1334548159897584_672944379573802186_o-100x57.jpg 100w, https:\/\/katolicka-gimnazija.hr\/wp-content\/uploads\/2016\/11\/14855959_1334548159897584_672944379573802186_o.jpg 1395w\" sizes=\"auto, (max-width: 300px) 100vw, 300px\" \/><\/a>\n\t\t\t<\/div><\/figure><figure class='gallery-item'>\n\t\t\t<div class='gallery-icon portrait'>\n\t\t\t\t<a href='https:\/\/katolicka-gimnazija.hr\/wp-content\/uploads\/2016\/11\/14718861_1334548103230923_3010292787665849426_n.jpg'><img loading=\"lazy\" decoding=\"async\" width=\"169\" height=\"300\" src=\"https:\/\/katolicka-gimnazija.hr\/wp-content\/uploads\/2016\/11\/14718861_1334548103230923_3010292787665849426_n-169x300.jpg\" class=\"attachment-medium size-medium\" alt=\"\" srcset=\"https:\/\/katolicka-gimnazija.hr\/wp-content\/uploads\/2016\/11\/14718861_1334548103230923_3010292787665849426_n-169x300.jpg 169w, https:\/\/katolicka-gimnazija.hr\/wp-content\/uploads\/2016\/11\/14718861_1334548103230923_3010292787665849426_n-360x640.jpg 360w, https:\/\/katolicka-gimnazija.hr\/wp-content\/uploads\/2016\/11\/14718861_1334548103230923_3010292787665849426_n-400x711.jpg 400w, https:\/\/katolicka-gimnazija.hr\/wp-content\/uploads\/2016\/11\/14718861_1334548103230923_3010292787665849426_n-430x764.jpg 430w, https:\/\/katolicka-gimnazija.hr\/wp-content\/uploads\/2016\/11\/14718861_1334548103230923_3010292787665849426_n-150x267.jpg 150w, https:\/\/katolicka-gimnazija.hr\/wp-content\/uploads\/2016\/11\/14718861_1334548103230923_3010292787665849426_n-100x178.jpg 100w, https:\/\/katolicka-gimnazija.hr\/wp-content\/uploads\/2016\/11\/14718861_1334548103230923_3010292787665849426_n.jpg 540w\" sizes=\"auto, (max-width: 169px) 100vw, 169px\" \/><\/a>\n\t\t\t<\/div><\/figure><figure class='gallery-item'>\n\t\t\t<div class='gallery-icon landscape'>\n\t\t\t\t<a href='https:\/\/katolicka-gimnazija.hr\/wp-content\/uploads\/2016\/11\/14853257_1334547233231010_7922200581523026467_o.jpg'><img loading=\"lazy\" decoding=\"async\" width=\"300\" height=\"200\" src=\"https:\/\/katolicka-gimnazija.hr\/wp-content\/uploads\/2016\/11\/14853257_1334547233231010_7922200581523026467_o-300x200.jpg\" class=\"attachment-medium size-medium\" alt=\"\" srcset=\"https:\/\/katolicka-gimnazija.hr\/wp-content\/uploads\/2016\/11\/14853257_1334547233231010_7922200581523026467_o-300x200.jpg 300w, https:\/\/katolicka-gimnazija.hr\/wp-content\/uploads\/2016\/11\/14853257_1334547233231010_7922200581523026467_o-768x512.jpg 768w, https:\/\/katolicka-gimnazija.hr\/wp-content\/uploads\/2016\/11\/14853257_1334547233231010_7922200581523026467_o-1024x683.jpg 1024w, https:\/\/katolicka-gimnazija.hr\/wp-content\/uploads\/2016\/11\/14853257_1334547233231010_7922200581523026467_o-360x240.jpg 360w, https:\/\/katolicka-gimnazija.hr\/wp-content\/uploads\/2016\/11\/14853257_1334547233231010_7922200581523026467_o-750x500.jpg 750w, https:\/\/katolicka-gimnazija.hr\/wp-content\/uploads\/2016\/11\/14853257_1334547233231010_7922200581523026467_o-400x267.jpg 400w, https:\/\/katolicka-gimnazija.hr\/wp-content\/uploads\/2016\/11\/14853257_1334547233231010_7922200581523026467_o-430x287.jpg 430w, https:\/\/katolicka-gimnazija.hr\/wp-content\/uploads\/2016\/11\/14853257_1334547233231010_7922200581523026467_o-150x100.jpg 150w, https:\/\/katolicka-gimnazija.hr\/wp-content\/uploads\/2016\/11\/14853257_1334547233231010_7922200581523026467_o-100x67.jpg 100w, https:\/\/katolicka-gimnazija.hr\/wp-content\/uploads\/2016\/11\/14853257_1334547233231010_7922200581523026467_o.jpg 2048w\" sizes=\"auto, (max-width: 300px) 100vw, 300px\" \/><\/a>\n\t\t\t<\/div><\/figure><figure class='gallery-item'>\n\t\t\t<div class='gallery-icon landscape'>\n\t\t\t\t<a href='https:\/\/katolicka-gimnazija.hr\/wp-content\/uploads\/2016\/11\/14902776_1334547483230985_8972996519871347834_o.jpg'><img loading=\"lazy\" decoding=\"async\" width=\"300\" height=\"170\" src=\"https:\/\/katolicka-gimnazija.hr\/wp-content\/uploads\/2016\/11\/14902776_1334547483230985_8972996519871347834_o-300x170.jpg\" class=\"attachment-medium size-medium\" alt=\"\" srcset=\"https:\/\/katolicka-gimnazija.hr\/wp-content\/uploads\/2016\/11\/14902776_1334547483230985_8972996519871347834_o-300x170.jpg 300w, https:\/\/katolicka-gimnazija.hr\/wp-content\/uploads\/2016\/11\/14902776_1334547483230985_8972996519871347834_o-768x434.jpg 768w, https:\/\/katolicka-gimnazija.hr\/wp-content\/uploads\/2016\/11\/14902776_1334547483230985_8972996519871347834_o-1024x579.jpg 1024w, https:\/\/katolicka-gimnazija.hr\/wp-content\/uploads\/2016\/11\/14902776_1334547483230985_8972996519871347834_o-360x204.jpg 360w, https:\/\/katolicka-gimnazija.hr\/wp-content\/uploads\/2016\/11\/14902776_1334547483230985_8972996519871347834_o-750x424.jpg 750w, https:\/\/katolicka-gimnazija.hr\/wp-content\/uploads\/2016\/11\/14902776_1334547483230985_8972996519871347834_o-400x226.jpg 400w, https:\/\/katolicka-gimnazija.hr\/wp-content\/uploads\/2016\/11\/14902776_1334547483230985_8972996519871347834_o-430x243.jpg 430w, https:\/\/katolicka-gimnazija.hr\/wp-content\/uploads\/2016\/11\/14902776_1334547483230985_8972996519871347834_o-150x85.jpg 150w, https:\/\/katolicka-gimnazija.hr\/wp-content\/uploads\/2016\/11\/14902776_1334547483230985_8972996519871347834_o-100x57.jpg 100w, https:\/\/katolicka-gimnazija.hr\/wp-content\/uploads\/2016\/11\/14902776_1334547483230985_8972996519871347834_o.jpg 1395w\" sizes=\"auto, (max-width: 300px) 100vw, 300px\" \/><\/a>\n\t\t\t<\/div><\/figure><figure class='gallery-item'>\n\t\t\t<div class='gallery-icon portrait'>\n\t\t\t\t<a href='https:\/\/katolicka-gimnazija.hr\/wp-content\/uploads\/2016\/11\/14639815_1334547886564278_3691894131377194015_n.jpg'><img loading=\"lazy\" decoding=\"async\" width=\"200\" height=\"300\" src=\"https:\/\/katolicka-gimnazija.hr\/wp-content\/uploads\/2016\/11\/14639815_1334547886564278_3691894131377194015_n-200x300.jpg\" class=\"attachment-medium size-medium\" alt=\"\" srcset=\"https:\/\/katolicka-gimnazija.hr\/wp-content\/uploads\/2016\/11\/14639815_1334547886564278_3691894131377194015_n-200x300.jpg 200w, https:\/\/katolicka-gimnazija.hr\/wp-content\/uploads\/2016\/11\/14639815_1334547886564278_3691894131377194015_n-360x540.jpg 360w, https:\/\/katolicka-gimnazija.hr\/wp-content\/uploads\/2016\/11\/14639815_1334547886564278_3691894131377194015_n-400x600.jpg 400w, https:\/\/katolicka-gimnazija.hr\/wp-content\/uploads\/2016\/11\/14639815_1334547886564278_3691894131377194015_n-430x645.jpg 430w, https:\/\/katolicka-gimnazija.hr\/wp-content\/uploads\/2016\/11\/14639815_1334547886564278_3691894131377194015_n-150x225.jpg 150w, https:\/\/katolicka-gimnazija.hr\/wp-content\/uploads\/2016\/11\/14639815_1334547886564278_3691894131377194015_n-100x150.jpg 100w, https:\/\/katolicka-gimnazija.hr\/wp-content\/uploads\/2016\/11\/14639815_1334547886564278_3691894131377194015_n.jpg 640w\" sizes=\"auto, (max-width: 200px) 100vw, 200px\" \/><\/a>\n\t\t\t<\/div><\/figure><figure class='gallery-item'>\n\t\t\t<div class='gallery-icon landscape'>\n\t\t\t\t<a href='https:\/\/katolicka-gimnazija.hr\/wp-content\/uploads\/2016\/11\/14889702_1334547723230961_6779474064901497198_o.jpg'><img loading=\"lazy\" decoding=\"async\" width=\"300\" height=\"200\" src=\"https:\/\/katolicka-gimnazija.hr\/wp-content\/uploads\/2016\/11\/14889702_1334547723230961_6779474064901497198_o-300x200.jpg\" class=\"attachment-medium size-medium\" alt=\"\" srcset=\"https:\/\/katolicka-gimnazija.hr\/wp-content\/uploads\/2016\/11\/14889702_1334547723230961_6779474064901497198_o-300x200.jpg 300w, https:\/\/katolicka-gimnazija.hr\/wp-content\/uploads\/2016\/11\/14889702_1334547723230961_6779474064901497198_o-768x512.jpg 768w, https:\/\/katolicka-gimnazija.hr\/wp-content\/uploads\/2016\/11\/14889702_1334547723230961_6779474064901497198_o-1024x683.jpg 1024w, https:\/\/katolicka-gimnazija.hr\/wp-content\/uploads\/2016\/11\/14889702_1334547723230961_6779474064901497198_o-360x240.jpg 360w, https:\/\/katolicka-gimnazija.hr\/wp-content\/uploads\/2016\/11\/14889702_1334547723230961_6779474064901497198_o-750x500.jpg 750w, https:\/\/katolicka-gimnazija.hr\/wp-content\/uploads\/2016\/11\/14889702_1334547723230961_6779474064901497198_o-400x267.jpg 400w, https:\/\/katolicka-gimnazija.hr\/wp-content\/uploads\/2016\/11\/14889702_1334547723230961_6779474064901497198_o-430x287.jpg 430w, https:\/\/katolicka-gimnazija.hr\/wp-content\/uploads\/2016\/11\/14889702_1334547723230961_6779474064901497198_o-150x100.jpg 150w, https:\/\/katolicka-gimnazija.hr\/wp-content\/uploads\/2016\/11\/14889702_1334547723230961_6779474064901497198_o-100x67.jpg 100w, https:\/\/katolicka-gimnazija.hr\/wp-content\/uploads\/2016\/11\/14889702_1334547723230961_6779474064901497198_o.jpg 2048w\" sizes=\"auto, (max-width: 300px) 100vw, 300px\" \/><\/a>\n\t\t\t<\/div><\/figure><figure class='gallery-item'>\n\t\t\t<div class='gallery-icon portrait'>\n\t\t\t\t<a href='https:\/\/katolicka-gimnazija.hr\/wp-content\/uploads\/2016\/11\/14650295_1334548196564247_6119867029716656217_n.jpg'><img loading=\"lazy\" decoding=\"async\" width=\"169\" height=\"300\" src=\"https:\/\/katolicka-gimnazija.hr\/wp-content\/uploads\/2016\/11\/14650295_1334548196564247_6119867029716656217_n-169x300.jpg\" class=\"attachment-medium size-medium\" alt=\"\" srcset=\"https:\/\/katolicka-gimnazija.hr\/wp-content\/uploads\/2016\/11\/14650295_1334548196564247_6119867029716656217_n-169x300.jpg 169w, https:\/\/katolicka-gimnazija.hr\/wp-content\/uploads\/2016\/11\/14650295_1334548196564247_6119867029716656217_n-360x640.jpg 360w, https:\/\/katolicka-gimnazija.hr\/wp-content\/uploads\/2016\/11\/14650295_1334548196564247_6119867029716656217_n-400x711.jpg 400w, https:\/\/katolicka-gimnazija.hr\/wp-content\/uploads\/2016\/11\/14650295_1334548196564247_6119867029716656217_n-430x764.jpg 430w, https:\/\/katolicka-gimnazija.hr\/wp-content\/uploads\/2016\/11\/14650295_1334548196564247_6119867029716656217_n-150x267.jpg 150w, https:\/\/katolicka-gimnazija.hr\/wp-content\/uploads\/2016\/11\/14650295_1334548196564247_6119867029716656217_n-100x178.jpg 100w, https:\/\/katolicka-gimnazija.hr\/wp-content\/uploads\/2016\/11\/14650295_1334548196564247_6119867029716656217_n.jpg 540w\" sizes=\"auto, (max-width: 169px) 100vw, 169px\" \/><\/a>\n\t\t\t<\/div><\/figure><figure class='gallery-item'>\n\t\t\t<div class='gallery-icon landscape'>\n\t\t\t\t<a href='https:\/\/katolicka-gimnazija.hr\/wp-content\/uploads\/2016\/11\/14884670_1334548453230888_8176622746698652936_o.jpg'><img loading=\"lazy\" decoding=\"async\" width=\"300\" height=\"169\" src=\"https:\/\/katolicka-gimnazija.hr\/wp-content\/uploads\/2016\/11\/14884670_1334548453230888_8176622746698652936_o-300x169.jpg\" class=\"attachment-medium size-medium\" alt=\"\" srcset=\"https:\/\/katolicka-gimnazija.hr\/wp-content\/uploads\/2016\/11\/14884670_1334548453230888_8176622746698652936_o-300x169.jpg 300w, https:\/\/katolicka-gimnazija.hr\/wp-content\/uploads\/2016\/11\/14884670_1334548453230888_8176622746698652936_o-768x432.jpg 768w, https:\/\/katolicka-gimnazija.hr\/wp-content\/uploads\/2016\/11\/14884670_1334548453230888_8176622746698652936_o-1024x576.jpg 1024w, https:\/\/katolicka-gimnazija.hr\/wp-content\/uploads\/2016\/11\/14884670_1334548453230888_8176622746698652936_o-360x203.jpg 360w, https:\/\/katolicka-gimnazija.hr\/wp-content\/uploads\/2016\/11\/14884670_1334548453230888_8176622746698652936_o-750x422.jpg 750w, https:\/\/katolicka-gimnazija.hr\/wp-content\/uploads\/2016\/11\/14884670_1334548453230888_8176622746698652936_o-400x225.jpg 400w, https:\/\/katolicka-gimnazija.hr\/wp-content\/uploads\/2016\/11\/14884670_1334548453230888_8176622746698652936_o-430x242.jpg 430w, https:\/\/katolicka-gimnazija.hr\/wp-content\/uploads\/2016\/11\/14884670_1334548453230888_8176622746698652936_o-150x84.jpg 150w, https:\/\/katolicka-gimnazija.hr\/wp-content\/uploads\/2016\/11\/14884670_1334548453230888_8176622746698652936_o-100x56.jpg 100w, https:\/\/katolicka-gimnazija.hr\/wp-content\/uploads\/2016\/11\/14884670_1334548453230888_8176622746698652936_o.jpg 2048w\" sizes=\"auto, (max-width: 300px) 100vw, 300px\" \/><\/a>\n\t\t\t<\/div><\/figure><figure class='gallery-item'>\n\t\t\t<div class='gallery-icon landscape'>\n\t\t\t\t<a href='https:\/\/katolicka-gimnazija.hr\/wp-content\/uploads\/2016\/11\/14883611_1334547826564284_6830809767630022156_o.jpg'><img loading=\"lazy\" decoding=\"async\" width=\"300\" height=\"200\" src=\"https:\/\/katolicka-gimnazija.hr\/wp-content\/uploads\/2016\/11\/14883611_1334547826564284_6830809767630022156_o-300x200.jpg\" class=\"attachment-medium size-medium\" alt=\"\" srcset=\"https:\/\/katolicka-gimnazija.hr\/wp-content\/uploads\/2016\/11\/14883611_1334547826564284_6830809767630022156_o-300x200.jpg 300w, https:\/\/katolicka-gimnazija.hr\/wp-content\/uploads\/2016\/11\/14883611_1334547826564284_6830809767630022156_o-768x512.jpg 768w, https:\/\/katolicka-gimnazija.hr\/wp-content\/uploads\/2016\/11\/14883611_1334547826564284_6830809767630022156_o-1024x683.jpg 1024w, https:\/\/katolicka-gimnazija.hr\/wp-content\/uploads\/2016\/11\/14883611_1334547826564284_6830809767630022156_o-360x240.jpg 360w, https:\/\/katolicka-gimnazija.hr\/wp-content\/uploads\/2016\/11\/14883611_1334547826564284_6830809767630022156_o-750x500.jpg 750w, https:\/\/katolicka-gimnazija.hr\/wp-content\/uploads\/2016\/11\/14883611_1334547826564284_6830809767630022156_o-400x267.jpg 400w, https:\/\/katolicka-gimnazija.hr\/wp-content\/uploads\/2016\/11\/14883611_1334547826564284_6830809767630022156_o-430x287.jpg 430w, https:\/\/katolicka-gimnazija.hr\/wp-content\/uploads\/2016\/11\/14883611_1334547826564284_6830809767630022156_o-150x100.jpg 150w, https:\/\/katolicka-gimnazija.hr\/wp-content\/uploads\/2016\/11\/14883611_1334547826564284_6830809767630022156_o-100x67.jpg 100w, https:\/\/katolicka-gimnazija.hr\/wp-content\/uploads\/2016\/11\/14883611_1334547826564284_6830809767630022156_o.jpg 2048w\" sizes=\"auto, (max-width: 300px) 100vw, 300px\" \/><\/a>\n\t\t\t<\/div><\/figure>\n\t\t<\/div>\n\n","protected":false},"excerpt":{"rendered":"<p>Od 20. do 23. listopada 2016. krugovci su proveli predivan vikend u Dubrovniku. Radi se o dugogodi\u0161njoj suradnji Po\u017eege i Dubrovnika, to\u010dnije 11 godina, koja je nastala kao rezultat razmjene iskustava i rada na zajedni\u010dkim projektima gimnazija. Svake druge godine Dubrov\u010dani dolaze u Po\u017eegu, a ove godine mi smo posjetili njih. Sudjelovali smo na DUFF-u [&hellip;]<\/p>\n","protected":false},"author":17,"featured_media":7631,"comment_status":"closed","ping_status":"closed","sticky":false,"template":"","format":"standard","meta":{"footnotes":""},"categories":[4,2],"tags":[],"class_list":["post-7626","post","type-post","status-publish","format-standard","has-post-thumbnail","hentry","category-fotogalerije","category-vijesti"],"_links":{"self":[{"href":"https:\/\/katolicka-gimnazija.hr\/index.php\/wp-json\/wp\/v2\/posts\/7626","targetHints":{"allow":["GET"]}}],"collection":[{"href":"https:\/\/katolicka-gimnazija.hr\/index.php\/wp-json\/wp\/v2\/posts"}],"about":[{"href":"https:\/\/katolicka-gimnazija.hr\/index.php\/wp-json\/wp\/v2\/types\/post"}],"author":[{"embeddable":true,"href":"https:\/\/katolicka-gimnazija.hr\/index.php\/wp-json\/wp\/v2\/users\/17"}],"replies":[{"embeddable":true,"href":"https:\/\/katolicka-gimnazija.hr\/index.php\/wp-json\/wp\/v2\/comments?post=7626"}],"version-history":[{"count":2,"href":"https:\/\/katolicka-gimnazija.hr\/index.php\/wp-json\/wp\/v2\/posts\/7626\/revisions"}],"predecessor-version":[{"id":14961,"href":"https:\/\/katolicka-gimnazija.hr\/index.php\/wp-json\/wp\/v2\/posts\/7626\/revisions\/14961"}],"wp:featuredmedia":[{"embeddable":true,"href":"https:\/\/katolicka-gimnazija.hr\/index.php\/wp-json\/wp\/v2\/media\/7631"}],"wp:attachment":[{"href":"https:\/\/katolicka-gimnazija.hr\/index.php\/wp-json\/wp\/v2\/media?parent=7626"}],"wp:term":[{"taxonomy":"category","embeddable":true,"href":"https:\/\/katolicka-gimnazija.hr\/index.php\/wp-json\/wp\/v2\/categories?post=7626"},{"taxonomy":"post_tag","embeddable":true,"href":"https:\/\/katolicka-gimnazija.hr\/index.php\/wp-json\/wp\/v2\/tags?post=7626"}],"curies":[{"name":"wp","href":"https:\/\/api.w.org\/{rel}","templated":true}]}}