{"id":7673,"date":"2016-11-19T05:47:11","date_gmt":"2016-11-19T05:47:11","guid":{"rendered":"http:\/\/katolicka-gimnazija.hr\/?p=7673"},"modified":"2018-12-28T14:08:45","modified_gmt":"2018-12-28T14:08:45","slug":"medurazredno-natjecanje-na-temu-vukovara","status":"publish","type":"post","link":"https:\/\/katolicka-gimnazija.hr\/index.php\/2016\/11\/19\/medurazredno-natjecanje-na-temu-vukovara\/","title":{"rendered":"Me\u0111urazredno natjecanje na temu Vukovara"},"content":{"rendered":"<p><a href=\"http:\/\/katolicka-gimnazija.hr\/wp-content\/uploads\/2016\/11\/15037186_1359263200759413_4329349245660224048_n.jpg\" rel=\"attachment wp-att-7674\"><img loading=\"lazy\" decoding=\"async\" class=\"alignleft size-medium wp-image-7674\" src=\"http:\/\/katolicka-gimnazija.hr\/wp-content\/uploads\/2016\/11\/15037186_1359263200759413_4329349245660224048_n-300x225.jpg\" alt=\"15037186_1359263200759413_4329349245660224048_n\" width=\"300\" height=\"225\" srcset=\"https:\/\/katolicka-gimnazija.hr\/wp-content\/uploads\/2016\/11\/15037186_1359263200759413_4329349245660224048_n-300x225.jpg 300w, https:\/\/katolicka-gimnazija.hr\/wp-content\/uploads\/2016\/11\/15037186_1359263200759413_4329349245660224048_n-768x576.jpg 768w, https:\/\/katolicka-gimnazija.hr\/wp-content\/uploads\/2016\/11\/15037186_1359263200759413_4329349245660224048_n-360x270.jpg 360w, https:\/\/katolicka-gimnazija.hr\/wp-content\/uploads\/2016\/11\/15037186_1359263200759413_4329349245660224048_n-750x563.jpg 750w, https:\/\/katolicka-gimnazija.hr\/wp-content\/uploads\/2016\/11\/15037186_1359263200759413_4329349245660224048_n-400x300.jpg 400w, https:\/\/katolicka-gimnazija.hr\/wp-content\/uploads\/2016\/11\/15037186_1359263200759413_4329349245660224048_n-430x323.jpg 430w, https:\/\/katolicka-gimnazija.hr\/wp-content\/uploads\/2016\/11\/15037186_1359263200759413_4329349245660224048_n-150x113.jpg 150w, https:\/\/katolicka-gimnazija.hr\/wp-content\/uploads\/2016\/11\/15037186_1359263200759413_4329349245660224048_n-100x75.jpg 100w, https:\/\/katolicka-gimnazija.hr\/wp-content\/uploads\/2016\/11\/15037186_1359263200759413_4329349245660224048_n.jpg 960w\" sizes=\"auto, (max-width: 300px) 100vw, 300px\" \/><\/a>Kako bi obilje\u017eili Dan sje\u0107anja na \u017ertvu Vukovara na\u0161a \u0161kola je organizirala natjecanje kojim je htjela podsjetit i ukazati na va\u017enost Domovinskog rata odnosno \u017ertava koji su dali svoje \u017eivote za Hrvatsku.<\/p>\n<p>Svaki razred trebao je osmisliti po jedan pano koji bi ukazivao na 18. studeni, dan kada je Vukovar pao u ruke neprijatelja. Svi su se razredi potrudili te su na panoima prevladavali motivi Vodotornja, bijelih golubica te hrvatske zastave. Budu\u0107i da su svi radovi odli\u010dno napravljeni, \u017eiriju je trebalo dosta vremena da se odlu\u010di oko pobjednika. \u017diri su \u010dinili profesorica Marina Mati\u0107, profesor Frano Bari\u0161i\u0107 te profesor Mario Ragu\u017e. Na kraju su se odlu\u010dili da pobjedu zaslu\u017euje 1.a razred. Tako\u0111er, me\u0111u prva tri mjesta nalazili su se jo\u0161 3.b (2. mjesto) te 2.b (3. mjesto).<\/p>\n<p>Na\u0161a \u0161kola je obilje\u017eavanjem ovoga spomendana pokazala da cijeni \u017ertve Domovinskoga rata te da u\u010denici suosje\u0107aju sa svima koji su u na\u0161oj bli\u017eoj pro\u0161losti stradali bore\u0107i se za na\u0161u slobodnu budu\u0107nost. <\/p>\n","protected":false},"excerpt":{"rendered":"<p>Kako bi obilje\u017eili Dan sje\u0107anja na \u017ertvu Vukovara na\u0161a \u0161kola je organizirala natjecanje kojim je htjela podsjetit i ukazati na va\u017enost Domovinskog rata odnosno \u017ertava koji su dali svoje \u017eivote za Hrvatsku. Svaki razred trebao je osmisliti po jedan pano koji bi ukazivao na 18. studeni, dan kada je Vukovar pao u ruke neprijatelja. Svi [&hellip;]<\/p>\n","protected":false},"author":1,"featured_media":7674,"comment_status":"closed","ping_status":"closed","sticky":false,"template":"","format":"standard","meta":{"footnotes":""},"categories":[2],"tags":[],"class_list":["post-7673","post","type-post","status-publish","format-standard","has-post-thumbnail","hentry","category-vijesti"],"_links":{"self":[{"href":"https:\/\/katolicka-gimnazija.hr\/index.php\/wp-json\/wp\/v2\/posts\/7673","targetHints":{"allow":["GET"]}}],"collection":[{"href":"https:\/\/katolicka-gimnazija.hr\/index.php\/wp-json\/wp\/v2\/posts"}],"about":[{"href":"https:\/\/katolicka-gimnazija.hr\/index.php\/wp-json\/wp\/v2\/types\/post"}],"author":[{"embeddable":true,"href":"https:\/\/katolicka-gimnazija.hr\/index.php\/wp-json\/wp\/v2\/users\/1"}],"replies":[{"embeddable":true,"href":"https:\/\/katolicka-gimnazija.hr\/index.php\/wp-json\/wp\/v2\/comments?post=7673"}],"version-history":[{"count":2,"href":"https:\/\/katolicka-gimnazija.hr\/index.php\/wp-json\/wp\/v2\/posts\/7673\/revisions"}],"predecessor-version":[{"id":14958,"href":"https:\/\/katolicka-gimnazija.hr\/index.php\/wp-json\/wp\/v2\/posts\/7673\/revisions\/14958"}],"wp:featuredmedia":[{"embeddable":true,"href":"https:\/\/katolicka-gimnazija.hr\/index.php\/wp-json\/wp\/v2\/media\/7674"}],"wp:attachment":[{"href":"https:\/\/katolicka-gimnazija.hr\/index.php\/wp-json\/wp\/v2\/media?parent=7673"}],"wp:term":[{"taxonomy":"category","embeddable":true,"href":"https:\/\/katolicka-gimnazija.hr\/index.php\/wp-json\/wp\/v2\/categories?post=7673"},{"taxonomy":"post_tag","embeddable":true,"href":"https:\/\/katolicka-gimnazija.hr\/index.php\/wp-json\/wp\/v2\/tags?post=7673"}],"curies":[{"name":"wp","href":"https:\/\/api.w.org\/{rel}","templated":true}]}}