{"id":7726,"date":"2016-11-21T08:27:08","date_gmt":"2016-11-21T08:27:08","guid":{"rendered":"http:\/\/katolicka-gimnazija.hr\/?p=7726"},"modified":"2018-12-28T14:08:35","modified_gmt":"2018-12-28T14:08:35","slug":"erazmus-pred-vratima-nase-skole","status":"publish","type":"post","link":"https:\/\/katolicka-gimnazija.hr\/index.php\/2016\/11\/21\/erazmus-pred-vratima-nase-skole\/","title":{"rendered":"Erazmus pred vratima na\u0161e \u0161kole"},"content":{"rendered":"<p><a href=\"http:\/\/katolicka-gimnazija.hr\/wp-content\/uploads\/2016\/11\/DSC_3182.jpg\"><img loading=\"lazy\" decoding=\"async\" class=\"alignleft wp-image-7700 size-medium\" src=\"http:\/\/katolicka-gimnazija.hr\/wp-content\/uploads\/2016\/11\/DSC_3182-300x200.jpg\" alt=\"dsc_3182\" width=\"300\" height=\"200\" srcset=\"https:\/\/katolicka-gimnazija.hr\/wp-content\/uploads\/2016\/11\/DSC_3182-300x200.jpg 300w, https:\/\/katolicka-gimnazija.hr\/wp-content\/uploads\/2016\/11\/DSC_3182-768x512.jpg 768w, https:\/\/katolicka-gimnazija.hr\/wp-content\/uploads\/2016\/11\/DSC_3182-1024x683.jpg 1024w, https:\/\/katolicka-gimnazija.hr\/wp-content\/uploads\/2016\/11\/DSC_3182-360x240.jpg 360w, https:\/\/katolicka-gimnazija.hr\/wp-content\/uploads\/2016\/11\/DSC_3182-750x500.jpg 750w, https:\/\/katolicka-gimnazija.hr\/wp-content\/uploads\/2016\/11\/DSC_3182-400x267.jpg 400w, https:\/\/katolicka-gimnazija.hr\/wp-content\/uploads\/2016\/11\/DSC_3182-430x287.jpg 430w, https:\/\/katolicka-gimnazija.hr\/wp-content\/uploads\/2016\/11\/DSC_3182-150x100.jpg 150w, https:\/\/katolicka-gimnazija.hr\/wp-content\/uploads\/2016\/11\/DSC_3182-100x67.jpg 100w, https:\/\/katolicka-gimnazija.hr\/wp-content\/uploads\/2016\/11\/DSC_3182.jpg 1500w\" sizes=\"auto, (max-width: 300px) 100vw, 300px\" \/><\/a>Nakon mnogih projekata u kojima je ove godine sudjelovala i na\u0161a \u0161kola, dopao nas je jo\u0161 jedan, no posve druga\u010diji \u2013 \u201eudomiti Amerikance\u201c. Rije\u010d je o me\u0111unarodnoj razmjeni srednjo\u0161kolaca u organizaciji Rotary cluba, a u Hrvatskoj tu du\u017enost preuzima Rotary District 1913.<\/p>\n<p>Kakva su to uop\u0107e Rotary udru\u017eenja? Rotary je me\u0111unarodno udru\u017eenje osoba iz stru\u010dnog i poslovnog \u017eivota koje se posve\u0107uje humanim ciljevima, cijene i promi\u010du visoka eti\u010dka na\u010dela u poslovnom i privatnom \u017eivotu te \u0161ire dobru volju i razumijevanje u svijetu. Nadalje, Rotary International podrazumijeva svjetsku organizacijsku strukturu (klubove i distrikte u svim dijelovima svijeta, te centralu u Evanstonu, IL, USA). Rotary District 1913 je dobrovoljna, samostalna i neprofitna udruga Rotary klubova na podru\u010dju Republike Hrvatske, koji su ujedno \u010dlanovi Rotary Internationala. Nalazi se u Zagrebu, Osijeku, Vara\u017edinu, Velikoj Gorici i Puli gdje su smje\u0161teni i u\u010denici na razmjeni koji dolaze s podru\u010dja SAD-a, Taiwana i Kanade.<\/p>\n<p><a href=\"http:\/\/katolicka-gimnazija.hr\/wp-content\/uploads\/2016\/11\/15128529_1817363985143713_607220067_n.jpg\"><img loading=\"lazy\" decoding=\"async\" class=\"alignright wp-image-7727 size-medium\" src=\"http:\/\/katolicka-gimnazija.hr\/wp-content\/uploads\/2016\/11\/15128529_1817363985143713_607220067_n-300x225.jpg\" alt=\"15128529_1817363985143713_607220067_n\" width=\"300\" height=\"225\" srcset=\"https:\/\/katolicka-gimnazija.hr\/wp-content\/uploads\/2016\/11\/15128529_1817363985143713_607220067_n-300x225.jpg 300w, https:\/\/katolicka-gimnazija.hr\/wp-content\/uploads\/2016\/11\/15128529_1817363985143713_607220067_n-768x576.jpg 768w, https:\/\/katolicka-gimnazija.hr\/wp-content\/uploads\/2016\/11\/15128529_1817363985143713_607220067_n-360x270.jpg 360w, https:\/\/katolicka-gimnazija.hr\/wp-content\/uploads\/2016\/11\/15128529_1817363985143713_607220067_n-750x563.jpg 750w, https:\/\/katolicka-gimnazija.hr\/wp-content\/uploads\/2016\/11\/15128529_1817363985143713_607220067_n-400x300.jpg 400w, https:\/\/katolicka-gimnazija.hr\/wp-content\/uploads\/2016\/11\/15128529_1817363985143713_607220067_n-430x323.jpg 430w, https:\/\/katolicka-gimnazija.hr\/wp-content\/uploads\/2016\/11\/15128529_1817363985143713_607220067_n-150x113.jpg 150w, https:\/\/katolicka-gimnazija.hr\/wp-content\/uploads\/2016\/11\/15128529_1817363985143713_607220067_n-100x75.jpg 100w, https:\/\/katolicka-gimnazija.hr\/wp-content\/uploads\/2016\/11\/15128529_1817363985143713_607220067_n.jpg 800w\" sizes=\"auto, (max-width: 300px) 100vw, 300px\" \/><\/a>U\u010denicima koji zadovoljavaju uvjete razmjene ponu\u0111eno je vi\u0161e dr\u017eava u kojima im je omogu\u0107ena razmjena, a oni odabiru pet najprivla\u010dnijih te odlaze u jednu od njih. Tako je petnaest njih kao najprivla\u010dniju odabralo ba\u0161 Hrvatsku. Ovdje su od 25. kolovoza 2016. godine, a zadnji termin za odlazak je 1. srpnja 2017. godine. Cijelu godinu smje\u0161teni su kod udomiteljskih obitelji u ve\u0107 spomenutih pet gradova gdje poha\u0111aju i redovnu nastavu. Svi poha\u0111aju tre\u0107i ili \u010detvrti razred gimnazije, a sva predavanja zbog &#8220;bilingual programa&#8221; slu\u0161aju na engleskom, francuskom ili \u0161panjolskom jeziku. Jedini predmet na hrvatskom jeziku je hrvatski jezik koji ponekad stvara probleme. Tvrde da \u010ditanje ne stvara probleme, no izgovor &#8220;lj&#8221; i &#8220;nj&#8221; te razlikovanje &#8220;\u010d&#8221; i &#8220;\u0107&#8221; stvara pote\u0161ko\u0107e. Najve\u0107e muke zadaju im pade\u017ei koji ne postoje u njihovom materinjem jeziku. Budu\u0107i da cijelu \u0161kolsku godinu poha\u0111aju u Hrvatskoj, povratak u stare \u0161kole zahtijeva ponavljanje cijele godine ili polaganje predmeta te godine prije odlaska na razmjenu.<\/p>\n<p>U \u0161kolu u ve\u0107ini slu\u010dajeva odlaze svih pet radnih dana u tjednu, a izleti su organizirani jednom mjese\u010dno tijekom vikenda. Tako su ovaj vikend osim Po\u017eege posjetili i Slavonski Brod. Osim Hrvatske, obilaze i ostale zemlje Europe, a do sada su posjetili Njema\u010dku, Austriju i \u010ce\u0161ku. Za vrijeme uskrsnih praznika planiran je odlazak u Dubrovnik, a u svibnju obilazak Europe.<\/p>\n<p><a href=\"http:\/\/katolicka-gimnazija.hr\/wp-content\/uploads\/2016\/11\/15135455_1244767698916841_765286911_n.jpg\"><img loading=\"lazy\" decoding=\"async\" class=\"alignleft wp-image-7689 size-medium\" src=\"http:\/\/katolicka-gimnazija.hr\/wp-content\/uploads\/2016\/11\/15135455_1244767698916841_765286911_n-300x225.jpg\" alt=\"15135455_1244767698916841_765286911_n\" width=\"300\" height=\"225\" srcset=\"https:\/\/katolicka-gimnazija.hr\/wp-content\/uploads\/2016\/11\/15135455_1244767698916841_765286911_n-300x225.jpg 300w, https:\/\/katolicka-gimnazija.hr\/wp-content\/uploads\/2016\/11\/15135455_1244767698916841_765286911_n-768x576.jpg 768w, https:\/\/katolicka-gimnazija.hr\/wp-content\/uploads\/2016\/11\/15135455_1244767698916841_765286911_n-1024x768.jpg 1024w, https:\/\/katolicka-gimnazija.hr\/wp-content\/uploads\/2016\/11\/15135455_1244767698916841_765286911_n-360x270.jpg 360w, https:\/\/katolicka-gimnazija.hr\/wp-content\/uploads\/2016\/11\/15135455_1244767698916841_765286911_n-750x563.jpg 750w, https:\/\/katolicka-gimnazija.hr\/wp-content\/uploads\/2016\/11\/15135455_1244767698916841_765286911_n-400x300.jpg 400w, https:\/\/katolicka-gimnazija.hr\/wp-content\/uploads\/2016\/11\/15135455_1244767698916841_765286911_n-430x323.jpg 430w, https:\/\/katolicka-gimnazija.hr\/wp-content\/uploads\/2016\/11\/15135455_1244767698916841_765286911_n-150x113.jpg 150w, https:\/\/katolicka-gimnazija.hr\/wp-content\/uploads\/2016\/11\/15135455_1244767698916841_765286911_n-100x75.jpg 100w, https:\/\/katolicka-gimnazija.hr\/wp-content\/uploads\/2016\/11\/15135455_1244767698916841_765286911_n.jpg 1500w\" sizes=\"auto, (max-width: 300px) 100vw, 300px\" \/><\/a>Hrvatska im se jako svi\u0111a jer za razliku od njihovih zemalja nema uobi\u010dajene u\u017eurbanosti i stresa. Ovdje \u017eive normalnim tempom koji podrazumijeva i \u010de\u0161\u0107e dru\u017eenje i objedovanje s obitelji na \u0161to nisu toliko naviknuti. Posebno im je privla\u010dna i na\u0161a hrana pa smo im mi kao doma\u0107ini poku\u0161ali predstaviti i ponuditi neka od poznatih hrvatskih jela. U ve\u010dernjih satima priu\u0161tili smo im obilazak Po\u017eege \u0161to im je tako\u0111er omogu\u0107eno i sljede\u0107e jutro s prestavnikom Rotary kluba s kojim su posjetili i Dijecezanski muzej. Nakon obilaska i ru\u010dka uputili su se dalje prema Slavonskom Brodu.<\/p>\n<p><a href=\"http:\/\/katolicka-gimnazija.hr\/wp-content\/uploads\/2016\/11\/DSC_3212.jpg\"><img loading=\"lazy\" decoding=\"async\" class=\"alignright wp-image-7715 size-medium\" src=\"http:\/\/katolicka-gimnazija.hr\/wp-content\/uploads\/2016\/11\/DSC_3212-300x200.jpg\" alt=\"dsc_3212\" width=\"300\" height=\"200\" srcset=\"https:\/\/katolicka-gimnazija.hr\/wp-content\/uploads\/2016\/11\/DSC_3212-300x200.jpg 300w, https:\/\/katolicka-gimnazija.hr\/wp-content\/uploads\/2016\/11\/DSC_3212-768x512.jpg 768w, https:\/\/katolicka-gimnazija.hr\/wp-content\/uploads\/2016\/11\/DSC_3212-1024x683.jpg 1024w, https:\/\/katolicka-gimnazija.hr\/wp-content\/uploads\/2016\/11\/DSC_3212-360x240.jpg 360w, https:\/\/katolicka-gimnazija.hr\/wp-content\/uploads\/2016\/11\/DSC_3212-750x500.jpg 750w, https:\/\/katolicka-gimnazija.hr\/wp-content\/uploads\/2016\/11\/DSC_3212-400x267.jpg 400w, https:\/\/katolicka-gimnazija.hr\/wp-content\/uploads\/2016\/11\/DSC_3212-430x287.jpg 430w, https:\/\/katolicka-gimnazija.hr\/wp-content\/uploads\/2016\/11\/DSC_3212-150x100.jpg 150w, https:\/\/katolicka-gimnazija.hr\/wp-content\/uploads\/2016\/11\/DSC_3212-100x67.jpg 100w, https:\/\/katolicka-gimnazija.hr\/wp-content\/uploads\/2016\/11\/DSC_3212.jpg 1500w\" sizes=\"auto, (max-width: 300px) 100vw, 300px\" \/><\/a>Budu\u0107i da se na\u0161a \u0161kola uklju\u010duje u sve vi\u0161e projekata, nakon projekta na So\u010di do\u0161ao je red i na razmjenu u\u010denika. U drugom polugodi\u0161tu planiran je odlazak na\u0161ih u\u010denika u Vipavu u Sloveniju na sedam dana u pratnji profesora Frane Bari\u0161i\u0107a. Cilj je upoznati nove ljude i ste\u0107i jo\u0161 jedno novo iskustvo. Vipavu su 20. studenoga, povodom 25. godi\u0161njice gimnazije te 60. godi\u0161njice sjemeni\u0161ta, posjetili i na\u0161i profeosori Frano Bari\u0161i\u0107, Marijan Paveli\u0107, Ivana Aramba\u0161i\u0107 i ravnatelj Ivan Bedeni\u010di\u0107.<\/p>\n<p>Nakon svega, \u0161kola se zahvaljujuje svima koji su sudjelovali u primanju u\u010denika u svoje domove uklju\u010duju\u0107i u\u010denike i profesoricu Ivanu Aramba\u0161i\u0107 koja je pomogla u organizaciji. Posebne zahvale i Rotary klubu, a napose fra Domagoju i gospodinu Bleizifferu, koji su nam omogu\u0107ili posve novo i zanimljivo iskustvo.<\/p>\n<div id='gallery-1' class='gallery galleryid-7726 gallery-columns-3 gallery-size-medium'><figure class='gallery-item'>\n\t\t\t<div class='gallery-icon portrait'>\n\t\t\t\t<a href='https:\/\/katolicka-gimnazija.hr\/wp-content\/uploads\/2016\/11\/15139728_1476283902400875_716186411_n.jpg'><img loading=\"lazy\" decoding=\"async\" width=\"225\" height=\"300\" src=\"https:\/\/katolicka-gimnazija.hr\/wp-content\/uploads\/2016\/11\/15139728_1476283902400875_716186411_n-225x300.jpg\" class=\"attachment-medium size-medium\" alt=\"\" srcset=\"https:\/\/katolicka-gimnazija.hr\/wp-content\/uploads\/2016\/11\/15139728_1476283902400875_716186411_n-225x300.jpg 225w, https:\/\/katolicka-gimnazija.hr\/wp-content\/uploads\/2016\/11\/15139728_1476283902400875_716186411_n-360x480.jpg 360w, https:\/\/katolicka-gimnazija.hr\/wp-content\/uploads\/2016\/11\/15139728_1476283902400875_716186411_n-400x533.jpg 400w, https:\/\/katolicka-gimnazija.hr\/wp-content\/uploads\/2016\/11\/15139728_1476283902400875_716186411_n-430x573.jpg 430w, https:\/\/katolicka-gimnazija.hr\/wp-content\/uploads\/2016\/11\/15139728_1476283902400875_716186411_n-150x200.jpg 150w, https:\/\/katolicka-gimnazija.hr\/wp-content\/uploads\/2016\/11\/15139728_1476283902400875_716186411_n-100x133.jpg 100w, https:\/\/katolicka-gimnazija.hr\/wp-content\/uploads\/2016\/11\/15139728_1476283902400875_716186411_n.jpg 480w\" sizes=\"auto, (max-width: 225px) 100vw, 225px\" \/><\/a>\n\t\t\t<\/div><\/figure><figure class='gallery-item'>\n\t\t\t<div class='gallery-icon landscape'>\n\t\t\t\t<a href='https:\/\/katolicka-gimnazija.hr\/wp-content\/uploads\/2016\/11\/15135526_1476283905734208_488961734_n.jpg'><img loading=\"lazy\" decoding=\"async\" width=\"300\" height=\"225\" src=\"https:\/\/katolicka-gimnazija.hr\/wp-content\/uploads\/2016\/11\/15135526_1476283905734208_488961734_n-300x225.jpg\" class=\"attachment-medium size-medium\" alt=\"\" srcset=\"https:\/\/katolicka-gimnazija.hr\/wp-content\/uploads\/2016\/11\/15135526_1476283905734208_488961734_n-300x225.jpg 300w, https:\/\/katolicka-gimnazija.hr\/wp-content\/uploads\/2016\/11\/15135526_1476283905734208_488961734_n-360x270.jpg 360w, https:\/\/katolicka-gimnazija.hr\/wp-content\/uploads\/2016\/11\/15135526_1476283905734208_488961734_n-400x300.jpg 400w, https:\/\/katolicka-gimnazija.hr\/wp-content\/uploads\/2016\/11\/15135526_1476283905734208_488961734_n-430x323.jpg 430w, https:\/\/katolicka-gimnazija.hr\/wp-content\/uploads\/2016\/11\/15135526_1476283905734208_488961734_n-150x113.jpg 150w, https:\/\/katolicka-gimnazija.hr\/wp-content\/uploads\/2016\/11\/15135526_1476283905734208_488961734_n-100x75.jpg 100w, https:\/\/katolicka-gimnazija.hr\/wp-content\/uploads\/2016\/11\/15135526_1476283905734208_488961734_n.jpg 640w\" sizes=\"auto, (max-width: 300px) 100vw, 300px\" \/><\/a>\n\t\t\t<\/div><\/figure><figure class='gallery-item'>\n\t\t\t<div class='gallery-icon portrait'>\n\t\t\t\t<a href='https:\/\/katolicka-gimnazija.hr\/wp-content\/uploads\/2016\/11\/15174650_1817363731810405_702532113_n.jpg'><img loading=\"lazy\" decoding=\"async\" width=\"225\" height=\"300\" src=\"https:\/\/katolicka-gimnazija.hr\/wp-content\/uploads\/2016\/11\/15174650_1817363731810405_702532113_n-225x300.jpg\" class=\"attachment-medium size-medium\" alt=\"\" srcset=\"https:\/\/katolicka-gimnazija.hr\/wp-content\/uploads\/2016\/11\/15174650_1817363731810405_702532113_n-225x300.jpg 225w, https:\/\/katolicka-gimnazija.hr\/wp-content\/uploads\/2016\/11\/15174650_1817363731810405_702532113_n-360x480.jpg 360w, https:\/\/katolicka-gimnazija.hr\/wp-content\/uploads\/2016\/11\/15174650_1817363731810405_702532113_n-400x533.jpg 400w, https:\/\/katolicka-gimnazija.hr\/wp-content\/uploads\/2016\/11\/15174650_1817363731810405_702532113_n-430x573.jpg 430w, https:\/\/katolicka-gimnazija.hr\/wp-content\/uploads\/2016\/11\/15174650_1817363731810405_702532113_n-150x200.jpg 150w, https:\/\/katolicka-gimnazija.hr\/wp-content\/uploads\/2016\/11\/15174650_1817363731810405_702532113_n-100x133.jpg 100w, https:\/\/katolicka-gimnazija.hr\/wp-content\/uploads\/2016\/11\/15174650_1817363731810405_702532113_n.jpg 600w\" sizes=\"auto, (max-width: 225px) 100vw, 225px\" \/><\/a>\n\t\t\t<\/div><\/figure><figure class='gallery-item'>\n\t\t\t<div class='gallery-icon portrait'>\n\t\t\t\t<a href='https:\/\/katolicka-gimnazija.hr\/wp-content\/uploads\/2016\/11\/15151496_1817363765143735_962352305_n.jpg'><img loading=\"lazy\" decoding=\"async\" width=\"169\" height=\"300\" src=\"https:\/\/katolicka-gimnazija.hr\/wp-content\/uploads\/2016\/11\/15151496_1817363765143735_962352305_n-169x300.jpg\" class=\"attachment-medium size-medium\" alt=\"\" srcset=\"https:\/\/katolicka-gimnazija.hr\/wp-content\/uploads\/2016\/11\/15151496_1817363765143735_962352305_n-169x300.jpg 169w, https:\/\/katolicka-gimnazija.hr\/wp-content\/uploads\/2016\/11\/15151496_1817363765143735_962352305_n-360x640.jpg 360w, https:\/\/katolicka-gimnazija.hr\/wp-content\/uploads\/2016\/11\/15151496_1817363765143735_962352305_n-400x711.jpg 400w, https:\/\/katolicka-gimnazija.hr\/wp-content\/uploads\/2016\/11\/15151496_1817363765143735_962352305_n-430x764.jpg 430w, https:\/\/katolicka-gimnazija.hr\/wp-content\/uploads\/2016\/11\/15151496_1817363765143735_962352305_n-150x267.jpg 150w, https:\/\/katolicka-gimnazija.hr\/wp-content\/uploads\/2016\/11\/15151496_1817363765143735_962352305_n-100x178.jpg 100w, https:\/\/katolicka-gimnazija.hr\/wp-content\/uploads\/2016\/11\/15151496_1817363765143735_962352305_n.jpg 450w\" sizes=\"auto, (max-width: 169px) 100vw, 169px\" \/><\/a>\n\t\t\t<\/div><\/figure><figure class='gallery-item'>\n\t\t\t<div class='gallery-icon landscape'>\n\t\t\t\t<a href='https:\/\/katolicka-gimnazija.hr\/wp-content\/uploads\/2016\/11\/DSC_3243.jpg'><img loading=\"lazy\" decoding=\"async\" width=\"300\" height=\"200\" src=\"https:\/\/katolicka-gimnazija.hr\/wp-content\/uploads\/2016\/11\/DSC_3243-300x200.jpg\" class=\"attachment-medium size-medium\" alt=\"\" srcset=\"https:\/\/katolicka-gimnazija.hr\/wp-content\/uploads\/2016\/11\/DSC_3243-300x200.jpg 300w, https:\/\/katolicka-gimnazija.hr\/wp-content\/uploads\/2016\/11\/DSC_3243-768x512.jpg 768w, https:\/\/katolicka-gimnazija.hr\/wp-content\/uploads\/2016\/11\/DSC_3243-1024x683.jpg 1024w, https:\/\/katolicka-gimnazija.hr\/wp-content\/uploads\/2016\/11\/DSC_3243-360x240.jpg 360w, https:\/\/katolicka-gimnazija.hr\/wp-content\/uploads\/2016\/11\/DSC_3243-750x500.jpg 750w, https:\/\/katolicka-gimnazija.hr\/wp-content\/uploads\/2016\/11\/DSC_3243-400x267.jpg 400w, https:\/\/katolicka-gimnazija.hr\/wp-content\/uploads\/2016\/11\/DSC_3243-430x287.jpg 430w, https:\/\/katolicka-gimnazija.hr\/wp-content\/uploads\/2016\/11\/DSC_3243-150x100.jpg 150w, https:\/\/katolicka-gimnazija.hr\/wp-content\/uploads\/2016\/11\/DSC_3243-100x67.jpg 100w, https:\/\/katolicka-gimnazija.hr\/wp-content\/uploads\/2016\/11\/DSC_3243.jpg 1500w\" sizes=\"auto, (max-width: 300px) 100vw, 300px\" \/><\/a>\n\t\t\t<\/div><\/figure><figure class='gallery-item'>\n\t\t\t<div class='gallery-icon landscape'>\n\t\t\t\t<a href='https:\/\/katolicka-gimnazija.hr\/wp-content\/uploads\/2016\/11\/15128529_1817363985143713_607220067_n.jpg'><img loading=\"lazy\" decoding=\"async\" width=\"300\" height=\"225\" src=\"https:\/\/katolicka-gimnazija.hr\/wp-content\/uploads\/2016\/11\/15128529_1817363985143713_607220067_n-300x225.jpg\" class=\"attachment-medium size-medium\" alt=\"\" srcset=\"https:\/\/katolicka-gimnazija.hr\/wp-content\/uploads\/2016\/11\/15128529_1817363985143713_607220067_n-300x225.jpg 300w, https:\/\/katolicka-gimnazija.hr\/wp-content\/uploads\/2016\/11\/15128529_1817363985143713_607220067_n-768x576.jpg 768w, https:\/\/katolicka-gimnazija.hr\/wp-content\/uploads\/2016\/11\/15128529_1817363985143713_607220067_n-360x270.jpg 360w, https:\/\/katolicka-gimnazija.hr\/wp-content\/uploads\/2016\/11\/15128529_1817363985143713_607220067_n-750x563.jpg 750w, https:\/\/katolicka-gimnazija.hr\/wp-content\/uploads\/2016\/11\/15128529_1817363985143713_607220067_n-400x300.jpg 400w, https:\/\/katolicka-gimnazija.hr\/wp-content\/uploads\/2016\/11\/15128529_1817363985143713_607220067_n-430x323.jpg 430w, https:\/\/katolicka-gimnazija.hr\/wp-content\/uploads\/2016\/11\/15128529_1817363985143713_607220067_n-150x113.jpg 150w, https:\/\/katolicka-gimnazija.hr\/wp-content\/uploads\/2016\/11\/15128529_1817363985143713_607220067_n-100x75.jpg 100w, https:\/\/katolicka-gimnazija.hr\/wp-content\/uploads\/2016\/11\/15128529_1817363985143713_607220067_n.jpg 800w\" sizes=\"auto, (max-width: 300px) 100vw, 300px\" \/><\/a>\n\t\t\t<\/div><\/figure><figure class='gallery-item'>\n\t\t\t<div class='gallery-icon portrait'>\n\t\t\t\t<a href='https:\/\/katolicka-gimnazija.hr\/wp-content\/uploads\/2016\/11\/15128592_1817364115143700_1429895018_n.jpg'><img loading=\"lazy\" decoding=\"async\" width=\"225\" height=\"300\" src=\"https:\/\/katolicka-gimnazija.hr\/wp-content\/uploads\/2016\/11\/15128592_1817364115143700_1429895018_n-225x300.jpg\" class=\"attachment-medium size-medium\" alt=\"\" srcset=\"https:\/\/katolicka-gimnazija.hr\/wp-content\/uploads\/2016\/11\/15128592_1817364115143700_1429895018_n-225x300.jpg 225w, https:\/\/katolicka-gimnazija.hr\/wp-content\/uploads\/2016\/11\/15128592_1817364115143700_1429895018_n-360x480.jpg 360w, https:\/\/katolicka-gimnazija.hr\/wp-content\/uploads\/2016\/11\/15128592_1817364115143700_1429895018_n-400x533.jpg 400w, https:\/\/katolicka-gimnazija.hr\/wp-content\/uploads\/2016\/11\/15128592_1817364115143700_1429895018_n-430x573.jpg 430w, https:\/\/katolicka-gimnazija.hr\/wp-content\/uploads\/2016\/11\/15128592_1817364115143700_1429895018_n-150x200.jpg 150w, https:\/\/katolicka-gimnazija.hr\/wp-content\/uploads\/2016\/11\/15128592_1817364115143700_1429895018_n-100x133.jpg 100w, https:\/\/katolicka-gimnazija.hr\/wp-content\/uploads\/2016\/11\/15128592_1817364115143700_1429895018_n.jpg 720w\" sizes=\"auto, (max-width: 225px) 100vw, 225px\" \/><\/a>\n\t\t\t<\/div><\/figure><figure class='gallery-item'>\n\t\t\t<div class='gallery-icon portrait'>\n\t\t\t\t<a href='https:\/\/katolicka-gimnazija.hr\/wp-content\/uploads\/2016\/11\/15139477_1817364171810361_248555542_n.jpg'><img loading=\"lazy\" decoding=\"async\" width=\"168\" height=\"300\" src=\"https:\/\/katolicka-gimnazija.hr\/wp-content\/uploads\/2016\/11\/15139477_1817364171810361_248555542_n-168x300.jpg\" class=\"attachment-medium size-medium\" alt=\"\" srcset=\"https:\/\/katolicka-gimnazija.hr\/wp-content\/uploads\/2016\/11\/15139477_1817364171810361_248555542_n-168x300.jpg 168w, https:\/\/katolicka-gimnazija.hr\/wp-content\/uploads\/2016\/11\/15139477_1817364171810361_248555542_n-360x641.jpg 360w, https:\/\/katolicka-gimnazija.hr\/wp-content\/uploads\/2016\/11\/15139477_1817364171810361_248555542_n-400x712.jpg 400w, https:\/\/katolicka-gimnazija.hr\/wp-content\/uploads\/2016\/11\/15139477_1817364171810361_248555542_n-430x766.jpg 430w, https:\/\/katolicka-gimnazija.hr\/wp-content\/uploads\/2016\/11\/15139477_1817364171810361_248555542_n-150x267.jpg 150w, https:\/\/katolicka-gimnazija.hr\/wp-content\/uploads\/2016\/11\/15139477_1817364171810361_248555542_n-100x178.jpg 100w, https:\/\/katolicka-gimnazija.hr\/wp-content\/uploads\/2016\/11\/15139477_1817364171810361_248555542_n.jpg 539w\" sizes=\"auto, (max-width: 168px) 100vw, 168px\" \/><\/a>\n\t\t\t<\/div><\/figure><figure class='gallery-item'>\n\t\t\t<div class='gallery-icon landscape'>\n\t\t\t\t<a href='https:\/\/katolicka-gimnazija.hr\/wp-content\/uploads\/2016\/11\/DSC_3234.jpg'><img loading=\"lazy\" decoding=\"async\" width=\"300\" height=\"200\" src=\"https:\/\/katolicka-gimnazija.hr\/wp-content\/uploads\/2016\/11\/DSC_3234-300x200.jpg\" class=\"attachment-medium size-medium\" alt=\"\" srcset=\"https:\/\/katolicka-gimnazija.hr\/wp-content\/uploads\/2016\/11\/DSC_3234-300x200.jpg 300w, https:\/\/katolicka-gimnazija.hr\/wp-content\/uploads\/2016\/11\/DSC_3234-768x512.jpg 768w, https:\/\/katolicka-gimnazija.hr\/wp-content\/uploads\/2016\/11\/DSC_3234-1024x683.jpg 1024w, https:\/\/katolicka-gimnazija.hr\/wp-content\/uploads\/2016\/11\/DSC_3234-360x240.jpg 360w, https:\/\/katolicka-gimnazija.hr\/wp-content\/uploads\/2016\/11\/DSC_3234-750x500.jpg 750w, https:\/\/katolicka-gimnazija.hr\/wp-content\/uploads\/2016\/11\/DSC_3234-400x267.jpg 400w, https:\/\/katolicka-gimnazija.hr\/wp-content\/uploads\/2016\/11\/DSC_3234-430x287.jpg 430w, https:\/\/katolicka-gimnazija.hr\/wp-content\/uploads\/2016\/11\/DSC_3234-150x100.jpg 150w, https:\/\/katolicka-gimnazija.hr\/wp-content\/uploads\/2016\/11\/DSC_3234-100x67.jpg 100w, https:\/\/katolicka-gimnazija.hr\/wp-content\/uploads\/2016\/11\/DSC_3234.jpg 1500w\" sizes=\"auto, (max-width: 300px) 100vw, 300px\" \/><\/a>\n\t\t\t<\/div><\/figure><figure class='gallery-item'>\n\t\t\t<div class='gallery-icon landscape'>\n\t\t\t\t<a href='https:\/\/katolicka-gimnazija.hr\/wp-content\/uploads\/2016\/11\/DSC_3232.jpg'><img loading=\"lazy\" decoding=\"async\" width=\"300\" height=\"200\" src=\"https:\/\/katolicka-gimnazija.hr\/wp-content\/uploads\/2016\/11\/DSC_3232-300x200.jpg\" class=\"attachment-medium size-medium\" alt=\"\" srcset=\"https:\/\/katolicka-gimnazija.hr\/wp-content\/uploads\/2016\/11\/DSC_3232-300x200.jpg 300w, https:\/\/katolicka-gimnazija.hr\/wp-content\/uploads\/2016\/11\/DSC_3232-768x512.jpg 768w, https:\/\/katolicka-gimnazija.hr\/wp-content\/uploads\/2016\/11\/DSC_3232-1024x683.jpg 1024w, https:\/\/katolicka-gimnazija.hr\/wp-content\/uploads\/2016\/11\/DSC_3232-360x240.jpg 360w, https:\/\/katolicka-gimnazija.hr\/wp-content\/uploads\/2016\/11\/DSC_3232-750x500.jpg 750w, https:\/\/katolicka-gimnazija.hr\/wp-content\/uploads\/2016\/11\/DSC_3232-400x267.jpg 400w, https:\/\/katolicka-gimnazija.hr\/wp-content\/uploads\/2016\/11\/DSC_3232-430x287.jpg 430w, https:\/\/katolicka-gimnazija.hr\/wp-content\/uploads\/2016\/11\/DSC_3232-150x100.jpg 150w, https:\/\/katolicka-gimnazija.hr\/wp-content\/uploads\/2016\/11\/DSC_3232-100x67.jpg 100w, https:\/\/katolicka-gimnazija.hr\/wp-content\/uploads\/2016\/11\/DSC_3232.jpg 1500w\" sizes=\"auto, (max-width: 300px) 100vw, 300px\" \/><\/a>\n\t\t\t<\/div><\/figure><figure class='gallery-item'>\n\t\t\t<div class='gallery-icon landscape'>\n\t\t\t\t<a href='https:\/\/katolicka-gimnazija.hr\/wp-content\/uploads\/2016\/11\/DSC_3231.jpg'><img loading=\"lazy\" decoding=\"async\" width=\"300\" height=\"200\" src=\"https:\/\/katolicka-gimnazija.hr\/wp-content\/uploads\/2016\/11\/DSC_3231-300x200.jpg\" class=\"attachment-medium size-medium\" alt=\"\" srcset=\"https:\/\/katolicka-gimnazija.hr\/wp-content\/uploads\/2016\/11\/DSC_3231-300x200.jpg 300w, https:\/\/katolicka-gimnazija.hr\/wp-content\/uploads\/2016\/11\/DSC_3231-768x512.jpg 768w, https:\/\/katolicka-gimnazija.hr\/wp-content\/uploads\/2016\/11\/DSC_3231-1024x683.jpg 1024w, https:\/\/katolicka-gimnazija.hr\/wp-content\/uploads\/2016\/11\/DSC_3231-360x240.jpg 360w, https:\/\/katolicka-gimnazija.hr\/wp-content\/uploads\/2016\/11\/DSC_3231-750x500.jpg 750w, https:\/\/katolicka-gimnazija.hr\/wp-content\/uploads\/2016\/11\/DSC_3231-400x267.jpg 400w, https:\/\/katolicka-gimnazija.hr\/wp-content\/uploads\/2016\/11\/DSC_3231-430x287.jpg 430w, https:\/\/katolicka-gimnazija.hr\/wp-content\/uploads\/2016\/11\/DSC_3231-150x100.jpg 150w, https:\/\/katolicka-gimnazija.hr\/wp-content\/uploads\/2016\/11\/DSC_3231-100x67.jpg 100w, https:\/\/katolicka-gimnazija.hr\/wp-content\/uploads\/2016\/11\/DSC_3231.jpg 1500w\" sizes=\"auto, (max-width: 300px) 100vw, 300px\" \/><\/a>\n\t\t\t<\/div><\/figure><figure class='gallery-item'>\n\t\t\t<div class='gallery-icon landscape'>\n\t\t\t\t<a href='https:\/\/katolicka-gimnazija.hr\/wp-content\/uploads\/2016\/11\/DSC_3230.jpg'><img loading=\"lazy\" decoding=\"async\" width=\"300\" height=\"200\" src=\"https:\/\/katolicka-gimnazija.hr\/wp-content\/uploads\/2016\/11\/DSC_3230-300x200.jpg\" class=\"attachment-medium size-medium\" alt=\"\" srcset=\"https:\/\/katolicka-gimnazija.hr\/wp-content\/uploads\/2016\/11\/DSC_3230-300x200.jpg 300w, https:\/\/katolicka-gimnazija.hr\/wp-content\/uploads\/2016\/11\/DSC_3230-768x512.jpg 768w, https:\/\/katolicka-gimnazija.hr\/wp-content\/uploads\/2016\/11\/DSC_3230-1024x683.jpg 1024w, https:\/\/katolicka-gimnazija.hr\/wp-content\/uploads\/2016\/11\/DSC_3230-360x240.jpg 360w, https:\/\/katolicka-gimnazija.hr\/wp-content\/uploads\/2016\/11\/DSC_3230-750x500.jpg 750w, https:\/\/katolicka-gimnazija.hr\/wp-content\/uploads\/2016\/11\/DSC_3230-400x267.jpg 400w, https:\/\/katolicka-gimnazija.hr\/wp-content\/uploads\/2016\/11\/DSC_3230-430x287.jpg 430w, https:\/\/katolicka-gimnazija.hr\/wp-content\/uploads\/2016\/11\/DSC_3230-150x100.jpg 150w, https:\/\/katolicka-gimnazija.hr\/wp-content\/uploads\/2016\/11\/DSC_3230-100x67.jpg 100w, https:\/\/katolicka-gimnazija.hr\/wp-content\/uploads\/2016\/11\/DSC_3230.jpg 1500w\" sizes=\"auto, (max-width: 300px) 100vw, 300px\" \/><\/a>\n\t\t\t<\/div><\/figure><figure class='gallery-item'>\n\t\t\t<div class='gallery-icon landscape'>\n\t\t\t\t<a href='https:\/\/katolicka-gimnazija.hr\/wp-content\/uploads\/2016\/11\/DSC_3229.jpg'><img loading=\"lazy\" decoding=\"async\" width=\"300\" height=\"200\" src=\"https:\/\/katolicka-gimnazija.hr\/wp-content\/uploads\/2016\/11\/DSC_3229-300x200.jpg\" class=\"attachment-medium size-medium\" alt=\"\" srcset=\"https:\/\/katolicka-gimnazija.hr\/wp-content\/uploads\/2016\/11\/DSC_3229-300x200.jpg 300w, https:\/\/katolicka-gimnazija.hr\/wp-content\/uploads\/2016\/11\/DSC_3229-768x512.jpg 768w, https:\/\/katolicka-gimnazija.hr\/wp-content\/uploads\/2016\/11\/DSC_3229-1024x683.jpg 1024w, https:\/\/katolicka-gimnazija.hr\/wp-content\/uploads\/2016\/11\/DSC_3229-360x240.jpg 360w, https:\/\/katolicka-gimnazija.hr\/wp-content\/uploads\/2016\/11\/DSC_3229-750x500.jpg 750w, https:\/\/katolicka-gimnazija.hr\/wp-content\/uploads\/2016\/11\/DSC_3229-400x267.jpg 400w, https:\/\/katolicka-gimnazija.hr\/wp-content\/uploads\/2016\/11\/DSC_3229-430x287.jpg 430w, https:\/\/katolicka-gimnazija.hr\/wp-content\/uploads\/2016\/11\/DSC_3229-150x100.jpg 150w, https:\/\/katolicka-gimnazija.hr\/wp-content\/uploads\/2016\/11\/DSC_3229-100x67.jpg 100w, https:\/\/katolicka-gimnazija.hr\/wp-content\/uploads\/2016\/11\/DSC_3229.jpg 1500w\" sizes=\"auto, (max-width: 300px) 100vw, 300px\" \/><\/a>\n\t\t\t<\/div><\/figure><figure class='gallery-item'>\n\t\t\t<div class='gallery-icon landscape'>\n\t\t\t\t<a href='https:\/\/katolicka-gimnazija.hr\/wp-content\/uploads\/2016\/11\/DSC_3218.jpg'><img loading=\"lazy\" decoding=\"async\" width=\"300\" height=\"200\" src=\"https:\/\/katolicka-gimnazija.hr\/wp-content\/uploads\/2016\/11\/DSC_3218-300x200.jpg\" class=\"attachment-medium size-medium\" alt=\"\" srcset=\"https:\/\/katolicka-gimnazija.hr\/wp-content\/uploads\/2016\/11\/DSC_3218-300x200.jpg 300w, https:\/\/katolicka-gimnazija.hr\/wp-content\/uploads\/2016\/11\/DSC_3218-768x512.jpg 768w, https:\/\/katolicka-gimnazija.hr\/wp-content\/uploads\/2016\/11\/DSC_3218-1024x683.jpg 1024w, https:\/\/katolicka-gimnazija.hr\/wp-content\/uploads\/2016\/11\/DSC_3218-360x240.jpg 360w, https:\/\/katolicka-gimnazija.hr\/wp-content\/uploads\/2016\/11\/DSC_3218-750x500.jpg 750w, https:\/\/katolicka-gimnazija.hr\/wp-content\/uploads\/2016\/11\/DSC_3218-400x267.jpg 400w, https:\/\/katolicka-gimnazija.hr\/wp-content\/uploads\/2016\/11\/DSC_3218-430x287.jpg 430w, https:\/\/katolicka-gimnazija.hr\/wp-content\/uploads\/2016\/11\/DSC_3218-150x100.jpg 150w, https:\/\/katolicka-gimnazija.hr\/wp-content\/uploads\/2016\/11\/DSC_3218-100x67.jpg 100w, https:\/\/katolicka-gimnazija.hr\/wp-content\/uploads\/2016\/11\/DSC_3218.jpg 1500w\" sizes=\"auto, (max-width: 300px) 100vw, 300px\" \/><\/a>\n\t\t\t<\/div><\/figure><figure class='gallery-item'>\n\t\t\t<div class='gallery-icon landscape'>\n\t\t\t\t<a href='https:\/\/katolicka-gimnazija.hr\/wp-content\/uploads\/2016\/11\/DSC_3212.jpg'><img loading=\"lazy\" decoding=\"async\" width=\"300\" height=\"200\" src=\"https:\/\/katolicka-gimnazija.hr\/wp-content\/uploads\/2016\/11\/DSC_3212-300x200.jpg\" class=\"attachment-medium size-medium\" alt=\"\" srcset=\"https:\/\/katolicka-gimnazija.hr\/wp-content\/uploads\/2016\/11\/DSC_3212-300x200.jpg 300w, https:\/\/katolicka-gimnazija.hr\/wp-content\/uploads\/2016\/11\/DSC_3212-768x512.jpg 768w, https:\/\/katolicka-gimnazija.hr\/wp-content\/uploads\/2016\/11\/DSC_3212-1024x683.jpg 1024w, https:\/\/katolicka-gimnazija.hr\/wp-content\/uploads\/2016\/11\/DSC_3212-360x240.jpg 360w, https:\/\/katolicka-gimnazija.hr\/wp-content\/uploads\/2016\/11\/DSC_3212-750x500.jpg 750w, https:\/\/katolicka-gimnazija.hr\/wp-content\/uploads\/2016\/11\/DSC_3212-400x267.jpg 400w, https:\/\/katolicka-gimnazija.hr\/wp-content\/uploads\/2016\/11\/DSC_3212-430x287.jpg 430w, https:\/\/katolicka-gimnazija.hr\/wp-content\/uploads\/2016\/11\/DSC_3212-150x100.jpg 150w, https:\/\/katolicka-gimnazija.hr\/wp-content\/uploads\/2016\/11\/DSC_3212-100x67.jpg 100w, https:\/\/katolicka-gimnazija.hr\/wp-content\/uploads\/2016\/11\/DSC_3212.jpg 1500w\" sizes=\"auto, (max-width: 300px) 100vw, 300px\" \/><\/a>\n\t\t\t<\/div><\/figure><figure class='gallery-item'>\n\t\t\t<div class='gallery-icon landscape'>\n\t\t\t\t<a href='https:\/\/katolicka-gimnazija.hr\/wp-content\/uploads\/2016\/11\/DSC_3203.jpg'><img loading=\"lazy\" decoding=\"async\" width=\"300\" height=\"200\" src=\"https:\/\/katolicka-gimnazija.hr\/wp-content\/uploads\/2016\/11\/DSC_3203-300x200.jpg\" class=\"attachment-medium size-medium\" alt=\"\" srcset=\"https:\/\/katolicka-gimnazija.hr\/wp-content\/uploads\/2016\/11\/DSC_3203-300x200.jpg 300w, https:\/\/katolicka-gimnazija.hr\/wp-content\/uploads\/2016\/11\/DSC_3203-768x512.jpg 768w, https:\/\/katolicka-gimnazija.hr\/wp-content\/uploads\/2016\/11\/DSC_3203-1024x683.jpg 1024w, https:\/\/katolicka-gimnazija.hr\/wp-content\/uploads\/2016\/11\/DSC_3203-360x240.jpg 360w, https:\/\/katolicka-gimnazija.hr\/wp-content\/uploads\/2016\/11\/DSC_3203-750x500.jpg 750w, https:\/\/katolicka-gimnazija.hr\/wp-content\/uploads\/2016\/11\/DSC_3203-400x267.jpg 400w, https:\/\/katolicka-gimnazija.hr\/wp-content\/uploads\/2016\/11\/DSC_3203-430x287.jpg 430w, https:\/\/katolicka-gimnazija.hr\/wp-content\/uploads\/2016\/11\/DSC_3203-150x100.jpg 150w, https:\/\/katolicka-gimnazija.hr\/wp-content\/uploads\/2016\/11\/DSC_3203-100x67.jpg 100w, https:\/\/katolicka-gimnazija.hr\/wp-content\/uploads\/2016\/11\/DSC_3203.jpg 1500w\" sizes=\"auto, (max-width: 300px) 100vw, 300px\" \/><\/a>\n\t\t\t<\/div><\/figure><figure class='gallery-item'>\n\t\t\t<div class='gallery-icon landscape'>\n\t\t\t\t<a href='https:\/\/katolicka-gimnazija.hr\/wp-content\/uploads\/2016\/11\/DSC_3205.jpg'><img loading=\"lazy\" decoding=\"async\" width=\"300\" height=\"200\" src=\"https:\/\/katolicka-gimnazija.hr\/wp-content\/uploads\/2016\/11\/DSC_3205-300x200.jpg\" class=\"attachment-medium size-medium\" alt=\"\" srcset=\"https:\/\/katolicka-gimnazija.hr\/wp-content\/uploads\/2016\/11\/DSC_3205-300x200.jpg 300w, https:\/\/katolicka-gimnazija.hr\/wp-content\/uploads\/2016\/11\/DSC_3205-768x512.jpg 768w, https:\/\/katolicka-gimnazija.hr\/wp-content\/uploads\/2016\/11\/DSC_3205-1024x683.jpg 1024w, https:\/\/katolicka-gimnazija.hr\/wp-content\/uploads\/2016\/11\/DSC_3205-360x240.jpg 360w, https:\/\/katolicka-gimnazija.hr\/wp-content\/uploads\/2016\/11\/DSC_3205-750x500.jpg 750w, https:\/\/katolicka-gimnazija.hr\/wp-content\/uploads\/2016\/11\/DSC_3205-400x267.jpg 400w, https:\/\/katolicka-gimnazija.hr\/wp-content\/uploads\/2016\/11\/DSC_3205-430x287.jpg 430w, https:\/\/katolicka-gimnazija.hr\/wp-content\/uploads\/2016\/11\/DSC_3205-150x100.jpg 150w, https:\/\/katolicka-gimnazija.hr\/wp-content\/uploads\/2016\/11\/DSC_3205-100x67.jpg 100w, https:\/\/katolicka-gimnazija.hr\/wp-content\/uploads\/2016\/11\/DSC_3205.jpg 1500w\" sizes=\"auto, (max-width: 300px) 100vw, 300px\" \/><\/a>\n\t\t\t<\/div><\/figure><figure class='gallery-item'>\n\t\t\t<div class='gallery-icon landscape'>\n\t\t\t\t<a href='https:\/\/katolicka-gimnazija.hr\/wp-content\/uploads\/2016\/11\/DSC_3208.jpg'><img loading=\"lazy\" decoding=\"async\" width=\"300\" height=\"200\" src=\"https:\/\/katolicka-gimnazija.hr\/wp-content\/uploads\/2016\/11\/DSC_3208-300x200.jpg\" class=\"attachment-medium size-medium\" alt=\"\" srcset=\"https:\/\/katolicka-gimnazija.hr\/wp-content\/uploads\/2016\/11\/DSC_3208-300x200.jpg 300w, https:\/\/katolicka-gimnazija.hr\/wp-content\/uploads\/2016\/11\/DSC_3208-768x512.jpg 768w, https:\/\/katolicka-gimnazija.hr\/wp-content\/uploads\/2016\/11\/DSC_3208-1024x683.jpg 1024w, https:\/\/katolicka-gimnazija.hr\/wp-content\/uploads\/2016\/11\/DSC_3208-360x240.jpg 360w, https:\/\/katolicka-gimnazija.hr\/wp-content\/uploads\/2016\/11\/DSC_3208-750x500.jpg 750w, https:\/\/katolicka-gimnazija.hr\/wp-content\/uploads\/2016\/11\/DSC_3208-400x267.jpg 400w, https:\/\/katolicka-gimnazija.hr\/wp-content\/uploads\/2016\/11\/DSC_3208-430x287.jpg 430w, https:\/\/katolicka-gimnazija.hr\/wp-content\/uploads\/2016\/11\/DSC_3208-150x100.jpg 150w, https:\/\/katolicka-gimnazija.hr\/wp-content\/uploads\/2016\/11\/DSC_3208-100x67.jpg 100w, https:\/\/katolicka-gimnazija.hr\/wp-content\/uploads\/2016\/11\/DSC_3208.jpg 1500w\" sizes=\"auto, (max-width: 300px) 100vw, 300px\" \/><\/a>\n\t\t\t<\/div><\/figure><figure class='gallery-item'>\n\t\t\t<div class='gallery-icon landscape'>\n\t\t\t\t<a href='https:\/\/katolicka-gimnazija.hr\/wp-content\/uploads\/2016\/11\/DSC_3211.jpg'><img loading=\"lazy\" decoding=\"async\" width=\"300\" height=\"200\" src=\"https:\/\/katolicka-gimnazija.hr\/wp-content\/uploads\/2016\/11\/DSC_3211-300x200.jpg\" class=\"attachment-medium size-medium\" alt=\"\" srcset=\"https:\/\/katolicka-gimnazija.hr\/wp-content\/uploads\/2016\/11\/DSC_3211-300x200.jpg 300w, https:\/\/katolicka-gimnazija.hr\/wp-content\/uploads\/2016\/11\/DSC_3211-768x512.jpg 768w, https:\/\/katolicka-gimnazija.hr\/wp-content\/uploads\/2016\/11\/DSC_3211-1024x683.jpg 1024w, https:\/\/katolicka-gimnazija.hr\/wp-content\/uploads\/2016\/11\/DSC_3211-360x240.jpg 360w, https:\/\/katolicka-gimnazija.hr\/wp-content\/uploads\/2016\/11\/DSC_3211-750x500.jpg 750w, https:\/\/katolicka-gimnazija.hr\/wp-content\/uploads\/2016\/11\/DSC_3211-400x267.jpg 400w, https:\/\/katolicka-gimnazija.hr\/wp-content\/uploads\/2016\/11\/DSC_3211-430x287.jpg 430w, https:\/\/katolicka-gimnazija.hr\/wp-content\/uploads\/2016\/11\/DSC_3211-150x100.jpg 150w, https:\/\/katolicka-gimnazija.hr\/wp-content\/uploads\/2016\/11\/DSC_3211-100x67.jpg 100w, https:\/\/katolicka-gimnazija.hr\/wp-content\/uploads\/2016\/11\/DSC_3211.jpg 1500w\" sizes=\"auto, (max-width: 300px) 100vw, 300px\" \/><\/a>\n\t\t\t<\/div><\/figure><figure class='gallery-item'>\n\t\t\t<div class='gallery-icon landscape'>\n\t\t\t\t<a href='https:\/\/katolicka-gimnazija.hr\/wp-content\/uploads\/2016\/11\/DSC_3199.jpg'><img loading=\"lazy\" decoding=\"async\" width=\"300\" height=\"200\" src=\"https:\/\/katolicka-gimnazija.hr\/wp-content\/uploads\/2016\/11\/DSC_3199-300x200.jpg\" class=\"attachment-medium size-medium\" alt=\"\" srcset=\"https:\/\/katolicka-gimnazija.hr\/wp-content\/uploads\/2016\/11\/DSC_3199-300x200.jpg 300w, https:\/\/katolicka-gimnazija.hr\/wp-content\/uploads\/2016\/11\/DSC_3199-768x512.jpg 768w, https:\/\/katolicka-gimnazija.hr\/wp-content\/uploads\/2016\/11\/DSC_3199-1024x683.jpg 1024w, https:\/\/katolicka-gimnazija.hr\/wp-content\/uploads\/2016\/11\/DSC_3199-360x240.jpg 360w, https:\/\/katolicka-gimnazija.hr\/wp-content\/uploads\/2016\/11\/DSC_3199-750x500.jpg 750w, https:\/\/katolicka-gimnazija.hr\/wp-content\/uploads\/2016\/11\/DSC_3199-400x267.jpg 400w, https:\/\/katolicka-gimnazija.hr\/wp-content\/uploads\/2016\/11\/DSC_3199-430x287.jpg 430w, https:\/\/katolicka-gimnazija.hr\/wp-content\/uploads\/2016\/11\/DSC_3199-150x100.jpg 150w, https:\/\/katolicka-gimnazija.hr\/wp-content\/uploads\/2016\/11\/DSC_3199-100x67.jpg 100w, https:\/\/katolicka-gimnazija.hr\/wp-content\/uploads\/2016\/11\/DSC_3199.jpg 1500w\" sizes=\"auto, (max-width: 300px) 100vw, 300px\" \/><\/a>\n\t\t\t<\/div><\/figure><figure class='gallery-item'>\n\t\t\t<div class='gallery-icon landscape'>\n\t\t\t\t<a href='https:\/\/katolicka-gimnazija.hr\/wp-content\/uploads\/2016\/11\/DSC_3191.jpg'><img loading=\"lazy\" decoding=\"async\" width=\"300\" height=\"200\" src=\"https:\/\/katolicka-gimnazija.hr\/wp-content\/uploads\/2016\/11\/DSC_3191-300x200.jpg\" class=\"attachment-medium size-medium\" alt=\"\" srcset=\"https:\/\/katolicka-gimnazija.hr\/wp-content\/uploads\/2016\/11\/DSC_3191-300x200.jpg 300w, https:\/\/katolicka-gimnazija.hr\/wp-content\/uploads\/2016\/11\/DSC_3191-768x512.jpg 768w, https:\/\/katolicka-gimnazija.hr\/wp-content\/uploads\/2016\/11\/DSC_3191-1024x683.jpg 1024w, https:\/\/katolicka-gimnazija.hr\/wp-content\/uploads\/2016\/11\/DSC_3191-360x240.jpg 360w, https:\/\/katolicka-gimnazija.hr\/wp-content\/uploads\/2016\/11\/DSC_3191-750x500.jpg 750w, https:\/\/katolicka-gimnazija.hr\/wp-content\/uploads\/2016\/11\/DSC_3191-400x267.jpg 400w, https:\/\/katolicka-gimnazija.hr\/wp-content\/uploads\/2016\/11\/DSC_3191-430x287.jpg 430w, https:\/\/katolicka-gimnazija.hr\/wp-content\/uploads\/2016\/11\/DSC_3191-150x100.jpg 150w, https:\/\/katolicka-gimnazija.hr\/wp-content\/uploads\/2016\/11\/DSC_3191-100x67.jpg 100w, https:\/\/katolicka-gimnazija.hr\/wp-content\/uploads\/2016\/11\/DSC_3191.jpg 1500w\" sizes=\"auto, (max-width: 300px) 100vw, 300px\" \/><\/a>\n\t\t\t<\/div><\/figure><figure class='gallery-item'>\n\t\t\t<div class='gallery-icon landscape'>\n\t\t\t\t<a href='https:\/\/katolicka-gimnazija.hr\/wp-content\/uploads\/2016\/11\/DSC_3192.jpg'><img loading=\"lazy\" decoding=\"async\" width=\"300\" height=\"200\" src=\"https:\/\/katolicka-gimnazija.hr\/wp-content\/uploads\/2016\/11\/DSC_3192-300x200.jpg\" class=\"attachment-medium size-medium\" alt=\"\" srcset=\"https:\/\/katolicka-gimnazija.hr\/wp-content\/uploads\/2016\/11\/DSC_3192-300x200.jpg 300w, https:\/\/katolicka-gimnazija.hr\/wp-content\/uploads\/2016\/11\/DSC_3192-768x512.jpg 768w, https:\/\/katolicka-gimnazija.hr\/wp-content\/uploads\/2016\/11\/DSC_3192-1024x683.jpg 1024w, https:\/\/katolicka-gimnazija.hr\/wp-content\/uploads\/2016\/11\/DSC_3192-360x240.jpg 360w, https:\/\/katolicka-gimnazija.hr\/wp-content\/uploads\/2016\/11\/DSC_3192-750x500.jpg 750w, https:\/\/katolicka-gimnazija.hr\/wp-content\/uploads\/2016\/11\/DSC_3192-400x267.jpg 400w, https:\/\/katolicka-gimnazija.hr\/wp-content\/uploads\/2016\/11\/DSC_3192-430x287.jpg 430w, https:\/\/katolicka-gimnazija.hr\/wp-content\/uploads\/2016\/11\/DSC_3192-150x100.jpg 150w, https:\/\/katolicka-gimnazija.hr\/wp-content\/uploads\/2016\/11\/DSC_3192-100x67.jpg 100w, https:\/\/katolicka-gimnazija.hr\/wp-content\/uploads\/2016\/11\/DSC_3192.jpg 1500w\" sizes=\"auto, (max-width: 300px) 100vw, 300px\" \/><\/a>\n\t\t\t<\/div><\/figure><figure class='gallery-item'>\n\t\t\t<div class='gallery-icon landscape'>\n\t\t\t\t<a href='https:\/\/katolicka-gimnazija.hr\/wp-content\/uploads\/2016\/11\/DSC_3193.jpg'><img loading=\"lazy\" decoding=\"async\" width=\"300\" height=\"200\" src=\"https:\/\/katolicka-gimnazija.hr\/wp-content\/uploads\/2016\/11\/DSC_3193-300x200.jpg\" class=\"attachment-medium size-medium\" alt=\"\" srcset=\"https:\/\/katolicka-gimnazija.hr\/wp-content\/uploads\/2016\/11\/DSC_3193-300x200.jpg 300w, https:\/\/katolicka-gimnazija.hr\/wp-content\/uploads\/2016\/11\/DSC_3193-768x512.jpg 768w, https:\/\/katolicka-gimnazija.hr\/wp-content\/uploads\/2016\/11\/DSC_3193-1024x683.jpg 1024w, https:\/\/katolicka-gimnazija.hr\/wp-content\/uploads\/2016\/11\/DSC_3193-360x240.jpg 360w, https:\/\/katolicka-gimnazija.hr\/wp-content\/uploads\/2016\/11\/DSC_3193-750x500.jpg 750w, https:\/\/katolicka-gimnazija.hr\/wp-content\/uploads\/2016\/11\/DSC_3193-400x267.jpg 400w, https:\/\/katolicka-gimnazija.hr\/wp-content\/uploads\/2016\/11\/DSC_3193-430x287.jpg 430w, https:\/\/katolicka-gimnazija.hr\/wp-content\/uploads\/2016\/11\/DSC_3193-150x100.jpg 150w, https:\/\/katolicka-gimnazija.hr\/wp-content\/uploads\/2016\/11\/DSC_3193-100x67.jpg 100w, https:\/\/katolicka-gimnazija.hr\/wp-content\/uploads\/2016\/11\/DSC_3193.jpg 1500w\" sizes=\"auto, (max-width: 300px) 100vw, 300px\" \/><\/a>\n\t\t\t<\/div><\/figure><figure class='gallery-item'>\n\t\t\t<div class='gallery-icon landscape'>\n\t\t\t\t<a href='https:\/\/katolicka-gimnazija.hr\/wp-content\/uploads\/2016\/11\/DSC_3194.jpg'><img loading=\"lazy\" decoding=\"async\" width=\"300\" height=\"200\" src=\"https:\/\/katolicka-gimnazija.hr\/wp-content\/uploads\/2016\/11\/DSC_3194-300x200.jpg\" class=\"attachment-medium size-medium\" alt=\"\" srcset=\"https:\/\/katolicka-gimnazija.hr\/wp-content\/uploads\/2016\/11\/DSC_3194-300x200.jpg 300w, https:\/\/katolicka-gimnazija.hr\/wp-content\/uploads\/2016\/11\/DSC_3194-768x512.jpg 768w, https:\/\/katolicka-gimnazija.hr\/wp-content\/uploads\/2016\/11\/DSC_3194-1024x683.jpg 1024w, https:\/\/katolicka-gimnazija.hr\/wp-content\/uploads\/2016\/11\/DSC_3194-360x240.jpg 360w, https:\/\/katolicka-gimnazija.hr\/wp-content\/uploads\/2016\/11\/DSC_3194-750x500.jpg 750w, https:\/\/katolicka-gimnazija.hr\/wp-content\/uploads\/2016\/11\/DSC_3194-400x267.jpg 400w, https:\/\/katolicka-gimnazija.hr\/wp-content\/uploads\/2016\/11\/DSC_3194-430x287.jpg 430w, https:\/\/katolicka-gimnazija.hr\/wp-content\/uploads\/2016\/11\/DSC_3194-150x100.jpg 150w, https:\/\/katolicka-gimnazija.hr\/wp-content\/uploads\/2016\/11\/DSC_3194-100x67.jpg 100w, https:\/\/katolicka-gimnazija.hr\/wp-content\/uploads\/2016\/11\/DSC_3194.jpg 1500w\" sizes=\"auto, (max-width: 300px) 100vw, 300px\" \/><\/a>\n\t\t\t<\/div><\/figure><figure class='gallery-item'>\n\t\t\t<div class='gallery-icon landscape'>\n\t\t\t\t<a href='https:\/\/katolicka-gimnazija.hr\/wp-content\/uploads\/2016\/11\/DSC_3198.jpg'><img loading=\"lazy\" decoding=\"async\" width=\"300\" height=\"200\" src=\"https:\/\/katolicka-gimnazija.hr\/wp-content\/uploads\/2016\/11\/DSC_3198-300x200.jpg\" class=\"attachment-medium size-medium\" alt=\"\" srcset=\"https:\/\/katolicka-gimnazija.hr\/wp-content\/uploads\/2016\/11\/DSC_3198-300x200.jpg 300w, https:\/\/katolicka-gimnazija.hr\/wp-content\/uploads\/2016\/11\/DSC_3198-768x512.jpg 768w, https:\/\/katolicka-gimnazija.hr\/wp-content\/uploads\/2016\/11\/DSC_3198-1024x683.jpg 1024w, https:\/\/katolicka-gimnazija.hr\/wp-content\/uploads\/2016\/11\/DSC_3198-360x240.jpg 360w, https:\/\/katolicka-gimnazija.hr\/wp-content\/uploads\/2016\/11\/DSC_3198-750x500.jpg 750w, https:\/\/katolicka-gimnazija.hr\/wp-content\/uploads\/2016\/11\/DSC_3198-400x267.jpg 400w, https:\/\/katolicka-gimnazija.hr\/wp-content\/uploads\/2016\/11\/DSC_3198-430x287.jpg 430w, https:\/\/katolicka-gimnazija.hr\/wp-content\/uploads\/2016\/11\/DSC_3198-150x100.jpg 150w, https:\/\/katolicka-gimnazija.hr\/wp-content\/uploads\/2016\/11\/DSC_3198-100x67.jpg 100w, https:\/\/katolicka-gimnazija.hr\/wp-content\/uploads\/2016\/11\/DSC_3198.jpg 1500w\" sizes=\"auto, (max-width: 300px) 100vw, 300px\" \/><\/a>\n\t\t\t<\/div><\/figure><figure class='gallery-item'>\n\t\t\t<div class='gallery-icon landscape'>\n\t\t\t\t<a href='https:\/\/katolicka-gimnazija.hr\/wp-content\/uploads\/2016\/11\/DSC_3190.jpg'><img loading=\"lazy\" decoding=\"async\" width=\"300\" height=\"200\" src=\"https:\/\/katolicka-gimnazija.hr\/wp-content\/uploads\/2016\/11\/DSC_3190-300x200.jpg\" class=\"attachment-medium size-medium\" alt=\"\" srcset=\"https:\/\/katolicka-gimnazija.hr\/wp-content\/uploads\/2016\/11\/DSC_3190-300x200.jpg 300w, https:\/\/katolicka-gimnazija.hr\/wp-content\/uploads\/2016\/11\/DSC_3190-768x512.jpg 768w, https:\/\/katolicka-gimnazija.hr\/wp-content\/uploads\/2016\/11\/DSC_3190-1024x683.jpg 1024w, https:\/\/katolicka-gimnazija.hr\/wp-content\/uploads\/2016\/11\/DSC_3190-360x240.jpg 360w, https:\/\/katolicka-gimnazija.hr\/wp-content\/uploads\/2016\/11\/DSC_3190-750x500.jpg 750w, https:\/\/katolicka-gimnazija.hr\/wp-content\/uploads\/2016\/11\/DSC_3190-400x267.jpg 400w, https:\/\/katolicka-gimnazija.hr\/wp-content\/uploads\/2016\/11\/DSC_3190-430x287.jpg 430w, https:\/\/katolicka-gimnazija.hr\/wp-content\/uploads\/2016\/11\/DSC_3190-150x100.jpg 150w, https:\/\/katolicka-gimnazija.hr\/wp-content\/uploads\/2016\/11\/DSC_3190-100x67.jpg 100w, https:\/\/katolicka-gimnazija.hr\/wp-content\/uploads\/2016\/11\/DSC_3190.jpg 1500w\" sizes=\"auto, (max-width: 300px) 100vw, 300px\" \/><\/a>\n\t\t\t<\/div><\/figure><figure class='gallery-item'>\n\t\t\t<div class='gallery-icon landscape'>\n\t\t\t\t<a href='https:\/\/katolicka-gimnazija.hr\/wp-content\/uploads\/2016\/11\/DSC_3189.jpg'><img loading=\"lazy\" decoding=\"async\" width=\"300\" height=\"200\" src=\"https:\/\/katolicka-gimnazija.hr\/wp-content\/uploads\/2016\/11\/DSC_3189-300x200.jpg\" class=\"attachment-medium size-medium\" alt=\"\" srcset=\"https:\/\/katolicka-gimnazija.hr\/wp-content\/uploads\/2016\/11\/DSC_3189-300x200.jpg 300w, https:\/\/katolicka-gimnazija.hr\/wp-content\/uploads\/2016\/11\/DSC_3189-768x512.jpg 768w, https:\/\/katolicka-gimnazija.hr\/wp-content\/uploads\/2016\/11\/DSC_3189-1024x683.jpg 1024w, https:\/\/katolicka-gimnazija.hr\/wp-content\/uploads\/2016\/11\/DSC_3189-360x240.jpg 360w, https:\/\/katolicka-gimnazija.hr\/wp-content\/uploads\/2016\/11\/DSC_3189-750x500.jpg 750w, https:\/\/katolicka-gimnazija.hr\/wp-content\/uploads\/2016\/11\/DSC_3189-400x267.jpg 400w, https:\/\/katolicka-gimnazija.hr\/wp-content\/uploads\/2016\/11\/DSC_3189-430x287.jpg 430w, https:\/\/katolicka-gimnazija.hr\/wp-content\/uploads\/2016\/11\/DSC_3189-150x100.jpg 150w, https:\/\/katolicka-gimnazija.hr\/wp-content\/uploads\/2016\/11\/DSC_3189-100x67.jpg 100w, https:\/\/katolicka-gimnazija.hr\/wp-content\/uploads\/2016\/11\/DSC_3189.jpg 1500w\" sizes=\"auto, (max-width: 300px) 100vw, 300px\" \/><\/a>\n\t\t\t<\/div><\/figure><figure class='gallery-item'>\n\t\t\t<div class='gallery-icon landscape'>\n\t\t\t\t<a href='https:\/\/katolicka-gimnazija.hr\/wp-content\/uploads\/2016\/11\/DSC_3186.jpg'><img loading=\"lazy\" decoding=\"async\" width=\"300\" height=\"200\" src=\"https:\/\/katolicka-gimnazija.hr\/wp-content\/uploads\/2016\/11\/DSC_3186-300x200.jpg\" class=\"attachment-medium size-medium\" alt=\"\" srcset=\"https:\/\/katolicka-gimnazija.hr\/wp-content\/uploads\/2016\/11\/DSC_3186-300x200.jpg 300w, https:\/\/katolicka-gimnazija.hr\/wp-content\/uploads\/2016\/11\/DSC_3186-768x512.jpg 768w, https:\/\/katolicka-gimnazija.hr\/wp-content\/uploads\/2016\/11\/DSC_3186-1024x683.jpg 1024w, https:\/\/katolicka-gimnazija.hr\/wp-content\/uploads\/2016\/11\/DSC_3186-360x240.jpg 360w, https:\/\/katolicka-gimnazija.hr\/wp-content\/uploads\/2016\/11\/DSC_3186-750x500.jpg 750w, https:\/\/katolicka-gimnazija.hr\/wp-content\/uploads\/2016\/11\/DSC_3186-400x267.jpg 400w, https:\/\/katolicka-gimnazija.hr\/wp-content\/uploads\/2016\/11\/DSC_3186-430x287.jpg 430w, https:\/\/katolicka-gimnazija.hr\/wp-content\/uploads\/2016\/11\/DSC_3186-150x100.jpg 150w, https:\/\/katolicka-gimnazija.hr\/wp-content\/uploads\/2016\/11\/DSC_3186-100x67.jpg 100w, https:\/\/katolicka-gimnazija.hr\/wp-content\/uploads\/2016\/11\/DSC_3186.jpg 1500w\" sizes=\"auto, (max-width: 300px) 100vw, 300px\" \/><\/a>\n\t\t\t<\/div><\/figure><figure class='gallery-item'>\n\t\t\t<div class='gallery-icon landscape'>\n\t\t\t\t<a href='https:\/\/katolicka-gimnazija.hr\/wp-content\/uploads\/2016\/11\/DSC_3185.jpg'><img loading=\"lazy\" decoding=\"async\" width=\"300\" height=\"200\" src=\"https:\/\/katolicka-gimnazija.hr\/wp-content\/uploads\/2016\/11\/DSC_3185-300x200.jpg\" class=\"attachment-medium size-medium\" alt=\"\" srcset=\"https:\/\/katolicka-gimnazija.hr\/wp-content\/uploads\/2016\/11\/DSC_3185-300x200.jpg 300w, https:\/\/katolicka-gimnazija.hr\/wp-content\/uploads\/2016\/11\/DSC_3185-768x512.jpg 768w, https:\/\/katolicka-gimnazija.hr\/wp-content\/uploads\/2016\/11\/DSC_3185-1024x683.jpg 1024w, https:\/\/katolicka-gimnazija.hr\/wp-content\/uploads\/2016\/11\/DSC_3185-360x240.jpg 360w, https:\/\/katolicka-gimnazija.hr\/wp-content\/uploads\/2016\/11\/DSC_3185-750x500.jpg 750w, https:\/\/katolicka-gimnazija.hr\/wp-content\/uploads\/2016\/11\/DSC_3185-400x267.jpg 400w, https:\/\/katolicka-gimnazija.hr\/wp-content\/uploads\/2016\/11\/DSC_3185-430x287.jpg 430w, https:\/\/katolicka-gimnazija.hr\/wp-content\/uploads\/2016\/11\/DSC_3185-150x100.jpg 150w, https:\/\/katolicka-gimnazija.hr\/wp-content\/uploads\/2016\/11\/DSC_3185-100x67.jpg 100w, https:\/\/katolicka-gimnazija.hr\/wp-content\/uploads\/2016\/11\/DSC_3185.jpg 1500w\" sizes=\"auto, (max-width: 300px) 100vw, 300px\" \/><\/a>\n\t\t\t<\/div><\/figure><figure class='gallery-item'>\n\t\t\t<div class='gallery-icon landscape'>\n\t\t\t\t<a href='https:\/\/katolicka-gimnazija.hr\/wp-content\/uploads\/2016\/11\/DSC_3182.jpg'><img loading=\"lazy\" decoding=\"async\" width=\"300\" height=\"200\" src=\"https:\/\/katolicka-gimnazija.hr\/wp-content\/uploads\/2016\/11\/DSC_3182-300x200.jpg\" class=\"attachment-medium size-medium\" alt=\"\" srcset=\"https:\/\/katolicka-gimnazija.hr\/wp-content\/uploads\/2016\/11\/DSC_3182-300x200.jpg 300w, https:\/\/katolicka-gimnazija.hr\/wp-content\/uploads\/2016\/11\/DSC_3182-768x512.jpg 768w, https:\/\/katolicka-gimnazija.hr\/wp-content\/uploads\/2016\/11\/DSC_3182-1024x683.jpg 1024w, https:\/\/katolicka-gimnazija.hr\/wp-content\/uploads\/2016\/11\/DSC_3182-360x240.jpg 360w, https:\/\/katolicka-gimnazija.hr\/wp-content\/uploads\/2016\/11\/DSC_3182-750x500.jpg 750w, https:\/\/katolicka-gimnazija.hr\/wp-content\/uploads\/2016\/11\/DSC_3182-400x267.jpg 400w, https:\/\/katolicka-gimnazija.hr\/wp-content\/uploads\/2016\/11\/DSC_3182-430x287.jpg 430w, https:\/\/katolicka-gimnazija.hr\/wp-content\/uploads\/2016\/11\/DSC_3182-150x100.jpg 150w, https:\/\/katolicka-gimnazija.hr\/wp-content\/uploads\/2016\/11\/DSC_3182-100x67.jpg 100w, https:\/\/katolicka-gimnazija.hr\/wp-content\/uploads\/2016\/11\/DSC_3182.jpg 1500w\" sizes=\"auto, (max-width: 300px) 100vw, 300px\" \/><\/a>\n\t\t\t<\/div><\/figure><figure class='gallery-item'>\n\t\t\t<div class='gallery-icon landscape'>\n\t\t\t\t<a href='https:\/\/katolicka-gimnazija.hr\/wp-content\/uploads\/2016\/11\/DSC_3175.jpg'><img loading=\"lazy\" decoding=\"async\" width=\"300\" height=\"200\" src=\"https:\/\/katolicka-gimnazija.hr\/wp-content\/uploads\/2016\/11\/DSC_3175-300x200.jpg\" class=\"attachment-medium size-medium\" alt=\"\" srcset=\"https:\/\/katolicka-gimnazija.hr\/wp-content\/uploads\/2016\/11\/DSC_3175-300x200.jpg 300w, https:\/\/katolicka-gimnazija.hr\/wp-content\/uploads\/2016\/11\/DSC_3175-768x512.jpg 768w, https:\/\/katolicka-gimnazija.hr\/wp-content\/uploads\/2016\/11\/DSC_3175-1024x683.jpg 1024w, https:\/\/katolicka-gimnazija.hr\/wp-content\/uploads\/2016\/11\/DSC_3175-360x240.jpg 360w, https:\/\/katolicka-gimnazija.hr\/wp-content\/uploads\/2016\/11\/DSC_3175-750x500.jpg 750w, https:\/\/katolicka-gimnazija.hr\/wp-content\/uploads\/2016\/11\/DSC_3175-400x267.jpg 400w, https:\/\/katolicka-gimnazija.hr\/wp-content\/uploads\/2016\/11\/DSC_3175-430x287.jpg 430w, https:\/\/katolicka-gimnazija.hr\/wp-content\/uploads\/2016\/11\/DSC_3175-150x100.jpg 150w, https:\/\/katolicka-gimnazija.hr\/wp-content\/uploads\/2016\/11\/DSC_3175-100x67.jpg 100w, https:\/\/katolicka-gimnazija.hr\/wp-content\/uploads\/2016\/11\/DSC_3175.jpg 1500w\" sizes=\"auto, (max-width: 300px) 100vw, 300px\" \/><\/a>\n\t\t\t<\/div><\/figure><figure class='gallery-item'>\n\t\t\t<div class='gallery-icon landscape'>\n\t\t\t\t<a href='https:\/\/katolicka-gimnazija.hr\/wp-content\/uploads\/2016\/11\/DSC_3176.jpg'><img loading=\"lazy\" decoding=\"async\" width=\"300\" height=\"200\" src=\"https:\/\/katolicka-gimnazija.hr\/wp-content\/uploads\/2016\/11\/DSC_3176-300x200.jpg\" class=\"attachment-medium size-medium\" alt=\"\" srcset=\"https:\/\/katolicka-gimnazija.hr\/wp-content\/uploads\/2016\/11\/DSC_3176-300x200.jpg 300w, https:\/\/katolicka-gimnazija.hr\/wp-content\/uploads\/2016\/11\/DSC_3176-768x512.jpg 768w, https:\/\/katolicka-gimnazija.hr\/wp-content\/uploads\/2016\/11\/DSC_3176-1024x683.jpg 1024w, https:\/\/katolicka-gimnazija.hr\/wp-content\/uploads\/2016\/11\/DSC_3176-360x240.jpg 360w, https:\/\/katolicka-gimnazija.hr\/wp-content\/uploads\/2016\/11\/DSC_3176-750x500.jpg 750w, https:\/\/katolicka-gimnazija.hr\/wp-content\/uploads\/2016\/11\/DSC_3176-400x267.jpg 400w, https:\/\/katolicka-gimnazija.hr\/wp-content\/uploads\/2016\/11\/DSC_3176-430x287.jpg 430w, https:\/\/katolicka-gimnazija.hr\/wp-content\/uploads\/2016\/11\/DSC_3176-150x100.jpg 150w, https:\/\/katolicka-gimnazija.hr\/wp-content\/uploads\/2016\/11\/DSC_3176-100x67.jpg 100w, https:\/\/katolicka-gimnazija.hr\/wp-content\/uploads\/2016\/11\/DSC_3176.jpg 1500w\" sizes=\"auto, (max-width: 300px) 100vw, 300px\" \/><\/a>\n\t\t\t<\/div><\/figure><figure class='gallery-item'>\n\t\t\t<div class='gallery-icon landscape'>\n\t\t\t\t<a href='https:\/\/katolicka-gimnazija.hr\/wp-content\/uploads\/2016\/11\/DSC_3178.jpg'><img loading=\"lazy\" decoding=\"async\" width=\"300\" height=\"200\" src=\"https:\/\/katolicka-gimnazija.hr\/wp-content\/uploads\/2016\/11\/DSC_3178-300x200.jpg\" class=\"attachment-medium size-medium\" alt=\"\" srcset=\"https:\/\/katolicka-gimnazija.hr\/wp-content\/uploads\/2016\/11\/DSC_3178-300x200.jpg 300w, https:\/\/katolicka-gimnazija.hr\/wp-content\/uploads\/2016\/11\/DSC_3178-768x512.jpg 768w, https:\/\/katolicka-gimnazija.hr\/wp-content\/uploads\/2016\/11\/DSC_3178-1024x683.jpg 1024w, https:\/\/katolicka-gimnazija.hr\/wp-content\/uploads\/2016\/11\/DSC_3178-360x240.jpg 360w, https:\/\/katolicka-gimnazija.hr\/wp-content\/uploads\/2016\/11\/DSC_3178-750x500.jpg 750w, https:\/\/katolicka-gimnazija.hr\/wp-content\/uploads\/2016\/11\/DSC_3178-400x267.jpg 400w, https:\/\/katolicka-gimnazija.hr\/wp-content\/uploads\/2016\/11\/DSC_3178-430x287.jpg 430w, https:\/\/katolicka-gimnazija.hr\/wp-content\/uploads\/2016\/11\/DSC_3178-150x100.jpg 150w, https:\/\/katolicka-gimnazija.hr\/wp-content\/uploads\/2016\/11\/DSC_3178-100x67.jpg 100w, https:\/\/katolicka-gimnazija.hr\/wp-content\/uploads\/2016\/11\/DSC_3178.jpg 1500w\" sizes=\"auto, (max-width: 300px) 100vw, 300px\" \/><\/a>\n\t\t\t<\/div><\/figure><figure class='gallery-item'>\n\t\t\t<div class='gallery-icon landscape'>\n\t\t\t\t<a href='https:\/\/katolicka-gimnazija.hr\/wp-content\/uploads\/2016\/11\/DSC_3179.jpg'><img loading=\"lazy\" decoding=\"async\" width=\"300\" height=\"200\" src=\"https:\/\/katolicka-gimnazija.hr\/wp-content\/uploads\/2016\/11\/DSC_3179-300x200.jpg\" class=\"attachment-medium size-medium\" alt=\"\" srcset=\"https:\/\/katolicka-gimnazija.hr\/wp-content\/uploads\/2016\/11\/DSC_3179-300x200.jpg 300w, https:\/\/katolicka-gimnazija.hr\/wp-content\/uploads\/2016\/11\/DSC_3179-768x512.jpg 768w, https:\/\/katolicka-gimnazija.hr\/wp-content\/uploads\/2016\/11\/DSC_3179-1024x683.jpg 1024w, https:\/\/katolicka-gimnazija.hr\/wp-content\/uploads\/2016\/11\/DSC_3179-360x240.jpg 360w, https:\/\/katolicka-gimnazija.hr\/wp-content\/uploads\/2016\/11\/DSC_3179-750x500.jpg 750w, https:\/\/katolicka-gimnazija.hr\/wp-content\/uploads\/2016\/11\/DSC_3179-400x267.jpg 400w, https:\/\/katolicka-gimnazija.hr\/wp-content\/uploads\/2016\/11\/DSC_3179-430x287.jpg 430w, https:\/\/katolicka-gimnazija.hr\/wp-content\/uploads\/2016\/11\/DSC_3179-150x100.jpg 150w, https:\/\/katolicka-gimnazija.hr\/wp-content\/uploads\/2016\/11\/DSC_3179-100x67.jpg 100w, https:\/\/katolicka-gimnazija.hr\/wp-content\/uploads\/2016\/11\/DSC_3179.jpg 1500w\" sizes=\"auto, (max-width: 300px) 100vw, 300px\" \/><\/a>\n\t\t\t<\/div><\/figure><figure class='gallery-item'>\n\t\t\t<div class='gallery-icon landscape'>\n\t\t\t\t<a href='https:\/\/katolicka-gimnazija.hr\/wp-content\/uploads\/2016\/11\/DSC_3181.jpg'><img loading=\"lazy\" decoding=\"async\" width=\"300\" height=\"200\" src=\"https:\/\/katolicka-gimnazija.hr\/wp-content\/uploads\/2016\/11\/DSC_3181-300x200.jpg\" class=\"attachment-medium size-medium\" alt=\"\" srcset=\"https:\/\/katolicka-gimnazija.hr\/wp-content\/uploads\/2016\/11\/DSC_3181-300x200.jpg 300w, https:\/\/katolicka-gimnazija.hr\/wp-content\/uploads\/2016\/11\/DSC_3181-768x512.jpg 768w, https:\/\/katolicka-gimnazija.hr\/wp-content\/uploads\/2016\/11\/DSC_3181-1024x683.jpg 1024w, https:\/\/katolicka-gimnazija.hr\/wp-content\/uploads\/2016\/11\/DSC_3181-360x240.jpg 360w, https:\/\/katolicka-gimnazija.hr\/wp-content\/uploads\/2016\/11\/DSC_3181-750x500.jpg 750w, https:\/\/katolicka-gimnazija.hr\/wp-content\/uploads\/2016\/11\/DSC_3181-400x267.jpg 400w, https:\/\/katolicka-gimnazija.hr\/wp-content\/uploads\/2016\/11\/DSC_3181-430x287.jpg 430w, https:\/\/katolicka-gimnazija.hr\/wp-content\/uploads\/2016\/11\/DSC_3181-150x100.jpg 150w, https:\/\/katolicka-gimnazija.hr\/wp-content\/uploads\/2016\/11\/DSC_3181-100x67.jpg 100w, https:\/\/katolicka-gimnazija.hr\/wp-content\/uploads\/2016\/11\/DSC_3181.jpg 1500w\" sizes=\"auto, (max-width: 300px) 100vw, 300px\" \/><\/a>\n\t\t\t<\/div><\/figure><figure class='gallery-item'>\n\t\t\t<div class='gallery-icon landscape'>\n\t\t\t\t<a href='https:\/\/katolicka-gimnazija.hr\/wp-content\/uploads\/2016\/11\/15174619_1366090143431818_758300406_n.jpg'><img loading=\"lazy\" decoding=\"async\" width=\"300\" height=\"225\" src=\"https:\/\/katolicka-gimnazija.hr\/wp-content\/uploads\/2016\/11\/15174619_1366090143431818_758300406_n-300x225.jpg\" class=\"attachment-medium size-medium\" alt=\"\" srcset=\"https:\/\/katolicka-gimnazija.hr\/wp-content\/uploads\/2016\/11\/15174619_1366090143431818_758300406_n-300x225.jpg 300w, https:\/\/katolicka-gimnazija.hr\/wp-content\/uploads\/2016\/11\/15174619_1366090143431818_758300406_n-768x576.jpg 768w, https:\/\/katolicka-gimnazija.hr\/wp-content\/uploads\/2016\/11\/15174619_1366090143431818_758300406_n-1024x768.jpg 1024w, https:\/\/katolicka-gimnazija.hr\/wp-content\/uploads\/2016\/11\/15174619_1366090143431818_758300406_n-360x270.jpg 360w, https:\/\/katolicka-gimnazija.hr\/wp-content\/uploads\/2016\/11\/15174619_1366090143431818_758300406_n-750x563.jpg 750w, https:\/\/katolicka-gimnazija.hr\/wp-content\/uploads\/2016\/11\/15174619_1366090143431818_758300406_n-400x300.jpg 400w, https:\/\/katolicka-gimnazija.hr\/wp-content\/uploads\/2016\/11\/15174619_1366090143431818_758300406_n-430x323.jpg 430w, https:\/\/katolicka-gimnazija.hr\/wp-content\/uploads\/2016\/11\/15174619_1366090143431818_758300406_n-150x113.jpg 150w, https:\/\/katolicka-gimnazija.hr\/wp-content\/uploads\/2016\/11\/15174619_1366090143431818_758300406_n-100x75.jpg 100w, https:\/\/katolicka-gimnazija.hr\/wp-content\/uploads\/2016\/11\/15174619_1366090143431818_758300406_n.jpg 1500w\" sizes=\"auto, (max-width: 300px) 100vw, 300px\" \/><\/a>\n\t\t\t<\/div><\/figure><figure class='gallery-item'>\n\t\t\t<div class='gallery-icon landscape'>\n\t\t\t\t<a href='https:\/\/katolicka-gimnazija.hr\/wp-content\/uploads\/2016\/11\/15174401_1244767518916859_472540785_n.jpg'><img loading=\"lazy\" decoding=\"async\" width=\"300\" height=\"225\" src=\"https:\/\/katolicka-gimnazija.hr\/wp-content\/uploads\/2016\/11\/15174401_1244767518916859_472540785_n-300x225.jpg\" class=\"attachment-medium size-medium\" alt=\"\" srcset=\"https:\/\/katolicka-gimnazija.hr\/wp-content\/uploads\/2016\/11\/15174401_1244767518916859_472540785_n-300x225.jpg 300w, https:\/\/katolicka-gimnazija.hr\/wp-content\/uploads\/2016\/11\/15174401_1244767518916859_472540785_n-768x576.jpg 768w, https:\/\/katolicka-gimnazija.hr\/wp-content\/uploads\/2016\/11\/15174401_1244767518916859_472540785_n-1024x768.jpg 1024w, https:\/\/katolicka-gimnazija.hr\/wp-content\/uploads\/2016\/11\/15174401_1244767518916859_472540785_n-360x270.jpg 360w, https:\/\/katolicka-gimnazija.hr\/wp-content\/uploads\/2016\/11\/15174401_1244767518916859_472540785_n-750x563.jpg 750w, https:\/\/katolicka-gimnazija.hr\/wp-content\/uploads\/2016\/11\/15174401_1244767518916859_472540785_n-400x300.jpg 400w, https:\/\/katolicka-gimnazija.hr\/wp-content\/uploads\/2016\/11\/15174401_1244767518916859_472540785_n-430x323.jpg 430w, https:\/\/katolicka-gimnazija.hr\/wp-content\/uploads\/2016\/11\/15174401_1244767518916859_472540785_n-150x113.jpg 150w, https:\/\/katolicka-gimnazija.hr\/wp-content\/uploads\/2016\/11\/15174401_1244767518916859_472540785_n-100x75.jpg 100w, https:\/\/katolicka-gimnazija.hr\/wp-content\/uploads\/2016\/11\/15174401_1244767518916859_472540785_n.jpg 1500w\" sizes=\"auto, (max-width: 300px) 100vw, 300px\" \/><\/a>\n\t\t\t<\/div><\/figure><figure class='gallery-item'>\n\t\t\t<div class='gallery-icon landscape'>\n\t\t\t\t<a href='https:\/\/katolicka-gimnazija.hr\/wp-content\/uploads\/2016\/11\/15151245_370230659982899_775417592_n.jpg'><img loading=\"lazy\" decoding=\"async\" width=\"300\" height=\"225\" src=\"https:\/\/katolicka-gimnazija.hr\/wp-content\/uploads\/2016\/11\/15151245_370230659982899_775417592_n-300x225.jpg\" class=\"attachment-medium size-medium\" alt=\"\" srcset=\"https:\/\/katolicka-gimnazija.hr\/wp-content\/uploads\/2016\/11\/15151245_370230659982899_775417592_n-300x225.jpg 300w, https:\/\/katolicka-gimnazija.hr\/wp-content\/uploads\/2016\/11\/15151245_370230659982899_775417592_n-768x576.jpg 768w, https:\/\/katolicka-gimnazija.hr\/wp-content\/uploads\/2016\/11\/15151245_370230659982899_775417592_n-1024x768.jpg 1024w, https:\/\/katolicka-gimnazija.hr\/wp-content\/uploads\/2016\/11\/15151245_370230659982899_775417592_n-360x270.jpg 360w, https:\/\/katolicka-gimnazija.hr\/wp-content\/uploads\/2016\/11\/15151245_370230659982899_775417592_n-750x563.jpg 750w, https:\/\/katolicka-gimnazija.hr\/wp-content\/uploads\/2016\/11\/15151245_370230659982899_775417592_n-400x300.jpg 400w, https:\/\/katolicka-gimnazija.hr\/wp-content\/uploads\/2016\/11\/15151245_370230659982899_775417592_n-430x323.jpg 430w, https:\/\/katolicka-gimnazija.hr\/wp-content\/uploads\/2016\/11\/15151245_370230659982899_775417592_n-150x113.jpg 150w, https:\/\/katolicka-gimnazija.hr\/wp-content\/uploads\/2016\/11\/15151245_370230659982899_775417592_n-100x75.jpg 100w, https:\/\/katolicka-gimnazija.hr\/wp-content\/uploads\/2016\/11\/15151245_370230659982899_775417592_n.jpg 1500w\" sizes=\"auto, (max-width: 300px) 100vw, 300px\" \/><\/a>\n\t\t\t<\/div><\/figure><figure class='gallery-item'>\n\t\t\t<div class='gallery-icon landscape'>\n\t\t\t\t<a href='https:\/\/katolicka-gimnazija.hr\/wp-content\/uploads\/2016\/11\/15139799_1244767195583558_919018954_n.jpg'><img loading=\"lazy\" decoding=\"async\" width=\"300\" height=\"225\" src=\"https:\/\/katolicka-gimnazija.hr\/wp-content\/uploads\/2016\/11\/15139799_1244767195583558_919018954_n-300x225.jpg\" class=\"attachment-medium size-medium\" alt=\"\" srcset=\"https:\/\/katolicka-gimnazija.hr\/wp-content\/uploads\/2016\/11\/15139799_1244767195583558_919018954_n-300x225.jpg 300w, https:\/\/katolicka-gimnazija.hr\/wp-content\/uploads\/2016\/11\/15139799_1244767195583558_919018954_n-768x576.jpg 768w, https:\/\/katolicka-gimnazija.hr\/wp-content\/uploads\/2016\/11\/15139799_1244767195583558_919018954_n-1024x768.jpg 1024w, https:\/\/katolicka-gimnazija.hr\/wp-content\/uploads\/2016\/11\/15139799_1244767195583558_919018954_n-360x270.jpg 360w, https:\/\/katolicka-gimnazija.hr\/wp-content\/uploads\/2016\/11\/15139799_1244767195583558_919018954_n-750x563.jpg 750w, https:\/\/katolicka-gimnazija.hr\/wp-content\/uploads\/2016\/11\/15139799_1244767195583558_919018954_n-400x300.jpg 400w, https:\/\/katolicka-gimnazija.hr\/wp-content\/uploads\/2016\/11\/15139799_1244767195583558_919018954_n-430x323.jpg 430w, https:\/\/katolicka-gimnazija.hr\/wp-content\/uploads\/2016\/11\/15139799_1244767195583558_919018954_n-150x113.jpg 150w, https:\/\/katolicka-gimnazija.hr\/wp-content\/uploads\/2016\/11\/15139799_1244767195583558_919018954_n-100x75.jpg 100w, https:\/\/katolicka-gimnazija.hr\/wp-content\/uploads\/2016\/11\/15139799_1244767195583558_919018954_n.jpg 1500w\" sizes=\"auto, (max-width: 300px) 100vw, 300px\" \/><\/a>\n\t\t\t<\/div><\/figure><figure class='gallery-item'>\n\t\t\t<div class='gallery-icon landscape'>\n\t\t\t\t<a href='https:\/\/katolicka-gimnazija.hr\/wp-content\/uploads\/2016\/11\/15135603_1244767252250219_80412922_n.jpg'><img loading=\"lazy\" decoding=\"async\" width=\"300\" height=\"225\" src=\"https:\/\/katolicka-gimnazija.hr\/wp-content\/uploads\/2016\/11\/15135603_1244767252250219_80412922_n-300x225.jpg\" class=\"attachment-medium size-medium\" alt=\"\" srcset=\"https:\/\/katolicka-gimnazija.hr\/wp-content\/uploads\/2016\/11\/15135603_1244767252250219_80412922_n-300x225.jpg 300w, https:\/\/katolicka-gimnazija.hr\/wp-content\/uploads\/2016\/11\/15135603_1244767252250219_80412922_n-768x576.jpg 768w, https:\/\/katolicka-gimnazija.hr\/wp-content\/uploads\/2016\/11\/15135603_1244767252250219_80412922_n-1024x768.jpg 1024w, https:\/\/katolicka-gimnazija.hr\/wp-content\/uploads\/2016\/11\/15135603_1244767252250219_80412922_n-360x270.jpg 360w, https:\/\/katolicka-gimnazija.hr\/wp-content\/uploads\/2016\/11\/15135603_1244767252250219_80412922_n-750x563.jpg 750w, https:\/\/katolicka-gimnazija.hr\/wp-content\/uploads\/2016\/11\/15135603_1244767252250219_80412922_n-400x300.jpg 400w, https:\/\/katolicka-gimnazija.hr\/wp-content\/uploads\/2016\/11\/15135603_1244767252250219_80412922_n-430x323.jpg 430w, https:\/\/katolicka-gimnazija.hr\/wp-content\/uploads\/2016\/11\/15135603_1244767252250219_80412922_n-150x113.jpg 150w, https:\/\/katolicka-gimnazija.hr\/wp-content\/uploads\/2016\/11\/15135603_1244767252250219_80412922_n-100x75.jpg 100w, https:\/\/katolicka-gimnazija.hr\/wp-content\/uploads\/2016\/11\/15135603_1244767252250219_80412922_n.jpg 1500w\" sizes=\"auto, (max-width: 300px) 100vw, 300px\" \/><\/a>\n\t\t\t<\/div><\/figure><figure class='gallery-item'>\n\t\t\t<div class='gallery-icon portrait'>\n\t\t\t\t<a href='https:\/\/katolicka-gimnazija.hr\/wp-content\/uploads\/2016\/11\/15056379_584048045123041_1288929452195332208_n.jpg'><img loading=\"lazy\" decoding=\"async\" width=\"169\" height=\"300\" src=\"https:\/\/katolicka-gimnazija.hr\/wp-content\/uploads\/2016\/11\/15056379_584048045123041_1288929452195332208_n-169x300.jpg\" class=\"attachment-medium size-medium\" alt=\"\" srcset=\"https:\/\/katolicka-gimnazija.hr\/wp-content\/uploads\/2016\/11\/15056379_584048045123041_1288929452195332208_n-169x300.jpg 169w, https:\/\/katolicka-gimnazija.hr\/wp-content\/uploads\/2016\/11\/15056379_584048045123041_1288929452195332208_n-768x1363.jpg 768w, https:\/\/katolicka-gimnazija.hr\/wp-content\/uploads\/2016\/11\/15056379_584048045123041_1288929452195332208_n-577x1024.jpg 577w, https:\/\/katolicka-gimnazija.hr\/wp-content\/uploads\/2016\/11\/15056379_584048045123041_1288929452195332208_n-360x639.jpg 360w, https:\/\/katolicka-gimnazija.hr\/wp-content\/uploads\/2016\/11\/15056379_584048045123041_1288929452195332208_n-750x1331.jpg 750w, https:\/\/katolicka-gimnazija.hr\/wp-content\/uploads\/2016\/11\/15056379_584048045123041_1288929452195332208_n-400x710.jpg 400w, https:\/\/katolicka-gimnazija.hr\/wp-content\/uploads\/2016\/11\/15056379_584048045123041_1288929452195332208_n-430x763.jpg 430w, https:\/\/katolicka-gimnazija.hr\/wp-content\/uploads\/2016\/11\/15056379_584048045123041_1288929452195332208_n-150x266.jpg 150w, https:\/\/katolicka-gimnazija.hr\/wp-content\/uploads\/2016\/11\/15056379_584048045123041_1288929452195332208_n-100x177.jpg 100w, https:\/\/katolicka-gimnazija.hr\/wp-content\/uploads\/2016\/11\/15056379_584048045123041_1288929452195332208_n.jpg 1500w\" sizes=\"auto, (max-width: 169px) 100vw, 169px\" \/><\/a>\n\t\t\t<\/div><\/figure><figure class='gallery-item'>\n\t\t\t<div class='gallery-icon landscape'>\n\t\t\t\t<a href='https:\/\/katolicka-gimnazija.hr\/wp-content\/uploads\/2016\/11\/15086814_1200777556682697_1478933532_n.jpg'><img loading=\"lazy\" decoding=\"async\" width=\"300\" height=\"225\" src=\"https:\/\/katolicka-gimnazija.hr\/wp-content\/uploads\/2016\/11\/15086814_1200777556682697_1478933532_n-300x225.jpg\" class=\"attachment-medium size-medium\" alt=\"\" srcset=\"https:\/\/katolicka-gimnazija.hr\/wp-content\/uploads\/2016\/11\/15086814_1200777556682697_1478933532_n-300x225.jpg 300w, https:\/\/katolicka-gimnazija.hr\/wp-content\/uploads\/2016\/11\/15086814_1200777556682697_1478933532_n-768x576.jpg 768w, https:\/\/katolicka-gimnazija.hr\/wp-content\/uploads\/2016\/11\/15086814_1200777556682697_1478933532_n-1024x768.jpg 1024w, https:\/\/katolicka-gimnazija.hr\/wp-content\/uploads\/2016\/11\/15086814_1200777556682697_1478933532_n-360x270.jpg 360w, https:\/\/katolicka-gimnazija.hr\/wp-content\/uploads\/2016\/11\/15086814_1200777556682697_1478933532_n-750x563.jpg 750w, https:\/\/katolicka-gimnazija.hr\/wp-content\/uploads\/2016\/11\/15086814_1200777556682697_1478933532_n-400x300.jpg 400w, https:\/\/katolicka-gimnazija.hr\/wp-content\/uploads\/2016\/11\/15086814_1200777556682697_1478933532_n-430x323.jpg 430w, https:\/\/katolicka-gimnazija.hr\/wp-content\/uploads\/2016\/11\/15086814_1200777556682697_1478933532_n-150x113.jpg 150w, https:\/\/katolicka-gimnazija.hr\/wp-content\/uploads\/2016\/11\/15086814_1200777556682697_1478933532_n-100x75.jpg 100w, https:\/\/katolicka-gimnazija.hr\/wp-content\/uploads\/2016\/11\/15086814_1200777556682697_1478933532_n.jpg 1500w\" sizes=\"auto, (max-width: 300px) 100vw, 300px\" \/><\/a>\n\t\t\t<\/div><\/figure><figure class='gallery-item'>\n\t\t\t<div class='gallery-icon landscape'>\n\t\t\t\t<a href='https:\/\/katolicka-gimnazija.hr\/wp-content\/uploads\/2016\/11\/15087028_1244767202250224_74987121_n.jpg'><img loading=\"lazy\" decoding=\"async\" width=\"300\" height=\"169\" src=\"https:\/\/katolicka-gimnazija.hr\/wp-content\/uploads\/2016\/11\/15087028_1244767202250224_74987121_n-300x169.jpg\" class=\"attachment-medium size-medium\" alt=\"\" srcset=\"https:\/\/katolicka-gimnazija.hr\/wp-content\/uploads\/2016\/11\/15087028_1244767202250224_74987121_n-300x169.jpg 300w, https:\/\/katolicka-gimnazija.hr\/wp-content\/uploads\/2016\/11\/15087028_1244767202250224_74987121_n-768x433.jpg 768w, https:\/\/katolicka-gimnazija.hr\/wp-content\/uploads\/2016\/11\/15087028_1244767202250224_74987121_n-1024x577.jpg 1024w, https:\/\/katolicka-gimnazija.hr\/wp-content\/uploads\/2016\/11\/15087028_1244767202250224_74987121_n-360x203.jpg 360w, https:\/\/katolicka-gimnazija.hr\/wp-content\/uploads\/2016\/11\/15087028_1244767202250224_74987121_n-750x423.jpg 750w, https:\/\/katolicka-gimnazija.hr\/wp-content\/uploads\/2016\/11\/15087028_1244767202250224_74987121_n-400x225.jpg 400w, https:\/\/katolicka-gimnazija.hr\/wp-content\/uploads\/2016\/11\/15087028_1244767202250224_74987121_n-430x242.jpg 430w, https:\/\/katolicka-gimnazija.hr\/wp-content\/uploads\/2016\/11\/15087028_1244767202250224_74987121_n-150x85.jpg 150w, https:\/\/katolicka-gimnazija.hr\/wp-content\/uploads\/2016\/11\/15087028_1244767202250224_74987121_n-100x56.jpg 100w, https:\/\/katolicka-gimnazija.hr\/wp-content\/uploads\/2016\/11\/15087028_1244767202250224_74987121_n.jpg 1500w\" sizes=\"auto, (max-width: 300px) 100vw, 300px\" \/><\/a>\n\t\t\t<\/div><\/figure><figure class='gallery-item'>\n\t\t\t<div class='gallery-icon portrait'>\n\t\t\t\t<a href='https:\/\/katolicka-gimnazija.hr\/wp-content\/uploads\/2016\/11\/15134415_370230696649562_898870433_n.jpg'><img loading=\"lazy\" decoding=\"async\" width=\"267\" height=\"300\" src=\"https:\/\/katolicka-gimnazija.hr\/wp-content\/uploads\/2016\/11\/15134415_370230696649562_898870433_n-267x300.jpg\" class=\"attachment-medium size-medium\" alt=\"\" srcset=\"https:\/\/katolicka-gimnazija.hr\/wp-content\/uploads\/2016\/11\/15134415_370230696649562_898870433_n-267x300.jpg 267w, https:\/\/katolicka-gimnazija.hr\/wp-content\/uploads\/2016\/11\/15134415_370230696649562_898870433_n-768x864.jpg 768w, https:\/\/katolicka-gimnazija.hr\/wp-content\/uploads\/2016\/11\/15134415_370230696649562_898870433_n-910x1024.jpg 910w, https:\/\/katolicka-gimnazija.hr\/wp-content\/uploads\/2016\/11\/15134415_370230696649562_898870433_n-360x405.jpg 360w, https:\/\/katolicka-gimnazija.hr\/wp-content\/uploads\/2016\/11\/15134415_370230696649562_898870433_n-750x844.jpg 750w, https:\/\/katolicka-gimnazija.hr\/wp-content\/uploads\/2016\/11\/15134415_370230696649562_898870433_n-400x450.jpg 400w, https:\/\/katolicka-gimnazija.hr\/wp-content\/uploads\/2016\/11\/15134415_370230696649562_898870433_n-430x484.jpg 430w, https:\/\/katolicka-gimnazija.hr\/wp-content\/uploads\/2016\/11\/15134415_370230696649562_898870433_n-150x169.jpg 150w, https:\/\/katolicka-gimnazija.hr\/wp-content\/uploads\/2016\/11\/15134415_370230696649562_898870433_n-100x113.jpg 100w, https:\/\/katolicka-gimnazija.hr\/wp-content\/uploads\/2016\/11\/15134415_370230696649562_898870433_n.jpg 1500w\" sizes=\"auto, (max-width: 267px) 100vw, 267px\" \/><\/a>\n\t\t\t<\/div><\/figure><figure class='gallery-item'>\n\t\t\t<div class='gallery-icon landscape'>\n\t\t\t\t<a href='https:\/\/katolicka-gimnazija.hr\/wp-content\/uploads\/2016\/11\/15135455_1244767698916841_765286911_n.jpg'><img loading=\"lazy\" decoding=\"async\" width=\"300\" height=\"225\" src=\"https:\/\/katolicka-gimnazija.hr\/wp-content\/uploads\/2016\/11\/15135455_1244767698916841_765286911_n-300x225.jpg\" class=\"attachment-medium size-medium\" alt=\"\" srcset=\"https:\/\/katolicka-gimnazija.hr\/wp-content\/uploads\/2016\/11\/15135455_1244767698916841_765286911_n-300x225.jpg 300w, https:\/\/katolicka-gimnazija.hr\/wp-content\/uploads\/2016\/11\/15135455_1244767698916841_765286911_n-768x576.jpg 768w, https:\/\/katolicka-gimnazija.hr\/wp-content\/uploads\/2016\/11\/15135455_1244767698916841_765286911_n-1024x768.jpg 1024w, https:\/\/katolicka-gimnazija.hr\/wp-content\/uploads\/2016\/11\/15135455_1244767698916841_765286911_n-360x270.jpg 360w, https:\/\/katolicka-gimnazija.hr\/wp-content\/uploads\/2016\/11\/15135455_1244767698916841_765286911_n-750x563.jpg 750w, https:\/\/katolicka-gimnazija.hr\/wp-content\/uploads\/2016\/11\/15135455_1244767698916841_765286911_n-400x300.jpg 400w, https:\/\/katolicka-gimnazija.hr\/wp-content\/uploads\/2016\/11\/15135455_1244767698916841_765286911_n-430x323.jpg 430w, https:\/\/katolicka-gimnazija.hr\/wp-content\/uploads\/2016\/11\/15135455_1244767698916841_765286911_n-150x113.jpg 150w, https:\/\/katolicka-gimnazija.hr\/wp-content\/uploads\/2016\/11\/15135455_1244767698916841_765286911_n-100x75.jpg 100w, https:\/\/katolicka-gimnazija.hr\/wp-content\/uploads\/2016\/11\/15135455_1244767698916841_765286911_n.jpg 1500w\" sizes=\"auto, (max-width: 300px) 100vw, 300px\" \/><\/a>\n\t\t\t<\/div><\/figure>\n\t\t<\/div>\n\n","protected":false},"excerpt":{"rendered":"<p>Nakon mnogih projekata u kojima je ove godine sudjelovala i na\u0161a \u0161kola, dopao nas je jo\u0161 jedan, no posve druga\u010diji \u2013 \u201eudomiti Amerikance\u201c. Rije\u010d je o me\u0111unarodnoj razmjeni srednjo\u0161kolaca u organizaciji Rotary cluba, a u Hrvatskoj tu du\u017enost preuzima Rotary District 1913. Kakva su to uop\u0107e Rotary udru\u017eenja? Rotary je me\u0111unarodno udru\u017eenje osoba iz stru\u010dnog [&hellip;]<\/p>\n","protected":false},"author":42,"featured_media":7690,"comment_status":"closed","ping_status":"closed","sticky":false,"template":"","format":"standard","meta":{"footnotes":""},"categories":[4,2],"tags":[],"class_list":["post-7726","post","type-post","status-publish","format-standard","has-post-thumbnail","hentry","category-fotogalerije","category-vijesti"],"_links":{"self":[{"href":"https:\/\/katolicka-gimnazija.hr\/index.php\/wp-json\/wp\/v2\/posts\/7726","targetHints":{"allow":["GET"]}}],"collection":[{"href":"https:\/\/katolicka-gimnazija.hr\/index.php\/wp-json\/wp\/v2\/posts"}],"about":[{"href":"https:\/\/katolicka-gimnazija.hr\/index.php\/wp-json\/wp\/v2\/types\/post"}],"author":[{"embeddable":true,"href":"https:\/\/katolicka-gimnazija.hr\/index.php\/wp-json\/wp\/v2\/users\/42"}],"replies":[{"embeddable":true,"href":"https:\/\/katolicka-gimnazija.hr\/index.php\/wp-json\/wp\/v2\/comments?post=7726"}],"version-history":[{"count":4,"href":"https:\/\/katolicka-gimnazija.hr\/index.php\/wp-json\/wp\/v2\/posts\/7726\/revisions"}],"predecessor-version":[{"id":14957,"href":"https:\/\/katolicka-gimnazija.hr\/index.php\/wp-json\/wp\/v2\/posts\/7726\/revisions\/14957"}],"wp:featuredmedia":[{"embeddable":true,"href":"https:\/\/katolicka-gimnazija.hr\/index.php\/wp-json\/wp\/v2\/media\/7690"}],"wp:attachment":[{"href":"https:\/\/katolicka-gimnazija.hr\/index.php\/wp-json\/wp\/v2\/media?parent=7726"}],"wp:term":[{"taxonomy":"category","embeddable":true,"href":"https:\/\/katolicka-gimnazija.hr\/index.php\/wp-json\/wp\/v2\/categories?post=7726"},{"taxonomy":"post_tag","embeddable":true,"href":"https:\/\/katolicka-gimnazija.hr\/index.php\/wp-json\/wp\/v2\/tags?post=7726"}],"curies":[{"name":"wp","href":"https:\/\/api.w.org\/{rel}","templated":true}]}}