{"id":7805,"date":"2016-11-22T15:58:08","date_gmt":"2016-11-22T15:58:08","guid":{"rendered":"http:\/\/katolicka-gimnazija.hr\/?p=7805"},"modified":"2018-12-28T14:08:18","modified_gmt":"2018-12-28T14:08:18","slug":"nase-djevojke-prvakinje-zupanije-u-badmintonu","status":"publish","type":"post","link":"https:\/\/katolicka-gimnazija.hr\/index.php\/2016\/11\/22\/nase-djevojke-prvakinje-zupanije-u-badmintonu\/","title":{"rendered":"Na\u0161e djevojke prvakinje \u017eupanije u badmintonu"},"content":{"rendered":"<p>Djevojke i mladi\u0107i na\u0161e \u0161kole sudjelovali su na \u017eupanijskom natjecanju srednjih \u0161kola u badmintonu koje se odr\u017eavalo u Pleternici. Pro\u0161le godine su na\u0161e u\u010denice osvojile prvo mjesto \u017eupanije i tre\u0107e mjesto na regiji. Interes prema badmintonu ove godine su pokazali i mladi\u0107i iako se prvi puta susre\u0107u sa ovim sportom. Ove godine je natjecanje konkurentnije jer se uklju\u010dila srednja \u0161kola iz Pakraca. Sudjelovala je i Gimnazija i Ekonomska \u0161kola iz Po\u017eege u obje kategorije. Utakmice su se igrale na na\u010din da je odigrao svatko sa svakim, a na\u0161e igra\u010dice su pobijedile sve tri srednje \u0161kole dok su mladi\u0107i pora\u017eeni u sve tri utakmice. Na\u0161e su u\u010denice izborile nastup na regiji, a datum i mjesto natjecanja jo\u0161 nije odre\u0111eno. Tako su na natjecanju sudjelovali mladi\u0107i i djevojke na\u0161e \u0161kole.<\/p>\n<p>Mladi\u0107i: Vid Bagari\u0107, Filip Holjevac, Matej Ragu\u017e i Sven Abramovi\u0107.<\/p>\n<p>Djevojke: Tara Stipanovi\u0107, Iva Budimir, Ela E\u0161egovi\u0107 i Katarina Puhari\u0107.<\/p>\n<p>Voditelj ekipa je bio Mario Ragu\u017e, prof.<\/p>\n<p>Prisjetimo se da su na\u0161e nogometa\u0161ice ove godine izborile nastup na regiji i o\u010dekujemo datum sudjelovanja, a isto je po\u0161lo za rukom na\u0161im u\u010denicama u badmintonu. Specifi\u010dna je situacija da imamo svestrane sporta\u0161ice pa \u0107e tako Tara Stipanovi\u0107, Iva Budimir i Ela E\u0161egovi\u0107 na oba regionalna natjecanja.<\/p>\n<p>\u010cESTITKE CURAMA NA PRVOM MJESTU I MLADI\u0106IMA NA SUDJELOVANJU<\/p>\n<div id='gallery-1' class='gallery galleryid-7805 gallery-columns-3 gallery-size-thumbnail'><figure class='gallery-item'>\n\t\t\t<div class='gallery-icon landscape'>\n\t\t\t\t<a href='https:\/\/katolicka-gimnazija.hr\/wp-content\/uploads\/2016\/11\/badmint-2016-5.jpg'><img loading=\"lazy\" decoding=\"async\" width=\"150\" height=\"150\" src=\"https:\/\/katolicka-gimnazija.hr\/wp-content\/uploads\/2016\/11\/badmint-2016-5-150x150.jpg\" class=\"attachment-thumbnail size-thumbnail\" alt=\"\" \/><\/a>\n\t\t\t<\/div><\/figure><figure class='gallery-item'>\n\t\t\t<div class='gallery-icon landscape'>\n\t\t\t\t<a href='https:\/\/katolicka-gimnazija.hr\/wp-content\/uploads\/2016\/11\/BADMINTON-4.jpg'><img loading=\"lazy\" decoding=\"async\" width=\"150\" height=\"150\" src=\"https:\/\/katolicka-gimnazija.hr\/wp-content\/uploads\/2016\/11\/BADMINTON-4-150x150.jpg\" class=\"attachment-thumbnail size-thumbnail\" alt=\"\" \/><\/a>\n\t\t\t<\/div><\/figure><figure class='gallery-item'>\n\t\t\t<div class='gallery-icon landscape'>\n\t\t\t\t<a href='https:\/\/katolicka-gimnazija.hr\/wp-content\/uploads\/2016\/11\/badmint-2016-3.jpg'><img loading=\"lazy\" decoding=\"async\" width=\"150\" height=\"150\" src=\"https:\/\/katolicka-gimnazija.hr\/wp-content\/uploads\/2016\/11\/badmint-2016-3-150x150.jpg\" class=\"attachment-thumbnail size-thumbnail\" alt=\"\" \/><\/a>\n\t\t\t<\/div><\/figure><figure class='gallery-item'>\n\t\t\t<div class='gallery-icon landscape'>\n\t\t\t\t<a href='https:\/\/katolicka-gimnazija.hr\/wp-content\/uploads\/2016\/11\/badmint.2016-2.jpg'><img loading=\"lazy\" decoding=\"async\" width=\"150\" height=\"150\" src=\"https:\/\/katolicka-gimnazija.hr\/wp-content\/uploads\/2016\/11\/badmint.2016-2-150x150.jpg\" class=\"attachment-thumbnail size-thumbnail\" alt=\"\" \/><\/a>\n\t\t\t<\/div><\/figure><figure class='gallery-item'>\n\t\t\t<div class='gallery-icon landscape'>\n\t\t\t\t<a href='https:\/\/katolicka-gimnazija.hr\/wp-content\/uploads\/2016\/11\/badmint.2016-1.jpg'><img loading=\"lazy\" decoding=\"async\" width=\"150\" height=\"150\" src=\"https:\/\/katolicka-gimnazija.hr\/wp-content\/uploads\/2016\/11\/badmint.2016-1-150x150.jpg\" class=\"attachment-thumbnail size-thumbnail\" alt=\"\" \/><\/a>\n\t\t\t<\/div><\/figure>\n\t\t<\/div>\n\n<p>REZULTATI:<\/p>\n<div id=\"yui_3_16_0_ym19_1_1479685661804_49007\">Djevojke:<\/div>\n<div id=\"yui_3_16_0_ym19_1_1479685661804_49005\">KKG-GIMNAZIJA-3:0<\/div>\n<div id=\"yui_3_16_0_ym19_1_1479685661804_48965\">KKG-S\u0160 PAKRAC-3:2<\/div>\n<div id=\"yui_3_16_0_ym19_1_1479685661804_49009\">KKG-EKONOMIK-3:0<\/div>\n<div>Mladi\u0107i:<\/div>\n<div id=\"yui_3_16_0_ym19_1_1479685661804_48967\">KKG-GIMNAZIJA-0:3<\/div>\n<div id=\"yui_3_16_0_ym19_1_1479685661804_49011\">KKG-EKONOMIK-1:3<\/div>\n<div id=\"yui_3_16_0_ym19_1_1479685661804_48969\">KKG-S\u0160 PAKRAC-0:3 <\/p>\n","protected":false},"excerpt":{"rendered":"<p>Djevojke i mladi\u0107i na\u0161e \u0161kole sudjelovali su na \u017eupanijskom natjecanju srednjih \u0161kola u badmintonu koje se odr\u017eavalo u Pleternici. Pro\u0161le godine su na\u0161e u\u010denice osvojile prvo mjesto \u017eupanije i tre\u0107e mjesto na regiji. Interes prema badmintonu ove godine su pokazali i mladi\u0107i iako se prvi puta susre\u0107u sa ovim sportom. Ove godine je natjecanje konkurentnije [&hellip;]<\/p>\n","protected":false},"author":1,"featured_media":7808,"comment_status":"closed","ping_status":"closed","sticky":false,"template":"","format":"standard","meta":{"footnotes":""},"categories":[4,2],"tags":[],"class_list":["post-7805","post","type-post","status-publish","format-standard","has-post-thumbnail","hentry","category-fotogalerije","category-vijesti"],"_links":{"self":[{"href":"https:\/\/katolicka-gimnazija.hr\/index.php\/wp-json\/wp\/v2\/posts\/7805","targetHints":{"allow":["GET"]}}],"collection":[{"href":"https:\/\/katolicka-gimnazija.hr\/index.php\/wp-json\/wp\/v2\/posts"}],"about":[{"href":"https:\/\/katolicka-gimnazija.hr\/index.php\/wp-json\/wp\/v2\/types\/post"}],"author":[{"embeddable":true,"href":"https:\/\/katolicka-gimnazija.hr\/index.php\/wp-json\/wp\/v2\/users\/1"}],"replies":[{"embeddable":true,"href":"https:\/\/katolicka-gimnazija.hr\/index.php\/wp-json\/wp\/v2\/comments?post=7805"}],"version-history":[{"count":3,"href":"https:\/\/katolicka-gimnazija.hr\/index.php\/wp-json\/wp\/v2\/posts\/7805\/revisions"}],"predecessor-version":[{"id":14955,"href":"https:\/\/katolicka-gimnazija.hr\/index.php\/wp-json\/wp\/v2\/posts\/7805\/revisions\/14955"}],"wp:featuredmedia":[{"embeddable":true,"href":"https:\/\/katolicka-gimnazija.hr\/index.php\/wp-json\/wp\/v2\/media\/7808"}],"wp:attachment":[{"href":"https:\/\/katolicka-gimnazija.hr\/index.php\/wp-json\/wp\/v2\/media?parent=7805"}],"wp:term":[{"taxonomy":"category","embeddable":true,"href":"https:\/\/katolicka-gimnazija.hr\/index.php\/wp-json\/wp\/v2\/categories?post=7805"},{"taxonomy":"post_tag","embeddable":true,"href":"https:\/\/katolicka-gimnazija.hr\/index.php\/wp-json\/wp\/v2\/tags?post=7805"}],"curies":[{"name":"wp","href":"https:\/\/api.w.org\/{rel}","templated":true}]}}