{"id":7822,"date":"2016-11-25T06:47:13","date_gmt":"2016-11-25T06:47:13","guid":{"rendered":"http:\/\/katolicka-gimnazija.hr\/?p=7822"},"modified":"2018-12-28T14:08:10","modified_gmt":"2018-12-28T14:08:10","slug":"postani-vojni-kadet","status":"publish","type":"post","link":"https:\/\/katolicka-gimnazija.hr\/index.php\/2016\/11\/25\/postani-vojni-kadet\/","title":{"rendered":"POSTANI VOJNI KADET!"},"content":{"rendered":"<div class=\"\" data-block=\"true\" data-editor=\"2i5cq\" data-offset-key=\"75vc8-0-0\">\n<div class=\"_1mf _1mj\" data-offset-key=\"75vc8-0-0\"><a href=\"http:\/\/katolicka-gimnazija.hr\/wp-content\/uploads\/2016\/11\/DSC_0008.jpg\"><img loading=\"lazy\" decoding=\"async\" class=\"alignleft wp-image-7823 size-medium\" src=\"http:\/\/katolicka-gimnazija.hr\/wp-content\/uploads\/2016\/11\/DSC_0008-300x200.jpg\" alt=\"dsc_0008\" width=\"300\" height=\"200\" srcset=\"https:\/\/katolicka-gimnazija.hr\/wp-content\/uploads\/2016\/11\/DSC_0008-300x200.jpg 300w, https:\/\/katolicka-gimnazija.hr\/wp-content\/uploads\/2016\/11\/DSC_0008-768x512.jpg 768w, https:\/\/katolicka-gimnazija.hr\/wp-content\/uploads\/2016\/11\/DSC_0008-1024x683.jpg 1024w, https:\/\/katolicka-gimnazija.hr\/wp-content\/uploads\/2016\/11\/DSC_0008-360x240.jpg 360w, https:\/\/katolicka-gimnazija.hr\/wp-content\/uploads\/2016\/11\/DSC_0008-750x500.jpg 750w, https:\/\/katolicka-gimnazija.hr\/wp-content\/uploads\/2016\/11\/DSC_0008-400x267.jpg 400w, https:\/\/katolicka-gimnazija.hr\/wp-content\/uploads\/2016\/11\/DSC_0008-430x287.jpg 430w, https:\/\/katolicka-gimnazija.hr\/wp-content\/uploads\/2016\/11\/DSC_0008-150x100.jpg 150w, https:\/\/katolicka-gimnazija.hr\/wp-content\/uploads\/2016\/11\/DSC_0008-100x67.jpg 100w\" sizes=\"auto, (max-width: 300px) 100vw, 300px\" \/><\/a>S ciljem promocije Vojnog u\u010dili\u0161ta &#8220;Dr. Franjo Tu\u0111man&#8221; i tri vojna smjera koje to u\u010dili\u0161te nudi &#8211; vojni pilot, vojni in\u017einjering te vojno vo\u0111enje i upravljanje, ju\u010der su na\u0161e maturante posjetili djelatnici MORH-a, gdin Perko i Ragu\u017e te satnik Antun Mandi\u0107 koji je ujedno zadu\u017een za odnose s javno\u0161\u0107u. Upravo je satnik Mandi\u0107 predstavio ova tri vojna smjera kao najkompletnije studijske programe u Republici Hrvatskoj jer osim one intelektualne i moralne dimenzije koje nude i svi ostali smjerovi drugih fakulteta vojnog kadeta formira i s obzirom na tjelesnu spremu i osposobljava ga u vje\u0161tinama vo\u0111enja. Ono \u0161to zasigurno niti jedno u\u010dili\u0161te ili sveu\u010dili\u0161te ne nudi jesu uvjeti koji se nude onim kadetima koji upi\u0161u Vojno u\u010dili\u0161te, prije svega smje\u0161taj, stipendije, ra\u010dunalna oprema, razmjene studenata, studiranje na stranim vojnim u\u010dili\u0161tima i mnoge druge pogodnosti. Kao \u0161to je i za o\u010dekivati na u\u010dili\u0161tu ovakvoga tipa, preduvjeti za upis jesu, uz dobar uspjeh na maturi, i zavidna tjelesna sprema.<\/div>\n","protected":false},"excerpt":{"rendered":"<p>S ciljem promocije Vojnog u\u010dili\u0161ta &#8220;Dr. Franjo Tu\u0111man&#8221; i tri vojna smjera koje to u\u010dili\u0161te nudi &#8211; vojni pilot, vojni in\u017einjering te vojno vo\u0111enje i upravljanje, ju\u010der su na\u0161e maturante posjetili djelatnici MORH-a, gdin Perko i Ragu\u017e te satnik Antun Mandi\u0107 koji je ujedno zadu\u017een za odnose s javno\u0161\u0107u. Upravo je satnik Mandi\u0107 predstavio ova [&hellip;]<\/p>\n","protected":false},"author":2,"featured_media":7823,"comment_status":"closed","ping_status":"closed","sticky":false,"template":"","format":"standard","meta":{"footnotes":""},"categories":[2],"tags":[],"class_list":["post-7822","post","type-post","status-publish","format-standard","has-post-thumbnail","hentry","category-vijesti"],"_links":{"self":[{"href":"https:\/\/katolicka-gimnazija.hr\/index.php\/wp-json\/wp\/v2\/posts\/7822","targetHints":{"allow":["GET"]}}],"collection":[{"href":"https:\/\/katolicka-gimnazija.hr\/index.php\/wp-json\/wp\/v2\/posts"}],"about":[{"href":"https:\/\/katolicka-gimnazija.hr\/index.php\/wp-json\/wp\/v2\/types\/post"}],"author":[{"embeddable":true,"href":"https:\/\/katolicka-gimnazija.hr\/index.php\/wp-json\/wp\/v2\/users\/2"}],"replies":[{"embeddable":true,"href":"https:\/\/katolicka-gimnazija.hr\/index.php\/wp-json\/wp\/v2\/comments?post=7822"}],"version-history":[{"count":2,"href":"https:\/\/katolicka-gimnazija.hr\/index.php\/wp-json\/wp\/v2\/posts\/7822\/revisions"}],"predecessor-version":[{"id":14954,"href":"https:\/\/katolicka-gimnazija.hr\/index.php\/wp-json\/wp\/v2\/posts\/7822\/revisions\/14954"}],"wp:featuredmedia":[{"embeddable":true,"href":"https:\/\/katolicka-gimnazija.hr\/index.php\/wp-json\/wp\/v2\/media\/7823"}],"wp:attachment":[{"href":"https:\/\/katolicka-gimnazija.hr\/index.php\/wp-json\/wp\/v2\/media?parent=7822"}],"wp:term":[{"taxonomy":"category","embeddable":true,"href":"https:\/\/katolicka-gimnazija.hr\/index.php\/wp-json\/wp\/v2\/categories?post=7822"},{"taxonomy":"post_tag","embeddable":true,"href":"https:\/\/katolicka-gimnazija.hr\/index.php\/wp-json\/wp\/v2\/tags?post=7822"}],"curies":[{"name":"wp","href":"https:\/\/api.w.org\/{rel}","templated":true}]}}