{"id":7826,"date":"2016-11-25T08:04:48","date_gmt":"2016-11-25T08:04:48","guid":{"rendered":"http:\/\/katolicka-gimnazija.hr\/?p=7826"},"modified":"2018-12-28T14:08:01","modified_gmt":"2018-12-28T14:08:01","slug":"put-do-filma-u-80-dana","status":"publish","type":"post","link":"https:\/\/katolicka-gimnazija.hr\/index.php\/2016\/11\/25\/put-do-filma-u-80-dana\/","title":{"rendered":"\u00a0PUT DO FILMA U 80 DANA"},"content":{"rendered":"<p><a href=\"http:\/\/katolicka-gimnazija.hr\/wp-content\/uploads\/2016\/11\/12042815_1718803228348228_6244125234217228120_n.jpg\"><img loading=\"lazy\" decoding=\"async\" class=\"alignright wp-image-7827\" src=\"http:\/\/katolicka-gimnazija.hr\/wp-content\/uploads\/2016\/11\/12042815_1718803228348228_6244125234217228120_n-300x300.jpg\" alt=\"12042815_1718803228348228_6244125234217228120_n\" width=\"212\" height=\"212\" srcset=\"https:\/\/katolicka-gimnazija.hr\/wp-content\/uploads\/2016\/11\/12042815_1718803228348228_6244125234217228120_n-300x300.jpg 300w, https:\/\/katolicka-gimnazija.hr\/wp-content\/uploads\/2016\/11\/12042815_1718803228348228_6244125234217228120_n-150x150.jpg 150w, https:\/\/katolicka-gimnazija.hr\/wp-content\/uploads\/2016\/11\/12042815_1718803228348228_6244125234217228120_n-768x768.jpg 768w, https:\/\/katolicka-gimnazija.hr\/wp-content\/uploads\/2016\/11\/12042815_1718803228348228_6244125234217228120_n-360x360.jpg 360w, https:\/\/katolicka-gimnazija.hr\/wp-content\/uploads\/2016\/11\/12042815_1718803228348228_6244125234217228120_n-750x750.jpg 750w, https:\/\/katolicka-gimnazija.hr\/wp-content\/uploads\/2016\/11\/12042815_1718803228348228_6244125234217228120_n-400x400.jpg 400w, https:\/\/katolicka-gimnazija.hr\/wp-content\/uploads\/2016\/11\/12042815_1718803228348228_6244125234217228120_n-430x430.jpg 430w, https:\/\/katolicka-gimnazija.hr\/wp-content\/uploads\/2016\/11\/12042815_1718803228348228_6244125234217228120_n-100x100.jpg 100w, https:\/\/katolicka-gimnazija.hr\/wp-content\/uploads\/2016\/11\/12042815_1718803228348228_6244125234217228120_n.jpg 960w\" sizes=\"auto, (max-width: 212px) 100vw, 212px\" \/><\/a>Uorganizaciji udruge GFR film-video Gimnazije Po\u017eega\u00a0 22. studenoga 2016. u 13 sati u knji\u017enici Gimnazije Po\u017eega odr\u017ealo se natjecanje <em>Put do filma u 80 dana<\/em>. Na tom doga\u0111anju na\u0161a \u0161kola se predstavila filmom Ivana Mitrovi\u0107a \u00a0<em>Jedinstveni<\/em>, koji je zauzeo visoko drugo mjesto te dokumentarnom reporta\u017eom TV sekcije pod naslovom <em>Put mira<\/em>. Ivan Mitrovi\u0107, maturant klasi\u010dnog smjera Katoli\u010dke gimnazije i redatelj filma Jedinstveni, o svojem dosada\u0161njem redateljskom iskustvu progovorio je za Nautes.<\/p>\n<p><strong>\u00a0<\/strong><strong>\u0160to te potaknulo da se po\u010dne\u0161 baviti re\u017eijom filmova?<\/strong><\/p>\n<p>Sam proces nastajanja filma. Ima jako puno filmova koji su dobro napravljeni i same kompozicije kadrova su iznimno dobre te je to zapravo glavni motiv, neka dubina scene, dubina kadra.<\/p>\n<p><strong>Jesi li zadovoljan filmovima Jedinstveni i <em>The changes<\/em>? Kako su prihva\u0107eni?<\/strong><\/p>\n<p>To je sve bilo dok sam jo\u0161 tek po\u010dinjao raditi filmove. <em>Jedinstveni<\/em> je tako\u0111er na neki na\u010din nastao dok sam tek po\u010dinjao, improvizirao, dok nisam ni\u0161ta znao o kadru i svemu tome. Ali s vremenom sam sve vi\u0161e shva\u0107ao da zapravo svaki kadar ima neko svoje dublje zna\u010denje i da se svaki kadar koristi na odre\u0111eni na\u010din. Zapravo me sve to prebacilo na drugi, vi\u0161i nivo same kinematografije i filma. Tako da sada i nisam ba\u0161 zadovoljan filmovima jer sad vidim gdje sam mogao napraviti ne\u0161to bolje. Uvijek mogu bolje, uvijek mo\u017ee ispasti jo\u0161 bolje, \u0161to je zapravo i odlika svakog redatelja \u2013 da, gledaju\u0107i film, shvati \u0161to je sve moglo biti bolje, gdje je \u0161to mogao jo\u0161 bolje prikazati.<\/p>\n<p><strong>Koji te filmski \u017eanrovi zanimaju?<\/strong><\/p>\n<p>Zapravo mi \u017eanrovi nisu toliko bitni. Vi\u0161e me zanima eksperimentalni film, tj. da kao autor mogu napraviti ono \u0161to \u017eelim da gledatelji vide, da iska\u017eem one osje\u0107aje koje \u017eelim pobuditi u gledateljstvu. Katarza je cilj svakog filma, a ja \u017eelim da gledatelji vide probleme ili doga\u0111aje iz filma kroz moje o\u010di.<\/p>\n<p><strong><a href=\"http:\/\/katolicka-gimnazija.hr\/wp-content\/uploads\/2016\/11\/13423732_1808816776013539_4590571290034073398_n.jpg\"><img loading=\"lazy\" decoding=\"async\" class=\"alignleft wp-image-7828 size-medium\" src=\"http:\/\/katolicka-gimnazija.hr\/wp-content\/uploads\/2016\/11\/13423732_1808816776013539_4590571290034073398_n-300x300.jpg\" alt=\"13423732_1808816776013539_4590571290034073398_n\" width=\"300\" height=\"300\" srcset=\"https:\/\/katolicka-gimnazija.hr\/wp-content\/uploads\/2016\/11\/13423732_1808816776013539_4590571290034073398_n-300x300.jpg 300w, https:\/\/katolicka-gimnazija.hr\/wp-content\/uploads\/2016\/11\/13423732_1808816776013539_4590571290034073398_n-150x150.jpg 150w, https:\/\/katolicka-gimnazija.hr\/wp-content\/uploads\/2016\/11\/13423732_1808816776013539_4590571290034073398_n-768x768.jpg 768w, https:\/\/katolicka-gimnazija.hr\/wp-content\/uploads\/2016\/11\/13423732_1808816776013539_4590571290034073398_n-360x360.jpg 360w, https:\/\/katolicka-gimnazija.hr\/wp-content\/uploads\/2016\/11\/13423732_1808816776013539_4590571290034073398_n-750x750.jpg 750w, https:\/\/katolicka-gimnazija.hr\/wp-content\/uploads\/2016\/11\/13423732_1808816776013539_4590571290034073398_n-400x400.jpg 400w, https:\/\/katolicka-gimnazija.hr\/wp-content\/uploads\/2016\/11\/13423732_1808816776013539_4590571290034073398_n-430x430.jpg 430w, https:\/\/katolicka-gimnazija.hr\/wp-content\/uploads\/2016\/11\/13423732_1808816776013539_4590571290034073398_n-100x100.jpg 100w, https:\/\/katolicka-gimnazija.hr\/wp-content\/uploads\/2016\/11\/13423732_1808816776013539_4590571290034073398_n.jpg 960w\" sizes=\"auto, (max-width: 300px) 100vw, 300px\" \/><\/a>Koju vrstu glazbe slu\u0161a\u0161 i na koji na\u010din odlu\u010duje\u0161 koja bi se pjesma najbolje uklopila u odre\u0111enu scenu?<\/strong><\/p>\n<p>Ina\u010de slu\u0161am metal, ali glazbu za svaku scenu biram po karakteru i osje\u0107ajima koje \u017eelim izazvati. Jer glazba zapravo ima jako veliku ulogu. U filmu <em>Jedinstveni<\/em> prisutna je samo jedna pjesma koju ina\u010de slu\u0161am, jer ve\u0107inom koristim glazbu koju zapravo uop\u0107e ne slu\u0161am zbog karaktera samog filma i emocija koje taj film prenosi.<\/p>\n<p><strong>Ho\u0107e\u0161 li nakon gimnazije upisati ne\u0161to sli\u010dno ovome \u010dime se sada bavi\u0161?<\/strong><\/p>\n<p>Poku\u0161at \u0107u oti\u0107i na prijemni na Akademiju za monta\u017eu, kinematografiju. Budu\u0107i da oni primaju samo pet ljudi, pet potencijalnih studenata, nisam ba\u0161 sto posto siguran da \u0107u upasti na taj faks.<\/p>\n<p><strong>Kako bi ti sam opisao film <em>The changes<\/em>? \u0160to te potaknulo da snimi\u0161 ovu pri\u010du?<\/strong><\/p>\n<p>Film <em>The changes<\/em> je, na neki na\u010din, vi\u0161e motivacijski video-uradak, ne bih ga ba\u0161 nazvao filmom iako bi mogao pripadati kratkometra\u017enim filmovima. Potaknule su me droge jer sam imao jako puno prijatelja koji su zaglibili u tim vodama, a neki su i dalje tamo. To je bila glavna motivacija.<\/p>\n<p><strong>Jesi li zadovoljan rezultatima koje si postigao filmom <em>Jedinstveni<\/em>?<\/strong><\/p>\n<p>Nikada nisam u potpunosti zadovoljan rezultatom, pogotovo kada je film u pitanju, jer sam ina\u010de samokriti\u010dan i smatram da uvijek mo\u017ee biti bolje. Mislim da nismo zaslu\u017eili drugo mjesto jer su ostali filmovi bili dosta lo\u0161iji od na\u0161eg filma. Ostali filmovi jesu imali pri\u010du, ali nije bilo dovoljno razra\u0111ena, kao ni kadriranje, ni sama kompozicija cijelog filma.<\/p>\n<p><strong><a href=\"http:\/\/katolicka-gimnazija.hr\/wp-content\/uploads\/2016\/11\/DSC_3401.jpg\"><img loading=\"lazy\" decoding=\"async\" class=\"alignright wp-image-7833 size-medium\" src=\"http:\/\/katolicka-gimnazija.hr\/wp-content\/uploads\/2016\/11\/DSC_3401-300x200.jpg\" alt=\"dsc_3401\" width=\"300\" height=\"200\" srcset=\"https:\/\/katolicka-gimnazija.hr\/wp-content\/uploads\/2016\/11\/DSC_3401-300x200.jpg 300w, https:\/\/katolicka-gimnazija.hr\/wp-content\/uploads\/2016\/11\/DSC_3401-768x512.jpg 768w, https:\/\/katolicka-gimnazija.hr\/wp-content\/uploads\/2016\/11\/DSC_3401-1024x683.jpg 1024w, https:\/\/katolicka-gimnazija.hr\/wp-content\/uploads\/2016\/11\/DSC_3401-360x240.jpg 360w, https:\/\/katolicka-gimnazija.hr\/wp-content\/uploads\/2016\/11\/DSC_3401-750x500.jpg 750w, https:\/\/katolicka-gimnazija.hr\/wp-content\/uploads\/2016\/11\/DSC_3401-400x267.jpg 400w, https:\/\/katolicka-gimnazija.hr\/wp-content\/uploads\/2016\/11\/DSC_3401-430x287.jpg 430w, https:\/\/katolicka-gimnazija.hr\/wp-content\/uploads\/2016\/11\/DSC_3401-150x100.jpg 150w, https:\/\/katolicka-gimnazija.hr\/wp-content\/uploads\/2016\/11\/DSC_3401-100x67.jpg 100w\" sizes=\"auto, (max-width: 300px) 100vw, 300px\" \/><\/a>\u0160to op\u0107enito ima\u0161 za re\u0107i o gluma\u010dkoj ekipi filma <em>Jedinstveni, <\/em>kako ti je bilo raditi s njima?<\/strong><\/p>\n<p>S njima je bilo uistinu zanimljivo raditi. Uglavnom smo svaku scenu ponavljali najmanje pet puta, ve\u0107inom zbog opreme koju smo imali. Imali smo jednu kameru tako da nismo imali previ\u0161e izbora, morali smo to snimiti u \u0161to kra\u0107em roku da ispadne \u0161to bolje. To je mo\u017eda na neki na\u010din i najve\u0107a mana ovog prvog poku\u0161aja snimanja filma <em>Jedinstveni<\/em> jer ja kao redatelj nisam na pravi na\u010din uspio izraziti ono \u0161to sam htio, jer jednostavno nisam imao prikladnu opremu. Oprema je jako dobra, ali jednostavno mo\u017ee biti i bolja.<\/p>\n<p><strong>Kako uspijeva\u0161 uskladiti ovu svoju zanimaciju s dnevnim i \u0161kolskim obvezama?<\/strong><\/p>\n<p>To je jako te\u0161ko uklopiti, hobi sa \u0161kolom, jer taj hobi zahtijeva jako puno vremena. Na primjer, samo na film <em>Jedinstveni<\/em> sveukupno sam potro\u0161io preko dva tjedna rada po minimalmo dva sata. Znalo se dogoditi da sam po osam sati u komadu radio isklju\u010divo na filmu. Tako da tu stvarno treba volja, ali i ljubav prema onome \u0161to radi\u0161, pogotovo ako se misli\u0161 u budu\u0107nosti time baviti.<\/p>\n<p><strong>Tvoj komentar na dana\u0161nje sve \u010de\u0161\u0107e kori\u0161tenje CGI-ja?<a href=\"http:\/\/katolicka-gimnazija.hr\/wp-content\/uploads\/2016\/11\/CGI.jpg\"><img loading=\"lazy\" decoding=\"async\" class=\"alignright wp-image-7837 size-medium\" src=\"http:\/\/katolicka-gimnazija.hr\/wp-content\/uploads\/2016\/11\/CGI-300x150.jpg\" alt=\"cgi\" width=\"300\" height=\"150\" srcset=\"https:\/\/katolicka-gimnazija.hr\/wp-content\/uploads\/2016\/11\/CGI-300x150.jpg 300w, https:\/\/katolicka-gimnazija.hr\/wp-content\/uploads\/2016\/11\/CGI-360x181.jpg 360w, https:\/\/katolicka-gimnazija.hr\/wp-content\/uploads\/2016\/11\/CGI-400x201.jpg 400w, https:\/\/katolicka-gimnazija.hr\/wp-content\/uploads\/2016\/11\/CGI-430x216.jpg 430w, https:\/\/katolicka-gimnazija.hr\/wp-content\/uploads\/2016\/11\/CGI-150x75.jpg 150w, https:\/\/katolicka-gimnazija.hr\/wp-content\/uploads\/2016\/11\/CGI-100x50.jpg 100w, https:\/\/katolicka-gimnazija.hr\/wp-content\/uploads\/2016\/11\/CGI.jpg 644w\" sizes=\"auto, (max-width: 300px) 100vw, 300px\" \/><\/a><\/strong><\/p>\n<p>Sama uloga zelenog platna, tj. nekakvog maskiranja kod monta\u017ee jest prikazati neke nadrealne stvari. Njegovo kori\u0161tenje olak\u0161ava sam na\u010din snimanja filma, a ujedno i vrlo realisti\u010dno mo\u017ee prikazati fantasti\u010dni svijet i okru\u017eenje u kojem se radnja odvija.<\/p>\n<p><strong>Najdra\u017ei film?<\/strong><\/p>\n<p>Jako mi se svi\u0111a film <em>Now you see me<\/em>. Ima jako puno filmova koji su svaki na svoj na\u010din posebni. Ja ne gledam ba\u0161 samu pri\u010du filma, iako ona zapravo ima glavnu ulogu u njemu. Presudnu ulogu, po meni, ima sam na\u010din snimanja, kadriranja, i na\u010din monta\u017ee jer \u017eelim studirati upravo to \u2013 monta\u017eu.<\/p>\n<p><strong><a href=\"http:\/\/katolicka-gimnazija.hr\/wp-content\/uploads\/2016\/11\/getimage.jpg\"><img loading=\"lazy\" decoding=\"async\" class=\"alignright wp-image-7838 size-medium\" src=\"http:\/\/katolicka-gimnazija.hr\/wp-content\/uploads\/2016\/11\/getimage-300x232.jpg\" alt=\"getimage\" width=\"300\" height=\"232\" srcset=\"https:\/\/katolicka-gimnazija.hr\/wp-content\/uploads\/2016\/11\/getimage-300x232.jpg 300w, https:\/\/katolicka-gimnazija.hr\/wp-content\/uploads\/2016\/11\/getimage-360x279.jpg 360w, https:\/\/katolicka-gimnazija.hr\/wp-content\/uploads\/2016\/11\/getimage-400x310.jpg 400w, https:\/\/katolicka-gimnazija.hr\/wp-content\/uploads\/2016\/11\/getimage-430x333.jpg 430w, https:\/\/katolicka-gimnazija.hr\/wp-content\/uploads\/2016\/11\/getimage-150x116.jpg 150w, https:\/\/katolicka-gimnazija.hr\/wp-content\/uploads\/2016\/11\/getimage-100x77.jpg 100w, https:\/\/katolicka-gimnazija.hr\/wp-content\/uploads\/2016\/11\/getimage.jpg 660w\" sizes=\"auto, (max-width: 300px) 100vw, 300px\" \/><\/a>Jesi li na\u0161ao inspiraciju u nekom hrvatskom redatelju?<\/strong><\/p>\n<p>Pa Hana Ju\u0161i\u0107 i film <em>Ne gledaj mi u pijat<\/em>. Pogledao sam trailer za film i jako mi se svi\u0111a, s time da sam pogledao i recenzije za film. U njenom filmu posebno je do\u0161ao do izra\u017eaja ba\u0161 svaki kadar, on ima dubinu i to mi se zapravo najvi\u0161e dopalo u cijelom filmu. Ako ikada bude mogu\u0107nosti za suradnju s Hanom Ju\u0161i\u0107, bio bih iznimno po\u010da\u0161\u0107en.<\/p>\n<p><strong>Najdra\u017ei glumac?<\/strong><\/p>\n<p>Samuel L. Jackon, najvi\u0161e zbog boje glasa.<\/p>\n<p><strong>Postoji li favorit me\u0111u novijim filmovima?<\/strong><\/p>\n<p>Da, gledao sam novog <em>Tarzana<\/em> i jako mi se svi\u0111a film, iako je pri\u010da ve\u0107 izlizana i stara, jednostavno svo to snimanje, monta\u017ea&#8230;jako mi se svi\u0111a.<\/p>\n<p><strong>Mo\u017eemo li o\u010dekivati jo\u0161 tvojih filmova u budu\u0107nosti?<\/strong><\/p>\n<p>Ja bih rekao da mo\u017eete, trebalo bi biti. Vidjet \u0107emo.<\/p>\n<div id='gallery-1' class='gallery galleryid-7826 gallery-columns-3 gallery-size-medium'><figure class='gallery-item'>\n\t\t\t<div class='gallery-icon landscape'>\n\t\t\t\t<a href='https:\/\/katolicka-gimnazija.hr\/wp-content\/uploads\/2016\/11\/DSC_3403.jpg'><img loading=\"lazy\" decoding=\"async\" width=\"300\" height=\"200\" src=\"https:\/\/katolicka-gimnazija.hr\/wp-content\/uploads\/2016\/11\/DSC_3403-300x200.jpg\" class=\"attachment-medium size-medium\" alt=\"\" srcset=\"https:\/\/katolicka-gimnazija.hr\/wp-content\/uploads\/2016\/11\/DSC_3403-300x200.jpg 300w, https:\/\/katolicka-gimnazija.hr\/wp-content\/uploads\/2016\/11\/DSC_3403-768x512.jpg 768w, https:\/\/katolicka-gimnazija.hr\/wp-content\/uploads\/2016\/11\/DSC_3403-1024x683.jpg 1024w, https:\/\/katolicka-gimnazija.hr\/wp-content\/uploads\/2016\/11\/DSC_3403-360x240.jpg 360w, https:\/\/katolicka-gimnazija.hr\/wp-content\/uploads\/2016\/11\/DSC_3403-750x500.jpg 750w, https:\/\/katolicka-gimnazija.hr\/wp-content\/uploads\/2016\/11\/DSC_3403-400x267.jpg 400w, https:\/\/katolicka-gimnazija.hr\/wp-content\/uploads\/2016\/11\/DSC_3403-430x287.jpg 430w, https:\/\/katolicka-gimnazija.hr\/wp-content\/uploads\/2016\/11\/DSC_3403-150x100.jpg 150w, https:\/\/katolicka-gimnazija.hr\/wp-content\/uploads\/2016\/11\/DSC_3403-100x67.jpg 100w\" sizes=\"auto, (max-width: 300px) 100vw, 300px\" \/><\/a>\n\t\t\t<\/div><\/figure><figure class='gallery-item'>\n\t\t\t<div class='gallery-icon landscape'>\n\t\t\t\t<a href='https:\/\/katolicka-gimnazija.hr\/wp-content\/uploads\/2016\/11\/DSC_3396.jpg'><img loading=\"lazy\" decoding=\"async\" width=\"300\" height=\"200\" src=\"https:\/\/katolicka-gimnazija.hr\/wp-content\/uploads\/2016\/11\/DSC_3396-300x200.jpg\" class=\"attachment-medium size-medium\" alt=\"\" srcset=\"https:\/\/katolicka-gimnazija.hr\/wp-content\/uploads\/2016\/11\/DSC_3396-300x200.jpg 300w, https:\/\/katolicka-gimnazija.hr\/wp-content\/uploads\/2016\/11\/DSC_3396-768x512.jpg 768w, https:\/\/katolicka-gimnazija.hr\/wp-content\/uploads\/2016\/11\/DSC_3396-1024x683.jpg 1024w, https:\/\/katolicka-gimnazija.hr\/wp-content\/uploads\/2016\/11\/DSC_3396-360x240.jpg 360w, https:\/\/katolicka-gimnazija.hr\/wp-content\/uploads\/2016\/11\/DSC_3396-750x500.jpg 750w, https:\/\/katolicka-gimnazija.hr\/wp-content\/uploads\/2016\/11\/DSC_3396-400x267.jpg 400w, https:\/\/katolicka-gimnazija.hr\/wp-content\/uploads\/2016\/11\/DSC_3396-430x287.jpg 430w, https:\/\/katolicka-gimnazija.hr\/wp-content\/uploads\/2016\/11\/DSC_3396-150x100.jpg 150w, https:\/\/katolicka-gimnazija.hr\/wp-content\/uploads\/2016\/11\/DSC_3396-100x67.jpg 100w\" sizes=\"auto, (max-width: 300px) 100vw, 300px\" \/><\/a>\n\t\t\t<\/div><\/figure><figure class='gallery-item'>\n\t\t\t<div class='gallery-icon landscape'>\n\t\t\t\t<a href='https:\/\/katolicka-gimnazija.hr\/wp-content\/uploads\/2016\/11\/DSC_3406.jpg'><img loading=\"lazy\" decoding=\"async\" width=\"300\" height=\"200\" src=\"https:\/\/katolicka-gimnazija.hr\/wp-content\/uploads\/2016\/11\/DSC_3406-300x200.jpg\" class=\"attachment-medium size-medium\" alt=\"\" srcset=\"https:\/\/katolicka-gimnazija.hr\/wp-content\/uploads\/2016\/11\/DSC_3406-300x200.jpg 300w, https:\/\/katolicka-gimnazija.hr\/wp-content\/uploads\/2016\/11\/DSC_3406-768x512.jpg 768w, https:\/\/katolicka-gimnazija.hr\/wp-content\/uploads\/2016\/11\/DSC_3406-1024x683.jpg 1024w, https:\/\/katolicka-gimnazija.hr\/wp-content\/uploads\/2016\/11\/DSC_3406-360x240.jpg 360w, https:\/\/katolicka-gimnazija.hr\/wp-content\/uploads\/2016\/11\/DSC_3406-750x500.jpg 750w, https:\/\/katolicka-gimnazija.hr\/wp-content\/uploads\/2016\/11\/DSC_3406-400x267.jpg 400w, https:\/\/katolicka-gimnazija.hr\/wp-content\/uploads\/2016\/11\/DSC_3406-430x287.jpg 430w, https:\/\/katolicka-gimnazija.hr\/wp-content\/uploads\/2016\/11\/DSC_3406-150x100.jpg 150w, https:\/\/katolicka-gimnazija.hr\/wp-content\/uploads\/2016\/11\/DSC_3406-100x67.jpg 100w\" sizes=\"auto, (max-width: 300px) 100vw, 300px\" \/><\/a>\n\t\t\t<\/div><\/figure><figure class='gallery-item'>\n\t\t\t<div class='gallery-icon landscape'>\n\t\t\t\t<a href='https:\/\/katolicka-gimnazija.hr\/wp-content\/uploads\/2016\/11\/\u017e.jpg'><img loading=\"lazy\" decoding=\"async\" width=\"300\" height=\"300\" src=\"https:\/\/katolicka-gimnazija.hr\/wp-content\/uploads\/2016\/11\/\u017e-300x300.jpg\" class=\"attachment-medium size-medium\" alt=\"\" srcset=\"https:\/\/katolicka-gimnazija.hr\/wp-content\/uploads\/2016\/11\/\u017e-300x300.jpg 300w, https:\/\/katolicka-gimnazija.hr\/wp-content\/uploads\/2016\/11\/\u017e-150x150.jpg 150w, https:\/\/katolicka-gimnazija.hr\/wp-content\/uploads\/2016\/11\/\u017e-768x768.jpg 768w, https:\/\/katolicka-gimnazija.hr\/wp-content\/uploads\/2016\/11\/\u017e-360x360.jpg 360w, https:\/\/katolicka-gimnazija.hr\/wp-content\/uploads\/2016\/11\/\u017e-750x750.jpg 750w, https:\/\/katolicka-gimnazija.hr\/wp-content\/uploads\/2016\/11\/\u017e-400x400.jpg 400w, https:\/\/katolicka-gimnazija.hr\/wp-content\/uploads\/2016\/11\/\u017e-430x430.jpg 430w, https:\/\/katolicka-gimnazija.hr\/wp-content\/uploads\/2016\/11\/\u017e-100x100.jpg 100w, https:\/\/katolicka-gimnazija.hr\/wp-content\/uploads\/2016\/11\/\u017e.jpg 960w\" sizes=\"auto, (max-width: 300px) 100vw, 300px\" \/><\/a>\n\t\t\t<\/div><\/figure><figure class='gallery-item'>\n\t\t\t<div class='gallery-icon landscape'>\n\t\t\t\t<a href='https:\/\/katolicka-gimnazija.hr\/wp-content\/uploads\/2016\/11\/DSC_3392.jpg'><img loading=\"lazy\" decoding=\"async\" width=\"300\" height=\"200\" src=\"https:\/\/katolicka-gimnazija.hr\/wp-content\/uploads\/2016\/11\/DSC_3392-300x200.jpg\" class=\"attachment-medium size-medium\" alt=\"\" srcset=\"https:\/\/katolicka-gimnazija.hr\/wp-content\/uploads\/2016\/11\/DSC_3392-300x200.jpg 300w, https:\/\/katolicka-gimnazija.hr\/wp-content\/uploads\/2016\/11\/DSC_3392-768x512.jpg 768w, https:\/\/katolicka-gimnazija.hr\/wp-content\/uploads\/2016\/11\/DSC_3392-1024x683.jpg 1024w, https:\/\/katolicka-gimnazija.hr\/wp-content\/uploads\/2016\/11\/DSC_3392-360x240.jpg 360w, https:\/\/katolicka-gimnazija.hr\/wp-content\/uploads\/2016\/11\/DSC_3392-750x500.jpg 750w, https:\/\/katolicka-gimnazija.hr\/wp-content\/uploads\/2016\/11\/DSC_3392-400x267.jpg 400w, https:\/\/katolicka-gimnazija.hr\/wp-content\/uploads\/2016\/11\/DSC_3392-430x287.jpg 430w, https:\/\/katolicka-gimnazija.hr\/wp-content\/uploads\/2016\/11\/DSC_3392-150x100.jpg 150w, https:\/\/katolicka-gimnazija.hr\/wp-content\/uploads\/2016\/11\/DSC_3392-100x67.jpg 100w\" sizes=\"auto, (max-width: 300px) 100vw, 300px\" \/><\/a>\n\t\t\t<\/div><\/figure><figure class='gallery-item'>\n\t\t\t<div class='gallery-icon landscape'>\n\t\t\t\t<a href='https:\/\/katolicka-gimnazija.hr\/wp-content\/uploads\/2016\/11\/DSC_3397.jpg'><img loading=\"lazy\" decoding=\"async\" width=\"300\" height=\"200\" src=\"https:\/\/katolicka-gimnazija.hr\/wp-content\/uploads\/2016\/11\/DSC_3397-300x200.jpg\" class=\"attachment-medium size-medium\" alt=\"\" srcset=\"https:\/\/katolicka-gimnazija.hr\/wp-content\/uploads\/2016\/11\/DSC_3397-300x200.jpg 300w, https:\/\/katolicka-gimnazija.hr\/wp-content\/uploads\/2016\/11\/DSC_3397-768x512.jpg 768w, https:\/\/katolicka-gimnazija.hr\/wp-content\/uploads\/2016\/11\/DSC_3397-1024x683.jpg 1024w, https:\/\/katolicka-gimnazija.hr\/wp-content\/uploads\/2016\/11\/DSC_3397-360x240.jpg 360w, https:\/\/katolicka-gimnazija.hr\/wp-content\/uploads\/2016\/11\/DSC_3397-750x500.jpg 750w, https:\/\/katolicka-gimnazija.hr\/wp-content\/uploads\/2016\/11\/DSC_3397-400x267.jpg 400w, https:\/\/katolicka-gimnazija.hr\/wp-content\/uploads\/2016\/11\/DSC_3397-430x287.jpg 430w, https:\/\/katolicka-gimnazija.hr\/wp-content\/uploads\/2016\/11\/DSC_3397-150x100.jpg 150w, https:\/\/katolicka-gimnazija.hr\/wp-content\/uploads\/2016\/11\/DSC_3397-100x67.jpg 100w\" sizes=\"auto, (max-width: 300px) 100vw, 300px\" \/><\/a>\n\t\t\t<\/div><\/figure>\n\t\t<\/div>\n\n<p>&nbsp; <\/p>\n","protected":false},"excerpt":{"rendered":"<p>Uorganizaciji udruge GFR film-video Gimnazije Po\u017eega\u00a0 22. studenoga 2016. u 13 sati u knji\u017enici Gimnazije Po\u017eega odr\u017ealo se natjecanje Put do filma u 80 dana. Na tom doga\u0111anju na\u0161a \u0161kola se predstavila filmom Ivana Mitrovi\u0107a \u00a0Jedinstveni, koji je zauzeo visoko drugo mjesto te dokumentarnom reporta\u017eom TV sekcije pod naslovom Put mira. Ivan Mitrovi\u0107, maturant klasi\u010dnog [&hellip;]<\/p>\n","protected":false},"author":50,"featured_media":7829,"comment_status":"closed","ping_status":"closed","sticky":false,"template":"","format":"standard","meta":{"footnotes":""},"categories":[4,2],"tags":[],"class_list":["post-7826","post","type-post","status-publish","format-standard","has-post-thumbnail","hentry","category-fotogalerije","category-vijesti"],"_links":{"self":[{"href":"https:\/\/katolicka-gimnazija.hr\/index.php\/wp-json\/wp\/v2\/posts\/7826","targetHints":{"allow":["GET"]}}],"collection":[{"href":"https:\/\/katolicka-gimnazija.hr\/index.php\/wp-json\/wp\/v2\/posts"}],"about":[{"href":"https:\/\/katolicka-gimnazija.hr\/index.php\/wp-json\/wp\/v2\/types\/post"}],"author":[{"embeddable":true,"href":"https:\/\/katolicka-gimnazija.hr\/index.php\/wp-json\/wp\/v2\/users\/50"}],"replies":[{"embeddable":true,"href":"https:\/\/katolicka-gimnazija.hr\/index.php\/wp-json\/wp\/v2\/comments?post=7826"}],"version-history":[{"count":4,"href":"https:\/\/katolicka-gimnazija.hr\/index.php\/wp-json\/wp\/v2\/posts\/7826\/revisions"}],"predecessor-version":[{"id":14953,"href":"https:\/\/katolicka-gimnazija.hr\/index.php\/wp-json\/wp\/v2\/posts\/7826\/revisions\/14953"}],"wp:featuredmedia":[{"embeddable":true,"href":"https:\/\/katolicka-gimnazija.hr\/index.php\/wp-json\/wp\/v2\/media\/7829"}],"wp:attachment":[{"href":"https:\/\/katolicka-gimnazija.hr\/index.php\/wp-json\/wp\/v2\/media?parent=7826"}],"wp:term":[{"taxonomy":"category","embeddable":true,"href":"https:\/\/katolicka-gimnazija.hr\/index.php\/wp-json\/wp\/v2\/categories?post=7826"},{"taxonomy":"post_tag","embeddable":true,"href":"https:\/\/katolicka-gimnazija.hr\/index.php\/wp-json\/wp\/v2\/tags?post=7826"}],"curies":[{"name":"wp","href":"https:\/\/api.w.org\/{rel}","templated":true}]}}