{"id":8007,"date":"2016-12-13T22:29:12","date_gmt":"2016-12-13T22:29:12","guid":{"rendered":"http:\/\/katolicka-gimnazija.hr\/?p=8007"},"modified":"2018-12-28T14:07:01","modified_gmt":"2018-12-28T14:07:01","slug":"25-obljetnica-vocinskoga-stradanja","status":"publish","type":"post","link":"https:\/\/katolicka-gimnazija.hr\/index.php\/2016\/12\/13\/25-obljetnica-vocinskoga-stradanja\/","title":{"rendered":"25. OBLJETNICA VO\u0106INSKOGA STRADANJA"},"content":{"rendered":"<p><a href=\"http:\/\/katolicka-gimnazija.hr\/wp-content\/uploads\/2016\/12\/DSC_0058.jpg\" rel=\"attachment wp-att-8025\"><img loading=\"lazy\" decoding=\"async\" class=\"alignleft size-medium wp-image-8025\" src=\"http:\/\/katolicka-gimnazija.hr\/wp-content\/uploads\/2016\/12\/DSC_0058-300x200.jpg\" alt=\"dsc_0058\" width=\"300\" height=\"200\" srcset=\"https:\/\/katolicka-gimnazija.hr\/wp-content\/uploads\/2016\/12\/DSC_0058-300x200.jpg 300w, https:\/\/katolicka-gimnazija.hr\/wp-content\/uploads\/2016\/12\/DSC_0058-768x512.jpg 768w, https:\/\/katolicka-gimnazija.hr\/wp-content\/uploads\/2016\/12\/DSC_0058-1024x683.jpg 1024w, https:\/\/katolicka-gimnazija.hr\/wp-content\/uploads\/2016\/12\/DSC_0058-360x240.jpg 360w, https:\/\/katolicka-gimnazija.hr\/wp-content\/uploads\/2016\/12\/DSC_0058-750x500.jpg 750w, https:\/\/katolicka-gimnazija.hr\/wp-content\/uploads\/2016\/12\/DSC_0058-400x267.jpg 400w, https:\/\/katolicka-gimnazija.hr\/wp-content\/uploads\/2016\/12\/DSC_0058-430x287.jpg 430w, https:\/\/katolicka-gimnazija.hr\/wp-content\/uploads\/2016\/12\/DSC_0058-150x100.jpg 150w, https:\/\/katolicka-gimnazija.hr\/wp-content\/uploads\/2016\/12\/DSC_0058-100x67.jpg 100w, https:\/\/katolicka-gimnazija.hr\/wp-content\/uploads\/2016\/12\/DSC_0058.jpg 1500w\" sizes=\"auto, (max-width: 300px) 100vw, 300px\" \/><\/a>13. prosinca 2016. godine u\u010denici i nastavnici Katoli\u010dke gimnazije zaputili su se prema Vo\u0107inu kako bi prisustvovali obilje\u017eavanja 25. obljetnice stradanja nevinih vo\u0107inskih \u017ertava. <em>\u201eNakon Vukovara i \u0160kabrnje, Vo\u0107in je najve\u0107a tragedija Domovinskog rata. Pro\u0161lo je ve\u0107 25 godina od te\u0161kih doga\u0111aja iz 1991. godine kada su srpski pobunjenici potpomognuti Jugoslavenskom narodnom armijom do temelja razorili crkvu Gospina sveti\u0161ta u Vo\u0107inu te ubili 47 nedu\u017enih \u017eitelja. Vo\u0107inskom \u017ertvom pla\u0107ena je cijena na\u0161e hrvatske slobode i dostojanstva te nas to obvezuje na pam\u0107enje i zahvalnost\u201c,<\/em> izjavio je biskup \u0160kvor\u010devi\u0107. Od prije osam godina ovom hodo\u010da\u0161\u0107u redovito se pridru\u017euju i hrvatski branitelji, predstavnici hrvatske vojske i policije. Hodo\u010da\u0161\u0107e je organizirala Zajednica udruga i \u010dlanova HVIDR-e Viroviti\u010dko-podravske \u017eupanije, dok su pokrovitelji Ministarstvo hrvatskih branitelja, Viroviti\u010dko-podravska \u017eupanija i Op\u0107ina Vo\u0107in.<\/p>\n<p><a href=\"http:\/\/katolicka-gimnazija.hr\/wp-content\/uploads\/2016\/12\/DSC_0128.jpg\" rel=\"attachment wp-att-8044\"><img loading=\"lazy\" decoding=\"async\" class=\"size-medium wp-image-8044 alignright\" src=\"http:\/\/katolicka-gimnazija.hr\/wp-content\/uploads\/2016\/12\/DSC_0128-300x200.jpg\" alt=\"dsc_0128\" width=\"300\" height=\"200\" srcset=\"https:\/\/katolicka-gimnazija.hr\/wp-content\/uploads\/2016\/12\/DSC_0128-300x200.jpg 300w, https:\/\/katolicka-gimnazija.hr\/wp-content\/uploads\/2016\/12\/DSC_0128-768x512.jpg 768w, https:\/\/katolicka-gimnazija.hr\/wp-content\/uploads\/2016\/12\/DSC_0128-1024x683.jpg 1024w, https:\/\/katolicka-gimnazija.hr\/wp-content\/uploads\/2016\/12\/DSC_0128-360x240.jpg 360w, https:\/\/katolicka-gimnazija.hr\/wp-content\/uploads\/2016\/12\/DSC_0128-750x500.jpg 750w, https:\/\/katolicka-gimnazija.hr\/wp-content\/uploads\/2016\/12\/DSC_0128-400x267.jpg 400w, https:\/\/katolicka-gimnazija.hr\/wp-content\/uploads\/2016\/12\/DSC_0128-430x287.jpg 430w, https:\/\/katolicka-gimnazija.hr\/wp-content\/uploads\/2016\/12\/DSC_0128-150x100.jpg 150w, https:\/\/katolicka-gimnazija.hr\/wp-content\/uploads\/2016\/12\/DSC_0128-100x67.jpg 100w, https:\/\/katolicka-gimnazija.hr\/wp-content\/uploads\/2016\/12\/DSC_0128.jpg 1500w\" sizes=\"auto, (max-width: 300px) 100vw, 300px\" \/><\/a>Hodo\u010dasnici su se okupili kod kri\u017ea na Prebendi, mjestu stradanja u brdskom dijelu Vo\u0107ina. Euharistijskom slavlju prethodila je pokorni\u010dko-molitvena procesija do sveti\u0161ne crkve u Vo\u0107inu, a samo slavlje predvodio je msgr. \u0110uro Hrani\u0107, \u0111akova\u010dko-osje\u010dki nadbiskup u zajedni\u0161tvu s doma\u0107im biskupom msgr. dr. Antunom \u0160kvor\u010devi\u0107em, bjelovarsko-kri\u017eeva\u010dkim biskupom msgr. Vjekoslavom Huzjakom i vojnim ordinarijem msgr. Jurom Bogdanom. Sje\u0107anje na ubijenih 47 \u017ertava posebno je obilje\u017eeno paljenjem simboli\u010dnih 47 lampiona. Nekoliko dana prije obilje\u017eavanja 25. obljetnice vo\u0107inskih stradanja pred \u017dupanijskim sudom u Zagrebu optu\u017eeno je 29 okrivljenika zbog ratnog zlo\u010dina protiv civilnog stanovni\u0161tva i ratnog zlo\u010dina protiv ratnih zarobljenika te uni\u0161tavanja kulturnih i povijesnih spomenika. Hodo\u010da\u0161\u0107e u Vo\u0107in o 25. obljetnici njegove \u017ertve ima posebno zna\u010denje za sve nas.<\/p>\n<p><a href=\"http:\/\/katolicka-gimnazija.hr\/wp-content\/uploads\/2016\/12\/DSC_0042-2.jpg\" rel=\"attachment wp-att-8019\"><img loading=\"lazy\" decoding=\"async\" class=\"alignleft size-medium wp-image-8019\" src=\"http:\/\/katolicka-gimnazija.hr\/wp-content\/uploads\/2016\/12\/DSC_0042-2-300x200.jpg\" alt=\"dsc_0042\" width=\"300\" height=\"200\" srcset=\"https:\/\/katolicka-gimnazija.hr\/wp-content\/uploads\/2016\/12\/DSC_0042-2-300x200.jpg 300w, https:\/\/katolicka-gimnazija.hr\/wp-content\/uploads\/2016\/12\/DSC_0042-2-768x512.jpg 768w, https:\/\/katolicka-gimnazija.hr\/wp-content\/uploads\/2016\/12\/DSC_0042-2-1024x683.jpg 1024w, https:\/\/katolicka-gimnazija.hr\/wp-content\/uploads\/2016\/12\/DSC_0042-2-360x240.jpg 360w, https:\/\/katolicka-gimnazija.hr\/wp-content\/uploads\/2016\/12\/DSC_0042-2-750x500.jpg 750w, https:\/\/katolicka-gimnazija.hr\/wp-content\/uploads\/2016\/12\/DSC_0042-2-400x267.jpg 400w, https:\/\/katolicka-gimnazija.hr\/wp-content\/uploads\/2016\/12\/DSC_0042-2-430x287.jpg 430w, https:\/\/katolicka-gimnazija.hr\/wp-content\/uploads\/2016\/12\/DSC_0042-2-150x100.jpg 150w, https:\/\/katolicka-gimnazija.hr\/wp-content\/uploads\/2016\/12\/DSC_0042-2-100x67.jpg 100w, https:\/\/katolicka-gimnazija.hr\/wp-content\/uploads\/2016\/12\/DSC_0042-2.jpg 1500w\" sizes=\"auto, (max-width: 300px) 100vw, 300px\" \/><\/a>Odavanjem po\u010dasti preminulim \u017ertvama i ponizno\u0161\u0107u pred Bogom jo\u0161 smo jednom dokazali svoju vjerodostojnost i odanost Bogu. Va\u017eno je da svaki \u010dovjek bez obzira na dob ili podrijetlo treba njegovati ljubav prema svojoj domovini jer je ona dio nas. Ovakve obljetnice pru\u017eaju nam mogu\u0107nost da iska\u017eemo ljubav prema domovini, zahvalimo Bogu na svemu \u0161to \u010dini za nas i na\u0161e bli\u017enje te da odamo po\u010dast preminulima, onima koji su bili spremni i \u017eivot dati za domovinu, ljudima u kojima danas trebamo gledati svoje uzore.<\/p>\n<p>&nbsp;<\/p>\n<div id='gallery-1' class='gallery galleryid-8007 gallery-columns-3 gallery-size-medium'><figure class='gallery-item'>\n\t\t\t<div class='gallery-icon landscape'>\n\t\t\t\t<a href='https:\/\/katolicka-gimnazija.hr\/wp-content\/uploads\/2016\/12\/DSC_0051.jpg'><img loading=\"lazy\" decoding=\"async\" width=\"300\" height=\"200\" src=\"https:\/\/katolicka-gimnazija.hr\/wp-content\/uploads\/2016\/12\/DSC_0051-300x200.jpg\" class=\"attachment-medium size-medium\" alt=\"\" srcset=\"https:\/\/katolicka-gimnazija.hr\/wp-content\/uploads\/2016\/12\/DSC_0051-300x200.jpg 300w, https:\/\/katolicka-gimnazija.hr\/wp-content\/uploads\/2016\/12\/DSC_0051-768x512.jpg 768w, https:\/\/katolicka-gimnazija.hr\/wp-content\/uploads\/2016\/12\/DSC_0051-1024x683.jpg 1024w, https:\/\/katolicka-gimnazija.hr\/wp-content\/uploads\/2016\/12\/DSC_0051-360x240.jpg 360w, https:\/\/katolicka-gimnazija.hr\/wp-content\/uploads\/2016\/12\/DSC_0051-750x500.jpg 750w, https:\/\/katolicka-gimnazija.hr\/wp-content\/uploads\/2016\/12\/DSC_0051-400x267.jpg 400w, https:\/\/katolicka-gimnazija.hr\/wp-content\/uploads\/2016\/12\/DSC_0051-430x287.jpg 430w, https:\/\/katolicka-gimnazija.hr\/wp-content\/uploads\/2016\/12\/DSC_0051-150x100.jpg 150w, https:\/\/katolicka-gimnazija.hr\/wp-content\/uploads\/2016\/12\/DSC_0051-100x67.jpg 100w, https:\/\/katolicka-gimnazija.hr\/wp-content\/uploads\/2016\/12\/DSC_0051.jpg 1500w\" sizes=\"auto, (max-width: 300px) 100vw, 300px\" \/><\/a>\n\t\t\t<\/div><\/figure><figure class='gallery-item'>\n\t\t\t<div class='gallery-icon landscape'>\n\t\t\t\t<a href='https:\/\/katolicka-gimnazija.hr\/wp-content\/uploads\/2016\/12\/DSC_0127.jpg'><img loading=\"lazy\" decoding=\"async\" width=\"300\" height=\"200\" src=\"https:\/\/katolicka-gimnazija.hr\/wp-content\/uploads\/2016\/12\/DSC_0127-300x200.jpg\" class=\"attachment-medium size-medium\" alt=\"\" srcset=\"https:\/\/katolicka-gimnazija.hr\/wp-content\/uploads\/2016\/12\/DSC_0127-300x200.jpg 300w, https:\/\/katolicka-gimnazija.hr\/wp-content\/uploads\/2016\/12\/DSC_0127-768x512.jpg 768w, https:\/\/katolicka-gimnazija.hr\/wp-content\/uploads\/2016\/12\/DSC_0127-1024x683.jpg 1024w, https:\/\/katolicka-gimnazija.hr\/wp-content\/uploads\/2016\/12\/DSC_0127-360x240.jpg 360w, https:\/\/katolicka-gimnazija.hr\/wp-content\/uploads\/2016\/12\/DSC_0127-750x500.jpg 750w, https:\/\/katolicka-gimnazija.hr\/wp-content\/uploads\/2016\/12\/DSC_0127-400x267.jpg 400w, https:\/\/katolicka-gimnazija.hr\/wp-content\/uploads\/2016\/12\/DSC_0127-430x287.jpg 430w, https:\/\/katolicka-gimnazija.hr\/wp-content\/uploads\/2016\/12\/DSC_0127-150x100.jpg 150w, https:\/\/katolicka-gimnazija.hr\/wp-content\/uploads\/2016\/12\/DSC_0127-100x67.jpg 100w, https:\/\/katolicka-gimnazija.hr\/wp-content\/uploads\/2016\/12\/DSC_0127.jpg 1500w\" sizes=\"auto, (max-width: 300px) 100vw, 300px\" \/><\/a>\n\t\t\t<\/div><\/figure><figure class='gallery-item'>\n\t\t\t<div class='gallery-icon landscape'>\n\t\t\t\t<a href='https:\/\/katolicka-gimnazija.hr\/wp-content\/uploads\/2016\/12\/DSC_0074.jpg'><img loading=\"lazy\" decoding=\"async\" width=\"300\" height=\"200\" src=\"https:\/\/katolicka-gimnazija.hr\/wp-content\/uploads\/2016\/12\/DSC_0074-300x200.jpg\" class=\"attachment-medium size-medium\" alt=\"\" srcset=\"https:\/\/katolicka-gimnazija.hr\/wp-content\/uploads\/2016\/12\/DSC_0074-300x200.jpg 300w, https:\/\/katolicka-gimnazija.hr\/wp-content\/uploads\/2016\/12\/DSC_0074-768x512.jpg 768w, https:\/\/katolicka-gimnazija.hr\/wp-content\/uploads\/2016\/12\/DSC_0074-1024x683.jpg 1024w, https:\/\/katolicka-gimnazija.hr\/wp-content\/uploads\/2016\/12\/DSC_0074-360x240.jpg 360w, https:\/\/katolicka-gimnazija.hr\/wp-content\/uploads\/2016\/12\/DSC_0074-750x500.jpg 750w, https:\/\/katolicka-gimnazija.hr\/wp-content\/uploads\/2016\/12\/DSC_0074-400x267.jpg 400w, https:\/\/katolicka-gimnazija.hr\/wp-content\/uploads\/2016\/12\/DSC_0074-430x287.jpg 430w, https:\/\/katolicka-gimnazija.hr\/wp-content\/uploads\/2016\/12\/DSC_0074-150x100.jpg 150w, https:\/\/katolicka-gimnazija.hr\/wp-content\/uploads\/2016\/12\/DSC_0074-100x67.jpg 100w, https:\/\/katolicka-gimnazija.hr\/wp-content\/uploads\/2016\/12\/DSC_0074.jpg 1500w\" sizes=\"auto, (max-width: 300px) 100vw, 300px\" \/><\/a>\n\t\t\t<\/div><\/figure><figure class='gallery-item'>\n\t\t\t<div class='gallery-icon landscape'>\n\t\t\t\t<a href='https:\/\/katolicka-gimnazija.hr\/wp-content\/uploads\/2016\/12\/DSC_0058.jpg'><img loading=\"lazy\" decoding=\"async\" width=\"300\" height=\"200\" src=\"https:\/\/katolicka-gimnazija.hr\/wp-content\/uploads\/2016\/12\/DSC_0058-300x200.jpg\" class=\"attachment-medium size-medium\" alt=\"\" srcset=\"https:\/\/katolicka-gimnazija.hr\/wp-content\/uploads\/2016\/12\/DSC_0058-300x200.jpg 300w, https:\/\/katolicka-gimnazija.hr\/wp-content\/uploads\/2016\/12\/DSC_0058-768x512.jpg 768w, https:\/\/katolicka-gimnazija.hr\/wp-content\/uploads\/2016\/12\/DSC_0058-1024x683.jpg 1024w, https:\/\/katolicka-gimnazija.hr\/wp-content\/uploads\/2016\/12\/DSC_0058-360x240.jpg 360w, https:\/\/katolicka-gimnazija.hr\/wp-content\/uploads\/2016\/12\/DSC_0058-750x500.jpg 750w, https:\/\/katolicka-gimnazija.hr\/wp-content\/uploads\/2016\/12\/DSC_0058-400x267.jpg 400w, https:\/\/katolicka-gimnazija.hr\/wp-content\/uploads\/2016\/12\/DSC_0058-430x287.jpg 430w, https:\/\/katolicka-gimnazija.hr\/wp-content\/uploads\/2016\/12\/DSC_0058-150x100.jpg 150w, https:\/\/katolicka-gimnazija.hr\/wp-content\/uploads\/2016\/12\/DSC_0058-100x67.jpg 100w, https:\/\/katolicka-gimnazija.hr\/wp-content\/uploads\/2016\/12\/DSC_0058.jpg 1500w\" sizes=\"auto, (max-width: 300px) 100vw, 300px\" \/><\/a>\n\t\t\t<\/div><\/figure><figure class='gallery-item'>\n\t\t\t<div class='gallery-icon landscape'>\n\t\t\t\t<a href='https:\/\/katolicka-gimnazija.hr\/wp-content\/uploads\/2016\/12\/DSC_0035.jpg'><img loading=\"lazy\" decoding=\"async\" width=\"300\" height=\"200\" src=\"https:\/\/katolicka-gimnazija.hr\/wp-content\/uploads\/2016\/12\/DSC_0035-300x200.jpg\" class=\"attachment-medium size-medium\" alt=\"\" srcset=\"https:\/\/katolicka-gimnazija.hr\/wp-content\/uploads\/2016\/12\/DSC_0035-300x200.jpg 300w, https:\/\/katolicka-gimnazija.hr\/wp-content\/uploads\/2016\/12\/DSC_0035-768x512.jpg 768w, https:\/\/katolicka-gimnazija.hr\/wp-content\/uploads\/2016\/12\/DSC_0035-1024x683.jpg 1024w, https:\/\/katolicka-gimnazija.hr\/wp-content\/uploads\/2016\/12\/DSC_0035-360x240.jpg 360w, https:\/\/katolicka-gimnazija.hr\/wp-content\/uploads\/2016\/12\/DSC_0035-750x500.jpg 750w, https:\/\/katolicka-gimnazija.hr\/wp-content\/uploads\/2016\/12\/DSC_0035-400x267.jpg 400w, https:\/\/katolicka-gimnazija.hr\/wp-content\/uploads\/2016\/12\/DSC_0035-430x287.jpg 430w, https:\/\/katolicka-gimnazija.hr\/wp-content\/uploads\/2016\/12\/DSC_0035-150x100.jpg 150w, https:\/\/katolicka-gimnazija.hr\/wp-content\/uploads\/2016\/12\/DSC_0035-100x67.jpg 100w, https:\/\/katolicka-gimnazija.hr\/wp-content\/uploads\/2016\/12\/DSC_0035.jpg 1500w\" sizes=\"auto, (max-width: 300px) 100vw, 300px\" \/><\/a>\n\t\t\t<\/div><\/figure><figure class='gallery-item'>\n\t\t\t<div class='gallery-icon landscape'>\n\t\t\t\t<a href='https:\/\/katolicka-gimnazija.hr\/wp-content\/uploads\/2016\/12\/DSC_0104.jpg'><img loading=\"lazy\" decoding=\"async\" width=\"300\" height=\"200\" src=\"https:\/\/katolicka-gimnazija.hr\/wp-content\/uploads\/2016\/12\/DSC_0104-300x200.jpg\" class=\"attachment-medium size-medium\" alt=\"\" srcset=\"https:\/\/katolicka-gimnazija.hr\/wp-content\/uploads\/2016\/12\/DSC_0104-300x200.jpg 300w, https:\/\/katolicka-gimnazija.hr\/wp-content\/uploads\/2016\/12\/DSC_0104-768x512.jpg 768w, https:\/\/katolicka-gimnazija.hr\/wp-content\/uploads\/2016\/12\/DSC_0104-1024x683.jpg 1024w, https:\/\/katolicka-gimnazija.hr\/wp-content\/uploads\/2016\/12\/DSC_0104-360x240.jpg 360w, https:\/\/katolicka-gimnazija.hr\/wp-content\/uploads\/2016\/12\/DSC_0104-750x500.jpg 750w, https:\/\/katolicka-gimnazija.hr\/wp-content\/uploads\/2016\/12\/DSC_0104-400x267.jpg 400w, https:\/\/katolicka-gimnazija.hr\/wp-content\/uploads\/2016\/12\/DSC_0104-430x287.jpg 430w, https:\/\/katolicka-gimnazija.hr\/wp-content\/uploads\/2016\/12\/DSC_0104-150x100.jpg 150w, https:\/\/katolicka-gimnazija.hr\/wp-content\/uploads\/2016\/12\/DSC_0104-100x67.jpg 100w, https:\/\/katolicka-gimnazija.hr\/wp-content\/uploads\/2016\/12\/DSC_0104.jpg 1500w\" sizes=\"auto, (max-width: 300px) 100vw, 300px\" \/><\/a>\n\t\t\t<\/div><\/figure><figure class='gallery-item'>\n\t\t\t<div class='gallery-icon portrait'>\n\t\t\t\t<a href='https:\/\/katolicka-gimnazija.hr\/wp-content\/uploads\/2016\/12\/DSC_0005-e1481667954673.jpg'><img loading=\"lazy\" decoding=\"async\" width=\"200\" height=\"300\" src=\"https:\/\/katolicka-gimnazija.hr\/wp-content\/uploads\/2016\/12\/DSC_0005-e1481667954673-200x300.jpg\" class=\"attachment-medium size-medium\" alt=\"\" srcset=\"https:\/\/katolicka-gimnazija.hr\/wp-content\/uploads\/2016\/12\/DSC_0005-e1481667954673-200x300.jpg 200w, https:\/\/katolicka-gimnazija.hr\/wp-content\/uploads\/2016\/12\/DSC_0005-e1481667954673-768x1152.jpg 768w, https:\/\/katolicka-gimnazija.hr\/wp-content\/uploads\/2016\/12\/DSC_0005-e1481667954673-683x1024.jpg 683w, https:\/\/katolicka-gimnazija.hr\/wp-content\/uploads\/2016\/12\/DSC_0005-e1481667954673-360x540.jpg 360w, https:\/\/katolicka-gimnazija.hr\/wp-content\/uploads\/2016\/12\/DSC_0005-e1481667954673-750x1125.jpg 750w, https:\/\/katolicka-gimnazija.hr\/wp-content\/uploads\/2016\/12\/DSC_0005-e1481667954673-400x600.jpg 400w, https:\/\/katolicka-gimnazija.hr\/wp-content\/uploads\/2016\/12\/DSC_0005-e1481667954673-430x645.jpg 430w, https:\/\/katolicka-gimnazija.hr\/wp-content\/uploads\/2016\/12\/DSC_0005-e1481667954673-150x225.jpg 150w, https:\/\/katolicka-gimnazija.hr\/wp-content\/uploads\/2016\/12\/DSC_0005-e1481667954673-100x150.jpg 100w, https:\/\/katolicka-gimnazija.hr\/wp-content\/uploads\/2016\/12\/DSC_0005-e1481667954673.jpg 1000w\" sizes=\"auto, (max-width: 200px) 100vw, 200px\" \/><\/a>\n\t\t\t<\/div><\/figure><figure class='gallery-item'>\n\t\t\t<div class='gallery-icon landscape'>\n\t\t\t\t<a href='https:\/\/katolicka-gimnazija.hr\/wp-content\/uploads\/2016\/12\/DSC_0015.jpg'><img loading=\"lazy\" decoding=\"async\" width=\"300\" height=\"200\" src=\"https:\/\/katolicka-gimnazija.hr\/wp-content\/uploads\/2016\/12\/DSC_0015-300x200.jpg\" class=\"attachment-medium size-medium\" alt=\"\" srcset=\"https:\/\/katolicka-gimnazija.hr\/wp-content\/uploads\/2016\/12\/DSC_0015-300x200.jpg 300w, https:\/\/katolicka-gimnazija.hr\/wp-content\/uploads\/2016\/12\/DSC_0015-768x512.jpg 768w, https:\/\/katolicka-gimnazija.hr\/wp-content\/uploads\/2016\/12\/DSC_0015-1024x683.jpg 1024w, https:\/\/katolicka-gimnazija.hr\/wp-content\/uploads\/2016\/12\/DSC_0015-360x240.jpg 360w, https:\/\/katolicka-gimnazija.hr\/wp-content\/uploads\/2016\/12\/DSC_0015-750x500.jpg 750w, https:\/\/katolicka-gimnazija.hr\/wp-content\/uploads\/2016\/12\/DSC_0015-400x267.jpg 400w, https:\/\/katolicka-gimnazija.hr\/wp-content\/uploads\/2016\/12\/DSC_0015-430x287.jpg 430w, https:\/\/katolicka-gimnazija.hr\/wp-content\/uploads\/2016\/12\/DSC_0015-150x100.jpg 150w, https:\/\/katolicka-gimnazija.hr\/wp-content\/uploads\/2016\/12\/DSC_0015-100x67.jpg 100w, https:\/\/katolicka-gimnazija.hr\/wp-content\/uploads\/2016\/12\/DSC_0015.jpg 1500w\" sizes=\"auto, (max-width: 300px) 100vw, 300px\" \/><\/a>\n\t\t\t<\/div><\/figure><figure class='gallery-item'>\n\t\t\t<div class='gallery-icon landscape'>\n\t\t\t\t<a href='https:\/\/katolicka-gimnazija.hr\/wp-content\/uploads\/2016\/12\/DSC_0004.jpg'><img loading=\"lazy\" decoding=\"async\" width=\"300\" height=\"200\" src=\"https:\/\/katolicka-gimnazija.hr\/wp-content\/uploads\/2016\/12\/DSC_0004-300x200.jpg\" class=\"attachment-medium size-medium\" alt=\"\" srcset=\"https:\/\/katolicka-gimnazija.hr\/wp-content\/uploads\/2016\/12\/DSC_0004-300x200.jpg 300w, https:\/\/katolicka-gimnazija.hr\/wp-content\/uploads\/2016\/12\/DSC_0004-768x512.jpg 768w, https:\/\/katolicka-gimnazija.hr\/wp-content\/uploads\/2016\/12\/DSC_0004-1024x683.jpg 1024w, https:\/\/katolicka-gimnazija.hr\/wp-content\/uploads\/2016\/12\/DSC_0004-360x240.jpg 360w, https:\/\/katolicka-gimnazija.hr\/wp-content\/uploads\/2016\/12\/DSC_0004-750x500.jpg 750w, https:\/\/katolicka-gimnazija.hr\/wp-content\/uploads\/2016\/12\/DSC_0004-400x267.jpg 400w, https:\/\/katolicka-gimnazija.hr\/wp-content\/uploads\/2016\/12\/DSC_0004-430x287.jpg 430w, https:\/\/katolicka-gimnazija.hr\/wp-content\/uploads\/2016\/12\/DSC_0004-150x100.jpg 150w, https:\/\/katolicka-gimnazija.hr\/wp-content\/uploads\/2016\/12\/DSC_0004-100x67.jpg 100w, https:\/\/katolicka-gimnazija.hr\/wp-content\/uploads\/2016\/12\/DSC_0004.jpg 1500w\" sizes=\"auto, (max-width: 300px) 100vw, 300px\" \/><\/a>\n\t\t\t<\/div><\/figure><figure class='gallery-item'>\n\t\t\t<div class='gallery-icon landscape'>\n\t\t\t\t<a href='https:\/\/katolicka-gimnazija.hr\/wp-content\/uploads\/2016\/12\/DSC_0033.jpg'><img loading=\"lazy\" decoding=\"async\" width=\"300\" height=\"200\" src=\"https:\/\/katolicka-gimnazija.hr\/wp-content\/uploads\/2016\/12\/DSC_0033-300x200.jpg\" class=\"attachment-medium size-medium\" alt=\"\" srcset=\"https:\/\/katolicka-gimnazija.hr\/wp-content\/uploads\/2016\/12\/DSC_0033-300x200.jpg 300w, https:\/\/katolicka-gimnazija.hr\/wp-content\/uploads\/2016\/12\/DSC_0033-768x512.jpg 768w, https:\/\/katolicka-gimnazija.hr\/wp-content\/uploads\/2016\/12\/DSC_0033-1024x683.jpg 1024w, https:\/\/katolicka-gimnazija.hr\/wp-content\/uploads\/2016\/12\/DSC_0033-360x240.jpg 360w, https:\/\/katolicka-gimnazija.hr\/wp-content\/uploads\/2016\/12\/DSC_0033-750x500.jpg 750w, https:\/\/katolicka-gimnazija.hr\/wp-content\/uploads\/2016\/12\/DSC_0033-400x267.jpg 400w, https:\/\/katolicka-gimnazija.hr\/wp-content\/uploads\/2016\/12\/DSC_0033-430x287.jpg 430w, https:\/\/katolicka-gimnazija.hr\/wp-content\/uploads\/2016\/12\/DSC_0033-150x100.jpg 150w, https:\/\/katolicka-gimnazija.hr\/wp-content\/uploads\/2016\/12\/DSC_0033-100x67.jpg 100w, https:\/\/katolicka-gimnazija.hr\/wp-content\/uploads\/2016\/12\/DSC_0033.jpg 1500w\" sizes=\"auto, (max-width: 300px) 100vw, 300px\" \/><\/a>\n\t\t\t<\/div><\/figure><figure class='gallery-item'>\n\t\t\t<div class='gallery-icon landscape'>\n\t\t\t\t<a href='https:\/\/katolicka-gimnazija.hr\/wp-content\/uploads\/2016\/12\/DSC_0064-1.jpg'><img loading=\"lazy\" decoding=\"async\" width=\"300\" height=\"200\" src=\"https:\/\/katolicka-gimnazija.hr\/wp-content\/uploads\/2016\/12\/DSC_0064-1-300x200.jpg\" class=\"attachment-medium size-medium\" alt=\"\" srcset=\"https:\/\/katolicka-gimnazija.hr\/wp-content\/uploads\/2016\/12\/DSC_0064-1-300x200.jpg 300w, https:\/\/katolicka-gimnazija.hr\/wp-content\/uploads\/2016\/12\/DSC_0064-1-768x512.jpg 768w, https:\/\/katolicka-gimnazija.hr\/wp-content\/uploads\/2016\/12\/DSC_0064-1-1024x683.jpg 1024w, https:\/\/katolicka-gimnazija.hr\/wp-content\/uploads\/2016\/12\/DSC_0064-1-360x240.jpg 360w, https:\/\/katolicka-gimnazija.hr\/wp-content\/uploads\/2016\/12\/DSC_0064-1-750x500.jpg 750w, https:\/\/katolicka-gimnazija.hr\/wp-content\/uploads\/2016\/12\/DSC_0064-1-400x267.jpg 400w, https:\/\/katolicka-gimnazija.hr\/wp-content\/uploads\/2016\/12\/DSC_0064-1-430x287.jpg 430w, https:\/\/katolicka-gimnazija.hr\/wp-content\/uploads\/2016\/12\/DSC_0064-1-150x100.jpg 150w, https:\/\/katolicka-gimnazija.hr\/wp-content\/uploads\/2016\/12\/DSC_0064-1-100x67.jpg 100w, https:\/\/katolicka-gimnazija.hr\/wp-content\/uploads\/2016\/12\/DSC_0064-1.jpg 1500w\" sizes=\"auto, (max-width: 300px) 100vw, 300px\" \/><\/a>\n\t\t\t<\/div><\/figure><figure class='gallery-item'>\n\t\t\t<div class='gallery-icon landscape'>\n\t\t\t\t<a href='https:\/\/katolicka-gimnazija.hr\/wp-content\/uploads\/2016\/12\/DSC_0054.jpg'><img loading=\"lazy\" decoding=\"async\" width=\"300\" height=\"200\" src=\"https:\/\/katolicka-gimnazija.hr\/wp-content\/uploads\/2016\/12\/DSC_0054-300x200.jpg\" class=\"attachment-medium size-medium\" alt=\"\" srcset=\"https:\/\/katolicka-gimnazija.hr\/wp-content\/uploads\/2016\/12\/DSC_0054-300x200.jpg 300w, https:\/\/katolicka-gimnazija.hr\/wp-content\/uploads\/2016\/12\/DSC_0054-768x512.jpg 768w, https:\/\/katolicka-gimnazija.hr\/wp-content\/uploads\/2016\/12\/DSC_0054-1024x683.jpg 1024w, https:\/\/katolicka-gimnazija.hr\/wp-content\/uploads\/2016\/12\/DSC_0054-360x240.jpg 360w, https:\/\/katolicka-gimnazija.hr\/wp-content\/uploads\/2016\/12\/DSC_0054-750x500.jpg 750w, https:\/\/katolicka-gimnazija.hr\/wp-content\/uploads\/2016\/12\/DSC_0054-400x267.jpg 400w, https:\/\/katolicka-gimnazija.hr\/wp-content\/uploads\/2016\/12\/DSC_0054-430x287.jpg 430w, https:\/\/katolicka-gimnazija.hr\/wp-content\/uploads\/2016\/12\/DSC_0054-150x100.jpg 150w, https:\/\/katolicka-gimnazija.hr\/wp-content\/uploads\/2016\/12\/DSC_0054-100x67.jpg 100w, https:\/\/katolicka-gimnazija.hr\/wp-content\/uploads\/2016\/12\/DSC_0054.jpg 1500w\" sizes=\"auto, (max-width: 300px) 100vw, 300px\" \/><\/a>\n\t\t\t<\/div><\/figure><figure class='gallery-item'>\n\t\t\t<div class='gallery-icon landscape'>\n\t\t\t\t<a href='https:\/\/katolicka-gimnazija.hr\/wp-content\/uploads\/2016\/12\/DSC_0066-1.jpg'><img loading=\"lazy\" decoding=\"async\" width=\"300\" height=\"200\" src=\"https:\/\/katolicka-gimnazija.hr\/wp-content\/uploads\/2016\/12\/DSC_0066-1-300x200.jpg\" class=\"attachment-medium size-medium\" alt=\"\" srcset=\"https:\/\/katolicka-gimnazija.hr\/wp-content\/uploads\/2016\/12\/DSC_0066-1-300x200.jpg 300w, https:\/\/katolicka-gimnazija.hr\/wp-content\/uploads\/2016\/12\/DSC_0066-1-768x512.jpg 768w, https:\/\/katolicka-gimnazija.hr\/wp-content\/uploads\/2016\/12\/DSC_0066-1-1024x683.jpg 1024w, https:\/\/katolicka-gimnazija.hr\/wp-content\/uploads\/2016\/12\/DSC_0066-1-360x240.jpg 360w, https:\/\/katolicka-gimnazija.hr\/wp-content\/uploads\/2016\/12\/DSC_0066-1-750x500.jpg 750w, https:\/\/katolicka-gimnazija.hr\/wp-content\/uploads\/2016\/12\/DSC_0066-1-400x267.jpg 400w, https:\/\/katolicka-gimnazija.hr\/wp-content\/uploads\/2016\/12\/DSC_0066-1-430x287.jpg 430w, https:\/\/katolicka-gimnazija.hr\/wp-content\/uploads\/2016\/12\/DSC_0066-1-150x100.jpg 150w, https:\/\/katolicka-gimnazija.hr\/wp-content\/uploads\/2016\/12\/DSC_0066-1-100x67.jpg 100w, https:\/\/katolicka-gimnazija.hr\/wp-content\/uploads\/2016\/12\/DSC_0066-1.jpg 1500w\" sizes=\"auto, (max-width: 300px) 100vw, 300px\" \/><\/a>\n\t\t\t<\/div><\/figure><figure class='gallery-item'>\n\t\t\t<div class='gallery-icon landscape'>\n\t\t\t\t<a href='https:\/\/katolicka-gimnazija.hr\/wp-content\/uploads\/2016\/12\/DSC_0026.jpg'><img loading=\"lazy\" decoding=\"async\" width=\"300\" height=\"200\" src=\"https:\/\/katolicka-gimnazija.hr\/wp-content\/uploads\/2016\/12\/DSC_0026-300x200.jpg\" class=\"attachment-medium size-medium\" alt=\"\" srcset=\"https:\/\/katolicka-gimnazija.hr\/wp-content\/uploads\/2016\/12\/DSC_0026-300x200.jpg 300w, https:\/\/katolicka-gimnazija.hr\/wp-content\/uploads\/2016\/12\/DSC_0026-768x512.jpg 768w, https:\/\/katolicka-gimnazija.hr\/wp-content\/uploads\/2016\/12\/DSC_0026-1024x683.jpg 1024w, https:\/\/katolicka-gimnazija.hr\/wp-content\/uploads\/2016\/12\/DSC_0026-360x240.jpg 360w, https:\/\/katolicka-gimnazija.hr\/wp-content\/uploads\/2016\/12\/DSC_0026-750x500.jpg 750w, https:\/\/katolicka-gimnazija.hr\/wp-content\/uploads\/2016\/12\/DSC_0026-400x267.jpg 400w, https:\/\/katolicka-gimnazija.hr\/wp-content\/uploads\/2016\/12\/DSC_0026-430x287.jpg 430w, https:\/\/katolicka-gimnazija.hr\/wp-content\/uploads\/2016\/12\/DSC_0026-150x100.jpg 150w, https:\/\/katolicka-gimnazija.hr\/wp-content\/uploads\/2016\/12\/DSC_0026-100x67.jpg 100w, https:\/\/katolicka-gimnazija.hr\/wp-content\/uploads\/2016\/12\/DSC_0026.jpg 1500w\" sizes=\"auto, (max-width: 300px) 100vw, 300px\" \/><\/a>\n\t\t\t<\/div><\/figure><figure class='gallery-item'>\n\t\t\t<div class='gallery-icon landscape'>\n\t\t\t\t<a href='https:\/\/katolicka-gimnazija.hr\/wp-content\/uploads\/2016\/12\/DSC_0017.jpg'><img loading=\"lazy\" decoding=\"async\" width=\"300\" height=\"200\" src=\"https:\/\/katolicka-gimnazija.hr\/wp-content\/uploads\/2016\/12\/DSC_0017-300x200.jpg\" class=\"attachment-medium size-medium\" alt=\"\" srcset=\"https:\/\/katolicka-gimnazija.hr\/wp-content\/uploads\/2016\/12\/DSC_0017-300x200.jpg 300w, https:\/\/katolicka-gimnazija.hr\/wp-content\/uploads\/2016\/12\/DSC_0017-768x512.jpg 768w, https:\/\/katolicka-gimnazija.hr\/wp-content\/uploads\/2016\/12\/DSC_0017-1024x683.jpg 1024w, https:\/\/katolicka-gimnazija.hr\/wp-content\/uploads\/2016\/12\/DSC_0017-360x240.jpg 360w, https:\/\/katolicka-gimnazija.hr\/wp-content\/uploads\/2016\/12\/DSC_0017-750x500.jpg 750w, https:\/\/katolicka-gimnazija.hr\/wp-content\/uploads\/2016\/12\/DSC_0017-400x267.jpg 400w, https:\/\/katolicka-gimnazija.hr\/wp-content\/uploads\/2016\/12\/DSC_0017-430x287.jpg 430w, https:\/\/katolicka-gimnazija.hr\/wp-content\/uploads\/2016\/12\/DSC_0017-150x100.jpg 150w, https:\/\/katolicka-gimnazija.hr\/wp-content\/uploads\/2016\/12\/DSC_0017-100x67.jpg 100w, https:\/\/katolicka-gimnazija.hr\/wp-content\/uploads\/2016\/12\/DSC_0017.jpg 1500w\" sizes=\"auto, (max-width: 300px) 100vw, 300px\" \/><\/a>\n\t\t\t<\/div><\/figure><figure class='gallery-item'>\n\t\t\t<div class='gallery-icon landscape'>\n\t\t\t\t<a href='https:\/\/katolicka-gimnazija.hr\/wp-content\/uploads\/2016\/12\/DSC_0020.jpg'><img loading=\"lazy\" decoding=\"async\" width=\"300\" height=\"200\" src=\"https:\/\/katolicka-gimnazija.hr\/wp-content\/uploads\/2016\/12\/DSC_0020-300x200.jpg\" class=\"attachment-medium size-medium\" alt=\"\" srcset=\"https:\/\/katolicka-gimnazija.hr\/wp-content\/uploads\/2016\/12\/DSC_0020-300x200.jpg 300w, https:\/\/katolicka-gimnazija.hr\/wp-content\/uploads\/2016\/12\/DSC_0020-768x512.jpg 768w, https:\/\/katolicka-gimnazija.hr\/wp-content\/uploads\/2016\/12\/DSC_0020-1024x683.jpg 1024w, https:\/\/katolicka-gimnazija.hr\/wp-content\/uploads\/2016\/12\/DSC_0020-360x240.jpg 360w, https:\/\/katolicka-gimnazija.hr\/wp-content\/uploads\/2016\/12\/DSC_0020-750x500.jpg 750w, https:\/\/katolicka-gimnazija.hr\/wp-content\/uploads\/2016\/12\/DSC_0020-400x267.jpg 400w, https:\/\/katolicka-gimnazija.hr\/wp-content\/uploads\/2016\/12\/DSC_0020-430x287.jpg 430w, https:\/\/katolicka-gimnazija.hr\/wp-content\/uploads\/2016\/12\/DSC_0020-150x100.jpg 150w, https:\/\/katolicka-gimnazija.hr\/wp-content\/uploads\/2016\/12\/DSC_0020-100x67.jpg 100w, https:\/\/katolicka-gimnazija.hr\/wp-content\/uploads\/2016\/12\/DSC_0020.jpg 1500w\" sizes=\"auto, (max-width: 300px) 100vw, 300px\" \/><\/a>\n\t\t\t<\/div><\/figure><figure class='gallery-item'>\n\t\t\t<div class='gallery-icon landscape'>\n\t\t\t\t<a href='https:\/\/katolicka-gimnazija.hr\/wp-content\/uploads\/2016\/12\/DSC_0070.jpg'><img loading=\"lazy\" decoding=\"async\" width=\"300\" height=\"200\" src=\"https:\/\/katolicka-gimnazija.hr\/wp-content\/uploads\/2016\/12\/DSC_0070-300x200.jpg\" class=\"attachment-medium size-medium\" alt=\"\" srcset=\"https:\/\/katolicka-gimnazija.hr\/wp-content\/uploads\/2016\/12\/DSC_0070-300x200.jpg 300w, https:\/\/katolicka-gimnazija.hr\/wp-content\/uploads\/2016\/12\/DSC_0070-768x512.jpg 768w, https:\/\/katolicka-gimnazija.hr\/wp-content\/uploads\/2016\/12\/DSC_0070-1024x683.jpg 1024w, https:\/\/katolicka-gimnazija.hr\/wp-content\/uploads\/2016\/12\/DSC_0070-360x240.jpg 360w, https:\/\/katolicka-gimnazija.hr\/wp-content\/uploads\/2016\/12\/DSC_0070-750x500.jpg 750w, https:\/\/katolicka-gimnazija.hr\/wp-content\/uploads\/2016\/12\/DSC_0070-400x267.jpg 400w, https:\/\/katolicka-gimnazija.hr\/wp-content\/uploads\/2016\/12\/DSC_0070-430x287.jpg 430w, https:\/\/katolicka-gimnazija.hr\/wp-content\/uploads\/2016\/12\/DSC_0070-150x100.jpg 150w, https:\/\/katolicka-gimnazija.hr\/wp-content\/uploads\/2016\/12\/DSC_0070-100x67.jpg 100w, https:\/\/katolicka-gimnazija.hr\/wp-content\/uploads\/2016\/12\/DSC_0070.jpg 1500w\" sizes=\"auto, (max-width: 300px) 100vw, 300px\" \/><\/a>\n\t\t\t<\/div><\/figure><figure class='gallery-item'>\n\t\t\t<div class='gallery-icon portrait'>\n\t\t\t\t<a href='https:\/\/katolicka-gimnazija.hr\/wp-content\/uploads\/2016\/12\/DSC_0109-e1481668038915.jpg'><img loading=\"lazy\" decoding=\"async\" width=\"200\" height=\"300\" src=\"https:\/\/katolicka-gimnazija.hr\/wp-content\/uploads\/2016\/12\/DSC_0109-e1481668038915-200x300.jpg\" class=\"attachment-medium size-medium\" alt=\"\" srcset=\"https:\/\/katolicka-gimnazija.hr\/wp-content\/uploads\/2016\/12\/DSC_0109-e1481668038915-200x300.jpg 200w, https:\/\/katolicka-gimnazija.hr\/wp-content\/uploads\/2016\/12\/DSC_0109-e1481668038915-768x1152.jpg 768w, https:\/\/katolicka-gimnazija.hr\/wp-content\/uploads\/2016\/12\/DSC_0109-e1481668038915-683x1024.jpg 683w, https:\/\/katolicka-gimnazija.hr\/wp-content\/uploads\/2016\/12\/DSC_0109-e1481668038915-360x540.jpg 360w, https:\/\/katolicka-gimnazija.hr\/wp-content\/uploads\/2016\/12\/DSC_0109-e1481668038915-750x1125.jpg 750w, https:\/\/katolicka-gimnazija.hr\/wp-content\/uploads\/2016\/12\/DSC_0109-e1481668038915-400x600.jpg 400w, https:\/\/katolicka-gimnazija.hr\/wp-content\/uploads\/2016\/12\/DSC_0109-e1481668038915-430x645.jpg 430w, https:\/\/katolicka-gimnazija.hr\/wp-content\/uploads\/2016\/12\/DSC_0109-e1481668038915-150x225.jpg 150w, https:\/\/katolicka-gimnazija.hr\/wp-content\/uploads\/2016\/12\/DSC_0109-e1481668038915-100x150.jpg 100w, https:\/\/katolicka-gimnazija.hr\/wp-content\/uploads\/2016\/12\/DSC_0109-e1481668038915.jpg 1000w\" sizes=\"auto, (max-width: 200px) 100vw, 200px\" \/><\/a>\n\t\t\t<\/div><\/figure><figure class='gallery-item'>\n\t\t\t<div class='gallery-icon landscape'>\n\t\t\t\t<a href='https:\/\/katolicka-gimnazija.hr\/wp-content\/uploads\/2016\/12\/DSC_0128.jpg'><img loading=\"lazy\" decoding=\"async\" width=\"300\" height=\"200\" src=\"https:\/\/katolicka-gimnazija.hr\/wp-content\/uploads\/2016\/12\/DSC_0128-300x200.jpg\" class=\"attachment-medium size-medium\" alt=\"\" srcset=\"https:\/\/katolicka-gimnazija.hr\/wp-content\/uploads\/2016\/12\/DSC_0128-300x200.jpg 300w, https:\/\/katolicka-gimnazija.hr\/wp-content\/uploads\/2016\/12\/DSC_0128-768x512.jpg 768w, https:\/\/katolicka-gimnazija.hr\/wp-content\/uploads\/2016\/12\/DSC_0128-1024x683.jpg 1024w, https:\/\/katolicka-gimnazija.hr\/wp-content\/uploads\/2016\/12\/DSC_0128-360x240.jpg 360w, https:\/\/katolicka-gimnazija.hr\/wp-content\/uploads\/2016\/12\/DSC_0128-750x500.jpg 750w, https:\/\/katolicka-gimnazija.hr\/wp-content\/uploads\/2016\/12\/DSC_0128-400x267.jpg 400w, https:\/\/katolicka-gimnazija.hr\/wp-content\/uploads\/2016\/12\/DSC_0128-430x287.jpg 430w, https:\/\/katolicka-gimnazija.hr\/wp-content\/uploads\/2016\/12\/DSC_0128-150x100.jpg 150w, https:\/\/katolicka-gimnazija.hr\/wp-content\/uploads\/2016\/12\/DSC_0128-100x67.jpg 100w, https:\/\/katolicka-gimnazija.hr\/wp-content\/uploads\/2016\/12\/DSC_0128.jpg 1500w\" sizes=\"auto, (max-width: 300px) 100vw, 300px\" \/><\/a>\n\t\t\t<\/div><\/figure><figure class='gallery-item'>\n\t\t\t<div class='gallery-icon landscape'>\n\t\t\t\t<a href='https:\/\/katolicka-gimnazija.hr\/wp-content\/uploads\/2016\/12\/DSC_0126.jpg'><img loading=\"lazy\" decoding=\"async\" width=\"300\" height=\"200\" src=\"https:\/\/katolicka-gimnazija.hr\/wp-content\/uploads\/2016\/12\/DSC_0126-300x200.jpg\" class=\"attachment-medium size-medium\" alt=\"\" srcset=\"https:\/\/katolicka-gimnazija.hr\/wp-content\/uploads\/2016\/12\/DSC_0126-300x200.jpg 300w, https:\/\/katolicka-gimnazija.hr\/wp-content\/uploads\/2016\/12\/DSC_0126-768x512.jpg 768w, https:\/\/katolicka-gimnazija.hr\/wp-content\/uploads\/2016\/12\/DSC_0126-1024x683.jpg 1024w, https:\/\/katolicka-gimnazija.hr\/wp-content\/uploads\/2016\/12\/DSC_0126-360x240.jpg 360w, https:\/\/katolicka-gimnazija.hr\/wp-content\/uploads\/2016\/12\/DSC_0126-750x500.jpg 750w, https:\/\/katolicka-gimnazija.hr\/wp-content\/uploads\/2016\/12\/DSC_0126-400x267.jpg 400w, https:\/\/katolicka-gimnazija.hr\/wp-content\/uploads\/2016\/12\/DSC_0126-430x287.jpg 430w, https:\/\/katolicka-gimnazija.hr\/wp-content\/uploads\/2016\/12\/DSC_0126-150x100.jpg 150w, https:\/\/katolicka-gimnazija.hr\/wp-content\/uploads\/2016\/12\/DSC_0126-100x67.jpg 100w, https:\/\/katolicka-gimnazija.hr\/wp-content\/uploads\/2016\/12\/DSC_0126.jpg 1500w\" sizes=\"auto, (max-width: 300px) 100vw, 300px\" \/><\/a>\n\t\t\t<\/div><\/figure><figure class='gallery-item'>\n\t\t\t<div class='gallery-icon landscape'>\n\t\t\t\t<a href='https:\/\/katolicka-gimnazija.hr\/wp-content\/uploads\/2016\/12\/DSC_0071-1.jpg'><img loading=\"lazy\" decoding=\"async\" width=\"300\" height=\"200\" src=\"https:\/\/katolicka-gimnazija.hr\/wp-content\/uploads\/2016\/12\/DSC_0071-1-300x200.jpg\" class=\"attachment-medium size-medium\" alt=\"\" srcset=\"https:\/\/katolicka-gimnazija.hr\/wp-content\/uploads\/2016\/12\/DSC_0071-1-300x200.jpg 300w, https:\/\/katolicka-gimnazija.hr\/wp-content\/uploads\/2016\/12\/DSC_0071-1-768x512.jpg 768w, https:\/\/katolicka-gimnazija.hr\/wp-content\/uploads\/2016\/12\/DSC_0071-1-1024x683.jpg 1024w, https:\/\/katolicka-gimnazija.hr\/wp-content\/uploads\/2016\/12\/DSC_0071-1-360x240.jpg 360w, https:\/\/katolicka-gimnazija.hr\/wp-content\/uploads\/2016\/12\/DSC_0071-1-750x500.jpg 750w, https:\/\/katolicka-gimnazija.hr\/wp-content\/uploads\/2016\/12\/DSC_0071-1-400x267.jpg 400w, https:\/\/katolicka-gimnazija.hr\/wp-content\/uploads\/2016\/12\/DSC_0071-1-430x287.jpg 430w, https:\/\/katolicka-gimnazija.hr\/wp-content\/uploads\/2016\/12\/DSC_0071-1-150x100.jpg 150w, https:\/\/katolicka-gimnazija.hr\/wp-content\/uploads\/2016\/12\/DSC_0071-1-100x67.jpg 100w, https:\/\/katolicka-gimnazija.hr\/wp-content\/uploads\/2016\/12\/DSC_0071-1.jpg 1500w\" sizes=\"auto, (max-width: 300px) 100vw, 300px\" \/><\/a>\n\t\t\t<\/div><\/figure><figure class='gallery-item'>\n\t\t\t<div class='gallery-icon landscape'>\n\t\t\t\t<a href='https:\/\/katolicka-gimnazija.hr\/wp-content\/uploads\/2016\/12\/DSC_0047-1.jpg'><img loading=\"lazy\" decoding=\"async\" width=\"300\" height=\"200\" src=\"https:\/\/katolicka-gimnazija.hr\/wp-content\/uploads\/2016\/12\/DSC_0047-1-300x200.jpg\" class=\"attachment-medium size-medium\" alt=\"\" srcset=\"https:\/\/katolicka-gimnazija.hr\/wp-content\/uploads\/2016\/12\/DSC_0047-1-300x200.jpg 300w, https:\/\/katolicka-gimnazija.hr\/wp-content\/uploads\/2016\/12\/DSC_0047-1-768x512.jpg 768w, https:\/\/katolicka-gimnazija.hr\/wp-content\/uploads\/2016\/12\/DSC_0047-1-1024x683.jpg 1024w, https:\/\/katolicka-gimnazija.hr\/wp-content\/uploads\/2016\/12\/DSC_0047-1-360x240.jpg 360w, https:\/\/katolicka-gimnazija.hr\/wp-content\/uploads\/2016\/12\/DSC_0047-1-750x500.jpg 750w, https:\/\/katolicka-gimnazija.hr\/wp-content\/uploads\/2016\/12\/DSC_0047-1-400x267.jpg 400w, https:\/\/katolicka-gimnazija.hr\/wp-content\/uploads\/2016\/12\/DSC_0047-1-430x287.jpg 430w, https:\/\/katolicka-gimnazija.hr\/wp-content\/uploads\/2016\/12\/DSC_0047-1-150x100.jpg 150w, https:\/\/katolicka-gimnazija.hr\/wp-content\/uploads\/2016\/12\/DSC_0047-1-100x67.jpg 100w, https:\/\/katolicka-gimnazija.hr\/wp-content\/uploads\/2016\/12\/DSC_0047-1.jpg 1500w\" sizes=\"auto, (max-width: 300px) 100vw, 300px\" \/><\/a>\n\t\t\t<\/div><\/figure><figure class='gallery-item'>\n\t\t\t<div class='gallery-icon landscape'>\n\t\t\t\t<a href='https:\/\/katolicka-gimnazija.hr\/wp-content\/uploads\/2016\/12\/DSC_0123.jpg'><img loading=\"lazy\" decoding=\"async\" width=\"300\" height=\"200\" src=\"https:\/\/katolicka-gimnazija.hr\/wp-content\/uploads\/2016\/12\/DSC_0123-300x200.jpg\" class=\"attachment-medium size-medium\" alt=\"\" srcset=\"https:\/\/katolicka-gimnazija.hr\/wp-content\/uploads\/2016\/12\/DSC_0123-300x200.jpg 300w, https:\/\/katolicka-gimnazija.hr\/wp-content\/uploads\/2016\/12\/DSC_0123-768x512.jpg 768w, https:\/\/katolicka-gimnazija.hr\/wp-content\/uploads\/2016\/12\/DSC_0123-1024x683.jpg 1024w, https:\/\/katolicka-gimnazija.hr\/wp-content\/uploads\/2016\/12\/DSC_0123-360x240.jpg 360w, https:\/\/katolicka-gimnazija.hr\/wp-content\/uploads\/2016\/12\/DSC_0123-750x500.jpg 750w, https:\/\/katolicka-gimnazija.hr\/wp-content\/uploads\/2016\/12\/DSC_0123-400x267.jpg 400w, https:\/\/katolicka-gimnazija.hr\/wp-content\/uploads\/2016\/12\/DSC_0123-430x287.jpg 430w, https:\/\/katolicka-gimnazija.hr\/wp-content\/uploads\/2016\/12\/DSC_0123-150x100.jpg 150w, https:\/\/katolicka-gimnazija.hr\/wp-content\/uploads\/2016\/12\/DSC_0123-100x67.jpg 100w, https:\/\/katolicka-gimnazija.hr\/wp-content\/uploads\/2016\/12\/DSC_0123.jpg 1500w\" sizes=\"auto, (max-width: 300px) 100vw, 300px\" \/><\/a>\n\t\t\t<\/div><\/figure><figure class='gallery-item'>\n\t\t\t<div class='gallery-icon portrait'>\n\t\t\t\t<a href='https:\/\/katolicka-gimnazija.hr\/wp-content\/uploads\/2016\/12\/DSC_0106-e1481668021450.jpg'><img loading=\"lazy\" decoding=\"async\" width=\"200\" height=\"300\" src=\"https:\/\/katolicka-gimnazija.hr\/wp-content\/uploads\/2016\/12\/DSC_0106-e1481668021450-200x300.jpg\" class=\"attachment-medium size-medium\" alt=\"\" srcset=\"https:\/\/katolicka-gimnazija.hr\/wp-content\/uploads\/2016\/12\/DSC_0106-e1481668021450-200x300.jpg 200w, https:\/\/katolicka-gimnazija.hr\/wp-content\/uploads\/2016\/12\/DSC_0106-e1481668021450-768x1152.jpg 768w, https:\/\/katolicka-gimnazija.hr\/wp-content\/uploads\/2016\/12\/DSC_0106-e1481668021450-683x1024.jpg 683w, https:\/\/katolicka-gimnazija.hr\/wp-content\/uploads\/2016\/12\/DSC_0106-e1481668021450-360x540.jpg 360w, https:\/\/katolicka-gimnazija.hr\/wp-content\/uploads\/2016\/12\/DSC_0106-e1481668021450-750x1125.jpg 750w, https:\/\/katolicka-gimnazija.hr\/wp-content\/uploads\/2016\/12\/DSC_0106-e1481668021450-400x600.jpg 400w, https:\/\/katolicka-gimnazija.hr\/wp-content\/uploads\/2016\/12\/DSC_0106-e1481668021450-430x645.jpg 430w, https:\/\/katolicka-gimnazija.hr\/wp-content\/uploads\/2016\/12\/DSC_0106-e1481668021450-150x225.jpg 150w, https:\/\/katolicka-gimnazija.hr\/wp-content\/uploads\/2016\/12\/DSC_0106-e1481668021450-100x150.jpg 100w, https:\/\/katolicka-gimnazija.hr\/wp-content\/uploads\/2016\/12\/DSC_0106-e1481668021450.jpg 1000w\" sizes=\"auto, (max-width: 200px) 100vw, 200px\" \/><\/a>\n\t\t\t<\/div><\/figure><figure class='gallery-item'>\n\t\t\t<div class='gallery-icon landscape'>\n\t\t\t\t<a href='https:\/\/katolicka-gimnazija.hr\/wp-content\/uploads\/2016\/12\/DSC_0098.jpg'><img loading=\"lazy\" decoding=\"async\" width=\"300\" height=\"200\" src=\"https:\/\/katolicka-gimnazija.hr\/wp-content\/uploads\/2016\/12\/DSC_0098-300x200.jpg\" class=\"attachment-medium size-medium\" alt=\"\" srcset=\"https:\/\/katolicka-gimnazija.hr\/wp-content\/uploads\/2016\/12\/DSC_0098-300x200.jpg 300w, https:\/\/katolicka-gimnazija.hr\/wp-content\/uploads\/2016\/12\/DSC_0098-768x512.jpg 768w, https:\/\/katolicka-gimnazija.hr\/wp-content\/uploads\/2016\/12\/DSC_0098-1024x683.jpg 1024w, https:\/\/katolicka-gimnazija.hr\/wp-content\/uploads\/2016\/12\/DSC_0098-360x240.jpg 360w, https:\/\/katolicka-gimnazija.hr\/wp-content\/uploads\/2016\/12\/DSC_0098-750x500.jpg 750w, https:\/\/katolicka-gimnazija.hr\/wp-content\/uploads\/2016\/12\/DSC_0098-400x267.jpg 400w, https:\/\/katolicka-gimnazija.hr\/wp-content\/uploads\/2016\/12\/DSC_0098-430x287.jpg 430w, https:\/\/katolicka-gimnazija.hr\/wp-content\/uploads\/2016\/12\/DSC_0098-150x100.jpg 150w, https:\/\/katolicka-gimnazija.hr\/wp-content\/uploads\/2016\/12\/DSC_0098-100x67.jpg 100w, https:\/\/katolicka-gimnazija.hr\/wp-content\/uploads\/2016\/12\/DSC_0098.jpg 1500w\" sizes=\"auto, (max-width: 300px) 100vw, 300px\" \/><\/a>\n\t\t\t<\/div><\/figure><figure class='gallery-item'>\n\t\t\t<div class='gallery-icon landscape'>\n\t\t\t\t<a href='https:\/\/katolicka-gimnazija.hr\/wp-content\/uploads\/2016\/12\/DSC_0074-1.jpg'><img loading=\"lazy\" decoding=\"async\" width=\"300\" height=\"200\" src=\"https:\/\/katolicka-gimnazija.hr\/wp-content\/uploads\/2016\/12\/DSC_0074-1-300x200.jpg\" class=\"attachment-medium size-medium\" alt=\"\" srcset=\"https:\/\/katolicka-gimnazija.hr\/wp-content\/uploads\/2016\/12\/DSC_0074-1-300x200.jpg 300w, https:\/\/katolicka-gimnazija.hr\/wp-content\/uploads\/2016\/12\/DSC_0074-1-768x512.jpg 768w, https:\/\/katolicka-gimnazija.hr\/wp-content\/uploads\/2016\/12\/DSC_0074-1-1024x683.jpg 1024w, https:\/\/katolicka-gimnazija.hr\/wp-content\/uploads\/2016\/12\/DSC_0074-1-360x240.jpg 360w, https:\/\/katolicka-gimnazija.hr\/wp-content\/uploads\/2016\/12\/DSC_0074-1-750x500.jpg 750w, https:\/\/katolicka-gimnazija.hr\/wp-content\/uploads\/2016\/12\/DSC_0074-1-400x267.jpg 400w, https:\/\/katolicka-gimnazija.hr\/wp-content\/uploads\/2016\/12\/DSC_0074-1-430x287.jpg 430w, https:\/\/katolicka-gimnazija.hr\/wp-content\/uploads\/2016\/12\/DSC_0074-1-150x100.jpg 150w, https:\/\/katolicka-gimnazija.hr\/wp-content\/uploads\/2016\/12\/DSC_0074-1-100x67.jpg 100w, https:\/\/katolicka-gimnazija.hr\/wp-content\/uploads\/2016\/12\/DSC_0074-1.jpg 1500w\" sizes=\"auto, (max-width: 300px) 100vw, 300px\" \/><\/a>\n\t\t\t<\/div><\/figure><figure class='gallery-item'>\n\t\t\t<div class='gallery-icon landscape'>\n\t\t\t\t<a href='https:\/\/katolicka-gimnazija.hr\/wp-content\/uploads\/2016\/12\/DSC_0080.jpg'><img loading=\"lazy\" decoding=\"async\" width=\"300\" height=\"200\" src=\"https:\/\/katolicka-gimnazija.hr\/wp-content\/uploads\/2016\/12\/DSC_0080-300x200.jpg\" class=\"attachment-medium size-medium\" alt=\"\" srcset=\"https:\/\/katolicka-gimnazija.hr\/wp-content\/uploads\/2016\/12\/DSC_0080-300x200.jpg 300w, https:\/\/katolicka-gimnazija.hr\/wp-content\/uploads\/2016\/12\/DSC_0080-768x512.jpg 768w, https:\/\/katolicka-gimnazija.hr\/wp-content\/uploads\/2016\/12\/DSC_0080-1024x683.jpg 1024w, https:\/\/katolicka-gimnazija.hr\/wp-content\/uploads\/2016\/12\/DSC_0080-360x240.jpg 360w, https:\/\/katolicka-gimnazija.hr\/wp-content\/uploads\/2016\/12\/DSC_0080-750x500.jpg 750w, https:\/\/katolicka-gimnazija.hr\/wp-content\/uploads\/2016\/12\/DSC_0080-400x267.jpg 400w, https:\/\/katolicka-gimnazija.hr\/wp-content\/uploads\/2016\/12\/DSC_0080-430x287.jpg 430w, https:\/\/katolicka-gimnazija.hr\/wp-content\/uploads\/2016\/12\/DSC_0080-150x100.jpg 150w, https:\/\/katolicka-gimnazija.hr\/wp-content\/uploads\/2016\/12\/DSC_0080-100x67.jpg 100w, https:\/\/katolicka-gimnazija.hr\/wp-content\/uploads\/2016\/12\/DSC_0080.jpg 1500w\" sizes=\"auto, (max-width: 300px) 100vw, 300px\" \/><\/a>\n\t\t\t<\/div><\/figure><figure class='gallery-item'>\n\t\t\t<div class='gallery-icon landscape'>\n\t\t\t\t<a href='https:\/\/katolicka-gimnazija.hr\/wp-content\/uploads\/2016\/12\/DSC_0048.jpg'><img loading=\"lazy\" decoding=\"async\" width=\"300\" height=\"200\" src=\"https:\/\/katolicka-gimnazija.hr\/wp-content\/uploads\/2016\/12\/DSC_0048-300x200.jpg\" class=\"attachment-medium size-medium\" alt=\"\" srcset=\"https:\/\/katolicka-gimnazija.hr\/wp-content\/uploads\/2016\/12\/DSC_0048-300x200.jpg 300w, https:\/\/katolicka-gimnazija.hr\/wp-content\/uploads\/2016\/12\/DSC_0048-768x512.jpg 768w, https:\/\/katolicka-gimnazija.hr\/wp-content\/uploads\/2016\/12\/DSC_0048-1024x683.jpg 1024w, https:\/\/katolicka-gimnazija.hr\/wp-content\/uploads\/2016\/12\/DSC_0048-360x240.jpg 360w, https:\/\/katolicka-gimnazija.hr\/wp-content\/uploads\/2016\/12\/DSC_0048-750x500.jpg 750w, https:\/\/katolicka-gimnazija.hr\/wp-content\/uploads\/2016\/12\/DSC_0048-400x267.jpg 400w, https:\/\/katolicka-gimnazija.hr\/wp-content\/uploads\/2016\/12\/DSC_0048-430x287.jpg 430w, https:\/\/katolicka-gimnazija.hr\/wp-content\/uploads\/2016\/12\/DSC_0048-150x100.jpg 150w, https:\/\/katolicka-gimnazija.hr\/wp-content\/uploads\/2016\/12\/DSC_0048-100x67.jpg 100w, https:\/\/katolicka-gimnazija.hr\/wp-content\/uploads\/2016\/12\/DSC_0048.jpg 1500w\" sizes=\"auto, (max-width: 300px) 100vw, 300px\" \/><\/a>\n\t\t\t<\/div><\/figure><figure class='gallery-item'>\n\t\t\t<div class='gallery-icon landscape'>\n\t\t\t\t<a href='https:\/\/katolicka-gimnazija.hr\/wp-content\/uploads\/2016\/12\/DSC_0042-2.jpg'><img loading=\"lazy\" decoding=\"async\" width=\"300\" height=\"200\" src=\"https:\/\/katolicka-gimnazija.hr\/wp-content\/uploads\/2016\/12\/DSC_0042-2-300x200.jpg\" class=\"attachment-medium size-medium\" alt=\"\" srcset=\"https:\/\/katolicka-gimnazija.hr\/wp-content\/uploads\/2016\/12\/DSC_0042-2-300x200.jpg 300w, https:\/\/katolicka-gimnazija.hr\/wp-content\/uploads\/2016\/12\/DSC_0042-2-768x512.jpg 768w, https:\/\/katolicka-gimnazija.hr\/wp-content\/uploads\/2016\/12\/DSC_0042-2-1024x683.jpg 1024w, https:\/\/katolicka-gimnazija.hr\/wp-content\/uploads\/2016\/12\/DSC_0042-2-360x240.jpg 360w, https:\/\/katolicka-gimnazija.hr\/wp-content\/uploads\/2016\/12\/DSC_0042-2-750x500.jpg 750w, https:\/\/katolicka-gimnazija.hr\/wp-content\/uploads\/2016\/12\/DSC_0042-2-400x267.jpg 400w, https:\/\/katolicka-gimnazija.hr\/wp-content\/uploads\/2016\/12\/DSC_0042-2-430x287.jpg 430w, https:\/\/katolicka-gimnazija.hr\/wp-content\/uploads\/2016\/12\/DSC_0042-2-150x100.jpg 150w, https:\/\/katolicka-gimnazija.hr\/wp-content\/uploads\/2016\/12\/DSC_0042-2-100x67.jpg 100w, https:\/\/katolicka-gimnazija.hr\/wp-content\/uploads\/2016\/12\/DSC_0042-2.jpg 1500w\" sizes=\"auto, (max-width: 300px) 100vw, 300px\" \/><\/a>\n\t\t\t<\/div><\/figure><figure class='gallery-item'>\n\t\t\t<div class='gallery-icon landscape'>\n\t\t\t\t<a href='https:\/\/katolicka-gimnazija.hr\/wp-content\/uploads\/2016\/12\/DSC_0119.jpg'><img loading=\"lazy\" decoding=\"async\" width=\"300\" height=\"200\" src=\"https:\/\/katolicka-gimnazija.hr\/wp-content\/uploads\/2016\/12\/DSC_0119-300x200.jpg\" class=\"attachment-medium size-medium\" alt=\"\" srcset=\"https:\/\/katolicka-gimnazija.hr\/wp-content\/uploads\/2016\/12\/DSC_0119-300x200.jpg 300w, https:\/\/katolicka-gimnazija.hr\/wp-content\/uploads\/2016\/12\/DSC_0119-768x512.jpg 768w, https:\/\/katolicka-gimnazija.hr\/wp-content\/uploads\/2016\/12\/DSC_0119-1024x683.jpg 1024w, https:\/\/katolicka-gimnazija.hr\/wp-content\/uploads\/2016\/12\/DSC_0119-360x240.jpg 360w, https:\/\/katolicka-gimnazija.hr\/wp-content\/uploads\/2016\/12\/DSC_0119-750x500.jpg 750w, https:\/\/katolicka-gimnazija.hr\/wp-content\/uploads\/2016\/12\/DSC_0119-400x267.jpg 400w, https:\/\/katolicka-gimnazija.hr\/wp-content\/uploads\/2016\/12\/DSC_0119-430x287.jpg 430w, https:\/\/katolicka-gimnazija.hr\/wp-content\/uploads\/2016\/12\/DSC_0119-150x100.jpg 150w, https:\/\/katolicka-gimnazija.hr\/wp-content\/uploads\/2016\/12\/DSC_0119-100x67.jpg 100w, https:\/\/katolicka-gimnazija.hr\/wp-content\/uploads\/2016\/12\/DSC_0119.jpg 1500w\" sizes=\"auto, (max-width: 300px) 100vw, 300px\" \/><\/a>\n\t\t\t<\/div><\/figure><figure class='gallery-item'>\n\t\t\t<div class='gallery-icon landscape'>\n\t\t\t\t<a href='https:\/\/katolicka-gimnazija.hr\/wp-content\/uploads\/2016\/12\/DSC_0115.jpg'><img loading=\"lazy\" decoding=\"async\" width=\"300\" height=\"200\" src=\"https:\/\/katolicka-gimnazija.hr\/wp-content\/uploads\/2016\/12\/DSC_0115-300x200.jpg\" class=\"attachment-medium size-medium\" alt=\"\" srcset=\"https:\/\/katolicka-gimnazija.hr\/wp-content\/uploads\/2016\/12\/DSC_0115-300x200.jpg 300w, https:\/\/katolicka-gimnazija.hr\/wp-content\/uploads\/2016\/12\/DSC_0115-768x512.jpg 768w, https:\/\/katolicka-gimnazija.hr\/wp-content\/uploads\/2016\/12\/DSC_0115-1024x683.jpg 1024w, https:\/\/katolicka-gimnazija.hr\/wp-content\/uploads\/2016\/12\/DSC_0115-360x240.jpg 360w, https:\/\/katolicka-gimnazija.hr\/wp-content\/uploads\/2016\/12\/DSC_0115-750x500.jpg 750w, https:\/\/katolicka-gimnazija.hr\/wp-content\/uploads\/2016\/12\/DSC_0115-400x267.jpg 400w, https:\/\/katolicka-gimnazija.hr\/wp-content\/uploads\/2016\/12\/DSC_0115-430x287.jpg 430w, https:\/\/katolicka-gimnazija.hr\/wp-content\/uploads\/2016\/12\/DSC_0115-150x100.jpg 150w, https:\/\/katolicka-gimnazija.hr\/wp-content\/uploads\/2016\/12\/DSC_0115-100x67.jpg 100w, https:\/\/katolicka-gimnazija.hr\/wp-content\/uploads\/2016\/12\/DSC_0115.jpg 1500w\" sizes=\"auto, (max-width: 300px) 100vw, 300px\" \/><\/a>\n\t\t\t<\/div><\/figure><figure class='gallery-item'>\n\t\t\t<div class='gallery-icon landscape'>\n\t\t\t\t<a href='https:\/\/katolicka-gimnazija.hr\/wp-content\/uploads\/2016\/12\/DSC_0053-2.jpg'><img loading=\"lazy\" decoding=\"async\" width=\"300\" height=\"200\" src=\"https:\/\/katolicka-gimnazija.hr\/wp-content\/uploads\/2016\/12\/DSC_0053-2-300x200.jpg\" class=\"attachment-medium size-medium\" alt=\"\" srcset=\"https:\/\/katolicka-gimnazija.hr\/wp-content\/uploads\/2016\/12\/DSC_0053-2-300x200.jpg 300w, https:\/\/katolicka-gimnazija.hr\/wp-content\/uploads\/2016\/12\/DSC_0053-2-768x512.jpg 768w, https:\/\/katolicka-gimnazija.hr\/wp-content\/uploads\/2016\/12\/DSC_0053-2-1024x683.jpg 1024w, https:\/\/katolicka-gimnazija.hr\/wp-content\/uploads\/2016\/12\/DSC_0053-2-360x240.jpg 360w, https:\/\/katolicka-gimnazija.hr\/wp-content\/uploads\/2016\/12\/DSC_0053-2-750x500.jpg 750w, https:\/\/katolicka-gimnazija.hr\/wp-content\/uploads\/2016\/12\/DSC_0053-2-400x267.jpg 400w, https:\/\/katolicka-gimnazija.hr\/wp-content\/uploads\/2016\/12\/DSC_0053-2-430x287.jpg 430w, https:\/\/katolicka-gimnazija.hr\/wp-content\/uploads\/2016\/12\/DSC_0053-2-150x100.jpg 150w, https:\/\/katolicka-gimnazija.hr\/wp-content\/uploads\/2016\/12\/DSC_0053-2-100x67.jpg 100w, https:\/\/katolicka-gimnazija.hr\/wp-content\/uploads\/2016\/12\/DSC_0053-2.jpg 1500w\" sizes=\"auto, (max-width: 300px) 100vw, 300px\" \/><\/a>\n\t\t\t<\/div><\/figure><figure class='gallery-item'>\n\t\t\t<div class='gallery-icon landscape'>\n\t\t\t\t<a href='https:\/\/katolicka-gimnazija.hr\/wp-content\/uploads\/2016\/12\/DSC_0108.jpg'><img loading=\"lazy\" decoding=\"async\" width=\"300\" height=\"200\" src=\"https:\/\/katolicka-gimnazija.hr\/wp-content\/uploads\/2016\/12\/DSC_0108-300x200.jpg\" class=\"attachment-medium size-medium\" alt=\"\" srcset=\"https:\/\/katolicka-gimnazija.hr\/wp-content\/uploads\/2016\/12\/DSC_0108-300x200.jpg 300w, https:\/\/katolicka-gimnazija.hr\/wp-content\/uploads\/2016\/12\/DSC_0108-768x512.jpg 768w, https:\/\/katolicka-gimnazija.hr\/wp-content\/uploads\/2016\/12\/DSC_0108-1024x683.jpg 1024w, https:\/\/katolicka-gimnazija.hr\/wp-content\/uploads\/2016\/12\/DSC_0108-360x240.jpg 360w, https:\/\/katolicka-gimnazija.hr\/wp-content\/uploads\/2016\/12\/DSC_0108-750x500.jpg 750w, https:\/\/katolicka-gimnazija.hr\/wp-content\/uploads\/2016\/12\/DSC_0108-400x267.jpg 400w, https:\/\/katolicka-gimnazija.hr\/wp-content\/uploads\/2016\/12\/DSC_0108-430x287.jpg 430w, https:\/\/katolicka-gimnazija.hr\/wp-content\/uploads\/2016\/12\/DSC_0108-150x100.jpg 150w, https:\/\/katolicka-gimnazija.hr\/wp-content\/uploads\/2016\/12\/DSC_0108-100x67.jpg 100w, https:\/\/katolicka-gimnazija.hr\/wp-content\/uploads\/2016\/12\/DSC_0108.jpg 1500w\" sizes=\"auto, (max-width: 300px) 100vw, 300px\" \/><\/a>\n\t\t\t<\/div><\/figure><figure class='gallery-item'>\n\t\t\t<div class='gallery-icon landscape'>\n\t\t\t\t<a href='https:\/\/katolicka-gimnazija.hr\/wp-content\/uploads\/2016\/12\/DSC_0117.jpg'><img loading=\"lazy\" decoding=\"async\" width=\"300\" height=\"200\" src=\"https:\/\/katolicka-gimnazija.hr\/wp-content\/uploads\/2016\/12\/DSC_0117-300x200.jpg\" class=\"attachment-medium size-medium\" alt=\"\" srcset=\"https:\/\/katolicka-gimnazija.hr\/wp-content\/uploads\/2016\/12\/DSC_0117-300x200.jpg 300w, https:\/\/katolicka-gimnazija.hr\/wp-content\/uploads\/2016\/12\/DSC_0117-768x512.jpg 768w, https:\/\/katolicka-gimnazija.hr\/wp-content\/uploads\/2016\/12\/DSC_0117-1024x683.jpg 1024w, https:\/\/katolicka-gimnazija.hr\/wp-content\/uploads\/2016\/12\/DSC_0117-360x240.jpg 360w, https:\/\/katolicka-gimnazija.hr\/wp-content\/uploads\/2016\/12\/DSC_0117-750x500.jpg 750w, https:\/\/katolicka-gimnazija.hr\/wp-content\/uploads\/2016\/12\/DSC_0117-400x267.jpg 400w, https:\/\/katolicka-gimnazija.hr\/wp-content\/uploads\/2016\/12\/DSC_0117-430x287.jpg 430w, https:\/\/katolicka-gimnazija.hr\/wp-content\/uploads\/2016\/12\/DSC_0117-150x100.jpg 150w, https:\/\/katolicka-gimnazija.hr\/wp-content\/uploads\/2016\/12\/DSC_0117-100x67.jpg 100w, https:\/\/katolicka-gimnazija.hr\/wp-content\/uploads\/2016\/12\/DSC_0117.jpg 1500w\" sizes=\"auto, (max-width: 300px) 100vw, 300px\" \/><\/a>\n\t\t\t<\/div><\/figure><figure class='gallery-item'>\n\t\t\t<div class='gallery-icon landscape'>\n\t\t\t\t<a href='https:\/\/katolicka-gimnazija.hr\/wp-content\/uploads\/2016\/12\/DSC_0067-1.jpg'><img loading=\"lazy\" decoding=\"async\" width=\"300\" height=\"200\" src=\"https:\/\/katolicka-gimnazija.hr\/wp-content\/uploads\/2016\/12\/DSC_0067-1-300x200.jpg\" class=\"attachment-medium size-medium\" alt=\"\" srcset=\"https:\/\/katolicka-gimnazija.hr\/wp-content\/uploads\/2016\/12\/DSC_0067-1-300x200.jpg 300w, https:\/\/katolicka-gimnazija.hr\/wp-content\/uploads\/2016\/12\/DSC_0067-1-768x512.jpg 768w, https:\/\/katolicka-gimnazija.hr\/wp-content\/uploads\/2016\/12\/DSC_0067-1-1024x683.jpg 1024w, https:\/\/katolicka-gimnazija.hr\/wp-content\/uploads\/2016\/12\/DSC_0067-1-360x240.jpg 360w, https:\/\/katolicka-gimnazija.hr\/wp-content\/uploads\/2016\/12\/DSC_0067-1-750x500.jpg 750w, https:\/\/katolicka-gimnazija.hr\/wp-content\/uploads\/2016\/12\/DSC_0067-1-400x267.jpg 400w, https:\/\/katolicka-gimnazija.hr\/wp-content\/uploads\/2016\/12\/DSC_0067-1-430x287.jpg 430w, https:\/\/katolicka-gimnazija.hr\/wp-content\/uploads\/2016\/12\/DSC_0067-1-150x100.jpg 150w, https:\/\/katolicka-gimnazija.hr\/wp-content\/uploads\/2016\/12\/DSC_0067-1-100x67.jpg 100w, https:\/\/katolicka-gimnazija.hr\/wp-content\/uploads\/2016\/12\/DSC_0067-1.jpg 1500w\" sizes=\"auto, (max-width: 300px) 100vw, 300px\" \/><\/a>\n\t\t\t<\/div><\/figure><figure class='gallery-item'>\n\t\t\t<div class='gallery-icon landscape'>\n\t\t\t\t<a href='https:\/\/katolicka-gimnazija.hr\/wp-content\/uploads\/2016\/12\/DSC_0010.jpg'><img loading=\"lazy\" decoding=\"async\" width=\"300\" height=\"200\" src=\"https:\/\/katolicka-gimnazija.hr\/wp-content\/uploads\/2016\/12\/DSC_0010-300x200.jpg\" class=\"attachment-medium size-medium\" alt=\"\" srcset=\"https:\/\/katolicka-gimnazija.hr\/wp-content\/uploads\/2016\/12\/DSC_0010-300x200.jpg 300w, https:\/\/katolicka-gimnazija.hr\/wp-content\/uploads\/2016\/12\/DSC_0010-768x512.jpg 768w, https:\/\/katolicka-gimnazija.hr\/wp-content\/uploads\/2016\/12\/DSC_0010-1024x683.jpg 1024w, https:\/\/katolicka-gimnazija.hr\/wp-content\/uploads\/2016\/12\/DSC_0010-360x240.jpg 360w, https:\/\/katolicka-gimnazija.hr\/wp-content\/uploads\/2016\/12\/DSC_0010-750x500.jpg 750w, https:\/\/katolicka-gimnazija.hr\/wp-content\/uploads\/2016\/12\/DSC_0010-400x267.jpg 400w, https:\/\/katolicka-gimnazija.hr\/wp-content\/uploads\/2016\/12\/DSC_0010-430x287.jpg 430w, https:\/\/katolicka-gimnazija.hr\/wp-content\/uploads\/2016\/12\/DSC_0010-150x100.jpg 150w, https:\/\/katolicka-gimnazija.hr\/wp-content\/uploads\/2016\/12\/DSC_0010-100x67.jpg 100w, https:\/\/katolicka-gimnazija.hr\/wp-content\/uploads\/2016\/12\/DSC_0010.jpg 1500w\" sizes=\"auto, (max-width: 300px) 100vw, 300px\" \/><\/a>\n\t\t\t<\/div><\/figure><figure class='gallery-item'>\n\t\t\t<div class='gallery-icon landscape'>\n\t\t\t\t<a href='https:\/\/katolicka-gimnazija.hr\/wp-content\/uploads\/2016\/12\/DSC_0024-1.jpg'><img loading=\"lazy\" decoding=\"async\" width=\"300\" height=\"200\" src=\"https:\/\/katolicka-gimnazija.hr\/wp-content\/uploads\/2016\/12\/DSC_0024-1-300x200.jpg\" class=\"attachment-medium size-medium\" alt=\"\" srcset=\"https:\/\/katolicka-gimnazija.hr\/wp-content\/uploads\/2016\/12\/DSC_0024-1-300x200.jpg 300w, https:\/\/katolicka-gimnazija.hr\/wp-content\/uploads\/2016\/12\/DSC_0024-1-768x512.jpg 768w, https:\/\/katolicka-gimnazija.hr\/wp-content\/uploads\/2016\/12\/DSC_0024-1-1024x683.jpg 1024w, https:\/\/katolicka-gimnazija.hr\/wp-content\/uploads\/2016\/12\/DSC_0024-1-360x240.jpg 360w, https:\/\/katolicka-gimnazija.hr\/wp-content\/uploads\/2016\/12\/DSC_0024-1-750x500.jpg 750w, https:\/\/katolicka-gimnazija.hr\/wp-content\/uploads\/2016\/12\/DSC_0024-1-400x267.jpg 400w, https:\/\/katolicka-gimnazija.hr\/wp-content\/uploads\/2016\/12\/DSC_0024-1-430x287.jpg 430w, https:\/\/katolicka-gimnazija.hr\/wp-content\/uploads\/2016\/12\/DSC_0024-1-150x100.jpg 150w, https:\/\/katolicka-gimnazija.hr\/wp-content\/uploads\/2016\/12\/DSC_0024-1-100x67.jpg 100w, https:\/\/katolicka-gimnazija.hr\/wp-content\/uploads\/2016\/12\/DSC_0024-1.jpg 1500w\" sizes=\"auto, (max-width: 300px) 100vw, 300px\" \/><\/a>\n\t\t\t<\/div><\/figure>\n\t\t<\/div>\n\n","protected":false},"excerpt":{"rendered":"<p>13. prosinca 2016. godine u\u010denici i nastavnici Katoli\u010dke gimnazije zaputili su se prema Vo\u0107inu kako bi prisustvovali obilje\u017eavanja 25. obljetnice stradanja nevinih vo\u0107inskih \u017ertava. \u201eNakon Vukovara i \u0160kabrnje, Vo\u0107in je najve\u0107a tragedija Domovinskog rata. Pro\u0161lo je ve\u0107 25 godina od te\u0161kih doga\u0111aja iz 1991. godine kada su srpski pobunjenici potpomognuti Jugoslavenskom narodnom armijom do temelja [&hellip;]<\/p>\n","protected":false},"author":50,"featured_media":8031,"comment_status":"closed","ping_status":"closed","sticky":false,"template":"","format":"standard","meta":{"footnotes":""},"categories":[4,2],"tags":[],"class_list":["post-8007","post","type-post","status-publish","format-standard","has-post-thumbnail","hentry","category-fotogalerije","category-vijesti"],"_links":{"self":[{"href":"https:\/\/katolicka-gimnazija.hr\/index.php\/wp-json\/wp\/v2\/posts\/8007","targetHints":{"allow":["GET"]}}],"collection":[{"href":"https:\/\/katolicka-gimnazija.hr\/index.php\/wp-json\/wp\/v2\/posts"}],"about":[{"href":"https:\/\/katolicka-gimnazija.hr\/index.php\/wp-json\/wp\/v2\/types\/post"}],"author":[{"embeddable":true,"href":"https:\/\/katolicka-gimnazija.hr\/index.php\/wp-json\/wp\/v2\/users\/50"}],"replies":[{"embeddable":true,"href":"https:\/\/katolicka-gimnazija.hr\/index.php\/wp-json\/wp\/v2\/comments?post=8007"}],"version-history":[{"count":3,"href":"https:\/\/katolicka-gimnazija.hr\/index.php\/wp-json\/wp\/v2\/posts\/8007\/revisions"}],"predecessor-version":[{"id":14946,"href":"https:\/\/katolicka-gimnazija.hr\/index.php\/wp-json\/wp\/v2\/posts\/8007\/revisions\/14946"}],"wp:featuredmedia":[{"embeddable":true,"href":"https:\/\/katolicka-gimnazija.hr\/index.php\/wp-json\/wp\/v2\/media\/8031"}],"wp:attachment":[{"href":"https:\/\/katolicka-gimnazija.hr\/index.php\/wp-json\/wp\/v2\/media?parent=8007"}],"wp:term":[{"taxonomy":"category","embeddable":true,"href":"https:\/\/katolicka-gimnazija.hr\/index.php\/wp-json\/wp\/v2\/categories?post=8007"},{"taxonomy":"post_tag","embeddable":true,"href":"https:\/\/katolicka-gimnazija.hr\/index.php\/wp-json\/wp\/v2\/tags?post=8007"}],"curies":[{"name":"wp","href":"https:\/\/api.w.org\/{rel}","templated":true}]}}