{"id":8090,"date":"2016-12-20T19:43:51","date_gmt":"2016-12-20T19:43:51","guid":{"rendered":"http:\/\/katolicka-gimnazija.hr\/?p=8090"},"modified":"2018-12-28T14:05:31","modified_gmt":"2018-12-28T14:05:31","slug":"wien-oder-bec","status":"publish","type":"post","link":"https:\/\/katolicka-gimnazija.hr\/index.php\/2016\/12\/20\/wien-oder-bec\/","title":{"rendered":"Zimska \u010darolija u Be\u010du"},"content":{"rendered":"<p>Pi\u0161u: Ana Jambrek i Rebeka Be\u0161ker, 1.b<\/p>\n<p>U\u010denici prvih i drugih razreda 17. prosinca to\u010dno u pono\u0107 uputili su se u Be\u010d zajedno sa svojim razrednicima i ostalim profesorima. Put je trajao dugo, toliko da smo u Be\u010d stigli tek oko 9 sati. Odmah po dolasku krenuli smo s vodi\u010dem u razgledavanje grada koje je trajalo oko sat vremena i za kojeg smo vidjeli brojne znamenitosti od kojih su najzastupljenije gra\u0111evine vezane uz slavnu austrijsku povijest.<\/p>\n<p><a href=\"http:\/\/katolicka-gimnazija.hr\/wp-content\/uploads\/2016\/12\/20161217_194618.jpg\" rel=\"attachment wp-att-8100\"><img loading=\"lazy\" decoding=\"async\" class=\"alignleft size-medium wp-image-8100\" src=\"http:\/\/katolicka-gimnazija.hr\/wp-content\/uploads\/2016\/12\/20161217_194618-300x225.jpg\" alt=\"20161217_194618\" width=\"300\" height=\"225\" srcset=\"https:\/\/katolicka-gimnazija.hr\/wp-content\/uploads\/2016\/12\/20161217_194618-300x225.jpg 300w, https:\/\/katolicka-gimnazija.hr\/wp-content\/uploads\/2016\/12\/20161217_194618-768x576.jpg 768w, https:\/\/katolicka-gimnazija.hr\/wp-content\/uploads\/2016\/12\/20161217_194618-1024x768.jpg 1024w, https:\/\/katolicka-gimnazija.hr\/wp-content\/uploads\/2016\/12\/20161217_194618-360x270.jpg 360w, https:\/\/katolicka-gimnazija.hr\/wp-content\/uploads\/2016\/12\/20161217_194618-750x563.jpg 750w, https:\/\/katolicka-gimnazija.hr\/wp-content\/uploads\/2016\/12\/20161217_194618-400x300.jpg 400w, https:\/\/katolicka-gimnazija.hr\/wp-content\/uploads\/2016\/12\/20161217_194618-430x323.jpg 430w, https:\/\/katolicka-gimnazija.hr\/wp-content\/uploads\/2016\/12\/20161217_194618-150x113.jpg 150w, https:\/\/katolicka-gimnazija.hr\/wp-content\/uploads\/2016\/12\/20161217_194618-100x75.jpg 100w, https:\/\/katolicka-gimnazija.hr\/wp-content\/uploads\/2016\/12\/20161217_194618.jpg 1500w\" sizes=\"auto, (max-width: 300px) 100vw, 300px\" \/><\/a>Nakon razgledavanja s ljubaznom i susretljivom voditeljicom u\u010denici i profesori krenuli su u samostalno razgledavanje te sami posjetili ono \u0161to su \u017eeljeli i stigli. Nakon razgledavanja zajedno smo se uputili u hostel u kojem smo ostavili stvari i uputili se na ve\u010deru. Odmoriv\u0161i se u hostelu nastavili smo s razgledavanjem grada. Pri tom smo posjetili tradicionalni bo\u017ei\u0107ni sajam gdje smo si mogli kupiti (lijepe, ali skupe) suvenire, ali i vidjeti prelijepo ure\u0111en grad koji je bio ukra\u0161en tisu\u0107ama lampica. Zatim smo se vratili u hostel u kojemu smo prepri\u010davali dojmove. Ujutro smo se spakirali i napustili hostel te se pro\u0161etali do Kirche am Hof, crkve hrvatskih misija u kojoj je odr\u017eana misa na hrvatskom jeziku. Tako smo zajedni\u010dki sudjelovali u slavljenju svete mise, upoznali tradiciju tamo\u0161njih ljudi i zahvalili Bogu \u0161to nas je sretno doveo do Be\u010da. Nakon zavr\u0161etka mise posjetili smo najstariji europski zabavni park Prater. Tamo smo mogli isprobati razli\u010dite vo\u017enje, a jedna od najposje\u0107enijih je zasigurno ogromni kota\u010d s kojeg se, kada se uspne do vrha, mo\u017ee vidjeti gotovo cijeli grad.<\/p>\n<p>Nakon ovog zabavnog dijela krenulo se prema Hrvatskoj. Put je bio malo du\u017ei, ali nam je pru\u017eio priliku za upoznavanje i du\u017eenje s drugima. Pred kraj puta zajedni\u010dkom smo molitvom zahvalili Bogu \u0161to nam je dao priliku da posjetimo Be\u010d, ali i \u0161to nam je uvijek tu kad je najpotrebnije. U Po\u017eegu smo stigli u ve\u010dernjim satima, puni dojmova koje smo jedva \u010dekali podijeliti s bli\u017enjima jer, kako poznata izreka ka\u017ee : \u201eSvuda je lijepo, ali kod ku\u0107e je najljep\u0161e!\u201c<\/p>\n<div id='gallery-1' class='gallery galleryid-8090 gallery-columns-3 gallery-size-medium'><figure class='gallery-item'>\n\t\t\t<div class='gallery-icon landscape'>\n\t\t\t\t<a href='https:\/\/katolicka-gimnazija.hr\/wp-content\/uploads\/2016\/12\/20161217_192657.jpg'><img loading=\"lazy\" decoding=\"async\" width=\"300\" height=\"225\" src=\"https:\/\/katolicka-gimnazija.hr\/wp-content\/uploads\/2016\/12\/20161217_192657-300x225.jpg\" class=\"attachment-medium size-medium\" alt=\"\" srcset=\"https:\/\/katolicka-gimnazija.hr\/wp-content\/uploads\/2016\/12\/20161217_192657-300x225.jpg 300w, https:\/\/katolicka-gimnazija.hr\/wp-content\/uploads\/2016\/12\/20161217_192657-768x576.jpg 768w, https:\/\/katolicka-gimnazija.hr\/wp-content\/uploads\/2016\/12\/20161217_192657-1024x768.jpg 1024w, https:\/\/katolicka-gimnazija.hr\/wp-content\/uploads\/2016\/12\/20161217_192657-360x270.jpg 360w, https:\/\/katolicka-gimnazija.hr\/wp-content\/uploads\/2016\/12\/20161217_192657-750x563.jpg 750w, https:\/\/katolicka-gimnazija.hr\/wp-content\/uploads\/2016\/12\/20161217_192657-400x300.jpg 400w, https:\/\/katolicka-gimnazija.hr\/wp-content\/uploads\/2016\/12\/20161217_192657-430x323.jpg 430w, https:\/\/katolicka-gimnazija.hr\/wp-content\/uploads\/2016\/12\/20161217_192657-150x113.jpg 150w, https:\/\/katolicka-gimnazija.hr\/wp-content\/uploads\/2016\/12\/20161217_192657-100x75.jpg 100w, https:\/\/katolicka-gimnazija.hr\/wp-content\/uploads\/2016\/12\/20161217_192657.jpg 1500w\" sizes=\"auto, (max-width: 300px) 100vw, 300px\" \/><\/a>\n\t\t\t<\/div><\/figure><figure class='gallery-item'>\n\t\t\t<div class='gallery-icon landscape'>\n\t\t\t\t<a href='https:\/\/katolicka-gimnazija.hr\/wp-content\/uploads\/2016\/12\/received_1819625584984729.jpg'><img loading=\"lazy\" decoding=\"async\" width=\"300\" height=\"225\" src=\"https:\/\/katolicka-gimnazija.hr\/wp-content\/uploads\/2016\/12\/received_1819625584984729-300x225.jpg\" class=\"attachment-medium size-medium\" alt=\"\" srcset=\"https:\/\/katolicka-gimnazija.hr\/wp-content\/uploads\/2016\/12\/received_1819625584984729-300x225.jpg 300w, https:\/\/katolicka-gimnazija.hr\/wp-content\/uploads\/2016\/12\/received_1819625584984729-768x576.jpg 768w, https:\/\/katolicka-gimnazija.hr\/wp-content\/uploads\/2016\/12\/received_1819625584984729-1024x768.jpg 1024w, https:\/\/katolicka-gimnazija.hr\/wp-content\/uploads\/2016\/12\/received_1819625584984729-360x270.jpg 360w, https:\/\/katolicka-gimnazija.hr\/wp-content\/uploads\/2016\/12\/received_1819625584984729-750x563.jpg 750w, https:\/\/katolicka-gimnazija.hr\/wp-content\/uploads\/2016\/12\/received_1819625584984729-400x300.jpg 400w, https:\/\/katolicka-gimnazija.hr\/wp-content\/uploads\/2016\/12\/received_1819625584984729-430x323.jpg 430w, https:\/\/katolicka-gimnazija.hr\/wp-content\/uploads\/2016\/12\/received_1819625584984729-150x113.jpg 150w, https:\/\/katolicka-gimnazija.hr\/wp-content\/uploads\/2016\/12\/received_1819625584984729-100x75.jpg 100w, https:\/\/katolicka-gimnazija.hr\/wp-content\/uploads\/2016\/12\/received_1819625584984729.jpg 1500w\" sizes=\"auto, (max-width: 300px) 100vw, 300px\" \/><\/a>\n\t\t\t<\/div><\/figure><figure class='gallery-item'>\n\t\t\t<div class='gallery-icon landscape'>\n\t\t\t\t<a href='https:\/\/katolicka-gimnazija.hr\/wp-content\/uploads\/2016\/12\/20161217_103122.jpg'><img loading=\"lazy\" decoding=\"async\" width=\"300\" height=\"225\" src=\"https:\/\/katolicka-gimnazija.hr\/wp-content\/uploads\/2016\/12\/20161217_103122-300x225.jpg\" class=\"attachment-medium size-medium\" alt=\"\" srcset=\"https:\/\/katolicka-gimnazija.hr\/wp-content\/uploads\/2016\/12\/20161217_103122-300x225.jpg 300w, https:\/\/katolicka-gimnazija.hr\/wp-content\/uploads\/2016\/12\/20161217_103122-768x576.jpg 768w, https:\/\/katolicka-gimnazija.hr\/wp-content\/uploads\/2016\/12\/20161217_103122-1024x768.jpg 1024w, https:\/\/katolicka-gimnazija.hr\/wp-content\/uploads\/2016\/12\/20161217_103122-360x270.jpg 360w, https:\/\/katolicka-gimnazija.hr\/wp-content\/uploads\/2016\/12\/20161217_103122-750x563.jpg 750w, https:\/\/katolicka-gimnazija.hr\/wp-content\/uploads\/2016\/12\/20161217_103122-400x300.jpg 400w, https:\/\/katolicka-gimnazija.hr\/wp-content\/uploads\/2016\/12\/20161217_103122-430x323.jpg 430w, https:\/\/katolicka-gimnazija.hr\/wp-content\/uploads\/2016\/12\/20161217_103122-150x113.jpg 150w, https:\/\/katolicka-gimnazija.hr\/wp-content\/uploads\/2016\/12\/20161217_103122-100x75.jpg 100w, https:\/\/katolicka-gimnazija.hr\/wp-content\/uploads\/2016\/12\/20161217_103122.jpg 1500w\" sizes=\"auto, (max-width: 300px) 100vw, 300px\" \/><\/a>\n\t\t\t<\/div><\/figure><figure class='gallery-item'>\n\t\t\t<div class='gallery-icon portrait'>\n\t\t\t\t<a href='https:\/\/katolicka-gimnazija.hr\/wp-content\/uploads\/2016\/12\/received_1819296461684308.jpg'><img loading=\"lazy\" decoding=\"async\" width=\"225\" height=\"300\" src=\"https:\/\/katolicka-gimnazija.hr\/wp-content\/uploads\/2016\/12\/received_1819296461684308-225x300.jpg\" class=\"attachment-medium size-medium\" alt=\"\" srcset=\"https:\/\/katolicka-gimnazija.hr\/wp-content\/uploads\/2016\/12\/received_1819296461684308-225x300.jpg 225w, https:\/\/katolicka-gimnazija.hr\/wp-content\/uploads\/2016\/12\/received_1819296461684308-768x1024.jpg 768w, https:\/\/katolicka-gimnazija.hr\/wp-content\/uploads\/2016\/12\/received_1819296461684308-360x480.jpg 360w, https:\/\/katolicka-gimnazija.hr\/wp-content\/uploads\/2016\/12\/received_1819296461684308-750x1000.jpg 750w, https:\/\/katolicka-gimnazija.hr\/wp-content\/uploads\/2016\/12\/received_1819296461684308-400x533.jpg 400w, https:\/\/katolicka-gimnazija.hr\/wp-content\/uploads\/2016\/12\/received_1819296461684308-430x573.jpg 430w, https:\/\/katolicka-gimnazija.hr\/wp-content\/uploads\/2016\/12\/received_1819296461684308-150x200.jpg 150w, https:\/\/katolicka-gimnazija.hr\/wp-content\/uploads\/2016\/12\/received_1819296461684308-100x133.jpg 100w, https:\/\/katolicka-gimnazija.hr\/wp-content\/uploads\/2016\/12\/received_1819296461684308.jpg 1500w\" sizes=\"auto, (max-width: 225px) 100vw, 225px\" \/><\/a>\n\t\t\t<\/div><\/figure><figure class='gallery-item'>\n\t\t\t<div class='gallery-icon landscape'>\n\t\t\t\t<a href='https:\/\/katolicka-gimnazija.hr\/wp-content\/uploads\/2016\/12\/20161217_095328.jpg'><img loading=\"lazy\" decoding=\"async\" width=\"300\" height=\"225\" src=\"https:\/\/katolicka-gimnazija.hr\/wp-content\/uploads\/2016\/12\/20161217_095328-300x225.jpg\" class=\"attachment-medium size-medium\" alt=\"\" srcset=\"https:\/\/katolicka-gimnazija.hr\/wp-content\/uploads\/2016\/12\/20161217_095328-300x225.jpg 300w, https:\/\/katolicka-gimnazija.hr\/wp-content\/uploads\/2016\/12\/20161217_095328-768x576.jpg 768w, https:\/\/katolicka-gimnazija.hr\/wp-content\/uploads\/2016\/12\/20161217_095328-1024x768.jpg 1024w, https:\/\/katolicka-gimnazija.hr\/wp-content\/uploads\/2016\/12\/20161217_095328-360x270.jpg 360w, https:\/\/katolicka-gimnazija.hr\/wp-content\/uploads\/2016\/12\/20161217_095328-750x563.jpg 750w, https:\/\/katolicka-gimnazija.hr\/wp-content\/uploads\/2016\/12\/20161217_095328-400x300.jpg 400w, https:\/\/katolicka-gimnazija.hr\/wp-content\/uploads\/2016\/12\/20161217_095328-430x323.jpg 430w, https:\/\/katolicka-gimnazija.hr\/wp-content\/uploads\/2016\/12\/20161217_095328-150x113.jpg 150w, https:\/\/katolicka-gimnazija.hr\/wp-content\/uploads\/2016\/12\/20161217_095328-100x75.jpg 100w, https:\/\/katolicka-gimnazija.hr\/wp-content\/uploads\/2016\/12\/20161217_095328.jpg 1500w\" sizes=\"auto, (max-width: 300px) 100vw, 300px\" \/><\/a>\n\t\t\t<\/div><\/figure><figure class='gallery-item'>\n\t\t\t<div class='gallery-icon landscape'>\n\t\t\t\t<a href='https:\/\/katolicka-gimnazija.hr\/wp-content\/uploads\/2016\/12\/20161217_194618.jpg'><img loading=\"lazy\" decoding=\"async\" width=\"300\" height=\"225\" src=\"https:\/\/katolicka-gimnazija.hr\/wp-content\/uploads\/2016\/12\/20161217_194618-300x225.jpg\" class=\"attachment-medium size-medium\" alt=\"\" srcset=\"https:\/\/katolicka-gimnazija.hr\/wp-content\/uploads\/2016\/12\/20161217_194618-300x225.jpg 300w, https:\/\/katolicka-gimnazija.hr\/wp-content\/uploads\/2016\/12\/20161217_194618-768x576.jpg 768w, https:\/\/katolicka-gimnazija.hr\/wp-content\/uploads\/2016\/12\/20161217_194618-1024x768.jpg 1024w, https:\/\/katolicka-gimnazija.hr\/wp-content\/uploads\/2016\/12\/20161217_194618-360x270.jpg 360w, https:\/\/katolicka-gimnazija.hr\/wp-content\/uploads\/2016\/12\/20161217_194618-750x563.jpg 750w, https:\/\/katolicka-gimnazija.hr\/wp-content\/uploads\/2016\/12\/20161217_194618-400x300.jpg 400w, https:\/\/katolicka-gimnazija.hr\/wp-content\/uploads\/2016\/12\/20161217_194618-430x323.jpg 430w, https:\/\/katolicka-gimnazija.hr\/wp-content\/uploads\/2016\/12\/20161217_194618-150x113.jpg 150w, https:\/\/katolicka-gimnazija.hr\/wp-content\/uploads\/2016\/12\/20161217_194618-100x75.jpg 100w, https:\/\/katolicka-gimnazija.hr\/wp-content\/uploads\/2016\/12\/20161217_194618.jpg 1500w\" sizes=\"auto, (max-width: 300px) 100vw, 300px\" \/><\/a>\n\t\t\t<\/div><\/figure><figure class='gallery-item'>\n\t\t\t<div class='gallery-icon landscape'>\n\t\t\t\t<a href='https:\/\/katolicka-gimnazija.hr\/wp-content\/uploads\/2016\/12\/20161217_101528.jpg'><img loading=\"lazy\" decoding=\"async\" width=\"300\" height=\"225\" src=\"https:\/\/katolicka-gimnazija.hr\/wp-content\/uploads\/2016\/12\/20161217_101528-300x225.jpg\" class=\"attachment-medium size-medium\" alt=\"\" srcset=\"https:\/\/katolicka-gimnazija.hr\/wp-content\/uploads\/2016\/12\/20161217_101528-300x225.jpg 300w, https:\/\/katolicka-gimnazija.hr\/wp-content\/uploads\/2016\/12\/20161217_101528-768x576.jpg 768w, https:\/\/katolicka-gimnazija.hr\/wp-content\/uploads\/2016\/12\/20161217_101528-1024x768.jpg 1024w, https:\/\/katolicka-gimnazija.hr\/wp-content\/uploads\/2016\/12\/20161217_101528-360x270.jpg 360w, https:\/\/katolicka-gimnazija.hr\/wp-content\/uploads\/2016\/12\/20161217_101528-750x563.jpg 750w, https:\/\/katolicka-gimnazija.hr\/wp-content\/uploads\/2016\/12\/20161217_101528-400x300.jpg 400w, https:\/\/katolicka-gimnazija.hr\/wp-content\/uploads\/2016\/12\/20161217_101528-430x323.jpg 430w, https:\/\/katolicka-gimnazija.hr\/wp-content\/uploads\/2016\/12\/20161217_101528-150x113.jpg 150w, https:\/\/katolicka-gimnazija.hr\/wp-content\/uploads\/2016\/12\/20161217_101528-100x75.jpg 100w, https:\/\/katolicka-gimnazija.hr\/wp-content\/uploads\/2016\/12\/20161217_101528.jpg 1500w\" sizes=\"auto, (max-width: 300px) 100vw, 300px\" \/><\/a>\n\t\t\t<\/div><\/figure><figure class='gallery-item'>\n\t\t\t<div class='gallery-icon portrait'>\n\t\t\t\t<a href='https:\/\/katolicka-gimnazija.hr\/wp-content\/uploads\/2016\/12\/received_1818807501733204.jpg'><img loading=\"lazy\" decoding=\"async\" width=\"225\" height=\"300\" src=\"https:\/\/katolicka-gimnazija.hr\/wp-content\/uploads\/2016\/12\/received_1818807501733204-225x300.jpg\" class=\"attachment-medium size-medium\" alt=\"\" srcset=\"https:\/\/katolicka-gimnazija.hr\/wp-content\/uploads\/2016\/12\/received_1818807501733204-225x300.jpg 225w, https:\/\/katolicka-gimnazija.hr\/wp-content\/uploads\/2016\/12\/received_1818807501733204-768x1024.jpg 768w, https:\/\/katolicka-gimnazija.hr\/wp-content\/uploads\/2016\/12\/received_1818807501733204-360x480.jpg 360w, https:\/\/katolicka-gimnazija.hr\/wp-content\/uploads\/2016\/12\/received_1818807501733204-750x1000.jpg 750w, https:\/\/katolicka-gimnazija.hr\/wp-content\/uploads\/2016\/12\/received_1818807501733204-400x533.jpg 400w, https:\/\/katolicka-gimnazija.hr\/wp-content\/uploads\/2016\/12\/received_1818807501733204-430x573.jpg 430w, https:\/\/katolicka-gimnazija.hr\/wp-content\/uploads\/2016\/12\/received_1818807501733204-150x200.jpg 150w, https:\/\/katolicka-gimnazija.hr\/wp-content\/uploads\/2016\/12\/received_1818807501733204-100x133.jpg 100w, https:\/\/katolicka-gimnazija.hr\/wp-content\/uploads\/2016\/12\/received_1818807501733204.jpg 1500w\" sizes=\"auto, (max-width: 225px) 100vw, 225px\" \/><\/a>\n\t\t\t<\/div><\/figure><figure class='gallery-item'>\n\t\t\t<div class='gallery-icon portrait'>\n\t\t\t\t<a href='https:\/\/katolicka-gimnazija.hr\/wp-content\/uploads\/2016\/12\/received_1819625688318052.jpg'><img loading=\"lazy\" decoding=\"async\" width=\"225\" height=\"300\" src=\"https:\/\/katolicka-gimnazija.hr\/wp-content\/uploads\/2016\/12\/received_1819625688318052-225x300.jpg\" class=\"attachment-medium size-medium\" alt=\"\" srcset=\"https:\/\/katolicka-gimnazija.hr\/wp-content\/uploads\/2016\/12\/received_1819625688318052-225x300.jpg 225w, https:\/\/katolicka-gimnazija.hr\/wp-content\/uploads\/2016\/12\/received_1819625688318052-768x1024.jpg 768w, https:\/\/katolicka-gimnazija.hr\/wp-content\/uploads\/2016\/12\/received_1819625688318052-360x480.jpg 360w, https:\/\/katolicka-gimnazija.hr\/wp-content\/uploads\/2016\/12\/received_1819625688318052-750x1000.jpg 750w, https:\/\/katolicka-gimnazija.hr\/wp-content\/uploads\/2016\/12\/received_1819625688318052-400x533.jpg 400w, https:\/\/katolicka-gimnazija.hr\/wp-content\/uploads\/2016\/12\/received_1819625688318052-430x573.jpg 430w, https:\/\/katolicka-gimnazija.hr\/wp-content\/uploads\/2016\/12\/received_1819625688318052-150x200.jpg 150w, https:\/\/katolicka-gimnazija.hr\/wp-content\/uploads\/2016\/12\/received_1819625688318052-100x133.jpg 100w, https:\/\/katolicka-gimnazija.hr\/wp-content\/uploads\/2016\/12\/received_1819625688318052.jpg 1500w\" sizes=\"auto, (max-width: 225px) 100vw, 225px\" \/><\/a>\n\t\t\t<\/div><\/figure><figure class='gallery-item'>\n\t\t\t<div class='gallery-icon landscape'>\n\t\t\t\t<a href='https:\/\/katolicka-gimnazija.hr\/wp-content\/uploads\/2016\/12\/received_1819296495017638.jpg'><img loading=\"lazy\" decoding=\"async\" width=\"300\" height=\"225\" src=\"https:\/\/katolicka-gimnazija.hr\/wp-content\/uploads\/2016\/12\/received_1819296495017638-300x225.jpg\" class=\"attachment-medium size-medium\" alt=\"\" srcset=\"https:\/\/katolicka-gimnazija.hr\/wp-content\/uploads\/2016\/12\/received_1819296495017638-300x225.jpg 300w, https:\/\/katolicka-gimnazija.hr\/wp-content\/uploads\/2016\/12\/received_1819296495017638-768x576.jpg 768w, https:\/\/katolicka-gimnazija.hr\/wp-content\/uploads\/2016\/12\/received_1819296495017638-1024x768.jpg 1024w, https:\/\/katolicka-gimnazija.hr\/wp-content\/uploads\/2016\/12\/received_1819296495017638-360x270.jpg 360w, https:\/\/katolicka-gimnazija.hr\/wp-content\/uploads\/2016\/12\/received_1819296495017638-750x563.jpg 750w, https:\/\/katolicka-gimnazija.hr\/wp-content\/uploads\/2016\/12\/received_1819296495017638-400x300.jpg 400w, https:\/\/katolicka-gimnazija.hr\/wp-content\/uploads\/2016\/12\/received_1819296495017638-430x323.jpg 430w, https:\/\/katolicka-gimnazija.hr\/wp-content\/uploads\/2016\/12\/received_1819296495017638-150x113.jpg 150w, https:\/\/katolicka-gimnazija.hr\/wp-content\/uploads\/2016\/12\/received_1819296495017638-100x75.jpg 100w, https:\/\/katolicka-gimnazija.hr\/wp-content\/uploads\/2016\/12\/received_1819296495017638.jpg 1500w\" sizes=\"auto, (max-width: 300px) 100vw, 300px\" \/><\/a>\n\t\t\t<\/div><\/figure><figure class='gallery-item'>\n\t\t\t<div class='gallery-icon landscape'>\n\t\t\t\t<a href='https:\/\/katolicka-gimnazija.hr\/wp-content\/uploads\/2016\/12\/received_1819296551684299.jpg'><img loading=\"lazy\" decoding=\"async\" width=\"300\" height=\"225\" src=\"https:\/\/katolicka-gimnazija.hr\/wp-content\/uploads\/2016\/12\/received_1819296551684299-300x225.jpg\" class=\"attachment-medium size-medium\" alt=\"\" srcset=\"https:\/\/katolicka-gimnazija.hr\/wp-content\/uploads\/2016\/12\/received_1819296551684299-300x225.jpg 300w, https:\/\/katolicka-gimnazija.hr\/wp-content\/uploads\/2016\/12\/received_1819296551684299-768x576.jpg 768w, https:\/\/katolicka-gimnazija.hr\/wp-content\/uploads\/2016\/12\/received_1819296551684299-1024x768.jpg 1024w, https:\/\/katolicka-gimnazija.hr\/wp-content\/uploads\/2016\/12\/received_1819296551684299-360x270.jpg 360w, https:\/\/katolicka-gimnazija.hr\/wp-content\/uploads\/2016\/12\/received_1819296551684299-750x563.jpg 750w, https:\/\/katolicka-gimnazija.hr\/wp-content\/uploads\/2016\/12\/received_1819296551684299-400x300.jpg 400w, https:\/\/katolicka-gimnazija.hr\/wp-content\/uploads\/2016\/12\/received_1819296551684299-430x323.jpg 430w, https:\/\/katolicka-gimnazija.hr\/wp-content\/uploads\/2016\/12\/received_1819296551684299-150x113.jpg 150w, https:\/\/katolicka-gimnazija.hr\/wp-content\/uploads\/2016\/12\/received_1819296551684299-100x75.jpg 100w, https:\/\/katolicka-gimnazija.hr\/wp-content\/uploads\/2016\/12\/received_1819296551684299.jpg 1500w\" sizes=\"auto, (max-width: 300px) 100vw, 300px\" \/><\/a>\n\t\t\t<\/div><\/figure><figure class='gallery-item'>\n\t\t\t<div class='gallery-icon landscape'>\n\t\t\t\t<a href='https:\/\/katolicka-gimnazija.hr\/wp-content\/uploads\/2016\/12\/20161217_172322.jpg'><img loading=\"lazy\" decoding=\"async\" width=\"300\" height=\"225\" src=\"https:\/\/katolicka-gimnazija.hr\/wp-content\/uploads\/2016\/12\/20161217_172322-300x225.jpg\" class=\"attachment-medium size-medium\" alt=\"\" srcset=\"https:\/\/katolicka-gimnazija.hr\/wp-content\/uploads\/2016\/12\/20161217_172322-300x225.jpg 300w, https:\/\/katolicka-gimnazija.hr\/wp-content\/uploads\/2016\/12\/20161217_172322-768x576.jpg 768w, https:\/\/katolicka-gimnazija.hr\/wp-content\/uploads\/2016\/12\/20161217_172322-1024x768.jpg 1024w, https:\/\/katolicka-gimnazija.hr\/wp-content\/uploads\/2016\/12\/20161217_172322-360x270.jpg 360w, https:\/\/katolicka-gimnazija.hr\/wp-content\/uploads\/2016\/12\/20161217_172322-750x563.jpg 750w, https:\/\/katolicka-gimnazija.hr\/wp-content\/uploads\/2016\/12\/20161217_172322-400x300.jpg 400w, https:\/\/katolicka-gimnazija.hr\/wp-content\/uploads\/2016\/12\/20161217_172322-430x323.jpg 430w, https:\/\/katolicka-gimnazija.hr\/wp-content\/uploads\/2016\/12\/20161217_172322-150x113.jpg 150w, https:\/\/katolicka-gimnazija.hr\/wp-content\/uploads\/2016\/12\/20161217_172322-100x75.jpg 100w, https:\/\/katolicka-gimnazija.hr\/wp-content\/uploads\/2016\/12\/20161217_172322.jpg 1500w\" sizes=\"auto, (max-width: 300px) 100vw, 300px\" \/><\/a>\n\t\t\t<\/div><\/figure><figure class='gallery-item'>\n\t\t\t<div class='gallery-icon landscape'>\n\t\t\t\t<a href='https:\/\/katolicka-gimnazija.hr\/wp-content\/uploads\/2016\/12\/20161217_110927-1.jpg'><img loading=\"lazy\" decoding=\"async\" width=\"300\" height=\"225\" src=\"https:\/\/katolicka-gimnazija.hr\/wp-content\/uploads\/2016\/12\/20161217_110927-1-300x225.jpg\" class=\"attachment-medium size-medium\" alt=\"\" srcset=\"https:\/\/katolicka-gimnazija.hr\/wp-content\/uploads\/2016\/12\/20161217_110927-1-300x225.jpg 300w, https:\/\/katolicka-gimnazija.hr\/wp-content\/uploads\/2016\/12\/20161217_110927-1-768x576.jpg 768w, https:\/\/katolicka-gimnazija.hr\/wp-content\/uploads\/2016\/12\/20161217_110927-1-1024x768.jpg 1024w, https:\/\/katolicka-gimnazija.hr\/wp-content\/uploads\/2016\/12\/20161217_110927-1-360x270.jpg 360w, https:\/\/katolicka-gimnazija.hr\/wp-content\/uploads\/2016\/12\/20161217_110927-1-750x563.jpg 750w, https:\/\/katolicka-gimnazija.hr\/wp-content\/uploads\/2016\/12\/20161217_110927-1-400x300.jpg 400w, https:\/\/katolicka-gimnazija.hr\/wp-content\/uploads\/2016\/12\/20161217_110927-1-430x323.jpg 430w, https:\/\/katolicka-gimnazija.hr\/wp-content\/uploads\/2016\/12\/20161217_110927-1-150x113.jpg 150w, https:\/\/katolicka-gimnazija.hr\/wp-content\/uploads\/2016\/12\/20161217_110927-1-100x75.jpg 100w, https:\/\/katolicka-gimnazija.hr\/wp-content\/uploads\/2016\/12\/20161217_110927-1.jpg 1500w\" sizes=\"auto, (max-width: 300px) 100vw, 300px\" \/><\/a>\n\t\t\t<\/div><\/figure><figure class='gallery-item'>\n\t\t\t<div class='gallery-icon portrait'>\n\t\t\t\t<a href='https:\/\/katolicka-gimnazija.hr\/wp-content\/uploads\/2016\/12\/received_1819625591651395.jpg'><img loading=\"lazy\" decoding=\"async\" width=\"225\" height=\"300\" src=\"https:\/\/katolicka-gimnazija.hr\/wp-content\/uploads\/2016\/12\/received_1819625591651395-225x300.jpg\" class=\"attachment-medium size-medium\" alt=\"\" srcset=\"https:\/\/katolicka-gimnazija.hr\/wp-content\/uploads\/2016\/12\/received_1819625591651395-225x300.jpg 225w, https:\/\/katolicka-gimnazija.hr\/wp-content\/uploads\/2016\/12\/received_1819625591651395-768x1024.jpg 768w, https:\/\/katolicka-gimnazija.hr\/wp-content\/uploads\/2016\/12\/received_1819625591651395-360x480.jpg 360w, https:\/\/katolicka-gimnazija.hr\/wp-content\/uploads\/2016\/12\/received_1819625591651395-750x1000.jpg 750w, https:\/\/katolicka-gimnazija.hr\/wp-content\/uploads\/2016\/12\/received_1819625591651395-400x533.jpg 400w, https:\/\/katolicka-gimnazija.hr\/wp-content\/uploads\/2016\/12\/received_1819625591651395-430x573.jpg 430w, https:\/\/katolicka-gimnazija.hr\/wp-content\/uploads\/2016\/12\/received_1819625591651395-150x200.jpg 150w, https:\/\/katolicka-gimnazija.hr\/wp-content\/uploads\/2016\/12\/received_1819625591651395-100x133.jpg 100w, https:\/\/katolicka-gimnazija.hr\/wp-content\/uploads\/2016\/12\/received_1819625591651395.jpg 1500w\" sizes=\"auto, (max-width: 225px) 100vw, 225px\" \/><\/a>\n\t\t\t<\/div><\/figure><figure class='gallery-item'>\n\t\t\t<div class='gallery-icon landscape'>\n\t\t\t\t<a href='https:\/\/katolicka-gimnazija.hr\/wp-content\/uploads\/2016\/12\/20161217_100644.jpg'><img loading=\"lazy\" decoding=\"async\" width=\"300\" height=\"225\" src=\"https:\/\/katolicka-gimnazija.hr\/wp-content\/uploads\/2016\/12\/20161217_100644-300x225.jpg\" class=\"attachment-medium size-medium\" alt=\"\" srcset=\"https:\/\/katolicka-gimnazija.hr\/wp-content\/uploads\/2016\/12\/20161217_100644-300x225.jpg 300w, https:\/\/katolicka-gimnazija.hr\/wp-content\/uploads\/2016\/12\/20161217_100644-768x576.jpg 768w, https:\/\/katolicka-gimnazija.hr\/wp-content\/uploads\/2016\/12\/20161217_100644-1024x768.jpg 1024w, https:\/\/katolicka-gimnazija.hr\/wp-content\/uploads\/2016\/12\/20161217_100644-360x270.jpg 360w, https:\/\/katolicka-gimnazija.hr\/wp-content\/uploads\/2016\/12\/20161217_100644-750x563.jpg 750w, https:\/\/katolicka-gimnazija.hr\/wp-content\/uploads\/2016\/12\/20161217_100644-400x300.jpg 400w, https:\/\/katolicka-gimnazija.hr\/wp-content\/uploads\/2016\/12\/20161217_100644-430x323.jpg 430w, https:\/\/katolicka-gimnazija.hr\/wp-content\/uploads\/2016\/12\/20161217_100644-150x113.jpg 150w, https:\/\/katolicka-gimnazija.hr\/wp-content\/uploads\/2016\/12\/20161217_100644-100x75.jpg 100w, https:\/\/katolicka-gimnazija.hr\/wp-content\/uploads\/2016\/12\/20161217_100644.jpg 1500w\" sizes=\"auto, (max-width: 300px) 100vw, 300px\" \/><\/a>\n\t\t\t<\/div><\/figure><figure class='gallery-item'>\n\t\t\t<div class='gallery-icon landscape'>\n\t\t\t\t<a href='https:\/\/katolicka-gimnazija.hr\/wp-content\/uploads\/2016\/12\/20161218_112857.jpg'><img loading=\"lazy\" decoding=\"async\" width=\"300\" height=\"225\" src=\"https:\/\/katolicka-gimnazija.hr\/wp-content\/uploads\/2016\/12\/20161218_112857-300x225.jpg\" class=\"attachment-medium size-medium\" alt=\"\" srcset=\"https:\/\/katolicka-gimnazija.hr\/wp-content\/uploads\/2016\/12\/20161218_112857-300x225.jpg 300w, https:\/\/katolicka-gimnazija.hr\/wp-content\/uploads\/2016\/12\/20161218_112857-768x576.jpg 768w, https:\/\/katolicka-gimnazija.hr\/wp-content\/uploads\/2016\/12\/20161218_112857-1024x768.jpg 1024w, https:\/\/katolicka-gimnazija.hr\/wp-content\/uploads\/2016\/12\/20161218_112857-360x270.jpg 360w, https:\/\/katolicka-gimnazija.hr\/wp-content\/uploads\/2016\/12\/20161218_112857-750x563.jpg 750w, https:\/\/katolicka-gimnazija.hr\/wp-content\/uploads\/2016\/12\/20161218_112857-400x300.jpg 400w, https:\/\/katolicka-gimnazija.hr\/wp-content\/uploads\/2016\/12\/20161218_112857-430x323.jpg 430w, https:\/\/katolicka-gimnazija.hr\/wp-content\/uploads\/2016\/12\/20161218_112857-150x113.jpg 150w, https:\/\/katolicka-gimnazija.hr\/wp-content\/uploads\/2016\/12\/20161218_112857-100x75.jpg 100w, https:\/\/katolicka-gimnazija.hr\/wp-content\/uploads\/2016\/12\/20161218_112857.jpg 1500w\" sizes=\"auto, (max-width: 300px) 100vw, 300px\" \/><\/a>\n\t\t\t<\/div><\/figure><figure class='gallery-item'>\n\t\t\t<div class='gallery-icon landscape'>\n\t\t\t\t<a href='https:\/\/katolicka-gimnazija.hr\/wp-content\/uploads\/2016\/12\/20161217_100406.jpg'><img loading=\"lazy\" decoding=\"async\" width=\"300\" height=\"225\" src=\"https:\/\/katolicka-gimnazija.hr\/wp-content\/uploads\/2016\/12\/20161217_100406-300x225.jpg\" class=\"attachment-medium size-medium\" alt=\"\" srcset=\"https:\/\/katolicka-gimnazija.hr\/wp-content\/uploads\/2016\/12\/20161217_100406-300x225.jpg 300w, https:\/\/katolicka-gimnazija.hr\/wp-content\/uploads\/2016\/12\/20161217_100406-768x576.jpg 768w, https:\/\/katolicka-gimnazija.hr\/wp-content\/uploads\/2016\/12\/20161217_100406-1024x768.jpg 1024w, https:\/\/katolicka-gimnazija.hr\/wp-content\/uploads\/2016\/12\/20161217_100406-360x270.jpg 360w, https:\/\/katolicka-gimnazija.hr\/wp-content\/uploads\/2016\/12\/20161217_100406-750x563.jpg 750w, https:\/\/katolicka-gimnazija.hr\/wp-content\/uploads\/2016\/12\/20161217_100406-400x300.jpg 400w, https:\/\/katolicka-gimnazija.hr\/wp-content\/uploads\/2016\/12\/20161217_100406-430x323.jpg 430w, https:\/\/katolicka-gimnazija.hr\/wp-content\/uploads\/2016\/12\/20161217_100406-150x113.jpg 150w, https:\/\/katolicka-gimnazija.hr\/wp-content\/uploads\/2016\/12\/20161217_100406-100x75.jpg 100w, https:\/\/katolicka-gimnazija.hr\/wp-content\/uploads\/2016\/12\/20161217_100406.jpg 1500w\" sizes=\"auto, (max-width: 300px) 100vw, 300px\" \/><\/a>\n\t\t\t<\/div><\/figure><figure class='gallery-item'>\n\t\t\t<div class='gallery-icon landscape'>\n\t\t\t\t<a href='https:\/\/katolicka-gimnazija.hr\/wp-content\/uploads\/2016\/12\/20161217_110822.jpg'><img loading=\"lazy\" decoding=\"async\" width=\"300\" height=\"225\" src=\"https:\/\/katolicka-gimnazija.hr\/wp-content\/uploads\/2016\/12\/20161217_110822-300x225.jpg\" class=\"attachment-medium size-medium\" alt=\"\" srcset=\"https:\/\/katolicka-gimnazija.hr\/wp-content\/uploads\/2016\/12\/20161217_110822-300x225.jpg 300w, https:\/\/katolicka-gimnazija.hr\/wp-content\/uploads\/2016\/12\/20161217_110822-768x576.jpg 768w, https:\/\/katolicka-gimnazija.hr\/wp-content\/uploads\/2016\/12\/20161217_110822-1024x768.jpg 1024w, https:\/\/katolicka-gimnazija.hr\/wp-content\/uploads\/2016\/12\/20161217_110822-360x270.jpg 360w, https:\/\/katolicka-gimnazija.hr\/wp-content\/uploads\/2016\/12\/20161217_110822-750x563.jpg 750w, https:\/\/katolicka-gimnazija.hr\/wp-content\/uploads\/2016\/12\/20161217_110822-400x300.jpg 400w, https:\/\/katolicka-gimnazija.hr\/wp-content\/uploads\/2016\/12\/20161217_110822-430x323.jpg 430w, https:\/\/katolicka-gimnazija.hr\/wp-content\/uploads\/2016\/12\/20161217_110822-150x113.jpg 150w, https:\/\/katolicka-gimnazija.hr\/wp-content\/uploads\/2016\/12\/20161217_110822-100x75.jpg 100w, https:\/\/katolicka-gimnazija.hr\/wp-content\/uploads\/2016\/12\/20161217_110822.jpg 1500w\" sizes=\"auto, (max-width: 300px) 100vw, 300px\" \/><\/a>\n\t\t\t<\/div><\/figure>\n\t\t<\/div>\n\n","protected":false},"excerpt":{"rendered":"<p>Pi\u0161u: Ana Jambrek i Rebeka Be\u0161ker, 1.b U\u010denici prvih i drugih razreda 17. prosinca to\u010dno u pono\u0107 uputili su se u Be\u010d zajedno sa svojim razrednicima i ostalim profesorima. Put je trajao dugo, toliko da smo u Be\u010d stigli tek oko 9 sati. Odmah po dolasku krenuli smo s vodi\u010dem u razgledavanje grada koje je [&hellip;]<\/p>\n","protected":false},"author":2,"featured_media":8096,"comment_status":"closed","ping_status":"closed","sticky":false,"template":"","format":"standard","meta":{"footnotes":""},"categories":[4,2],"tags":[],"class_list":["post-8090","post","type-post","status-publish","format-standard","has-post-thumbnail","hentry","category-fotogalerije","category-vijesti"],"_links":{"self":[{"href":"https:\/\/katolicka-gimnazija.hr\/index.php\/wp-json\/wp\/v2\/posts\/8090","targetHints":{"allow":["GET"]}}],"collection":[{"href":"https:\/\/katolicka-gimnazija.hr\/index.php\/wp-json\/wp\/v2\/posts"}],"about":[{"href":"https:\/\/katolicka-gimnazija.hr\/index.php\/wp-json\/wp\/v2\/types\/post"}],"author":[{"embeddable":true,"href":"https:\/\/katolicka-gimnazija.hr\/index.php\/wp-json\/wp\/v2\/users\/2"}],"replies":[{"embeddable":true,"href":"https:\/\/katolicka-gimnazija.hr\/index.php\/wp-json\/wp\/v2\/comments?post=8090"}],"version-history":[{"count":4,"href":"https:\/\/katolicka-gimnazija.hr\/index.php\/wp-json\/wp\/v2\/posts\/8090\/revisions"}],"predecessor-version":[{"id":14938,"href":"https:\/\/katolicka-gimnazija.hr\/index.php\/wp-json\/wp\/v2\/posts\/8090\/revisions\/14938"}],"wp:featuredmedia":[{"embeddable":true,"href":"https:\/\/katolicka-gimnazija.hr\/index.php\/wp-json\/wp\/v2\/media\/8096"}],"wp:attachment":[{"href":"https:\/\/katolicka-gimnazija.hr\/index.php\/wp-json\/wp\/v2\/media?parent=8090"}],"wp:term":[{"taxonomy":"category","embeddable":true,"href":"https:\/\/katolicka-gimnazija.hr\/index.php\/wp-json\/wp\/v2\/categories?post=8090"},{"taxonomy":"post_tag","embeddable":true,"href":"https:\/\/katolicka-gimnazija.hr\/index.php\/wp-json\/wp\/v2\/tags?post=8090"}],"curies":[{"name":"wp","href":"https:\/\/api.w.org\/{rel}","templated":true}]}}