{"id":8288,"date":"2017-01-12T21:48:58","date_gmt":"2017-01-12T21:48:58","guid":{"rendered":"http:\/\/katolicka-gimnazija.hr\/?p=8288"},"modified":"2018-12-28T14:03:58","modified_gmt":"2018-12-28T14:03:58","slug":"8288","status":"publish","type":"post","link":"https:\/\/katolicka-gimnazija.hr\/index.php\/2017\/01\/12\/8288\/","title":{"rendered":"Drugo polugodi\u0161te"},"content":{"rendered":"<p><a href=\"http:\/\/katolicka-gimnazija.hr\/wp-content\/uploads\/2017\/02\/2017-plakat-x-godina-skole.jpg\"><img loading=\"lazy\" decoding=\"async\" class=\"alignright wp-image-8705 size-thumbnail\" src=\"http:\/\/katolicka-gimnazija.hr\/wp-content\/uploads\/2017\/02\/2017-plakat-x-godina-skole-150x150.jpg\" alt=\"2017 plakat - x godina skole\" width=\"150\" height=\"150\" \/><\/a>Dragi u\u010denici! Po\u0161tovani djelatnici!<\/p>\n<p>Zakora\u010dili smo u drugo polugodi\u0161te osna\u017eeni, nadam se, tjelesnim odmorom i duhovnom pripremom.<\/p>\n<p>Kao i uvijek, valja se spomenuti starih latinskih, a onda i narodskih, iskustvenih mudrosti. Ja \u0107u ovdje upotrijebiti onu poznatu &#8211; tempus fugit i pogled svratiti na maturante koji ulaze u \u201efini\u0161\u201c svoje gimnazijske trke. Znam da sam dosadan u ponavljanju, ali svatko od nas stvar mora rije\u0161iti sa svojom savje\u0161\u0107u. Tako ja umirujem svoju savjest opominju\u0107i, a vas pozivam da svoju umirite ozbiljnim radom i okrunite uspje\u0161nom maturom!<!--more--><\/p>\n<p>Zakora\u010dili smo u godinu u kojoj na primjeren na\u010din \u017eelimo obilje\u017eiti desetu godi\u0161njicu osnutka na\u0161e \u0161kole. I opet \u0107u re\u0107i: Dimidium facti, qui bene coepit, habet.<\/p>\n<p>Zapo\u010deli smo s pripremama ve\u0107 u prvom polugodi\u0161tu i to u nekoliko smjerova. Htjeli bismo objaviti svojevrsni Godi\u0161njak koji bi za povijest sa\u010duvao barem imena protagonista, deuteragonista, tritagonista itd.<\/p>\n<p>Vrijedna dramska i glazbena sekcija pripremaju scenski izri\u010daj koji \u0107e zahtijevati mnogo rada i odricanja kako bi nas sinesteti\u010dki odveo u visine koje, neosvojene, \u010dekaju gimnazijske talente.<\/p>\n<p>Pripremamo i iznena\u0111enje za na\u0161e osma\u0161e (iz cijele \u017eupanije) koje bi trebalo biti i proslava prisutnosti desetogodi\u0161njeg kontinuiteta klasi\u010dnog obrazovanja na ovim prostorima, ali i njihov ulazak u svijet gimnazijskih generacija.<\/p>\n<p>Bit \u0107e nam potrebna svaka pomo\u0107, ideja, talent i doprinos. Nadasve molitva!!! Proslavljamo svoju godi\u0161njicu. \u017delimo se proveseliti, ali i pokazati \u0161to nudimo i kako stvaramo! Zovemo (i izazivamo) i biv\u0161e \u0111ake i roditelje i prijatelje!<\/p>\n<p>Nadam se da \u0107emo, kao i uvijek, znati, htjeti i mo\u0107i zaveslati in altum!<\/p>\n<p>Laudetur Iesus Christus! <\/p>\n","protected":false},"excerpt":{"rendered":"<p>Dragi u\u010denici! Po\u0161tovani djelatnici! Zakora\u010dili smo u drugo polugodi\u0161te osna\u017eeni, nadam se, tjelesnim odmorom i duhovnom pripremom. Kao i uvijek, valja se spomenuti starih latinskih, a onda i narodskih, iskustvenih mudrosti. Ja \u0107u ovdje upotrijebiti onu poznatu &#8211; tempus fugit i pogled svratiti na maturante koji ulaze u \u201efini\u0161\u201c svoje gimnazijske trke. Znam da sam [&hellip;]<\/p>\n","protected":false},"author":41,"featured_media":8705,"comment_status":"closed","ping_status":"closed","sticky":false,"template":"","format":"standard","meta":{"footnotes":""},"categories":[179],"tags":[],"class_list":["post-8288","post","type-post","status-publish","format-standard","has-post-thumbnail","hentry","category-rijec-ravnatelja"],"_links":{"self":[{"href":"https:\/\/katolicka-gimnazija.hr\/index.php\/wp-json\/wp\/v2\/posts\/8288","targetHints":{"allow":["GET"]}}],"collection":[{"href":"https:\/\/katolicka-gimnazija.hr\/index.php\/wp-json\/wp\/v2\/posts"}],"about":[{"href":"https:\/\/katolicka-gimnazija.hr\/index.php\/wp-json\/wp\/v2\/types\/post"}],"author":[{"embeddable":true,"href":"https:\/\/katolicka-gimnazija.hr\/index.php\/wp-json\/wp\/v2\/users\/41"}],"replies":[{"embeddable":true,"href":"https:\/\/katolicka-gimnazija.hr\/index.php\/wp-json\/wp\/v2\/comments?post=8288"}],"version-history":[{"count":5,"href":"https:\/\/katolicka-gimnazija.hr\/index.php\/wp-json\/wp\/v2\/posts\/8288\/revisions"}],"predecessor-version":[{"id":14928,"href":"https:\/\/katolicka-gimnazija.hr\/index.php\/wp-json\/wp\/v2\/posts\/8288\/revisions\/14928"}],"wp:featuredmedia":[{"embeddable":true,"href":"https:\/\/katolicka-gimnazija.hr\/index.php\/wp-json\/wp\/v2\/media\/8705"}],"wp:attachment":[{"href":"https:\/\/katolicka-gimnazija.hr\/index.php\/wp-json\/wp\/v2\/media?parent=8288"}],"wp:term":[{"taxonomy":"category","embeddable":true,"href":"https:\/\/katolicka-gimnazija.hr\/index.php\/wp-json\/wp\/v2\/categories?post=8288"},{"taxonomy":"post_tag","embeddable":true,"href":"https:\/\/katolicka-gimnazija.hr\/index.php\/wp-json\/wp\/v2\/tags?post=8288"}],"curies":[{"name":"wp","href":"https:\/\/api.w.org\/{rel}","templated":true}]}}