{"id":8296,"date":"2017-01-13T19:39:58","date_gmt":"2017-01-13T19:39:58","guid":{"rendered":"http:\/\/katolicka-gimnazija.hr\/?p=8296"},"modified":"2017-02-14T17:19:40","modified_gmt":"2017-02-14T17:19:40","slug":"poziv-na-literarni-natjecaj-za-skolski-lidrano","status":"publish","type":"post","link":"https:\/\/katolicka-gimnazija.hr\/index.php\/2017\/01\/13\/poziv-na-literarni-natjecaj-za-skolski-lidrano\/","title":{"rendered":"Predavanje Kre\u0161imira Su\u010devi\u0107a Me\u0111arala u Po\u017eegi"},"content":{"rendered":"<p>POZIV ZAINTERESIRANIMA!<\/p>\n<p style=\"text-align: center;\">Do kraja svijeta &#8211; \u010dvrsto na zemlji<\/p>\n<p style=\"text-align: center;\"><a href=\"http:\/\/katolicka-gimnazija.hr\/wp-content\/uploads\/2017\/01\/oi1.jpg\" rel=\"attachment wp-att-8586\"><img loading=\"lazy\" decoding=\"async\" class=\"alignleft size-medium wp-image-8586\" src=\"http:\/\/katolicka-gimnazija.hr\/wp-content\/uploads\/2017\/01\/oi1-300x178.jpg\" alt=\"oi1\" width=\"300\" height=\"178\" srcset=\"https:\/\/katolicka-gimnazija.hr\/wp-content\/uploads\/2017\/01\/oi1-300x178.jpg 300w, https:\/\/katolicka-gimnazija.hr\/wp-content\/uploads\/2017\/01\/oi1-768x456.jpg 768w, https:\/\/katolicka-gimnazija.hr\/wp-content\/uploads\/2017\/01\/oi1-1024x607.jpg 1024w, https:\/\/katolicka-gimnazija.hr\/wp-content\/uploads\/2017\/01\/oi1-360x214.jpg 360w, https:\/\/katolicka-gimnazija.hr\/wp-content\/uploads\/2017\/01\/oi1-750x445.jpg 750w, https:\/\/katolicka-gimnazija.hr\/wp-content\/uploads\/2017\/01\/oi1-400x237.jpg 400w, https:\/\/katolicka-gimnazija.hr\/wp-content\/uploads\/2017\/01\/oi1-430x255.jpg 430w, https:\/\/katolicka-gimnazija.hr\/wp-content\/uploads\/2017\/01\/oi1-150x89.jpg 150w, https:\/\/katolicka-gimnazija.hr\/wp-content\/uploads\/2017\/01\/oi1-100x59.jpg 100w, https:\/\/katolicka-gimnazija.hr\/wp-content\/uploads\/2017\/01\/oi1.jpg 1180w\" sizes=\"auto, (max-width: 300px) 100vw, 300px\" \/><\/a><\/p>\n<p style=\"text-align: center;\">\n<p>U subotu 18. velja\u010de u 18h, u Kazali\u0161noj kavani u Po\u017eegi odr\u017eava se putopisno predavanje Kre\u0161imira Su\u010devi\u0107a-Me\u0111erala, poznatog i kao lovca iz HRT-ovog kviza \u201ePotjera\u201c. Po\u017ee\u017eanima \u0107e predstaviti svoje 10-mjese\u010dno putovanje preko cijele Azije od Irana, preko Pakistana i Kine odnosno Indokine i Indonezije pa sve do Novog Zelanda \u2013 bez kori\u0161tenja zrakoplova. Ulaz je slobodan.<a href=\"http:\/\/katolicka-gimnazija.hr\/wp-content\/uploads\/2017\/01\/12001030_732470600217712_7841806651834374954_o.jpg\" rel=\"attachment wp-att-8585\"><img loading=\"lazy\" decoding=\"async\" class=\"wp-image-8585 alignright\" src=\"http:\/\/katolicka-gimnazija.hr\/wp-content\/uploads\/2017\/01\/12001030_732470600217712_7841806651834374954_o-300x150.jpg\" alt=\"12001030_732470600217712_7841806651834374954_o\" width=\"296\" height=\"148\" srcset=\"https:\/\/katolicka-gimnazija.hr\/wp-content\/uploads\/2017\/01\/12001030_732470600217712_7841806651834374954_o-300x150.jpg 300w, https:\/\/katolicka-gimnazija.hr\/wp-content\/uploads\/2017\/01\/12001030_732470600217712_7841806651834374954_o-360x180.jpg 360w, https:\/\/katolicka-gimnazija.hr\/wp-content\/uploads\/2017\/01\/12001030_732470600217712_7841806651834374954_o-400x200.jpg 400w, https:\/\/katolicka-gimnazija.hr\/wp-content\/uploads\/2017\/01\/12001030_732470600217712_7841806651834374954_o-430x215.jpg 430w, https:\/\/katolicka-gimnazija.hr\/wp-content\/uploads\/2017\/01\/12001030_732470600217712_7841806651834374954_o-150x75.jpg 150w, https:\/\/katolicka-gimnazija.hr\/wp-content\/uploads\/2017\/01\/12001030_732470600217712_7841806651834374954_o-100x50.jpg 100w, https:\/\/katolicka-gimnazija.hr\/wp-content\/uploads\/2017\/01\/12001030_732470600217712_7841806651834374954_o.jpg 660w\" sizes=\"auto, (max-width: 296px) 100vw, 296px\" \/><\/a><\/p>\n","protected":false},"excerpt":{"rendered":"<p>POZIV ZAINTERESIRANIMA! Do kraja svijeta &#8211; \u010dvrsto na zemlji U subotu 18. velja\u010de u 18h, u Kazali\u0161noj kavani u Po\u017eegi odr\u017eava se putopisno predavanje Kre\u0161imira Su\u010devi\u0107a-Me\u0111erala, poznatog i kao lovca iz HRT-ovog kviza \u201ePotjera\u201c. Po\u017ee\u017eanima \u0107e predstaviti svoje 10-mjese\u010dno putovanje preko cijele Azije od Irana, preko Pakistana i Kine odnosno Indokine i Indonezije pa sve [&hellip;]<\/p>\n","protected":false},"author":2,"featured_media":8583,"comment_status":"closed","ping_status":"closed","sticky":false,"template":"","format":"standard","meta":{"footnotes":""},"categories":[3],"tags":[],"class_list":["post-8296","post","type-post","status-publish","format-standard","has-post-thumbnail","hentry","category-obavijesti"],"_links":{"self":[{"href":"https:\/\/katolicka-gimnazija.hr\/index.php\/wp-json\/wp\/v2\/posts\/8296","targetHints":{"allow":["GET"]}}],"collection":[{"href":"https:\/\/katolicka-gimnazija.hr\/index.php\/wp-json\/wp\/v2\/posts"}],"about":[{"href":"https:\/\/katolicka-gimnazija.hr\/index.php\/wp-json\/wp\/v2\/types\/post"}],"author":[{"embeddable":true,"href":"https:\/\/katolicka-gimnazija.hr\/index.php\/wp-json\/wp\/v2\/users\/2"}],"replies":[{"embeddable":true,"href":"https:\/\/katolicka-gimnazija.hr\/index.php\/wp-json\/wp\/v2\/comments?post=8296"}],"version-history":[{"count":8,"href":"https:\/\/katolicka-gimnazija.hr\/index.php\/wp-json\/wp\/v2\/posts\/8296\/revisions"}],"predecessor-version":[{"id":8590,"href":"https:\/\/katolicka-gimnazija.hr\/index.php\/wp-json\/wp\/v2\/posts\/8296\/revisions\/8590"}],"wp:featuredmedia":[{"embeddable":true,"href":"https:\/\/katolicka-gimnazija.hr\/index.php\/wp-json\/wp\/v2\/media\/8583"}],"wp:attachment":[{"href":"https:\/\/katolicka-gimnazija.hr\/index.php\/wp-json\/wp\/v2\/media?parent=8296"}],"wp:term":[{"taxonomy":"category","embeddable":true,"href":"https:\/\/katolicka-gimnazija.hr\/index.php\/wp-json\/wp\/v2\/categories?post=8296"},{"taxonomy":"post_tag","embeddable":true,"href":"https:\/\/katolicka-gimnazija.hr\/index.php\/wp-json\/wp\/v2\/tags?post=8296"}],"curies":[{"name":"wp","href":"https:\/\/api.w.org\/{rel}","templated":true}]}}