{"id":8351,"date":"2017-01-22T07:57:24","date_gmt":"2017-01-22T07:57:24","guid":{"rendered":"http:\/\/katolicka-gimnazija.hr\/?p=8351"},"modified":"2018-12-28T14:03:34","modified_gmt":"2018-12-28T14:03:34","slug":"aktivno-smo-vjezbali-za-aktivnu-hrvatsku","status":"publish","type":"post","link":"https:\/\/katolicka-gimnazija.hr\/index.php\/2017\/01\/22\/aktivno-smo-vjezbali-za-aktivnu-hrvatsku\/","title":{"rendered":"Aktivno smo vje\u017ebali za Aktivnu Hrvatsku"},"content":{"rendered":"<p><a href=\"http:\/\/katolicka-gimnazija.hr\/wp-content\/uploads\/2017\/01\/DSC_0521.jpg\"><img loading=\"lazy\" decoding=\"async\" class=\"wp-image-8363 size-medium alignleft\" src=\"http:\/\/katolicka-gimnazija.hr\/wp-content\/uploads\/2017\/01\/DSC_0521-300x200.jpg\" alt=\"DSC_0521\" width=\"300\" height=\"200\" srcset=\"https:\/\/katolicka-gimnazija.hr\/wp-content\/uploads\/2017\/01\/DSC_0521-300x200.jpg 300w, https:\/\/katolicka-gimnazija.hr\/wp-content\/uploads\/2017\/01\/DSC_0521-768x512.jpg 768w, https:\/\/katolicka-gimnazija.hr\/wp-content\/uploads\/2017\/01\/DSC_0521-1024x683.jpg 1024w, https:\/\/katolicka-gimnazija.hr\/wp-content\/uploads\/2017\/01\/DSC_0521-360x240.jpg 360w, https:\/\/katolicka-gimnazija.hr\/wp-content\/uploads\/2017\/01\/DSC_0521-750x500.jpg 750w, https:\/\/katolicka-gimnazija.hr\/wp-content\/uploads\/2017\/01\/DSC_0521-400x267.jpg 400w, https:\/\/katolicka-gimnazija.hr\/wp-content\/uploads\/2017\/01\/DSC_0521-430x287.jpg 430w, https:\/\/katolicka-gimnazija.hr\/wp-content\/uploads\/2017\/01\/DSC_0521-150x100.jpg 150w, https:\/\/katolicka-gimnazija.hr\/wp-content\/uploads\/2017\/01\/DSC_0521-100x67.jpg 100w, https:\/\/katolicka-gimnazija.hr\/wp-content\/uploads\/2017\/01\/DSC_0521.jpg 1500w\" sizes=\"auto, (max-width: 300px) 100vw, 300px\" \/><\/a>U sklopu promocije zdravoga \u017eivota redovitim vje\u017ebanjem i zdravom prehranom ju\u010der su u na\u0161emu gradu gostovali studenti Kineziolo\u0161kog fakulteta u Zagrebu i popularna TV-voditeljica Renata Sopek. Oni su dio tima koji realizira projekt Aktivna Hrvatska a \u010diji je cilj ve\u0107 spomenuta promocija zdravijega \u017eivota kod svih generacija, a posebno kod mladih. Sam projekt je pod pokroviteljstvom Predsjednice, a u njega se uklju\u010dilo i dvadesetak u\u010denika na\u0161e \u0161kole preko prof. Marija Ragu\u017ea.<\/p>\n<p>Jednosatni trening za stotinjak Po\u017ee\u017eanki i Po\u017ee\u017eana predvodio je stru\u010dni trenerski tim Kineziolo\u0161kog fakulteta me\u0111u kojima je i Po\u017ee\u017eanin Ivan Antunovi\u0107, biv\u0161i rukometa\u0161 RK<br \/>\nPo\u017eega. Osim treninga, vje\u017eba\u010dima su odr\u017eana kratka stru\u010dna predavanja iz kineziologije, nutricionizma i medicine o va\u017enosti tjelesne aktivnosti, pravilne prehrane i brige o vlastitom zdravlju. O cilju s kojim je pokrenuta ova ideja promocije aktivnoga \u017eivota voditeljica programa Renata Sopek rekla je sljede\u0107e: \u201eBitno je osvje\u0161\u0107ivati ljude da je zdravlje primarno i da se moraju po\u010deti baviti tjelesnom aktivno\u0161\u0107u, a uz sve to mogu dobiti stvarno korisne savjete od vrhunskih stru\u010dnjaka, tako da vjerujem da je to jedna lijepa cjelina.\u201c<\/p>\n<p>Neki od na\u0161ih u\u010denika koji su se prijavili za ovaj trening tako\u0111er su nam povjerili svoja iskustva.<\/p>\n<p><a href=\"http:\/\/katolicka-gimnazija.hr\/wp-content\/uploads\/2017\/01\/DSC_0512.jpg\"><img loading=\"lazy\" decoding=\"async\" class=\"alignright wp-image-8357 size-medium\" src=\"http:\/\/katolicka-gimnazija.hr\/wp-content\/uploads\/2017\/01\/DSC_0512-300x200.jpg\" alt=\"DSC_0512\" width=\"300\" height=\"200\" srcset=\"https:\/\/katolicka-gimnazija.hr\/wp-content\/uploads\/2017\/01\/DSC_0512-300x200.jpg 300w, https:\/\/katolicka-gimnazija.hr\/wp-content\/uploads\/2017\/01\/DSC_0512-768x512.jpg 768w, https:\/\/katolicka-gimnazija.hr\/wp-content\/uploads\/2017\/01\/DSC_0512-1024x683.jpg 1024w, https:\/\/katolicka-gimnazija.hr\/wp-content\/uploads\/2017\/01\/DSC_0512-360x240.jpg 360w, https:\/\/katolicka-gimnazija.hr\/wp-content\/uploads\/2017\/01\/DSC_0512-750x500.jpg 750w, https:\/\/katolicka-gimnazija.hr\/wp-content\/uploads\/2017\/01\/DSC_0512-400x267.jpg 400w, https:\/\/katolicka-gimnazija.hr\/wp-content\/uploads\/2017\/01\/DSC_0512-430x287.jpg 430w, https:\/\/katolicka-gimnazija.hr\/wp-content\/uploads\/2017\/01\/DSC_0512-150x100.jpg 150w, https:\/\/katolicka-gimnazija.hr\/wp-content\/uploads\/2017\/01\/DSC_0512-100x67.jpg 100w, https:\/\/katolicka-gimnazija.hr\/wp-content\/uploads\/2017\/01\/DSC_0512.jpg 1500w\" sizes=\"auto, (max-width: 300px) 100vw, 300px\" \/><\/a><\/p>\n<p>&nbsp;<\/p>\n<p>\u201eBilo je to lijepo iskustvo, drago mi je \u0161to se odazvao tako velik broj ljudi i jo\u0161 mi je bilo dra\u017ee \u0161to su ve\u0107ina njih bili mladi jer, kao \u0161to je i re\u010deno u uvodnim govorima, mladi se sve rje\u0111e odlu\u010duju aktivno baviti sportom. Ekipa koja je vodila treninge je bila odli\u010dna i svidjele su mi se vje\u017ebe koje \u0107u kasnije vjerojatno upotrebljavati i na svojim treninzima.\u201c Martina Pand\u017ea Brni\u0107<\/p>\n<p>&nbsp;<\/p>\n<p>\u201eBilo je vrlo pou\u010dno. Svidjela mi se radna atmosfera koja te poti\u010de da nastavi\u0161 vje\u017ebati. Drago mi je da sam imala priliku vje\u017ebati s voditeljicom programa Ultrafit. Renata Sopek mi je pokazala koliko je zapravo va\u017eno imati dobar stav pri vje\u017ebanju kako bi sama vje\u017eba bila valjana.\u201c Monika Lon\u010darevi\u0107<a href=\"http:\/\/katolicka-gimnazija.hr\/wp-content\/uploads\/2017\/01\/DSC_0514-e1485071776732.jpg\" rel=\"attachment wp-att-8359\"><img loading=\"lazy\" decoding=\"async\" class=\"size-medium wp-image-8359 alignright\" src=\"http:\/\/katolicka-gimnazija.hr\/wp-content\/uploads\/2017\/01\/DSC_0514-e1485071776732-300x229.jpg\" alt=\"DSC_0514\" width=\"300\" height=\"229\" srcset=\"https:\/\/katolicka-gimnazija.hr\/wp-content\/uploads\/2017\/01\/DSC_0514-e1485071776732-300x229.jpg 300w, https:\/\/katolicka-gimnazija.hr\/wp-content\/uploads\/2017\/01\/DSC_0514-e1485071776732-768x586.jpg 768w, https:\/\/katolicka-gimnazija.hr\/wp-content\/uploads\/2017\/01\/DSC_0514-e1485071776732-1024x782.jpg 1024w, https:\/\/katolicka-gimnazija.hr\/wp-content\/uploads\/2017\/01\/DSC_0514-e1485071776732-360x275.jpg 360w, https:\/\/katolicka-gimnazija.hr\/wp-content\/uploads\/2017\/01\/DSC_0514-e1485071776732-750x572.jpg 750w, https:\/\/katolicka-gimnazija.hr\/wp-content\/uploads\/2017\/01\/DSC_0514-e1485071776732-400x305.jpg 400w, https:\/\/katolicka-gimnazija.hr\/wp-content\/uploads\/2017\/01\/DSC_0514-e1485071776732-430x328.jpg 430w, https:\/\/katolicka-gimnazija.hr\/wp-content\/uploads\/2017\/01\/DSC_0514-e1485071776732-150x114.jpg 150w, https:\/\/katolicka-gimnazija.hr\/wp-content\/uploads\/2017\/01\/DSC_0514-e1485071776732-100x76.jpg 100w, https:\/\/katolicka-gimnazija.hr\/wp-content\/uploads\/2017\/01\/DSC_0514-e1485071776732.jpg 1267w\" sizes=\"auto, (max-width: 300px) 100vw, 300px\" \/><\/a><\/p>\n<p>&nbsp;<\/p>\n<p>&nbsp;<\/p>\n<p>\u201eOvo je bilo vrlo lijepo iskustvo koje mo\u017ee pomo\u0107i svima koji \u017eele \u017eivjeti zdravo. Ina\u010de, svakodnevnom vje\u017ebam, ali ovaj trening otkrio mi je mnoge druge vje\u017ebe koje \u0107e mi pomo\u0107i da unaprijedim svoje osobne treninge.\u201c Leon Fogadi\u0107<\/p>\n<div id='gallery-1' class='gallery galleryid-8351 gallery-columns-3 gallery-size-medium'><figure class='gallery-item'>\n\t\t\t<div class='gallery-icon landscape'>\n\t\t\t\t<a href='https:\/\/katolicka-gimnazija.hr\/wp-content\/uploads\/2017\/01\/DSC_0533.jpg'><img loading=\"lazy\" decoding=\"async\" width=\"300\" height=\"216\" src=\"https:\/\/katolicka-gimnazija.hr\/wp-content\/uploads\/2017\/01\/DSC_0533-300x216.jpg\" class=\"attachment-medium size-medium\" alt=\"\" srcset=\"https:\/\/katolicka-gimnazija.hr\/wp-content\/uploads\/2017\/01\/DSC_0533-300x216.jpg 300w, https:\/\/katolicka-gimnazija.hr\/wp-content\/uploads\/2017\/01\/DSC_0533-768x553.jpg 768w, https:\/\/katolicka-gimnazija.hr\/wp-content\/uploads\/2017\/01\/DSC_0533-1024x738.jpg 1024w, https:\/\/katolicka-gimnazija.hr\/wp-content\/uploads\/2017\/01\/DSC_0533-360x259.jpg 360w, https:\/\/katolicka-gimnazija.hr\/wp-content\/uploads\/2017\/01\/DSC_0533-750x541.jpg 750w, https:\/\/katolicka-gimnazija.hr\/wp-content\/uploads\/2017\/01\/DSC_0533-400x288.jpg 400w, https:\/\/katolicka-gimnazija.hr\/wp-content\/uploads\/2017\/01\/DSC_0533-430x310.jpg 430w, https:\/\/katolicka-gimnazija.hr\/wp-content\/uploads\/2017\/01\/DSC_0533-150x108.jpg 150w, https:\/\/katolicka-gimnazija.hr\/wp-content\/uploads\/2017\/01\/DSC_0533-100x72.jpg 100w, https:\/\/katolicka-gimnazija.hr\/wp-content\/uploads\/2017\/01\/DSC_0533.jpg 1500w\" sizes=\"auto, (max-width: 300px) 100vw, 300px\" \/><\/a>\n\t\t\t<\/div><\/figure><figure class='gallery-item'>\n\t\t\t<div class='gallery-icon landscape'>\n\t\t\t\t<a href='https:\/\/katolicka-gimnazija.hr\/wp-content\/uploads\/2017\/01\/DSC_0523.jpg'><img loading=\"lazy\" decoding=\"async\" width=\"300\" height=\"200\" src=\"https:\/\/katolicka-gimnazija.hr\/wp-content\/uploads\/2017\/01\/DSC_0523-300x200.jpg\" class=\"attachment-medium size-medium\" alt=\"\" srcset=\"https:\/\/katolicka-gimnazija.hr\/wp-content\/uploads\/2017\/01\/DSC_0523-300x200.jpg 300w, https:\/\/katolicka-gimnazija.hr\/wp-content\/uploads\/2017\/01\/DSC_0523-768x512.jpg 768w, https:\/\/katolicka-gimnazija.hr\/wp-content\/uploads\/2017\/01\/DSC_0523-1024x683.jpg 1024w, https:\/\/katolicka-gimnazija.hr\/wp-content\/uploads\/2017\/01\/DSC_0523-360x240.jpg 360w, https:\/\/katolicka-gimnazija.hr\/wp-content\/uploads\/2017\/01\/DSC_0523-750x500.jpg 750w, https:\/\/katolicka-gimnazija.hr\/wp-content\/uploads\/2017\/01\/DSC_0523-400x267.jpg 400w, https:\/\/katolicka-gimnazija.hr\/wp-content\/uploads\/2017\/01\/DSC_0523-430x287.jpg 430w, https:\/\/katolicka-gimnazija.hr\/wp-content\/uploads\/2017\/01\/DSC_0523-150x100.jpg 150w, https:\/\/katolicka-gimnazija.hr\/wp-content\/uploads\/2017\/01\/DSC_0523-100x67.jpg 100w, https:\/\/katolicka-gimnazija.hr\/wp-content\/uploads\/2017\/01\/DSC_0523.jpg 1500w\" sizes=\"auto, (max-width: 300px) 100vw, 300px\" \/><\/a>\n\t\t\t<\/div><\/figure><figure class='gallery-item'>\n\t\t\t<div class='gallery-icon landscape'>\n\t\t\t\t<a href='https:\/\/katolicka-gimnazija.hr\/wp-content\/uploads\/2017\/01\/DSC_0521.jpg'><img loading=\"lazy\" decoding=\"async\" width=\"300\" height=\"200\" src=\"https:\/\/katolicka-gimnazija.hr\/wp-content\/uploads\/2017\/01\/DSC_0521-300x200.jpg\" class=\"attachment-medium size-medium\" alt=\"\" srcset=\"https:\/\/katolicka-gimnazija.hr\/wp-content\/uploads\/2017\/01\/DSC_0521-300x200.jpg 300w, https:\/\/katolicka-gimnazija.hr\/wp-content\/uploads\/2017\/01\/DSC_0521-768x512.jpg 768w, https:\/\/katolicka-gimnazija.hr\/wp-content\/uploads\/2017\/01\/DSC_0521-1024x683.jpg 1024w, https:\/\/katolicka-gimnazija.hr\/wp-content\/uploads\/2017\/01\/DSC_0521-360x240.jpg 360w, https:\/\/katolicka-gimnazija.hr\/wp-content\/uploads\/2017\/01\/DSC_0521-750x500.jpg 750w, https:\/\/katolicka-gimnazija.hr\/wp-content\/uploads\/2017\/01\/DSC_0521-400x267.jpg 400w, https:\/\/katolicka-gimnazija.hr\/wp-content\/uploads\/2017\/01\/DSC_0521-430x287.jpg 430w, https:\/\/katolicka-gimnazija.hr\/wp-content\/uploads\/2017\/01\/DSC_0521-150x100.jpg 150w, https:\/\/katolicka-gimnazija.hr\/wp-content\/uploads\/2017\/01\/DSC_0521-100x67.jpg 100w, https:\/\/katolicka-gimnazija.hr\/wp-content\/uploads\/2017\/01\/DSC_0521.jpg 1500w\" sizes=\"auto, (max-width: 300px) 100vw, 300px\" \/><\/a>\n\t\t\t<\/div><\/figure><figure class='gallery-item'>\n\t\t\t<div class='gallery-icon landscape'>\n\t\t\t\t<a href='https:\/\/katolicka-gimnazija.hr\/wp-content\/uploads\/2017\/01\/DSC_0551.jpg'><img loading=\"lazy\" decoding=\"async\" width=\"300\" height=\"200\" src=\"https:\/\/katolicka-gimnazija.hr\/wp-content\/uploads\/2017\/01\/DSC_0551-300x200.jpg\" class=\"attachment-medium size-medium\" alt=\"\" srcset=\"https:\/\/katolicka-gimnazija.hr\/wp-content\/uploads\/2017\/01\/DSC_0551-300x200.jpg 300w, https:\/\/katolicka-gimnazija.hr\/wp-content\/uploads\/2017\/01\/DSC_0551-768x512.jpg 768w, https:\/\/katolicka-gimnazija.hr\/wp-content\/uploads\/2017\/01\/DSC_0551-1024x683.jpg 1024w, https:\/\/katolicka-gimnazija.hr\/wp-content\/uploads\/2017\/01\/DSC_0551-360x240.jpg 360w, https:\/\/katolicka-gimnazija.hr\/wp-content\/uploads\/2017\/01\/DSC_0551-750x500.jpg 750w, https:\/\/katolicka-gimnazija.hr\/wp-content\/uploads\/2017\/01\/DSC_0551-400x267.jpg 400w, https:\/\/katolicka-gimnazija.hr\/wp-content\/uploads\/2017\/01\/DSC_0551-430x287.jpg 430w, https:\/\/katolicka-gimnazija.hr\/wp-content\/uploads\/2017\/01\/DSC_0551-150x100.jpg 150w, https:\/\/katolicka-gimnazija.hr\/wp-content\/uploads\/2017\/01\/DSC_0551-100x67.jpg 100w, https:\/\/katolicka-gimnazija.hr\/wp-content\/uploads\/2017\/01\/DSC_0551.jpg 1500w\" sizes=\"auto, (max-width: 300px) 100vw, 300px\" \/><\/a>\n\t\t\t<\/div><\/figure><figure class='gallery-item'>\n\t\t\t<div class='gallery-icon landscape'>\n\t\t\t\t<a href='https:\/\/katolicka-gimnazija.hr\/wp-content\/uploads\/2017\/01\/DSC_0530.jpg'><img loading=\"lazy\" decoding=\"async\" width=\"300\" height=\"200\" src=\"https:\/\/katolicka-gimnazija.hr\/wp-content\/uploads\/2017\/01\/DSC_0530-300x200.jpg\" class=\"attachment-medium size-medium\" alt=\"\" srcset=\"https:\/\/katolicka-gimnazija.hr\/wp-content\/uploads\/2017\/01\/DSC_0530-300x200.jpg 300w, https:\/\/katolicka-gimnazija.hr\/wp-content\/uploads\/2017\/01\/DSC_0530-768x512.jpg 768w, https:\/\/katolicka-gimnazija.hr\/wp-content\/uploads\/2017\/01\/DSC_0530-1024x683.jpg 1024w, https:\/\/katolicka-gimnazija.hr\/wp-content\/uploads\/2017\/01\/DSC_0530-360x240.jpg 360w, https:\/\/katolicka-gimnazija.hr\/wp-content\/uploads\/2017\/01\/DSC_0530-750x500.jpg 750w, https:\/\/katolicka-gimnazija.hr\/wp-content\/uploads\/2017\/01\/DSC_0530-400x267.jpg 400w, https:\/\/katolicka-gimnazija.hr\/wp-content\/uploads\/2017\/01\/DSC_0530-430x287.jpg 430w, https:\/\/katolicka-gimnazija.hr\/wp-content\/uploads\/2017\/01\/DSC_0530-150x100.jpg 150w, https:\/\/katolicka-gimnazija.hr\/wp-content\/uploads\/2017\/01\/DSC_0530-100x67.jpg 100w, https:\/\/katolicka-gimnazija.hr\/wp-content\/uploads\/2017\/01\/DSC_0530.jpg 1500w\" sizes=\"auto, (max-width: 300px) 100vw, 300px\" \/><\/a>\n\t\t\t<\/div><\/figure><figure class='gallery-item'>\n\t\t\t<div class='gallery-icon landscape'>\n\t\t\t\t<a href='https:\/\/katolicka-gimnazija.hr\/wp-content\/uploads\/2017\/01\/DSC_0542.jpg'><img loading=\"lazy\" decoding=\"async\" width=\"300\" height=\"218\" src=\"https:\/\/katolicka-gimnazija.hr\/wp-content\/uploads\/2017\/01\/DSC_0542-300x218.jpg\" class=\"attachment-medium size-medium\" alt=\"\" srcset=\"https:\/\/katolicka-gimnazija.hr\/wp-content\/uploads\/2017\/01\/DSC_0542-300x218.jpg 300w, https:\/\/katolicka-gimnazija.hr\/wp-content\/uploads\/2017\/01\/DSC_0542-768x559.jpg 768w, https:\/\/katolicka-gimnazija.hr\/wp-content\/uploads\/2017\/01\/DSC_0542-1024x745.jpg 1024w, https:\/\/katolicka-gimnazija.hr\/wp-content\/uploads\/2017\/01\/DSC_0542-360x262.jpg 360w, https:\/\/katolicka-gimnazija.hr\/wp-content\/uploads\/2017\/01\/DSC_0542-750x546.jpg 750w, https:\/\/katolicka-gimnazija.hr\/wp-content\/uploads\/2017\/01\/DSC_0542-400x291.jpg 400w, https:\/\/katolicka-gimnazija.hr\/wp-content\/uploads\/2017\/01\/DSC_0542-430x313.jpg 430w, https:\/\/katolicka-gimnazija.hr\/wp-content\/uploads\/2017\/01\/DSC_0542-150x109.jpg 150w, https:\/\/katolicka-gimnazija.hr\/wp-content\/uploads\/2017\/01\/DSC_0542-100x73.jpg 100w, https:\/\/katolicka-gimnazija.hr\/wp-content\/uploads\/2017\/01\/DSC_0542.jpg 1500w\" sizes=\"auto, (max-width: 300px) 100vw, 300px\" \/><\/a>\n\t\t\t<\/div><\/figure><figure class='gallery-item'>\n\t\t\t<div class='gallery-icon landscape'>\n\t\t\t\t<a href='https:\/\/katolicka-gimnazija.hr\/wp-content\/uploads\/2017\/01\/DSC_0519.jpg'><img loading=\"lazy\" decoding=\"async\" width=\"300\" height=\"200\" src=\"https:\/\/katolicka-gimnazija.hr\/wp-content\/uploads\/2017\/01\/DSC_0519-300x200.jpg\" class=\"attachment-medium size-medium\" alt=\"\" srcset=\"https:\/\/katolicka-gimnazija.hr\/wp-content\/uploads\/2017\/01\/DSC_0519-300x200.jpg 300w, https:\/\/katolicka-gimnazija.hr\/wp-content\/uploads\/2017\/01\/DSC_0519-768x512.jpg 768w, https:\/\/katolicka-gimnazija.hr\/wp-content\/uploads\/2017\/01\/DSC_0519-1024x683.jpg 1024w, https:\/\/katolicka-gimnazija.hr\/wp-content\/uploads\/2017\/01\/DSC_0519-360x240.jpg 360w, https:\/\/katolicka-gimnazija.hr\/wp-content\/uploads\/2017\/01\/DSC_0519-750x500.jpg 750w, https:\/\/katolicka-gimnazija.hr\/wp-content\/uploads\/2017\/01\/DSC_0519-400x267.jpg 400w, https:\/\/katolicka-gimnazija.hr\/wp-content\/uploads\/2017\/01\/DSC_0519-430x287.jpg 430w, https:\/\/katolicka-gimnazija.hr\/wp-content\/uploads\/2017\/01\/DSC_0519-150x100.jpg 150w, https:\/\/katolicka-gimnazija.hr\/wp-content\/uploads\/2017\/01\/DSC_0519-100x67.jpg 100w, https:\/\/katolicka-gimnazija.hr\/wp-content\/uploads\/2017\/01\/DSC_0519.jpg 1500w\" sizes=\"auto, (max-width: 300px) 100vw, 300px\" \/><\/a>\n\t\t\t<\/div><\/figure><figure class='gallery-item'>\n\t\t\t<div class='gallery-icon landscape'>\n\t\t\t\t<a href='https:\/\/katolicka-gimnazija.hr\/wp-content\/uploads\/2017\/01\/DSC_0527.jpg'><img loading=\"lazy\" decoding=\"async\" width=\"300\" height=\"200\" src=\"https:\/\/katolicka-gimnazija.hr\/wp-content\/uploads\/2017\/01\/DSC_0527-300x200.jpg\" class=\"attachment-medium size-medium\" alt=\"\" srcset=\"https:\/\/katolicka-gimnazija.hr\/wp-content\/uploads\/2017\/01\/DSC_0527-300x200.jpg 300w, https:\/\/katolicka-gimnazija.hr\/wp-content\/uploads\/2017\/01\/DSC_0527-768x512.jpg 768w, https:\/\/katolicka-gimnazija.hr\/wp-content\/uploads\/2017\/01\/DSC_0527-1024x683.jpg 1024w, https:\/\/katolicka-gimnazija.hr\/wp-content\/uploads\/2017\/01\/DSC_0527-360x240.jpg 360w, https:\/\/katolicka-gimnazija.hr\/wp-content\/uploads\/2017\/01\/DSC_0527-750x500.jpg 750w, https:\/\/katolicka-gimnazija.hr\/wp-content\/uploads\/2017\/01\/DSC_0527-400x267.jpg 400w, https:\/\/katolicka-gimnazija.hr\/wp-content\/uploads\/2017\/01\/DSC_0527-430x287.jpg 430w, https:\/\/katolicka-gimnazija.hr\/wp-content\/uploads\/2017\/01\/DSC_0527-150x100.jpg 150w, https:\/\/katolicka-gimnazija.hr\/wp-content\/uploads\/2017\/01\/DSC_0527-100x67.jpg 100w, https:\/\/katolicka-gimnazija.hr\/wp-content\/uploads\/2017\/01\/DSC_0527.jpg 1500w\" sizes=\"auto, (max-width: 300px) 100vw, 300px\" \/><\/a>\n\t\t\t<\/div><\/figure><figure class='gallery-item'>\n\t\t\t<div class='gallery-icon landscape'>\n\t\t\t\t<a href='https:\/\/katolicka-gimnazija.hr\/wp-content\/uploads\/2017\/01\/DSC_0529.jpg'><img loading=\"lazy\" decoding=\"async\" width=\"300\" height=\"219\" src=\"https:\/\/katolicka-gimnazija.hr\/wp-content\/uploads\/2017\/01\/DSC_0529-300x219.jpg\" class=\"attachment-medium size-medium\" alt=\"\" srcset=\"https:\/\/katolicka-gimnazija.hr\/wp-content\/uploads\/2017\/01\/DSC_0529-300x219.jpg 300w, https:\/\/katolicka-gimnazija.hr\/wp-content\/uploads\/2017\/01\/DSC_0529-768x560.jpg 768w, https:\/\/katolicka-gimnazija.hr\/wp-content\/uploads\/2017\/01\/DSC_0529-1024x746.jpg 1024w, https:\/\/katolicka-gimnazija.hr\/wp-content\/uploads\/2017\/01\/DSC_0529-360x262.jpg 360w, https:\/\/katolicka-gimnazija.hr\/wp-content\/uploads\/2017\/01\/DSC_0529-750x547.jpg 750w, https:\/\/katolicka-gimnazija.hr\/wp-content\/uploads\/2017\/01\/DSC_0529-400x291.jpg 400w, https:\/\/katolicka-gimnazija.hr\/wp-content\/uploads\/2017\/01\/DSC_0529-430x313.jpg 430w, https:\/\/katolicka-gimnazija.hr\/wp-content\/uploads\/2017\/01\/DSC_0529-150x109.jpg 150w, https:\/\/katolicka-gimnazija.hr\/wp-content\/uploads\/2017\/01\/DSC_0529-100x73.jpg 100w, https:\/\/katolicka-gimnazija.hr\/wp-content\/uploads\/2017\/01\/DSC_0529.jpg 1500w\" sizes=\"auto, (max-width: 300px) 100vw, 300px\" \/><\/a>\n\t\t\t<\/div><\/figure><figure class='gallery-item'>\n\t\t\t<div class='gallery-icon landscape'>\n\t\t\t\t<a href='https:\/\/katolicka-gimnazija.hr\/wp-content\/uploads\/2017\/01\/DSC_0512.jpg'><img loading=\"lazy\" decoding=\"async\" width=\"300\" height=\"200\" src=\"https:\/\/katolicka-gimnazija.hr\/wp-content\/uploads\/2017\/01\/DSC_0512-300x200.jpg\" class=\"attachment-medium size-medium\" alt=\"\" srcset=\"https:\/\/katolicka-gimnazija.hr\/wp-content\/uploads\/2017\/01\/DSC_0512-300x200.jpg 300w, https:\/\/katolicka-gimnazija.hr\/wp-content\/uploads\/2017\/01\/DSC_0512-768x512.jpg 768w, https:\/\/katolicka-gimnazija.hr\/wp-content\/uploads\/2017\/01\/DSC_0512-1024x683.jpg 1024w, https:\/\/katolicka-gimnazija.hr\/wp-content\/uploads\/2017\/01\/DSC_0512-360x240.jpg 360w, https:\/\/katolicka-gimnazija.hr\/wp-content\/uploads\/2017\/01\/DSC_0512-750x500.jpg 750w, https:\/\/katolicka-gimnazija.hr\/wp-content\/uploads\/2017\/01\/DSC_0512-400x267.jpg 400w, https:\/\/katolicka-gimnazija.hr\/wp-content\/uploads\/2017\/01\/DSC_0512-430x287.jpg 430w, https:\/\/katolicka-gimnazija.hr\/wp-content\/uploads\/2017\/01\/DSC_0512-150x100.jpg 150w, https:\/\/katolicka-gimnazija.hr\/wp-content\/uploads\/2017\/01\/DSC_0512-100x67.jpg 100w, https:\/\/katolicka-gimnazija.hr\/wp-content\/uploads\/2017\/01\/DSC_0512.jpg 1500w\" sizes=\"auto, (max-width: 300px) 100vw, 300px\" \/><\/a>\n\t\t\t<\/div><\/figure><figure class='gallery-item'>\n\t\t\t<div class='gallery-icon landscape'>\n\t\t\t\t<a href='https:\/\/katolicka-gimnazija.hr\/wp-content\/uploads\/2017\/01\/DSC_0514-e1485071776732.jpg'><img loading=\"lazy\" decoding=\"async\" width=\"300\" height=\"229\" src=\"https:\/\/katolicka-gimnazija.hr\/wp-content\/uploads\/2017\/01\/DSC_0514-e1485071776732-300x229.jpg\" class=\"attachment-medium size-medium\" alt=\"\" srcset=\"https:\/\/katolicka-gimnazija.hr\/wp-content\/uploads\/2017\/01\/DSC_0514-e1485071776732-300x229.jpg 300w, https:\/\/katolicka-gimnazija.hr\/wp-content\/uploads\/2017\/01\/DSC_0514-e1485071776732-768x586.jpg 768w, https:\/\/katolicka-gimnazija.hr\/wp-content\/uploads\/2017\/01\/DSC_0514-e1485071776732-1024x782.jpg 1024w, https:\/\/katolicka-gimnazija.hr\/wp-content\/uploads\/2017\/01\/DSC_0514-e1485071776732-360x275.jpg 360w, https:\/\/katolicka-gimnazija.hr\/wp-content\/uploads\/2017\/01\/DSC_0514-e1485071776732-750x572.jpg 750w, https:\/\/katolicka-gimnazija.hr\/wp-content\/uploads\/2017\/01\/DSC_0514-e1485071776732-400x305.jpg 400w, https:\/\/katolicka-gimnazija.hr\/wp-content\/uploads\/2017\/01\/DSC_0514-e1485071776732-430x328.jpg 430w, https:\/\/katolicka-gimnazija.hr\/wp-content\/uploads\/2017\/01\/DSC_0514-e1485071776732-150x114.jpg 150w, https:\/\/katolicka-gimnazija.hr\/wp-content\/uploads\/2017\/01\/DSC_0514-e1485071776732-100x76.jpg 100w, https:\/\/katolicka-gimnazija.hr\/wp-content\/uploads\/2017\/01\/DSC_0514-e1485071776732.jpg 1267w\" sizes=\"auto, (max-width: 300px) 100vw, 300px\" \/><\/a>\n\t\t\t<\/div><\/figure><figure class='gallery-item'>\n\t\t\t<div class='gallery-icon landscape'>\n\t\t\t\t<a href='https:\/\/katolicka-gimnazija.hr\/wp-content\/uploads\/2017\/01\/DSC_0531.jpg'><img loading=\"lazy\" decoding=\"async\" width=\"300\" height=\"289\" src=\"https:\/\/katolicka-gimnazija.hr\/wp-content\/uploads\/2017\/01\/DSC_0531-300x289.jpg\" class=\"attachment-medium size-medium\" alt=\"\" srcset=\"https:\/\/katolicka-gimnazija.hr\/wp-content\/uploads\/2017\/01\/DSC_0531-300x289.jpg 300w, https:\/\/katolicka-gimnazija.hr\/wp-content\/uploads\/2017\/01\/DSC_0531-768x739.jpg 768w, https:\/\/katolicka-gimnazija.hr\/wp-content\/uploads\/2017\/01\/DSC_0531-1024x986.jpg 1024w, https:\/\/katolicka-gimnazija.hr\/wp-content\/uploads\/2017\/01\/DSC_0531-360x347.jpg 360w, https:\/\/katolicka-gimnazija.hr\/wp-content\/uploads\/2017\/01\/DSC_0531-750x722.jpg 750w, https:\/\/katolicka-gimnazija.hr\/wp-content\/uploads\/2017\/01\/DSC_0531-400x385.jpg 400w, https:\/\/katolicka-gimnazija.hr\/wp-content\/uploads\/2017\/01\/DSC_0531-430x414.jpg 430w, https:\/\/katolicka-gimnazija.hr\/wp-content\/uploads\/2017\/01\/DSC_0531-150x144.jpg 150w, https:\/\/katolicka-gimnazija.hr\/wp-content\/uploads\/2017\/01\/DSC_0531-100x96.jpg 100w, https:\/\/katolicka-gimnazija.hr\/wp-content\/uploads\/2017\/01\/DSC_0531.jpg 1500w\" sizes=\"auto, (max-width: 300px) 100vw, 300px\" \/><\/a>\n\t\t\t<\/div><\/figure><figure class='gallery-item'>\n\t\t\t<div class='gallery-icon landscape'>\n\t\t\t\t<a href='https:\/\/katolicka-gimnazija.hr\/wp-content\/uploads\/2017\/01\/DSC_0506.jpg'><img loading=\"lazy\" decoding=\"async\" width=\"300\" height=\"200\" src=\"https:\/\/katolicka-gimnazija.hr\/wp-content\/uploads\/2017\/01\/DSC_0506-300x200.jpg\" class=\"attachment-medium size-medium\" alt=\"\" srcset=\"https:\/\/katolicka-gimnazija.hr\/wp-content\/uploads\/2017\/01\/DSC_0506-300x200.jpg 300w, https:\/\/katolicka-gimnazija.hr\/wp-content\/uploads\/2017\/01\/DSC_0506-768x512.jpg 768w, https:\/\/katolicka-gimnazija.hr\/wp-content\/uploads\/2017\/01\/DSC_0506-1024x683.jpg 1024w, https:\/\/katolicka-gimnazija.hr\/wp-content\/uploads\/2017\/01\/DSC_0506-360x240.jpg 360w, https:\/\/katolicka-gimnazija.hr\/wp-content\/uploads\/2017\/01\/DSC_0506-750x500.jpg 750w, https:\/\/katolicka-gimnazija.hr\/wp-content\/uploads\/2017\/01\/DSC_0506-400x267.jpg 400w, https:\/\/katolicka-gimnazija.hr\/wp-content\/uploads\/2017\/01\/DSC_0506-430x287.jpg 430w, https:\/\/katolicka-gimnazija.hr\/wp-content\/uploads\/2017\/01\/DSC_0506-150x100.jpg 150w, https:\/\/katolicka-gimnazija.hr\/wp-content\/uploads\/2017\/01\/DSC_0506-100x67.jpg 100w, https:\/\/katolicka-gimnazija.hr\/wp-content\/uploads\/2017\/01\/DSC_0506.jpg 1500w\" sizes=\"auto, (max-width: 300px) 100vw, 300px\" \/><\/a>\n\t\t\t<\/div><\/figure><figure class='gallery-item'>\n\t\t\t<div class='gallery-icon landscape'>\n\t\t\t\t<a href='https:\/\/katolicka-gimnazija.hr\/wp-content\/uploads\/2017\/01\/DSC_0504.jpg'><img loading=\"lazy\" decoding=\"async\" width=\"300\" height=\"200\" src=\"https:\/\/katolicka-gimnazija.hr\/wp-content\/uploads\/2017\/01\/DSC_0504-300x200.jpg\" class=\"attachment-medium size-medium\" alt=\"\" srcset=\"https:\/\/katolicka-gimnazija.hr\/wp-content\/uploads\/2017\/01\/DSC_0504-300x200.jpg 300w, https:\/\/katolicka-gimnazija.hr\/wp-content\/uploads\/2017\/01\/DSC_0504-768x512.jpg 768w, https:\/\/katolicka-gimnazija.hr\/wp-content\/uploads\/2017\/01\/DSC_0504-1024x683.jpg 1024w, https:\/\/katolicka-gimnazija.hr\/wp-content\/uploads\/2017\/01\/DSC_0504-360x240.jpg 360w, https:\/\/katolicka-gimnazija.hr\/wp-content\/uploads\/2017\/01\/DSC_0504-750x500.jpg 750w, https:\/\/katolicka-gimnazija.hr\/wp-content\/uploads\/2017\/01\/DSC_0504-400x267.jpg 400w, https:\/\/katolicka-gimnazija.hr\/wp-content\/uploads\/2017\/01\/DSC_0504-430x287.jpg 430w, https:\/\/katolicka-gimnazija.hr\/wp-content\/uploads\/2017\/01\/DSC_0504-150x100.jpg 150w, https:\/\/katolicka-gimnazija.hr\/wp-content\/uploads\/2017\/01\/DSC_0504-100x67.jpg 100w, https:\/\/katolicka-gimnazija.hr\/wp-content\/uploads\/2017\/01\/DSC_0504.jpg 1500w\" sizes=\"auto, (max-width: 300px) 100vw, 300px\" \/><\/a>\n\t\t\t<\/div><\/figure><figure class='gallery-item'>\n\t\t\t<div class='gallery-icon portrait'>\n\t\t\t\t<a href='https:\/\/katolicka-gimnazija.hr\/wp-content\/uploads\/2017\/01\/DSC_0561-e1485071614499.jpg'><img loading=\"lazy\" decoding=\"async\" width=\"223\" height=\"300\" src=\"https:\/\/katolicka-gimnazija.hr\/wp-content\/uploads\/2017\/01\/DSC_0561-e1485071614499-223x300.jpg\" class=\"attachment-medium size-medium\" alt=\"\" srcset=\"https:\/\/katolicka-gimnazija.hr\/wp-content\/uploads\/2017\/01\/DSC_0561-e1485071614499-223x300.jpg 223w, https:\/\/katolicka-gimnazija.hr\/wp-content\/uploads\/2017\/01\/DSC_0561-e1485071614499-360x485.jpg 360w, https:\/\/katolicka-gimnazija.hr\/wp-content\/uploads\/2017\/01\/DSC_0561-e1485071614499-400x539.jpg 400w, https:\/\/katolicka-gimnazija.hr\/wp-content\/uploads\/2017\/01\/DSC_0561-e1485071614499-430x579.jpg 430w, https:\/\/katolicka-gimnazija.hr\/wp-content\/uploads\/2017\/01\/DSC_0561-e1485071614499-150x202.jpg 150w, https:\/\/katolicka-gimnazija.hr\/wp-content\/uploads\/2017\/01\/DSC_0561-e1485071614499-100x135.jpg 100w, https:\/\/katolicka-gimnazija.hr\/wp-content\/uploads\/2017\/01\/DSC_0561-e1485071614499.jpg 735w\" sizes=\"auto, (max-width: 223px) 100vw, 223px\" \/><\/a>\n\t\t\t<\/div><\/figure><figure class='gallery-item'>\n\t\t\t<div class='gallery-icon landscape'>\n\t\t\t\t<a href='https:\/\/katolicka-gimnazija.hr\/wp-content\/uploads\/2017\/01\/DSC_0563.jpg'><img loading=\"lazy\" decoding=\"async\" width=\"300\" height=\"200\" src=\"https:\/\/katolicka-gimnazija.hr\/wp-content\/uploads\/2017\/01\/DSC_0563-300x200.jpg\" class=\"attachment-medium size-medium\" alt=\"\" srcset=\"https:\/\/katolicka-gimnazija.hr\/wp-content\/uploads\/2017\/01\/DSC_0563-300x200.jpg 300w, https:\/\/katolicka-gimnazija.hr\/wp-content\/uploads\/2017\/01\/DSC_0563-768x512.jpg 768w, https:\/\/katolicka-gimnazija.hr\/wp-content\/uploads\/2017\/01\/DSC_0563-1024x683.jpg 1024w, https:\/\/katolicka-gimnazija.hr\/wp-content\/uploads\/2017\/01\/DSC_0563-360x240.jpg 360w, https:\/\/katolicka-gimnazija.hr\/wp-content\/uploads\/2017\/01\/DSC_0563-750x500.jpg 750w, https:\/\/katolicka-gimnazija.hr\/wp-content\/uploads\/2017\/01\/DSC_0563-400x267.jpg 400w, https:\/\/katolicka-gimnazija.hr\/wp-content\/uploads\/2017\/01\/DSC_0563-430x287.jpg 430w, https:\/\/katolicka-gimnazija.hr\/wp-content\/uploads\/2017\/01\/DSC_0563-150x100.jpg 150w, https:\/\/katolicka-gimnazija.hr\/wp-content\/uploads\/2017\/01\/DSC_0563-100x67.jpg 100w, https:\/\/katolicka-gimnazija.hr\/wp-content\/uploads\/2017\/01\/DSC_0563.jpg 1500w\" sizes=\"auto, (max-width: 300px) 100vw, 300px\" \/><\/a>\n\t\t\t<\/div><\/figure><figure class='gallery-item'>\n\t\t\t<div class='gallery-icon landscape'>\n\t\t\t\t<a href='https:\/\/katolicka-gimnazija.hr\/wp-content\/uploads\/2017\/01\/DSC_0518.jpg'><img loading=\"lazy\" decoding=\"async\" width=\"300\" height=\"200\" src=\"https:\/\/katolicka-gimnazija.hr\/wp-content\/uploads\/2017\/01\/DSC_0518-300x200.jpg\" class=\"attachment-medium size-medium\" alt=\"\" srcset=\"https:\/\/katolicka-gimnazija.hr\/wp-content\/uploads\/2017\/01\/DSC_0518-300x200.jpg 300w, https:\/\/katolicka-gimnazija.hr\/wp-content\/uploads\/2017\/01\/DSC_0518-768x512.jpg 768w, https:\/\/katolicka-gimnazija.hr\/wp-content\/uploads\/2017\/01\/DSC_0518-1024x683.jpg 1024w, https:\/\/katolicka-gimnazija.hr\/wp-content\/uploads\/2017\/01\/DSC_0518-360x240.jpg 360w, https:\/\/katolicka-gimnazija.hr\/wp-content\/uploads\/2017\/01\/DSC_0518-750x500.jpg 750w, https:\/\/katolicka-gimnazija.hr\/wp-content\/uploads\/2017\/01\/DSC_0518-400x267.jpg 400w, https:\/\/katolicka-gimnazija.hr\/wp-content\/uploads\/2017\/01\/DSC_0518-430x287.jpg 430w, https:\/\/katolicka-gimnazija.hr\/wp-content\/uploads\/2017\/01\/DSC_0518-150x100.jpg 150w, https:\/\/katolicka-gimnazija.hr\/wp-content\/uploads\/2017\/01\/DSC_0518-100x67.jpg 100w, https:\/\/katolicka-gimnazija.hr\/wp-content\/uploads\/2017\/01\/DSC_0518.jpg 1500w\" sizes=\"auto, (max-width: 300px) 100vw, 300px\" \/><\/a>\n\t\t\t<\/div><\/figure><figure class='gallery-item'>\n\t\t\t<div class='gallery-icon landscape'>\n\t\t\t\t<a href='https:\/\/katolicka-gimnazija.hr\/wp-content\/uploads\/2017\/01\/DSC_0534.jpg'><img loading=\"lazy\" decoding=\"async\" width=\"300\" height=\"229\" src=\"https:\/\/katolicka-gimnazija.hr\/wp-content\/uploads\/2017\/01\/DSC_0534-300x229.jpg\" class=\"attachment-medium size-medium\" alt=\"\" srcset=\"https:\/\/katolicka-gimnazija.hr\/wp-content\/uploads\/2017\/01\/DSC_0534-300x229.jpg 300w, https:\/\/katolicka-gimnazija.hr\/wp-content\/uploads\/2017\/01\/DSC_0534-768x586.jpg 768w, https:\/\/katolicka-gimnazija.hr\/wp-content\/uploads\/2017\/01\/DSC_0534-1024x782.jpg 1024w, https:\/\/katolicka-gimnazija.hr\/wp-content\/uploads\/2017\/01\/DSC_0534-360x275.jpg 360w, https:\/\/katolicka-gimnazija.hr\/wp-content\/uploads\/2017\/01\/DSC_0534-750x573.jpg 750w, https:\/\/katolicka-gimnazija.hr\/wp-content\/uploads\/2017\/01\/DSC_0534-400x305.jpg 400w, https:\/\/katolicka-gimnazija.hr\/wp-content\/uploads\/2017\/01\/DSC_0534-430x328.jpg 430w, https:\/\/katolicka-gimnazija.hr\/wp-content\/uploads\/2017\/01\/DSC_0534-150x115.jpg 150w, https:\/\/katolicka-gimnazija.hr\/wp-content\/uploads\/2017\/01\/DSC_0534-100x76.jpg 100w, https:\/\/katolicka-gimnazija.hr\/wp-content\/uploads\/2017\/01\/DSC_0534.jpg 1500w\" sizes=\"auto, (max-width: 300px) 100vw, 300px\" \/><\/a>\n\t\t\t<\/div><\/figure><figure class='gallery-item'>\n\t\t\t<div class='gallery-icon landscape'>\n\t\t\t\t<a href='https:\/\/katolicka-gimnazija.hr\/wp-content\/uploads\/2017\/01\/DSC_0513.jpg'><img loading=\"lazy\" decoding=\"async\" width=\"300\" height=\"226\" src=\"https:\/\/katolicka-gimnazija.hr\/wp-content\/uploads\/2017\/01\/DSC_0513-300x226.jpg\" class=\"attachment-medium size-medium\" alt=\"\" srcset=\"https:\/\/katolicka-gimnazija.hr\/wp-content\/uploads\/2017\/01\/DSC_0513-300x226.jpg 300w, https:\/\/katolicka-gimnazija.hr\/wp-content\/uploads\/2017\/01\/DSC_0513-768x579.jpg 768w, https:\/\/katolicka-gimnazija.hr\/wp-content\/uploads\/2017\/01\/DSC_0513-1024x772.jpg 1024w, https:\/\/katolicka-gimnazija.hr\/wp-content\/uploads\/2017\/01\/DSC_0513-360x271.jpg 360w, https:\/\/katolicka-gimnazija.hr\/wp-content\/uploads\/2017\/01\/DSC_0513-750x566.jpg 750w, https:\/\/katolicka-gimnazija.hr\/wp-content\/uploads\/2017\/01\/DSC_0513-400x302.jpg 400w, https:\/\/katolicka-gimnazija.hr\/wp-content\/uploads\/2017\/01\/DSC_0513-430x324.jpg 430w, https:\/\/katolicka-gimnazija.hr\/wp-content\/uploads\/2017\/01\/DSC_0513-150x113.jpg 150w, https:\/\/katolicka-gimnazija.hr\/wp-content\/uploads\/2017\/01\/DSC_0513-100x75.jpg 100w, https:\/\/katolicka-gimnazija.hr\/wp-content\/uploads\/2017\/01\/DSC_0513.jpg 1500w\" sizes=\"auto, (max-width: 300px) 100vw, 300px\" \/><\/a>\n\t\t\t<\/div><\/figure><figure class='gallery-item'>\n\t\t\t<div class='gallery-icon landscape'>\n\t\t\t\t<a href='https:\/\/katolicka-gimnazija.hr\/wp-content\/uploads\/2017\/01\/DSC_0503.jpg'><img loading=\"lazy\" decoding=\"async\" width=\"300\" height=\"200\" src=\"https:\/\/katolicka-gimnazija.hr\/wp-content\/uploads\/2017\/01\/DSC_0503-300x200.jpg\" class=\"attachment-medium size-medium\" alt=\"\" srcset=\"https:\/\/katolicka-gimnazija.hr\/wp-content\/uploads\/2017\/01\/DSC_0503-300x200.jpg 300w, https:\/\/katolicka-gimnazija.hr\/wp-content\/uploads\/2017\/01\/DSC_0503-768x512.jpg 768w, https:\/\/katolicka-gimnazija.hr\/wp-content\/uploads\/2017\/01\/DSC_0503-1024x683.jpg 1024w, https:\/\/katolicka-gimnazija.hr\/wp-content\/uploads\/2017\/01\/DSC_0503-360x240.jpg 360w, https:\/\/katolicka-gimnazija.hr\/wp-content\/uploads\/2017\/01\/DSC_0503-750x500.jpg 750w, https:\/\/katolicka-gimnazija.hr\/wp-content\/uploads\/2017\/01\/DSC_0503-400x267.jpg 400w, https:\/\/katolicka-gimnazija.hr\/wp-content\/uploads\/2017\/01\/DSC_0503-430x287.jpg 430w, https:\/\/katolicka-gimnazija.hr\/wp-content\/uploads\/2017\/01\/DSC_0503-150x100.jpg 150w, https:\/\/katolicka-gimnazija.hr\/wp-content\/uploads\/2017\/01\/DSC_0503-100x67.jpg 100w, https:\/\/katolicka-gimnazija.hr\/wp-content\/uploads\/2017\/01\/DSC_0503.jpg 1500w\" sizes=\"auto, (max-width: 300px) 100vw, 300px\" \/><\/a>\n\t\t\t<\/div><\/figure><figure class='gallery-item'>\n\t\t\t<div class='gallery-icon landscape'>\n\t\t\t\t<a href='https:\/\/katolicka-gimnazija.hr\/wp-content\/uploads\/2017\/01\/DSC_0555.jpg'><img loading=\"lazy\" decoding=\"async\" width=\"300\" height=\"200\" src=\"https:\/\/katolicka-gimnazija.hr\/wp-content\/uploads\/2017\/01\/DSC_0555-300x200.jpg\" class=\"attachment-medium size-medium\" alt=\"\" srcset=\"https:\/\/katolicka-gimnazija.hr\/wp-content\/uploads\/2017\/01\/DSC_0555-300x200.jpg 300w, https:\/\/katolicka-gimnazija.hr\/wp-content\/uploads\/2017\/01\/DSC_0555-768x512.jpg 768w, https:\/\/katolicka-gimnazija.hr\/wp-content\/uploads\/2017\/01\/DSC_0555-1024x683.jpg 1024w, https:\/\/katolicka-gimnazija.hr\/wp-content\/uploads\/2017\/01\/DSC_0555-360x240.jpg 360w, https:\/\/katolicka-gimnazija.hr\/wp-content\/uploads\/2017\/01\/DSC_0555-750x500.jpg 750w, https:\/\/katolicka-gimnazija.hr\/wp-content\/uploads\/2017\/01\/DSC_0555-400x267.jpg 400w, https:\/\/katolicka-gimnazija.hr\/wp-content\/uploads\/2017\/01\/DSC_0555-430x287.jpg 430w, https:\/\/katolicka-gimnazija.hr\/wp-content\/uploads\/2017\/01\/DSC_0555-150x100.jpg 150w, https:\/\/katolicka-gimnazija.hr\/wp-content\/uploads\/2017\/01\/DSC_0555-100x67.jpg 100w, https:\/\/katolicka-gimnazija.hr\/wp-content\/uploads\/2017\/01\/DSC_0555.jpg 1500w\" sizes=\"auto, (max-width: 300px) 100vw, 300px\" \/><\/a>\n\t\t\t<\/div><\/figure><figure class='gallery-item'>\n\t\t\t<div class='gallery-icon landscape'>\n\t\t\t\t<a href='https:\/\/katolicka-gimnazija.hr\/wp-content\/uploads\/2017\/01\/DSC_0510.jpg'><img loading=\"lazy\" decoding=\"async\" width=\"300\" height=\"200\" src=\"https:\/\/katolicka-gimnazija.hr\/wp-content\/uploads\/2017\/01\/DSC_0510-300x200.jpg\" class=\"attachment-medium size-medium\" alt=\"\" srcset=\"https:\/\/katolicka-gimnazija.hr\/wp-content\/uploads\/2017\/01\/DSC_0510-300x200.jpg 300w, https:\/\/katolicka-gimnazija.hr\/wp-content\/uploads\/2017\/01\/DSC_0510-768x512.jpg 768w, https:\/\/katolicka-gimnazija.hr\/wp-content\/uploads\/2017\/01\/DSC_0510-1024x683.jpg 1024w, https:\/\/katolicka-gimnazija.hr\/wp-content\/uploads\/2017\/01\/DSC_0510-360x240.jpg 360w, https:\/\/katolicka-gimnazija.hr\/wp-content\/uploads\/2017\/01\/DSC_0510-750x500.jpg 750w, https:\/\/katolicka-gimnazija.hr\/wp-content\/uploads\/2017\/01\/DSC_0510-400x267.jpg 400w, https:\/\/katolicka-gimnazija.hr\/wp-content\/uploads\/2017\/01\/DSC_0510-430x287.jpg 430w, https:\/\/katolicka-gimnazija.hr\/wp-content\/uploads\/2017\/01\/DSC_0510-150x100.jpg 150w, https:\/\/katolicka-gimnazija.hr\/wp-content\/uploads\/2017\/01\/DSC_0510-100x67.jpg 100w, https:\/\/katolicka-gimnazija.hr\/wp-content\/uploads\/2017\/01\/DSC_0510.jpg 1500w\" sizes=\"auto, (max-width: 300px) 100vw, 300px\" \/><\/a>\n\t\t\t<\/div><\/figure><figure class='gallery-item'>\n\t\t\t<div class='gallery-icon landscape'>\n\t\t\t\t<a href='https:\/\/katolicka-gimnazija.hr\/wp-content\/uploads\/2017\/01\/DSC_0524.jpg'><img loading=\"lazy\" decoding=\"async\" width=\"300\" height=\"200\" src=\"https:\/\/katolicka-gimnazija.hr\/wp-content\/uploads\/2017\/01\/DSC_0524-300x200.jpg\" class=\"attachment-medium size-medium\" alt=\"\" srcset=\"https:\/\/katolicka-gimnazija.hr\/wp-content\/uploads\/2017\/01\/DSC_0524-300x200.jpg 300w, https:\/\/katolicka-gimnazija.hr\/wp-content\/uploads\/2017\/01\/DSC_0524-768x512.jpg 768w, https:\/\/katolicka-gimnazija.hr\/wp-content\/uploads\/2017\/01\/DSC_0524-1024x683.jpg 1024w, https:\/\/katolicka-gimnazija.hr\/wp-content\/uploads\/2017\/01\/DSC_0524-360x240.jpg 360w, https:\/\/katolicka-gimnazija.hr\/wp-content\/uploads\/2017\/01\/DSC_0524-750x500.jpg 750w, https:\/\/katolicka-gimnazija.hr\/wp-content\/uploads\/2017\/01\/DSC_0524-400x267.jpg 400w, https:\/\/katolicka-gimnazija.hr\/wp-content\/uploads\/2017\/01\/DSC_0524-430x287.jpg 430w, https:\/\/katolicka-gimnazija.hr\/wp-content\/uploads\/2017\/01\/DSC_0524-150x100.jpg 150w, https:\/\/katolicka-gimnazija.hr\/wp-content\/uploads\/2017\/01\/DSC_0524-100x67.jpg 100w, https:\/\/katolicka-gimnazija.hr\/wp-content\/uploads\/2017\/01\/DSC_0524.jpg 1500w\" sizes=\"auto, (max-width: 300px) 100vw, 300px\" \/><\/a>\n\t\t\t<\/div><\/figure><figure class='gallery-item'>\n\t\t\t<div class='gallery-icon landscape'>\n\t\t\t\t<a href='https:\/\/katolicka-gimnazija.hr\/wp-content\/uploads\/2017\/01\/DSC_0508.jpg'><img loading=\"lazy\" decoding=\"async\" width=\"300\" height=\"200\" src=\"https:\/\/katolicka-gimnazija.hr\/wp-content\/uploads\/2017\/01\/DSC_0508-300x200.jpg\" class=\"attachment-medium size-medium\" alt=\"\" srcset=\"https:\/\/katolicka-gimnazija.hr\/wp-content\/uploads\/2017\/01\/DSC_0508-300x200.jpg 300w, https:\/\/katolicka-gimnazija.hr\/wp-content\/uploads\/2017\/01\/DSC_0508-768x512.jpg 768w, https:\/\/katolicka-gimnazija.hr\/wp-content\/uploads\/2017\/01\/DSC_0508-1024x683.jpg 1024w, https:\/\/katolicka-gimnazija.hr\/wp-content\/uploads\/2017\/01\/DSC_0508-360x240.jpg 360w, https:\/\/katolicka-gimnazija.hr\/wp-content\/uploads\/2017\/01\/DSC_0508-750x500.jpg 750w, https:\/\/katolicka-gimnazija.hr\/wp-content\/uploads\/2017\/01\/DSC_0508-400x267.jpg 400w, https:\/\/katolicka-gimnazija.hr\/wp-content\/uploads\/2017\/01\/DSC_0508-430x287.jpg 430w, https:\/\/katolicka-gimnazija.hr\/wp-content\/uploads\/2017\/01\/DSC_0508-150x100.jpg 150w, https:\/\/katolicka-gimnazija.hr\/wp-content\/uploads\/2017\/01\/DSC_0508-100x67.jpg 100w, https:\/\/katolicka-gimnazija.hr\/wp-content\/uploads\/2017\/01\/DSC_0508.jpg 1500w\" sizes=\"auto, (max-width: 300px) 100vw, 300px\" \/><\/a>\n\t\t\t<\/div><\/figure><figure class='gallery-item'>\n\t\t\t<div class='gallery-icon landscape'>\n\t\t\t\t<a href='https:\/\/katolicka-gimnazija.hr\/wp-content\/uploads\/2017\/01\/DSC_0522.jpg'><img loading=\"lazy\" decoding=\"async\" width=\"300\" height=\"200\" src=\"https:\/\/katolicka-gimnazija.hr\/wp-content\/uploads\/2017\/01\/DSC_0522-300x200.jpg\" class=\"attachment-medium size-medium\" alt=\"\" srcset=\"https:\/\/katolicka-gimnazija.hr\/wp-content\/uploads\/2017\/01\/DSC_0522-300x200.jpg 300w, https:\/\/katolicka-gimnazija.hr\/wp-content\/uploads\/2017\/01\/DSC_0522-768x512.jpg 768w, https:\/\/katolicka-gimnazija.hr\/wp-content\/uploads\/2017\/01\/DSC_0522-1024x683.jpg 1024w, https:\/\/katolicka-gimnazija.hr\/wp-content\/uploads\/2017\/01\/DSC_0522-360x240.jpg 360w, https:\/\/katolicka-gimnazija.hr\/wp-content\/uploads\/2017\/01\/DSC_0522-750x500.jpg 750w, https:\/\/katolicka-gimnazija.hr\/wp-content\/uploads\/2017\/01\/DSC_0522-400x267.jpg 400w, https:\/\/katolicka-gimnazija.hr\/wp-content\/uploads\/2017\/01\/DSC_0522-430x287.jpg 430w, https:\/\/katolicka-gimnazija.hr\/wp-content\/uploads\/2017\/01\/DSC_0522-150x100.jpg 150w, https:\/\/katolicka-gimnazija.hr\/wp-content\/uploads\/2017\/01\/DSC_0522-100x67.jpg 100w, https:\/\/katolicka-gimnazija.hr\/wp-content\/uploads\/2017\/01\/DSC_0522.jpg 1500w\" sizes=\"auto, (max-width: 300px) 100vw, 300px\" \/><\/a>\n\t\t\t<\/div><\/figure><figure class='gallery-item'>\n\t\t\t<div class='gallery-icon landscape'>\n\t\t\t\t<a href='https:\/\/katolicka-gimnazija.hr\/wp-content\/uploads\/2017\/01\/DSC_0549.jpg'><img loading=\"lazy\" decoding=\"async\" width=\"300\" height=\"168\" src=\"https:\/\/katolicka-gimnazija.hr\/wp-content\/uploads\/2017\/01\/DSC_0549-300x168.jpg\" class=\"attachment-medium size-medium\" alt=\"\" srcset=\"https:\/\/katolicka-gimnazija.hr\/wp-content\/uploads\/2017\/01\/DSC_0549-300x168.jpg 300w, https:\/\/katolicka-gimnazija.hr\/wp-content\/uploads\/2017\/01\/DSC_0549-768x429.jpg 768w, https:\/\/katolicka-gimnazija.hr\/wp-content\/uploads\/2017\/01\/DSC_0549-1024x572.jpg 1024w, https:\/\/katolicka-gimnazija.hr\/wp-content\/uploads\/2017\/01\/DSC_0549-360x201.jpg 360w, https:\/\/katolicka-gimnazija.hr\/wp-content\/uploads\/2017\/01\/DSC_0549-750x419.jpg 750w, https:\/\/katolicka-gimnazija.hr\/wp-content\/uploads\/2017\/01\/DSC_0549-400x223.jpg 400w, https:\/\/katolicka-gimnazija.hr\/wp-content\/uploads\/2017\/01\/DSC_0549-430x240.jpg 430w, https:\/\/katolicka-gimnazija.hr\/wp-content\/uploads\/2017\/01\/DSC_0549-150x84.jpg 150w, https:\/\/katolicka-gimnazija.hr\/wp-content\/uploads\/2017\/01\/DSC_0549-100x56.jpg 100w, https:\/\/katolicka-gimnazija.hr\/wp-content\/uploads\/2017\/01\/DSC_0549.jpg 1500w\" sizes=\"auto, (max-width: 300px) 100vw, 300px\" \/><\/a>\n\t\t\t<\/div><\/figure><figure class='gallery-item'>\n\t\t\t<div class='gallery-icon landscape'>\n\t\t\t\t<a href='https:\/\/katolicka-gimnazija.hr\/wp-content\/uploads\/2017\/01\/DSC_0525.jpg'><img loading=\"lazy\" decoding=\"async\" width=\"300\" height=\"205\" src=\"https:\/\/katolicka-gimnazija.hr\/wp-content\/uploads\/2017\/01\/DSC_0525-300x205.jpg\" class=\"attachment-medium size-medium\" alt=\"\" srcset=\"https:\/\/katolicka-gimnazija.hr\/wp-content\/uploads\/2017\/01\/DSC_0525-300x205.jpg 300w, https:\/\/katolicka-gimnazija.hr\/wp-content\/uploads\/2017\/01\/DSC_0525-768x524.jpg 768w, https:\/\/katolicka-gimnazija.hr\/wp-content\/uploads\/2017\/01\/DSC_0525-1024x698.jpg 1024w, https:\/\/katolicka-gimnazija.hr\/wp-content\/uploads\/2017\/01\/DSC_0525-360x246.jpg 360w, https:\/\/katolicka-gimnazija.hr\/wp-content\/uploads\/2017\/01\/DSC_0525-220x150.jpg 220w, https:\/\/katolicka-gimnazija.hr\/wp-content\/uploads\/2017\/01\/DSC_0525-750x512.jpg 750w, https:\/\/katolicka-gimnazija.hr\/wp-content\/uploads\/2017\/01\/DSC_0525-400x273.jpg 400w, https:\/\/katolicka-gimnazija.hr\/wp-content\/uploads\/2017\/01\/DSC_0525-430x293.jpg 430w, https:\/\/katolicka-gimnazija.hr\/wp-content\/uploads\/2017\/01\/DSC_0525-150x102.jpg 150w, https:\/\/katolicka-gimnazija.hr\/wp-content\/uploads\/2017\/01\/DSC_0525-100x68.jpg 100w, https:\/\/katolicka-gimnazija.hr\/wp-content\/uploads\/2017\/01\/DSC_0525.jpg 1500w\" sizes=\"auto, (max-width: 300px) 100vw, 300px\" \/><\/a>\n\t\t\t<\/div><\/figure><figure class='gallery-item'>\n\t\t\t<div class='gallery-icon landscape'>\n\t\t\t\t<a href='https:\/\/katolicka-gimnazija.hr\/wp-content\/uploads\/2017\/01\/DSC_0517.jpg'><img loading=\"lazy\" decoding=\"async\" width=\"300\" height=\"200\" src=\"https:\/\/katolicka-gimnazija.hr\/wp-content\/uploads\/2017\/01\/DSC_0517-300x200.jpg\" class=\"attachment-medium size-medium\" alt=\"\" srcset=\"https:\/\/katolicka-gimnazija.hr\/wp-content\/uploads\/2017\/01\/DSC_0517-300x200.jpg 300w, https:\/\/katolicka-gimnazija.hr\/wp-content\/uploads\/2017\/01\/DSC_0517-768x512.jpg 768w, https:\/\/katolicka-gimnazija.hr\/wp-content\/uploads\/2017\/01\/DSC_0517-1024x683.jpg 1024w, https:\/\/katolicka-gimnazija.hr\/wp-content\/uploads\/2017\/01\/DSC_0517-360x240.jpg 360w, https:\/\/katolicka-gimnazija.hr\/wp-content\/uploads\/2017\/01\/DSC_0517-750x500.jpg 750w, https:\/\/katolicka-gimnazija.hr\/wp-content\/uploads\/2017\/01\/DSC_0517-400x267.jpg 400w, https:\/\/katolicka-gimnazija.hr\/wp-content\/uploads\/2017\/01\/DSC_0517-430x287.jpg 430w, https:\/\/katolicka-gimnazija.hr\/wp-content\/uploads\/2017\/01\/DSC_0517-150x100.jpg 150w, https:\/\/katolicka-gimnazija.hr\/wp-content\/uploads\/2017\/01\/DSC_0517-100x67.jpg 100w, https:\/\/katolicka-gimnazija.hr\/wp-content\/uploads\/2017\/01\/DSC_0517.jpg 1500w\" sizes=\"auto, (max-width: 300px) 100vw, 300px\" \/><\/a>\n\t\t\t<\/div><\/figure>\n\t\t<\/div>\n\n","protected":false},"excerpt":{"rendered":"<p>U sklopu promocije zdravoga \u017eivota redovitim vje\u017ebanjem i zdravom prehranom ju\u010der su u na\u0161emu gradu gostovali studenti Kineziolo\u0161kog fakulteta u Zagrebu i popularna TV-voditeljica Renata Sopek. Oni su dio tima koji realizira projekt Aktivna Hrvatska a \u010diji je cilj ve\u0107 spomenuta promocija zdravijega \u017eivota kod svih generacija, a posebno kod mladih. Sam projekt je pod [&hellip;]<\/p>\n","protected":false},"author":2,"featured_media":8376,"comment_status":"closed","ping_status":"closed","sticky":false,"template":"","format":"standard","meta":{"footnotes":""},"categories":[4,2],"tags":[],"class_list":["post-8351","post","type-post","status-publish","format-standard","has-post-thumbnail","hentry","category-fotogalerije","category-vijesti"],"_links":{"self":[{"href":"https:\/\/katolicka-gimnazija.hr\/index.php\/wp-json\/wp\/v2\/posts\/8351","targetHints":{"allow":["GET"]}}],"collection":[{"href":"https:\/\/katolicka-gimnazija.hr\/index.php\/wp-json\/wp\/v2\/posts"}],"about":[{"href":"https:\/\/katolicka-gimnazija.hr\/index.php\/wp-json\/wp\/v2\/types\/post"}],"author":[{"embeddable":true,"href":"https:\/\/katolicka-gimnazija.hr\/index.php\/wp-json\/wp\/v2\/users\/2"}],"replies":[{"embeddable":true,"href":"https:\/\/katolicka-gimnazija.hr\/index.php\/wp-json\/wp\/v2\/comments?post=8351"}],"version-history":[{"count":5,"href":"https:\/\/katolicka-gimnazija.hr\/index.php\/wp-json\/wp\/v2\/posts\/8351\/revisions"}],"predecessor-version":[{"id":14925,"href":"https:\/\/katolicka-gimnazija.hr\/index.php\/wp-json\/wp\/v2\/posts\/8351\/revisions\/14925"}],"wp:featuredmedia":[{"embeddable":true,"href":"https:\/\/katolicka-gimnazija.hr\/index.php\/wp-json\/wp\/v2\/media\/8376"}],"wp:attachment":[{"href":"https:\/\/katolicka-gimnazija.hr\/index.php\/wp-json\/wp\/v2\/media?parent=8351"}],"wp:term":[{"taxonomy":"category","embeddable":true,"href":"https:\/\/katolicka-gimnazija.hr\/index.php\/wp-json\/wp\/v2\/categories?post=8351"},{"taxonomy":"post_tag","embeddable":true,"href":"https:\/\/katolicka-gimnazija.hr\/index.php\/wp-json\/wp\/v2\/tags?post=8351"}],"curies":[{"name":"wp","href":"https:\/\/api.w.org\/{rel}","templated":true}]}}