{"id":8475,"date":"2017-02-02T16:14:18","date_gmt":"2017-02-02T16:14:18","guid":{"rendered":"http:\/\/katolicka-gimnazija.hr\/?p=8475"},"modified":"2018-12-28T14:02:29","modified_gmt":"2018-12-28T14:02:29","slug":"informacije-o-radu-4-sjednice-nastavnickog-vijeca-2","status":"publish","type":"post","link":"https:\/\/katolicka-gimnazija.hr\/index.php\/2017\/02\/02\/informacije-o-radu-4-sjednice-nastavnickog-vijeca-2\/","title":{"rendered":"Informacije o radu 4. sjednice Nastavni\u010dkog vije\u0107a"},"content":{"rendered":"<p><em>4. sjednica Nastavni\u010dkog vije\u0107a Katoli\u010dke gimnazije s pravom javnosti u \u0161kolskoj godini 2016.\/2017. dana 6. velja\u010de 2016. godine s po\u010detkom u 14:30 sati<\/em><\/p>\n<p>Dnevni red:<\/p>\n<ol>\n<li>Usvajanje Zapisnika s prethodne sjednice Nastavni\u010dkog vije\u0107a Katoli\u010dke gimnazije s pravom javnosti<\/li>\n<li>Razmatranje uspjeha\u00a0 i\u00a0 vladanja\u00a0 u\u010denika\u00a0 na\u00a0 osnovi\u00a0 analiziranog odgoja i obrazovanja u\u010denika na zavr\u0161etku\u00a0 prvog\u00a0 polugodi\u0161ta\u00a0 \u0161kolske\u00a0 godine\u00a0 2016.\/2017.\u00a0 radi\u00a0 pobolj\u0161anja\u00a0 odgoja\u00a0 i obrazovanja u\u010denika<\/li>\n<li>Osloba\u0111anje od poha\u0111anja nastave nastavnog predmeta<\/li>\n<li>Davanje suglasnosti na\u00a0 ocjenu\u00a0 rada\u00a0 nastavnika\u00a0 prema\u00a0 elementima\u00a0 vrednovanja\u00a0 koju\u00a0 \u0107e\u00a0 dati ravnatelj\u00a0 Katoli\u010dke\u00a0 gimnazije\u00a0 s\u00a0 pravom\u00a0 javnosti\u00a0 u\u00a0 svrhu\u00a0 napredovanja\u00a0 nastavnika\u00a0 u\u00a0 srednjem \u0161kolstvu<\/li>\n<li>Razno<\/li>\n<\/ol>\n","protected":false},"excerpt":{"rendered":"<p>4. sjednica Nastavni\u010dkog vije\u0107a Katoli\u010dke gimnazije s pravom javnosti u \u0161kolskoj godini 2016.\/2017. dana 6. velja\u010de 2016. godine s po\u010detkom u 14:30 sati Dnevni red: Usvajanje Zapisnika s prethodne sjednice Nastavni\u010dkog vije\u0107a Katoli\u010dke gimnazije s pravom javnosti Razmatranje uspjeha\u00a0 i\u00a0 vladanja\u00a0 u\u010denika\u00a0 na\u00a0 osnovi\u00a0 analiziranog odgoja i obrazovanja u\u010denika na zavr\u0161etku\u00a0 prvog\u00a0 polugodi\u0161ta\u00a0 \u0161kolske\u00a0 godine\u00a0 [&hellip;]<\/p>\n","protected":false},"author":39,"featured_media":0,"comment_status":"closed","ping_status":"closed","sticky":false,"template":"","format":"standard","meta":{"footnotes":""},"categories":[2],"tags":[],"class_list":["post-8475","post","type-post","status-publish","format-standard","hentry","category-vijesti"],"_links":{"self":[{"href":"https:\/\/katolicka-gimnazija.hr\/index.php\/wp-json\/wp\/v2\/posts\/8475","targetHints":{"allow":["GET"]}}],"collection":[{"href":"https:\/\/katolicka-gimnazija.hr\/index.php\/wp-json\/wp\/v2\/posts"}],"about":[{"href":"https:\/\/katolicka-gimnazija.hr\/index.php\/wp-json\/wp\/v2\/types\/post"}],"author":[{"embeddable":true,"href":"https:\/\/katolicka-gimnazija.hr\/index.php\/wp-json\/wp\/v2\/users\/39"}],"replies":[{"embeddable":true,"href":"https:\/\/katolicka-gimnazija.hr\/index.php\/wp-json\/wp\/v2\/comments?post=8475"}],"version-history":[{"count":2,"href":"https:\/\/katolicka-gimnazija.hr\/index.php\/wp-json\/wp\/v2\/posts\/8475\/revisions"}],"predecessor-version":[{"id":14918,"href":"https:\/\/katolicka-gimnazija.hr\/index.php\/wp-json\/wp\/v2\/posts\/8475\/revisions\/14918"}],"wp:attachment":[{"href":"https:\/\/katolicka-gimnazija.hr\/index.php\/wp-json\/wp\/v2\/media?parent=8475"}],"wp:term":[{"taxonomy":"category","embeddable":true,"href":"https:\/\/katolicka-gimnazija.hr\/index.php\/wp-json\/wp\/v2\/categories?post=8475"},{"taxonomy":"post_tag","embeddable":true,"href":"https:\/\/katolicka-gimnazija.hr\/index.php\/wp-json\/wp\/v2\/tags?post=8475"}],"curies":[{"name":"wp","href":"https:\/\/api.w.org\/{rel}","templated":true}]}}