{"id":8480,"date":"2017-02-05T17:36:04","date_gmt":"2017-02-05T17:36:04","guid":{"rendered":"http:\/\/katolicka-gimnazija.hr\/?p=8480"},"modified":"2018-12-28T14:02:11","modified_gmt":"2018-12-28T14:02:11","slug":"mala-privatna-fotoradionica","status":"publish","type":"post","link":"https:\/\/katolicka-gimnazija.hr\/index.php\/2017\/02\/05\/mala-privatna-fotoradionica\/","title":{"rendered":"Mala privatna fotoradionica"},"content":{"rendered":"<p><a href=\"http:\/\/katolicka-gimnazija.hr\/wp-content\/uploads\/2017\/02\/DSC_1333-e1486316076876.jpg\"><img loading=\"lazy\" decoding=\"async\" class=\"alignleft wp-image-8482 size-medium\" src=\"http:\/\/katolicka-gimnazija.hr\/wp-content\/uploads\/2017\/02\/DSC_1333-e1486316076876-200x300.jpg\" alt=\"DSC_1333\" width=\"200\" height=\"300\" srcset=\"https:\/\/katolicka-gimnazija.hr\/wp-content\/uploads\/2017\/02\/DSC_1333-e1486316076876-200x300.jpg 200w, https:\/\/katolicka-gimnazija.hr\/wp-content\/uploads\/2017\/02\/DSC_1333-e1486316076876-768x1152.jpg 768w, https:\/\/katolicka-gimnazija.hr\/wp-content\/uploads\/2017\/02\/DSC_1333-e1486316076876-683x1024.jpg 683w, https:\/\/katolicka-gimnazija.hr\/wp-content\/uploads\/2017\/02\/DSC_1333-e1486316076876-360x540.jpg 360w, https:\/\/katolicka-gimnazija.hr\/wp-content\/uploads\/2017\/02\/DSC_1333-e1486316076876-750x1125.jpg 750w, https:\/\/katolicka-gimnazija.hr\/wp-content\/uploads\/2017\/02\/DSC_1333-e1486316076876-400x600.jpg 400w, https:\/\/katolicka-gimnazija.hr\/wp-content\/uploads\/2017\/02\/DSC_1333-e1486316076876-430x645.jpg 430w, https:\/\/katolicka-gimnazija.hr\/wp-content\/uploads\/2017\/02\/DSC_1333-e1486316076876-150x225.jpg 150w, https:\/\/katolicka-gimnazija.hr\/wp-content\/uploads\/2017\/02\/DSC_1333-e1486316076876-100x150.jpg 100w, https:\/\/katolicka-gimnazija.hr\/wp-content\/uploads\/2017\/02\/DSC_1333-e1486316076876.jpg 1000w\" sizes=\"auto, (max-width: 200px) 100vw, 200px\" \/><\/a>Ove je subote u na\u0161oj \u0161koli odr\u017eana najavljena fotoradionica za u\u010denike na\u0161e \u0161kole. Radionicu je vodio dipl. ing. Hrvoje Mikol\u010devi\u0107, prof. informatike na Tehni\u010dkoj \u0161koli u Po\u017eegi. Gospodin Mikol\u010devi\u0107 ima petnaestak godina fotografskog iskustva, \u010dlan je pleterni\u010dke udruge Oppidum \u010diji je jedan od ciljeva <em>razvijanje i promid\u017eba fotografije kao tehni\u010dke i umjetni\u010dke discipline i fotografske kulture<\/em>, za sebe ka\u017ee da je veliki fotoentuzijast te je u zadnjih nekoliko godina odr\u017eao vi\u0161e radionica.<\/p>\n<p>Na prvoj radionici ovakvoga tipa sudjelovalo je pet u\u010denica novinarske dru\u017eine koje su, s obzirom na broj zainteresiranih, imale svoju malu i ugodnu privatnu radionicu. Na po\u010detku smo se upoznale s teorijskim dijelom, a nakon toga uslijedilo je upoznavanje s fotoaparatima i njihovim karakteristikama. Uz na\u0161a dva \u0161kolska fotoaparata, predava\u010d je ponio i svoje (ne\u0161to profesionalnije op. a.) pa smo teoriju mogli primijeniti i u prakti\u010dnome dijelu. Imale smo priliku pitati sve \u0161to nas je zanimalo, ali se i po\u017ealiti predava\u010du o klasi\u010dnim problemima uslijed fotografiranja.<\/p>\n<p><a href=\"http:\/\/katolicka-gimnazija.hr\/wp-content\/uploads\/2017\/02\/DSC_1332.jpg\"><img loading=\"lazy\" decoding=\"async\" class=\"alignright wp-image-8481 size-medium\" src=\"http:\/\/katolicka-gimnazija.hr\/wp-content\/uploads\/2017\/02\/DSC_1332-300x200.jpg\" alt=\"DSC_1332\" width=\"300\" height=\"200\" srcset=\"https:\/\/katolicka-gimnazija.hr\/wp-content\/uploads\/2017\/02\/DSC_1332-300x200.jpg 300w, https:\/\/katolicka-gimnazija.hr\/wp-content\/uploads\/2017\/02\/DSC_1332-768x512.jpg 768w, https:\/\/katolicka-gimnazija.hr\/wp-content\/uploads\/2017\/02\/DSC_1332-1024x683.jpg 1024w, https:\/\/katolicka-gimnazija.hr\/wp-content\/uploads\/2017\/02\/DSC_1332-360x240.jpg 360w, https:\/\/katolicka-gimnazija.hr\/wp-content\/uploads\/2017\/02\/DSC_1332-750x500.jpg 750w, https:\/\/katolicka-gimnazija.hr\/wp-content\/uploads\/2017\/02\/DSC_1332-400x267.jpg 400w, https:\/\/katolicka-gimnazija.hr\/wp-content\/uploads\/2017\/02\/DSC_1332-430x287.jpg 430w, https:\/\/katolicka-gimnazija.hr\/wp-content\/uploads\/2017\/02\/DSC_1332-150x100.jpg 150w, https:\/\/katolicka-gimnazija.hr\/wp-content\/uploads\/2017\/02\/DSC_1332-100x67.jpg 100w, https:\/\/katolicka-gimnazija.hr\/wp-content\/uploads\/2017\/02\/DSC_1332.jpg 1500w\" sizes=\"auto, (max-width: 300px) 100vw, 300px\" \/><\/a>Nakon pravog novinarskog razgovora, predava\u010d nam je dao vrlo korisne savjete te nam po\u017eelio jo\u0161 puno rada s fotoaparatima jer svaka fotografija ima svoju pri\u010du.<\/p>\n<p>&nbsp; <\/p>\n","protected":false},"excerpt":{"rendered":"<p>Ove je subote u na\u0161oj \u0161koli odr\u017eana najavljena fotoradionica za u\u010denike na\u0161e \u0161kole. Radionicu je vodio dipl. ing. Hrvoje Mikol\u010devi\u0107, prof. informatike na Tehni\u010dkoj \u0161koli u Po\u017eegi. Gospodin Mikol\u010devi\u0107 ima petnaestak godina fotografskog iskustva, \u010dlan je pleterni\u010dke udruge Oppidum \u010diji je jedan od ciljeva razvijanje i promid\u017eba fotografije kao tehni\u010dke i umjetni\u010dke discipline i fotografske [&hellip;]<\/p>\n","protected":false},"author":36,"featured_media":8483,"comment_status":"closed","ping_status":"closed","sticky":false,"template":"","format":"standard","meta":{"footnotes":""},"categories":[4,2],"tags":[],"class_list":["post-8480","post","type-post","status-publish","format-standard","has-post-thumbnail","hentry","category-fotogalerije","category-vijesti"],"_links":{"self":[{"href":"https:\/\/katolicka-gimnazija.hr\/index.php\/wp-json\/wp\/v2\/posts\/8480","targetHints":{"allow":["GET"]}}],"collection":[{"href":"https:\/\/katolicka-gimnazija.hr\/index.php\/wp-json\/wp\/v2\/posts"}],"about":[{"href":"https:\/\/katolicka-gimnazija.hr\/index.php\/wp-json\/wp\/v2\/types\/post"}],"author":[{"embeddable":true,"href":"https:\/\/katolicka-gimnazija.hr\/index.php\/wp-json\/wp\/v2\/users\/36"}],"replies":[{"embeddable":true,"href":"https:\/\/katolicka-gimnazija.hr\/index.php\/wp-json\/wp\/v2\/comments?post=8480"}],"version-history":[{"count":2,"href":"https:\/\/katolicka-gimnazija.hr\/index.php\/wp-json\/wp\/v2\/posts\/8480\/revisions"}],"predecessor-version":[{"id":14916,"href":"https:\/\/katolicka-gimnazija.hr\/index.php\/wp-json\/wp\/v2\/posts\/8480\/revisions\/14916"}],"wp:featuredmedia":[{"embeddable":true,"href":"https:\/\/katolicka-gimnazija.hr\/index.php\/wp-json\/wp\/v2\/media\/8483"}],"wp:attachment":[{"href":"https:\/\/katolicka-gimnazija.hr\/index.php\/wp-json\/wp\/v2\/media?parent=8480"}],"wp:term":[{"taxonomy":"category","embeddable":true,"href":"https:\/\/katolicka-gimnazija.hr\/index.php\/wp-json\/wp\/v2\/categories?post=8480"},{"taxonomy":"post_tag","embeddable":true,"href":"https:\/\/katolicka-gimnazija.hr\/index.php\/wp-json\/wp\/v2\/tags?post=8480"}],"curies":[{"name":"wp","href":"https:\/\/api.w.org\/{rel}","templated":true}]}}