{"id":8601,"date":"2017-02-18T16:52:47","date_gmt":"2017-02-18T16:52:47","guid":{"rendered":"http:\/\/katolicka-gimnazija.hr\/?p=8601"},"modified":"2018-12-28T14:00:52","modified_gmt":"2018-12-28T14:00:52","slug":"novo-lice-pozeske-ljepotice","status":"publish","type":"post","link":"https:\/\/katolicka-gimnazija.hr\/index.php\/2017\/02\/18\/novo-lice-pozeske-ljepotice\/","title":{"rendered":"Novo lice po\u017ee\u0161ke ljepotice"},"content":{"rendered":"<p><strong><a href=\"http:\/\/katolicka-gimnazija.hr\/wp-content\/uploads\/2017\/02\/DSC_0078-750x500.jpg\"><img loading=\"lazy\" decoding=\"async\" class=\"alignleft wp-image-8606 size-medium\" src=\"http:\/\/katolicka-gimnazija.hr\/wp-content\/uploads\/2017\/02\/DSC_0078-750x500-300x200.jpg\" alt=\"DSC_0078-750x500\" width=\"300\" height=\"200\" srcset=\"https:\/\/katolicka-gimnazija.hr\/wp-content\/uploads\/2017\/02\/DSC_0078-750x500-300x200.jpg 300w, https:\/\/katolicka-gimnazija.hr\/wp-content\/uploads\/2017\/02\/DSC_0078-750x500-360x240.jpg 360w, https:\/\/katolicka-gimnazija.hr\/wp-content\/uploads\/2017\/02\/DSC_0078-750x500.jpg 750w, https:\/\/katolicka-gimnazija.hr\/wp-content\/uploads\/2017\/02\/DSC_0078-750x500-400x267.jpg 400w, https:\/\/katolicka-gimnazija.hr\/wp-content\/uploads\/2017\/02\/DSC_0078-750x500-430x287.jpg 430w, https:\/\/katolicka-gimnazija.hr\/wp-content\/uploads\/2017\/02\/DSC_0078-750x500-150x100.jpg 150w, https:\/\/katolicka-gimnazija.hr\/wp-content\/uploads\/2017\/02\/DSC_0078-750x500-100x67.jpg 100w\" sizes=\"auto, (max-width: 300px) 100vw, 300px\" \/><\/a>Pro\u0161le smo godine pisali o novom izgledu na\u0161e \u0161kolske dvorane koja je tada dobila suvremeno i lijepo lice, ponos na\u0161eg Odgojno-obrazovnog centra, ali i grada Po\u017eege. Ovih nam je dana na\u0161a i va\u0161a po\u017ee\u0161ka ljepotica dobila i o\u010dekivani unutra\u0161nji izgled, a time i funkciju. Stigle su nam sportske sprave i pomagala za odr\u017eavanje primjerene nastave u dvorani. Mi smo za komentar zamolili prof. Marija Ragu\u017ea koji \u0107e, uz prof. Vujnovi\u0107a i, naravno, u\u010denike, imati najvi\u0161e koristi od opremljene dvorane.<\/strong><\/p>\n<p><a href=\"http:\/\/katolicka-gimnazija.hr\/wp-content\/uploads\/2017\/02\/DSC_0002.jpg\"><img loading=\"lazy\" decoding=\"async\" class=\"alignright wp-image-8602 size-medium\" src=\"http:\/\/katolicka-gimnazija.hr\/wp-content\/uploads\/2017\/02\/DSC_0002-300x200.jpg\" alt=\"DSC_0002\" width=\"300\" height=\"200\" srcset=\"https:\/\/katolicka-gimnazija.hr\/wp-content\/uploads\/2017\/02\/DSC_0002-300x200.jpg 300w, https:\/\/katolicka-gimnazija.hr\/wp-content\/uploads\/2017\/02\/DSC_0002-768x512.jpg 768w, https:\/\/katolicka-gimnazija.hr\/wp-content\/uploads\/2017\/02\/DSC_0002-1024x683.jpg 1024w, https:\/\/katolicka-gimnazija.hr\/wp-content\/uploads\/2017\/02\/DSC_0002-360x240.jpg 360w, https:\/\/katolicka-gimnazija.hr\/wp-content\/uploads\/2017\/02\/DSC_0002-750x500.jpg 750w, https:\/\/katolicka-gimnazija.hr\/wp-content\/uploads\/2017\/02\/DSC_0002-400x267.jpg 400w, https:\/\/katolicka-gimnazija.hr\/wp-content\/uploads\/2017\/02\/DSC_0002-430x287.jpg 430w, https:\/\/katolicka-gimnazija.hr\/wp-content\/uploads\/2017\/02\/DSC_0002-150x100.jpg 150w, https:\/\/katolicka-gimnazija.hr\/wp-content\/uploads\/2017\/02\/DSC_0002-100x67.jpg 100w, https:\/\/katolicka-gimnazija.hr\/wp-content\/uploads\/2017\/02\/DSC_0002.jpg 1500w\" sizes=\"auto, (max-width: 300px) 100vw, 300px\" \/><\/a>\u201eMi smo posebno zadovoljni \u0161to se dvorana opremila upravo onako kako bi trebala biti u nastavi tjelesne i zdravstvene kulture. S time da moramo podsjetiti da su gabariti dvorane dimenzije manje dvorane. Zato ovdje ne mo\u017eemo o\u010dekivati golove za veliki nogomet. To nam predstavlja mali problem, ali u svakom slu\u010daju smo sretni jer imamo krov nad glavom i mo\u017eemo koristit sprave koje smo dobili. I posebno sam zadovoljan jer je postavljeno osiguranje na zidovima tako da ne mo\u017ee do\u0107i do nekih ozbiljnijih ozljeda. Tako\u0111er sam zadovoljan \u0161to smo dobili mre\u017eu za odbojku tako da \u0107emo onda u daljoj budu\u0107nosti mo\u0107i preferirati odbojku. Ponavljam, dvorana je manja i nemamo uvjete za rukomet i nogomet, ali \u0107emo se usredoto\u010diti na gimnastiku, borila\u010dke vje\u0161tine i vje\u017ebe snage \u0161to je i primjereno mladom u\u010deniku.\u201c rekao je prof. Ragu\u017e.<\/p>\n<p><strong>Jesu li ovi ko\u0161evi privremeno rje\u0161enje ili trajno? <\/strong><\/p>\n<p>\u201ePa ja se nadam da su privremeno jer oni su vi\u0161e za osnovnu \u0161kolu nego za srednju.<\/p>\n<p><strong>O\u010dekujete li jo\u0161 \u0161to ili je sada dvorana kompletna? <\/strong><\/p>\n<p>\u201ePa o\u010dekujemo mo\u017eda jo\u0161 ko\u0161eve, ali sada imamo sve za optimalan rad, odnosno bolju organizaciju tih 70 sati tjelesne i zdravstvene kulture po razrednom odjeljenju. U svakom \u0107emo slu\u010daju \u00a0mo\u0107i pripremiti bolje nastavne programe nego \u0161to smo mogli u zadnjih par godina kada dvorana nije imala nikakvih sprava ni pomagala.\u201c<\/p>\n<p><a href=\"http:\/\/katolicka-gimnazija.hr\/wp-content\/uploads\/2017\/02\/DSC_0004.jpg\"><img loading=\"lazy\" decoding=\"async\" class=\"alignleft wp-image-8603 size-medium\" src=\"http:\/\/katolicka-gimnazija.hr\/wp-content\/uploads\/2017\/02\/DSC_0004-300x200.jpg\" alt=\"DSC_0004\" width=\"300\" height=\"200\" srcset=\"https:\/\/katolicka-gimnazija.hr\/wp-content\/uploads\/2017\/02\/DSC_0004-300x200.jpg 300w, https:\/\/katolicka-gimnazija.hr\/wp-content\/uploads\/2017\/02\/DSC_0004-768x512.jpg 768w, https:\/\/katolicka-gimnazija.hr\/wp-content\/uploads\/2017\/02\/DSC_0004-1024x683.jpg 1024w, https:\/\/katolicka-gimnazija.hr\/wp-content\/uploads\/2017\/02\/DSC_0004-360x240.jpg 360w, https:\/\/katolicka-gimnazija.hr\/wp-content\/uploads\/2017\/02\/DSC_0004-750x500.jpg 750w, https:\/\/katolicka-gimnazija.hr\/wp-content\/uploads\/2017\/02\/DSC_0004-400x267.jpg 400w, https:\/\/katolicka-gimnazija.hr\/wp-content\/uploads\/2017\/02\/DSC_0004-430x287.jpg 430w, https:\/\/katolicka-gimnazija.hr\/wp-content\/uploads\/2017\/02\/DSC_0004-150x100.jpg 150w, https:\/\/katolicka-gimnazija.hr\/wp-content\/uploads\/2017\/02\/DSC_0004-100x67.jpg 100w, https:\/\/katolicka-gimnazija.hr\/wp-content\/uploads\/2017\/02\/DSC_0004.jpg 1500w\" sizes=\"auto, (max-width: 300px) 100vw, 300px\" \/><\/a> <a href=\"http:\/\/katolicka-gimnazija.hr\/wp-content\/uploads\/2017\/02\/DSC_0005.jpg\"><img loading=\"lazy\" decoding=\"async\" class=\"alignleft wp-image-8604 size-medium\" src=\"http:\/\/katolicka-gimnazija.hr\/wp-content\/uploads\/2017\/02\/DSC_0005-300x200.jpg\" alt=\"DSC_0005\" width=\"300\" height=\"200\" srcset=\"https:\/\/katolicka-gimnazija.hr\/wp-content\/uploads\/2017\/02\/DSC_0005-300x200.jpg 300w, https:\/\/katolicka-gimnazija.hr\/wp-content\/uploads\/2017\/02\/DSC_0005-768x512.jpg 768w, https:\/\/katolicka-gimnazija.hr\/wp-content\/uploads\/2017\/02\/DSC_0005-1024x683.jpg 1024w, https:\/\/katolicka-gimnazija.hr\/wp-content\/uploads\/2017\/02\/DSC_0005-360x240.jpg 360w, https:\/\/katolicka-gimnazija.hr\/wp-content\/uploads\/2017\/02\/DSC_0005-750x500.jpg 750w, https:\/\/katolicka-gimnazija.hr\/wp-content\/uploads\/2017\/02\/DSC_0005-400x267.jpg 400w, https:\/\/katolicka-gimnazija.hr\/wp-content\/uploads\/2017\/02\/DSC_0005-430x287.jpg 430w, https:\/\/katolicka-gimnazija.hr\/wp-content\/uploads\/2017\/02\/DSC_0005-150x100.jpg 150w, https:\/\/katolicka-gimnazija.hr\/wp-content\/uploads\/2017\/02\/DSC_0005-100x67.jpg 100w, https:\/\/katolicka-gimnazija.hr\/wp-content\/uploads\/2017\/02\/DSC_0005.jpg 1500w\" sizes=\"auto, (max-width: 300px) 100vw, 300px\" \/><\/a> <a href=\"http:\/\/katolicka-gimnazija.hr\/wp-content\/uploads\/2017\/02\/DSC_0008.jpg\"><img loading=\"lazy\" decoding=\"async\" class=\"alignleft wp-image-8605 size-medium\" src=\"http:\/\/katolicka-gimnazija.hr\/wp-content\/uploads\/2017\/02\/DSC_0008-300x200.jpg\" alt=\"DSC_0008\" width=\"300\" height=\"200\" srcset=\"https:\/\/katolicka-gimnazija.hr\/wp-content\/uploads\/2017\/02\/DSC_0008-300x200.jpg 300w, https:\/\/katolicka-gimnazija.hr\/wp-content\/uploads\/2017\/02\/DSC_0008-768x512.jpg 768w, https:\/\/katolicka-gimnazija.hr\/wp-content\/uploads\/2017\/02\/DSC_0008-1024x683.jpg 1024w, https:\/\/katolicka-gimnazija.hr\/wp-content\/uploads\/2017\/02\/DSC_0008-360x240.jpg 360w, https:\/\/katolicka-gimnazija.hr\/wp-content\/uploads\/2017\/02\/DSC_0008-750x500.jpg 750w, https:\/\/katolicka-gimnazija.hr\/wp-content\/uploads\/2017\/02\/DSC_0008-400x267.jpg 400w, https:\/\/katolicka-gimnazija.hr\/wp-content\/uploads\/2017\/02\/DSC_0008-430x287.jpg 430w, https:\/\/katolicka-gimnazija.hr\/wp-content\/uploads\/2017\/02\/DSC_0008-150x100.jpg 150w, https:\/\/katolicka-gimnazija.hr\/wp-content\/uploads\/2017\/02\/DSC_0008-100x67.jpg 100w, https:\/\/katolicka-gimnazija.hr\/wp-content\/uploads\/2017\/02\/DSC_0008.jpg 1500w\" sizes=\"auto, (max-width: 300px) 100vw, 300px\" \/><\/a> <\/p>\n","protected":false},"excerpt":{"rendered":"<p>Pro\u0161le smo godine pisali o novom izgledu na\u0161e \u0161kolske dvorane koja je tada dobila suvremeno i lijepo lice, ponos na\u0161eg Odgojno-obrazovnog centra, ali i grada Po\u017eege. Ovih nam je dana na\u0161a i va\u0161a po\u017ee\u0161ka ljepotica dobila i o\u010dekivani unutra\u0161nji izgled, a time i funkciju. Stigle su nam sportske sprave i pomagala za odr\u017eavanje primjerene nastave [&hellip;]<\/p>\n","protected":false},"author":1,"featured_media":8602,"comment_status":"closed","ping_status":"closed","sticky":false,"template":"","format":"standard","meta":{"footnotes":""},"categories":[2],"tags":[],"class_list":["post-8601","post","type-post","status-publish","format-standard","has-post-thumbnail","hentry","category-vijesti"],"_links":{"self":[{"href":"https:\/\/katolicka-gimnazija.hr\/index.php\/wp-json\/wp\/v2\/posts\/8601","targetHints":{"allow":["GET"]}}],"collection":[{"href":"https:\/\/katolicka-gimnazija.hr\/index.php\/wp-json\/wp\/v2\/posts"}],"about":[{"href":"https:\/\/katolicka-gimnazija.hr\/index.php\/wp-json\/wp\/v2\/types\/post"}],"author":[{"embeddable":true,"href":"https:\/\/katolicka-gimnazija.hr\/index.php\/wp-json\/wp\/v2\/users\/1"}],"replies":[{"embeddable":true,"href":"https:\/\/katolicka-gimnazija.hr\/index.php\/wp-json\/wp\/v2\/comments?post=8601"}],"version-history":[{"count":2,"href":"https:\/\/katolicka-gimnazija.hr\/index.php\/wp-json\/wp\/v2\/posts\/8601\/revisions"}],"predecessor-version":[{"id":14908,"href":"https:\/\/katolicka-gimnazija.hr\/index.php\/wp-json\/wp\/v2\/posts\/8601\/revisions\/14908"}],"wp:featuredmedia":[{"embeddable":true,"href":"https:\/\/katolicka-gimnazija.hr\/index.php\/wp-json\/wp\/v2\/media\/8602"}],"wp:attachment":[{"href":"https:\/\/katolicka-gimnazija.hr\/index.php\/wp-json\/wp\/v2\/media?parent=8601"}],"wp:term":[{"taxonomy":"category","embeddable":true,"href":"https:\/\/katolicka-gimnazija.hr\/index.php\/wp-json\/wp\/v2\/categories?post=8601"},{"taxonomy":"post_tag","embeddable":true,"href":"https:\/\/katolicka-gimnazija.hr\/index.php\/wp-json\/wp\/v2\/tags?post=8601"}],"curies":[{"name":"wp","href":"https:\/\/api.w.org\/{rel}","templated":true}]}}