{"id":8749,"date":"2017-03-01T23:14:31","date_gmt":"2017-03-01T23:14:31","guid":{"rendered":"http:\/\/katolicka-gimnazija.hr\/?p=8749"},"modified":"2018-12-28T13:56:32","modified_gmt":"2018-12-28T13:56:32","slug":"informacije-o-radu-prve-sjednice-razrednog-vijeca-razrednog-odjela-4-a","status":"publish","type":"post","link":"https:\/\/katolicka-gimnazija.hr\/index.php\/2017\/03\/01\/informacije-o-radu-prve-sjednice-razrednog-vijeca-razrednog-odjela-4-a\/","title":{"rendered":"Informacije o radu prve sjednice Razrednog vije\u0107a razrednog odjela 4.a"},"content":{"rendered":"<p><em>1. sjednica Razrednog vije\u0107a razrednog odjela 4.a Katoli\u010dke gimnazije s pravom javnosti u \u0161kolskoj godini 2016.\/2017. dana 2. o\u017eujka 2016. godine s po\u010detkom u 14:45 sati<\/em><\/p>\n<p><strong>Dnevni red:<\/strong><\/p>\n<ol>\n<li>Usvajanje Zapisnika s prethodne sjednice Razrednog vije\u0107a Katoli\u010dke gimnazije s pravom javnosti<\/li>\n<li>Izricanje pedago\u0161ke mjere ukora<\/li>\n<li>Razno<\/li>\n<\/ol>\n<p>&nbsp; <\/p>\n","protected":false},"excerpt":{"rendered":"<p>1. sjednica Razrednog vije\u0107a razrednog odjela 4.a Katoli\u010dke gimnazije s pravom javnosti u \u0161kolskoj godini 2016.\/2017. dana 2. o\u017eujka 2016. godine s po\u010detkom u 14:45 sati Dnevni red: Usvajanje Zapisnika s prethodne sjednice Razrednog vije\u0107a Katoli\u010dke gimnazije s pravom javnosti Izricanje pedago\u0161ke mjere ukora Razno &nbsp;<\/p>\n","protected":false},"author":1,"featured_media":0,"comment_status":"closed","ping_status":"closed","sticky":false,"template":"","format":"standard","meta":{"footnotes":""},"categories":[2],"tags":[],"class_list":["post-8749","post","type-post","status-publish","format-standard","hentry","category-vijesti"],"_links":{"self":[{"href":"https:\/\/katolicka-gimnazija.hr\/index.php\/wp-json\/wp\/v2\/posts\/8749","targetHints":{"allow":["GET"]}}],"collection":[{"href":"https:\/\/katolicka-gimnazija.hr\/index.php\/wp-json\/wp\/v2\/posts"}],"about":[{"href":"https:\/\/katolicka-gimnazija.hr\/index.php\/wp-json\/wp\/v2\/types\/post"}],"author":[{"embeddable":true,"href":"https:\/\/katolicka-gimnazija.hr\/index.php\/wp-json\/wp\/v2\/users\/1"}],"replies":[{"embeddable":true,"href":"https:\/\/katolicka-gimnazija.hr\/index.php\/wp-json\/wp\/v2\/comments?post=8749"}],"version-history":[{"count":2,"href":"https:\/\/katolicka-gimnazija.hr\/index.php\/wp-json\/wp\/v2\/posts\/8749\/revisions"}],"predecessor-version":[{"id":14896,"href":"https:\/\/katolicka-gimnazija.hr\/index.php\/wp-json\/wp\/v2\/posts\/8749\/revisions\/14896"}],"wp:attachment":[{"href":"https:\/\/katolicka-gimnazija.hr\/index.php\/wp-json\/wp\/v2\/media?parent=8749"}],"wp:term":[{"taxonomy":"category","embeddable":true,"href":"https:\/\/katolicka-gimnazija.hr\/index.php\/wp-json\/wp\/v2\/categories?post=8749"},{"taxonomy":"post_tag","embeddable":true,"href":"https:\/\/katolicka-gimnazija.hr\/index.php\/wp-json\/wp\/v2\/tags?post=8749"}],"curies":[{"name":"wp","href":"https:\/\/api.w.org\/{rel}","templated":true}]}}