{"id":8755,"date":"2017-03-02T20:52:05","date_gmt":"2017-03-02T20:52:05","guid":{"rendered":"http:\/\/katolicka-gimnazija.hr\/?p=8755"},"modified":"2018-12-28T13:56:18","modified_gmt":"2018-12-28T13:56:18","slug":"domacini-kao-i-uvijek","status":"publish","type":"post","link":"https:\/\/katolicka-gimnazija.hr\/index.php\/2017\/03\/02\/domacini-kao-i-uvijek\/","title":{"rendered":"Doma\u0107ini kao i uvijek"},"content":{"rendered":"<p>I ove je godine na\u0161a \u0161kola bila doma\u0107inom Biskupijskog natjecanja iz vjeronauka u kojem je sudjelovalo vi\u0161e od 80 srednjo\u0161kolaca iz 20 srednjih \u0161kola s podru\u010dja \u010dak \u0161est razli\u010ditih \u017eupanija. Isto tako u Katoli\u010dkoj osnovnoj \u0161koli natjecalo se 40 osnovno\u0161kolaca.<\/p>\n<p>Predstavnici na\u0161e \u0161kole Jelena Dori\u0107, Mijo Radi\u0107, Ru\u017eica Antolovi\u0107 i Mihaela Filipovi\u0107 prevo\u0111eni mentorom Marijanom Paveli\u0107em ostvarili su zavidan uspjeh osvojiv\u0161i drugo mjesto. Prvo mjesto osvojila je susjedna Gimnazija Po\u017eega, dok je me\u0111u osnovnim \u0161kolama najbolja bila O\u0160 Ivane Brli\u0107-Ma\u017eurani\u0107 iz Virovitice.<br \/>\nOvo se specifi\u010dno natjecanje organizira suradnjom Katehetskog ureda Po\u017ee\u0161ke biskupije te Upravnog odjela za dru\u0161tvene djelatnosti Po\u017ee\u0161ko-slavonske \u017eupanije. Olimpijada na temu \u201eMisijska djelatnost Crkve\u201c sastojala se od tri natjecateljske discipline: testa, tombole i kviza \u201eTko \u017eeli biti Isusov milijunak\u201c.<\/p>\n<p>Biskupijskom\/me\u0111u\u017eupanijskom natjecanju iz vjeronauka za srednje \u0161kole koji se odvijao u prostoru Katoli\u010dke gimnazije s pravom javnosti u Po\u017eegi pristupile su: Ekonomska i turisti\u010dka \u0161kola iz Daruvara, Gimnazija iz Daruvara, Tehni\u010dka \u0161kola iz Daruvara, Elektrotehni\u010dka i ekonomska \u0161kola iz Nove Gradi\u0161ke, Gimnazija iz Nove Gradi\u0161ke, Srednja \u0161kola iz Novske, Srednja \u0161kola&#8221;Stjepan Iv\u0161i\u0107&#8221; iz Orahovice, Srednja \u0161kola iz Pakraca, Ekonomska \u0161kola iz Po\u017eege, Gimnazija iz Po\u017eege, Katoli\u010dka gimnazija s pravom javnosti iz Po\u017eege, Obrtni\u010dka \u0161kola iz Po\u017eege, Poljoprivredno-prehrambena \u0161kola iz Po\u017eege, Tehni\u010dka \u0161kola iz Po\u017eege, Industrijsko-obrtni\u010dka \u0161kola iz Slatine, Gimnazija Petra Preradovi\u0107a iz Virovitice, Industrijsko-obrtni\u010dka \u0161kola iz Virovitice, Katoli\u010dka klasi\u010dna gimnazija s pravom javnosti u Virovitici, Strukovna \u0161kola iz Virovitice i Tehni\u010dka \u0161kola iz Virovitice.<\/p>\n<p>Pobjedni\u010dke ekipe iz osnovne i srednje \u0161kole \u0107e predstavljati Po\u017ee\u0161ku biskupiju na dr\u017eavnoj Vjeronau\u010dnoj olimpijadi koja \u0107e se odr\u017eati od 5.-7. travnja o. g. u Topuskom.<\/p>\n<div id='gallery-1' class='gallery galleryid-8755 gallery-columns-3 gallery-size-medium'><figure class='gallery-item'>\n\t\t\t<div class='gallery-icon landscape'>\n\t\t\t\t<a href='https:\/\/katolicka-gimnazija.hr\/wp-content\/uploads\/2017\/03\/DSC_4012.jpg'><img loading=\"lazy\" decoding=\"async\" width=\"300\" height=\"200\" src=\"https:\/\/katolicka-gimnazija.hr\/wp-content\/uploads\/2017\/03\/DSC_4012-300x200.jpg\" class=\"attachment-medium size-medium\" alt=\"\" srcset=\"https:\/\/katolicka-gimnazija.hr\/wp-content\/uploads\/2017\/03\/DSC_4012-300x200.jpg 300w, https:\/\/katolicka-gimnazija.hr\/wp-content\/uploads\/2017\/03\/DSC_4012-768x512.jpg 768w, https:\/\/katolicka-gimnazija.hr\/wp-content\/uploads\/2017\/03\/DSC_4012-1024x683.jpg 1024w, https:\/\/katolicka-gimnazija.hr\/wp-content\/uploads\/2017\/03\/DSC_4012-360x240.jpg 360w, https:\/\/katolicka-gimnazija.hr\/wp-content\/uploads\/2017\/03\/DSC_4012-750x500.jpg 750w, https:\/\/katolicka-gimnazija.hr\/wp-content\/uploads\/2017\/03\/DSC_4012-400x267.jpg 400w, https:\/\/katolicka-gimnazija.hr\/wp-content\/uploads\/2017\/03\/DSC_4012-430x287.jpg 430w, https:\/\/katolicka-gimnazija.hr\/wp-content\/uploads\/2017\/03\/DSC_4012-150x100.jpg 150w, https:\/\/katolicka-gimnazija.hr\/wp-content\/uploads\/2017\/03\/DSC_4012-100x67.jpg 100w\" sizes=\"auto, (max-width: 300px) 100vw, 300px\" \/><\/a>\n\t\t\t<\/div><\/figure><figure class='gallery-item'>\n\t\t\t<div class='gallery-icon landscape'>\n\t\t\t\t<a href='https:\/\/katolicka-gimnazija.hr\/wp-content\/uploads\/2017\/03\/DSC_4015.jpg'><img loading=\"lazy\" decoding=\"async\" width=\"300\" height=\"200\" src=\"https:\/\/katolicka-gimnazija.hr\/wp-content\/uploads\/2017\/03\/DSC_4015-300x200.jpg\" class=\"attachment-medium size-medium\" alt=\"\" srcset=\"https:\/\/katolicka-gimnazija.hr\/wp-content\/uploads\/2017\/03\/DSC_4015-300x200.jpg 300w, https:\/\/katolicka-gimnazija.hr\/wp-content\/uploads\/2017\/03\/DSC_4015-768x512.jpg 768w, https:\/\/katolicka-gimnazija.hr\/wp-content\/uploads\/2017\/03\/DSC_4015-1024x683.jpg 1024w, https:\/\/katolicka-gimnazija.hr\/wp-content\/uploads\/2017\/03\/DSC_4015-360x240.jpg 360w, https:\/\/katolicka-gimnazija.hr\/wp-content\/uploads\/2017\/03\/DSC_4015-750x500.jpg 750w, https:\/\/katolicka-gimnazija.hr\/wp-content\/uploads\/2017\/03\/DSC_4015-400x267.jpg 400w, https:\/\/katolicka-gimnazija.hr\/wp-content\/uploads\/2017\/03\/DSC_4015-430x287.jpg 430w, https:\/\/katolicka-gimnazija.hr\/wp-content\/uploads\/2017\/03\/DSC_4015-150x100.jpg 150w, https:\/\/katolicka-gimnazija.hr\/wp-content\/uploads\/2017\/03\/DSC_4015-100x67.jpg 100w\" sizes=\"auto, (max-width: 300px) 100vw, 300px\" \/><\/a>\n\t\t\t<\/div><\/figure><figure class='gallery-item'>\n\t\t\t<div class='gallery-icon landscape'>\n\t\t\t\t<a href='https:\/\/katolicka-gimnazija.hr\/wp-content\/uploads\/2017\/03\/DSC_4018.jpg'><img loading=\"lazy\" decoding=\"async\" width=\"300\" height=\"200\" src=\"https:\/\/katolicka-gimnazija.hr\/wp-content\/uploads\/2017\/03\/DSC_4018-300x200.jpg\" class=\"attachment-medium size-medium\" alt=\"\" srcset=\"https:\/\/katolicka-gimnazija.hr\/wp-content\/uploads\/2017\/03\/DSC_4018-300x200.jpg 300w, https:\/\/katolicka-gimnazija.hr\/wp-content\/uploads\/2017\/03\/DSC_4018-768x512.jpg 768w, https:\/\/katolicka-gimnazija.hr\/wp-content\/uploads\/2017\/03\/DSC_4018-1024x683.jpg 1024w, https:\/\/katolicka-gimnazija.hr\/wp-content\/uploads\/2017\/03\/DSC_4018-360x240.jpg 360w, https:\/\/katolicka-gimnazija.hr\/wp-content\/uploads\/2017\/03\/DSC_4018-750x500.jpg 750w, https:\/\/katolicka-gimnazija.hr\/wp-content\/uploads\/2017\/03\/DSC_4018-400x267.jpg 400w, https:\/\/katolicka-gimnazija.hr\/wp-content\/uploads\/2017\/03\/DSC_4018-430x287.jpg 430w, https:\/\/katolicka-gimnazija.hr\/wp-content\/uploads\/2017\/03\/DSC_4018-150x100.jpg 150w, https:\/\/katolicka-gimnazija.hr\/wp-content\/uploads\/2017\/03\/DSC_4018-100x67.jpg 100w\" sizes=\"auto, (max-width: 300px) 100vw, 300px\" \/><\/a>\n\t\t\t<\/div><\/figure><figure class='gallery-item'>\n\t\t\t<div class='gallery-icon landscape'>\n\t\t\t\t<a href='https:\/\/katolicka-gimnazija.hr\/wp-content\/uploads\/2017\/03\/DSC_4022.jpg'><img loading=\"lazy\" decoding=\"async\" width=\"300\" height=\"200\" src=\"https:\/\/katolicka-gimnazija.hr\/wp-content\/uploads\/2017\/03\/DSC_4022-300x200.jpg\" class=\"attachment-medium size-medium\" alt=\"\" srcset=\"https:\/\/katolicka-gimnazija.hr\/wp-content\/uploads\/2017\/03\/DSC_4022-300x200.jpg 300w, https:\/\/katolicka-gimnazija.hr\/wp-content\/uploads\/2017\/03\/DSC_4022-768x512.jpg 768w, https:\/\/katolicka-gimnazija.hr\/wp-content\/uploads\/2017\/03\/DSC_4022-1024x683.jpg 1024w, https:\/\/katolicka-gimnazija.hr\/wp-content\/uploads\/2017\/03\/DSC_4022-360x240.jpg 360w, https:\/\/katolicka-gimnazija.hr\/wp-content\/uploads\/2017\/03\/DSC_4022-750x500.jpg 750w, https:\/\/katolicka-gimnazija.hr\/wp-content\/uploads\/2017\/03\/DSC_4022-400x267.jpg 400w, https:\/\/katolicka-gimnazija.hr\/wp-content\/uploads\/2017\/03\/DSC_4022-430x287.jpg 430w, https:\/\/katolicka-gimnazija.hr\/wp-content\/uploads\/2017\/03\/DSC_4022-150x100.jpg 150w, https:\/\/katolicka-gimnazija.hr\/wp-content\/uploads\/2017\/03\/DSC_4022-100x67.jpg 100w\" sizes=\"auto, (max-width: 300px) 100vw, 300px\" \/><\/a>\n\t\t\t<\/div><\/figure><figure class='gallery-item'>\n\t\t\t<div class='gallery-icon landscape'>\n\t\t\t\t<a href='https:\/\/katolicka-gimnazija.hr\/wp-content\/uploads\/2017\/03\/DSC_4040.jpg'><img loading=\"lazy\" decoding=\"async\" width=\"300\" height=\"200\" src=\"https:\/\/katolicka-gimnazija.hr\/wp-content\/uploads\/2017\/03\/DSC_4040-300x200.jpg\" class=\"attachment-medium size-medium\" alt=\"\" srcset=\"https:\/\/katolicka-gimnazija.hr\/wp-content\/uploads\/2017\/03\/DSC_4040-300x200.jpg 300w, https:\/\/katolicka-gimnazija.hr\/wp-content\/uploads\/2017\/03\/DSC_4040-768x512.jpg 768w, https:\/\/katolicka-gimnazija.hr\/wp-content\/uploads\/2017\/03\/DSC_4040-1024x683.jpg 1024w, https:\/\/katolicka-gimnazija.hr\/wp-content\/uploads\/2017\/03\/DSC_4040-360x240.jpg 360w, https:\/\/katolicka-gimnazija.hr\/wp-content\/uploads\/2017\/03\/DSC_4040-750x500.jpg 750w, https:\/\/katolicka-gimnazija.hr\/wp-content\/uploads\/2017\/03\/DSC_4040-400x267.jpg 400w, https:\/\/katolicka-gimnazija.hr\/wp-content\/uploads\/2017\/03\/DSC_4040-430x287.jpg 430w, https:\/\/katolicka-gimnazija.hr\/wp-content\/uploads\/2017\/03\/DSC_4040-150x100.jpg 150w, https:\/\/katolicka-gimnazija.hr\/wp-content\/uploads\/2017\/03\/DSC_4040-100x67.jpg 100w\" sizes=\"auto, (max-width: 300px) 100vw, 300px\" \/><\/a>\n\t\t\t<\/div><\/figure><figure class='gallery-item'>\n\t\t\t<div class='gallery-icon landscape'>\n\t\t\t\t<a href='https:\/\/katolicka-gimnazija.hr\/wp-content\/uploads\/2017\/03\/DSC_4053.jpg'><img loading=\"lazy\" decoding=\"async\" width=\"300\" height=\"200\" src=\"https:\/\/katolicka-gimnazija.hr\/wp-content\/uploads\/2017\/03\/DSC_4053-300x200.jpg\" class=\"attachment-medium size-medium\" alt=\"\" srcset=\"https:\/\/katolicka-gimnazija.hr\/wp-content\/uploads\/2017\/03\/DSC_4053-300x200.jpg 300w, https:\/\/katolicka-gimnazija.hr\/wp-content\/uploads\/2017\/03\/DSC_4053-768x512.jpg 768w, https:\/\/katolicka-gimnazija.hr\/wp-content\/uploads\/2017\/03\/DSC_4053-1024x683.jpg 1024w, https:\/\/katolicka-gimnazija.hr\/wp-content\/uploads\/2017\/03\/DSC_4053-360x240.jpg 360w, https:\/\/katolicka-gimnazija.hr\/wp-content\/uploads\/2017\/03\/DSC_4053-750x500.jpg 750w, https:\/\/katolicka-gimnazija.hr\/wp-content\/uploads\/2017\/03\/DSC_4053-400x267.jpg 400w, https:\/\/katolicka-gimnazija.hr\/wp-content\/uploads\/2017\/03\/DSC_4053-430x287.jpg 430w, https:\/\/katolicka-gimnazija.hr\/wp-content\/uploads\/2017\/03\/DSC_4053-150x100.jpg 150w, https:\/\/katolicka-gimnazija.hr\/wp-content\/uploads\/2017\/03\/DSC_4053-100x67.jpg 100w\" sizes=\"auto, (max-width: 300px) 100vw, 300px\" \/><\/a>\n\t\t\t<\/div><\/figure><figure class='gallery-item'>\n\t\t\t<div class='gallery-icon landscape'>\n\t\t\t\t<a href='https:\/\/katolicka-gimnazija.hr\/wp-content\/uploads\/2017\/03\/DSC_4061.jpg'><img loading=\"lazy\" decoding=\"async\" width=\"300\" height=\"200\" src=\"https:\/\/katolicka-gimnazija.hr\/wp-content\/uploads\/2017\/03\/DSC_4061-300x200.jpg\" class=\"attachment-medium size-medium\" alt=\"\" srcset=\"https:\/\/katolicka-gimnazija.hr\/wp-content\/uploads\/2017\/03\/DSC_4061-300x200.jpg 300w, https:\/\/katolicka-gimnazija.hr\/wp-content\/uploads\/2017\/03\/DSC_4061-768x512.jpg 768w, https:\/\/katolicka-gimnazija.hr\/wp-content\/uploads\/2017\/03\/DSC_4061-1024x683.jpg 1024w, https:\/\/katolicka-gimnazija.hr\/wp-content\/uploads\/2017\/03\/DSC_4061-360x240.jpg 360w, https:\/\/katolicka-gimnazija.hr\/wp-content\/uploads\/2017\/03\/DSC_4061-750x500.jpg 750w, https:\/\/katolicka-gimnazija.hr\/wp-content\/uploads\/2017\/03\/DSC_4061-400x267.jpg 400w, https:\/\/katolicka-gimnazija.hr\/wp-content\/uploads\/2017\/03\/DSC_4061-430x287.jpg 430w, https:\/\/katolicka-gimnazija.hr\/wp-content\/uploads\/2017\/03\/DSC_4061-150x100.jpg 150w, https:\/\/katolicka-gimnazija.hr\/wp-content\/uploads\/2017\/03\/DSC_4061-100x67.jpg 100w\" sizes=\"auto, (max-width: 300px) 100vw, 300px\" \/><\/a>\n\t\t\t<\/div><\/figure><figure class='gallery-item'>\n\t\t\t<div class='gallery-icon landscape'>\n\t\t\t\t<a href='https:\/\/katolicka-gimnazija.hr\/wp-content\/uploads\/2017\/03\/DSC_4073.jpg'><img loading=\"lazy\" decoding=\"async\" width=\"300\" height=\"200\" src=\"https:\/\/katolicka-gimnazija.hr\/wp-content\/uploads\/2017\/03\/DSC_4073-300x200.jpg\" class=\"attachment-medium size-medium\" alt=\"\" srcset=\"https:\/\/katolicka-gimnazija.hr\/wp-content\/uploads\/2017\/03\/DSC_4073-300x200.jpg 300w, https:\/\/katolicka-gimnazija.hr\/wp-content\/uploads\/2017\/03\/DSC_4073-768x512.jpg 768w, https:\/\/katolicka-gimnazija.hr\/wp-content\/uploads\/2017\/03\/DSC_4073-1024x683.jpg 1024w, https:\/\/katolicka-gimnazija.hr\/wp-content\/uploads\/2017\/03\/DSC_4073-360x240.jpg 360w, https:\/\/katolicka-gimnazija.hr\/wp-content\/uploads\/2017\/03\/DSC_4073-750x500.jpg 750w, https:\/\/katolicka-gimnazija.hr\/wp-content\/uploads\/2017\/03\/DSC_4073-400x267.jpg 400w, https:\/\/katolicka-gimnazija.hr\/wp-content\/uploads\/2017\/03\/DSC_4073-430x287.jpg 430w, https:\/\/katolicka-gimnazija.hr\/wp-content\/uploads\/2017\/03\/DSC_4073-150x100.jpg 150w, https:\/\/katolicka-gimnazija.hr\/wp-content\/uploads\/2017\/03\/DSC_4073-100x67.jpg 100w\" sizes=\"auto, (max-width: 300px) 100vw, 300px\" \/><\/a>\n\t\t\t<\/div><\/figure><figure class='gallery-item'>\n\t\t\t<div class='gallery-icon landscape'>\n\t\t\t\t<a href='https:\/\/katolicka-gimnazija.hr\/wp-content\/uploads\/2017\/03\/DSC_4080.jpg'><img loading=\"lazy\" decoding=\"async\" width=\"300\" height=\"200\" src=\"https:\/\/katolicka-gimnazija.hr\/wp-content\/uploads\/2017\/03\/DSC_4080-300x200.jpg\" class=\"attachment-medium size-medium\" alt=\"\" srcset=\"https:\/\/katolicka-gimnazija.hr\/wp-content\/uploads\/2017\/03\/DSC_4080-300x200.jpg 300w, https:\/\/katolicka-gimnazija.hr\/wp-content\/uploads\/2017\/03\/DSC_4080-768x512.jpg 768w, https:\/\/katolicka-gimnazija.hr\/wp-content\/uploads\/2017\/03\/DSC_4080-1024x683.jpg 1024w, https:\/\/katolicka-gimnazija.hr\/wp-content\/uploads\/2017\/03\/DSC_4080-360x240.jpg 360w, https:\/\/katolicka-gimnazija.hr\/wp-content\/uploads\/2017\/03\/DSC_4080-750x500.jpg 750w, https:\/\/katolicka-gimnazija.hr\/wp-content\/uploads\/2017\/03\/DSC_4080-400x267.jpg 400w, https:\/\/katolicka-gimnazija.hr\/wp-content\/uploads\/2017\/03\/DSC_4080-430x287.jpg 430w, https:\/\/katolicka-gimnazija.hr\/wp-content\/uploads\/2017\/03\/DSC_4080-150x100.jpg 150w, https:\/\/katolicka-gimnazija.hr\/wp-content\/uploads\/2017\/03\/DSC_4080-100x67.jpg 100w\" sizes=\"auto, (max-width: 300px) 100vw, 300px\" \/><\/a>\n\t\t\t<\/div><\/figure><figure class='gallery-item'>\n\t\t\t<div class='gallery-icon landscape'>\n\t\t\t\t<a href='https:\/\/katolicka-gimnazija.hr\/wp-content\/uploads\/2017\/03\/DSC_4090.jpg'><img loading=\"lazy\" decoding=\"async\" width=\"300\" height=\"200\" src=\"https:\/\/katolicka-gimnazija.hr\/wp-content\/uploads\/2017\/03\/DSC_4090-300x200.jpg\" class=\"attachment-medium size-medium\" alt=\"\" srcset=\"https:\/\/katolicka-gimnazija.hr\/wp-content\/uploads\/2017\/03\/DSC_4090-300x200.jpg 300w, https:\/\/katolicka-gimnazija.hr\/wp-content\/uploads\/2017\/03\/DSC_4090-768x512.jpg 768w, https:\/\/katolicka-gimnazija.hr\/wp-content\/uploads\/2017\/03\/DSC_4090-1024x683.jpg 1024w, https:\/\/katolicka-gimnazija.hr\/wp-content\/uploads\/2017\/03\/DSC_4090-360x240.jpg 360w, https:\/\/katolicka-gimnazija.hr\/wp-content\/uploads\/2017\/03\/DSC_4090-750x500.jpg 750w, https:\/\/katolicka-gimnazija.hr\/wp-content\/uploads\/2017\/03\/DSC_4090-400x267.jpg 400w, https:\/\/katolicka-gimnazija.hr\/wp-content\/uploads\/2017\/03\/DSC_4090-430x287.jpg 430w, https:\/\/katolicka-gimnazija.hr\/wp-content\/uploads\/2017\/03\/DSC_4090-150x100.jpg 150w, https:\/\/katolicka-gimnazija.hr\/wp-content\/uploads\/2017\/03\/DSC_4090-100x67.jpg 100w\" sizes=\"auto, (max-width: 300px) 100vw, 300px\" \/><\/a>\n\t\t\t<\/div><\/figure><figure class='gallery-item'>\n\t\t\t<div class='gallery-icon landscape'>\n\t\t\t\t<a href='https:\/\/katolicka-gimnazija.hr\/wp-content\/uploads\/2017\/03\/DSC_4105.jpg'><img loading=\"lazy\" decoding=\"async\" width=\"300\" height=\"200\" src=\"https:\/\/katolicka-gimnazija.hr\/wp-content\/uploads\/2017\/03\/DSC_4105-300x200.jpg\" class=\"attachment-medium size-medium\" alt=\"\" srcset=\"https:\/\/katolicka-gimnazija.hr\/wp-content\/uploads\/2017\/03\/DSC_4105-300x200.jpg 300w, https:\/\/katolicka-gimnazija.hr\/wp-content\/uploads\/2017\/03\/DSC_4105-768x512.jpg 768w, https:\/\/katolicka-gimnazija.hr\/wp-content\/uploads\/2017\/03\/DSC_4105-1024x683.jpg 1024w, https:\/\/katolicka-gimnazija.hr\/wp-content\/uploads\/2017\/03\/DSC_4105-360x240.jpg 360w, https:\/\/katolicka-gimnazija.hr\/wp-content\/uploads\/2017\/03\/DSC_4105-750x500.jpg 750w, https:\/\/katolicka-gimnazija.hr\/wp-content\/uploads\/2017\/03\/DSC_4105-400x267.jpg 400w, https:\/\/katolicka-gimnazija.hr\/wp-content\/uploads\/2017\/03\/DSC_4105-430x287.jpg 430w, https:\/\/katolicka-gimnazija.hr\/wp-content\/uploads\/2017\/03\/DSC_4105-150x100.jpg 150w, https:\/\/katolicka-gimnazija.hr\/wp-content\/uploads\/2017\/03\/DSC_4105-100x67.jpg 100w\" sizes=\"auto, (max-width: 300px) 100vw, 300px\" \/><\/a>\n\t\t\t<\/div><\/figure><figure class='gallery-item'>\n\t\t\t<div class='gallery-icon landscape'>\n\t\t\t\t<a href='https:\/\/katolicka-gimnazija.hr\/wp-content\/uploads\/2017\/03\/DSC_4114.jpg'><img loading=\"lazy\" decoding=\"async\" width=\"300\" height=\"200\" src=\"https:\/\/katolicka-gimnazija.hr\/wp-content\/uploads\/2017\/03\/DSC_4114-300x200.jpg\" class=\"attachment-medium size-medium\" alt=\"\" srcset=\"https:\/\/katolicka-gimnazija.hr\/wp-content\/uploads\/2017\/03\/DSC_4114-300x200.jpg 300w, https:\/\/katolicka-gimnazija.hr\/wp-content\/uploads\/2017\/03\/DSC_4114-768x512.jpg 768w, https:\/\/katolicka-gimnazija.hr\/wp-content\/uploads\/2017\/03\/DSC_4114-1024x683.jpg 1024w, https:\/\/katolicka-gimnazija.hr\/wp-content\/uploads\/2017\/03\/DSC_4114-360x240.jpg 360w, https:\/\/katolicka-gimnazija.hr\/wp-content\/uploads\/2017\/03\/DSC_4114-750x500.jpg 750w, https:\/\/katolicka-gimnazija.hr\/wp-content\/uploads\/2017\/03\/DSC_4114-400x267.jpg 400w, https:\/\/katolicka-gimnazija.hr\/wp-content\/uploads\/2017\/03\/DSC_4114-430x287.jpg 430w, https:\/\/katolicka-gimnazija.hr\/wp-content\/uploads\/2017\/03\/DSC_4114-150x100.jpg 150w, https:\/\/katolicka-gimnazija.hr\/wp-content\/uploads\/2017\/03\/DSC_4114-100x67.jpg 100w\" sizes=\"auto, (max-width: 300px) 100vw, 300px\" \/><\/a>\n\t\t\t<\/div><\/figure><figure class='gallery-item'>\n\t\t\t<div class='gallery-icon landscape'>\n\t\t\t\t<a href='https:\/\/katolicka-gimnazija.hr\/wp-content\/uploads\/2017\/03\/DSC_4119.jpg'><img loading=\"lazy\" decoding=\"async\" width=\"300\" height=\"200\" src=\"https:\/\/katolicka-gimnazija.hr\/wp-content\/uploads\/2017\/03\/DSC_4119-300x200.jpg\" class=\"attachment-medium size-medium\" alt=\"\" srcset=\"https:\/\/katolicka-gimnazija.hr\/wp-content\/uploads\/2017\/03\/DSC_4119-300x200.jpg 300w, https:\/\/katolicka-gimnazija.hr\/wp-content\/uploads\/2017\/03\/DSC_4119-768x512.jpg 768w, https:\/\/katolicka-gimnazija.hr\/wp-content\/uploads\/2017\/03\/DSC_4119-1024x683.jpg 1024w, https:\/\/katolicka-gimnazija.hr\/wp-content\/uploads\/2017\/03\/DSC_4119-360x240.jpg 360w, https:\/\/katolicka-gimnazija.hr\/wp-content\/uploads\/2017\/03\/DSC_4119-750x500.jpg 750w, https:\/\/katolicka-gimnazija.hr\/wp-content\/uploads\/2017\/03\/DSC_4119-400x267.jpg 400w, https:\/\/katolicka-gimnazija.hr\/wp-content\/uploads\/2017\/03\/DSC_4119-430x287.jpg 430w, https:\/\/katolicka-gimnazija.hr\/wp-content\/uploads\/2017\/03\/DSC_4119-150x100.jpg 150w, https:\/\/katolicka-gimnazija.hr\/wp-content\/uploads\/2017\/03\/DSC_4119-100x67.jpg 100w\" sizes=\"auto, (max-width: 300px) 100vw, 300px\" \/><\/a>\n\t\t\t<\/div><\/figure><figure class='gallery-item'>\n\t\t\t<div class='gallery-icon landscape'>\n\t\t\t\t<a href='https:\/\/katolicka-gimnazija.hr\/wp-content\/uploads\/2017\/03\/DSC_4129.jpg'><img loading=\"lazy\" decoding=\"async\" width=\"300\" height=\"200\" src=\"https:\/\/katolicka-gimnazija.hr\/wp-content\/uploads\/2017\/03\/DSC_4129-300x200.jpg\" class=\"attachment-medium size-medium\" alt=\"\" srcset=\"https:\/\/katolicka-gimnazija.hr\/wp-content\/uploads\/2017\/03\/DSC_4129-300x200.jpg 300w, https:\/\/katolicka-gimnazija.hr\/wp-content\/uploads\/2017\/03\/DSC_4129-768x512.jpg 768w, https:\/\/katolicka-gimnazija.hr\/wp-content\/uploads\/2017\/03\/DSC_4129-1024x683.jpg 1024w, https:\/\/katolicka-gimnazija.hr\/wp-content\/uploads\/2017\/03\/DSC_4129-360x240.jpg 360w, https:\/\/katolicka-gimnazija.hr\/wp-content\/uploads\/2017\/03\/DSC_4129-750x500.jpg 750w, https:\/\/katolicka-gimnazija.hr\/wp-content\/uploads\/2017\/03\/DSC_4129-400x267.jpg 400w, https:\/\/katolicka-gimnazija.hr\/wp-content\/uploads\/2017\/03\/DSC_4129-430x287.jpg 430w, https:\/\/katolicka-gimnazija.hr\/wp-content\/uploads\/2017\/03\/DSC_4129-150x100.jpg 150w, https:\/\/katolicka-gimnazija.hr\/wp-content\/uploads\/2017\/03\/DSC_4129-100x67.jpg 100w\" sizes=\"auto, (max-width: 300px) 100vw, 300px\" \/><\/a>\n\t\t\t<\/div><\/figure><figure class='gallery-item'>\n\t\t\t<div class='gallery-icon landscape'>\n\t\t\t\t<a href='https:\/\/katolicka-gimnazija.hr\/wp-content\/uploads\/2017\/03\/DSC_4135.jpg'><img loading=\"lazy\" decoding=\"async\" width=\"300\" height=\"200\" src=\"https:\/\/katolicka-gimnazija.hr\/wp-content\/uploads\/2017\/03\/DSC_4135-300x200.jpg\" class=\"attachment-medium size-medium\" alt=\"\" srcset=\"https:\/\/katolicka-gimnazija.hr\/wp-content\/uploads\/2017\/03\/DSC_4135-300x200.jpg 300w, https:\/\/katolicka-gimnazija.hr\/wp-content\/uploads\/2017\/03\/DSC_4135-768x512.jpg 768w, https:\/\/katolicka-gimnazija.hr\/wp-content\/uploads\/2017\/03\/DSC_4135-1024x683.jpg 1024w, https:\/\/katolicka-gimnazija.hr\/wp-content\/uploads\/2017\/03\/DSC_4135-360x240.jpg 360w, https:\/\/katolicka-gimnazija.hr\/wp-content\/uploads\/2017\/03\/DSC_4135-750x500.jpg 750w, https:\/\/katolicka-gimnazija.hr\/wp-content\/uploads\/2017\/03\/DSC_4135-400x267.jpg 400w, https:\/\/katolicka-gimnazija.hr\/wp-content\/uploads\/2017\/03\/DSC_4135-430x287.jpg 430w, https:\/\/katolicka-gimnazija.hr\/wp-content\/uploads\/2017\/03\/DSC_4135-150x100.jpg 150w, https:\/\/katolicka-gimnazija.hr\/wp-content\/uploads\/2017\/03\/DSC_4135-100x67.jpg 100w\" sizes=\"auto, (max-width: 300px) 100vw, 300px\" \/><\/a>\n\t\t\t<\/div><\/figure><figure class='gallery-item'>\n\t\t\t<div class='gallery-icon landscape'>\n\t\t\t\t<a href='https:\/\/katolicka-gimnazija.hr\/wp-content\/uploads\/2017\/03\/DSC_4143.jpg'><img loading=\"lazy\" decoding=\"async\" width=\"300\" height=\"200\" src=\"https:\/\/katolicka-gimnazija.hr\/wp-content\/uploads\/2017\/03\/DSC_4143-300x200.jpg\" class=\"attachment-medium size-medium\" alt=\"\" srcset=\"https:\/\/katolicka-gimnazija.hr\/wp-content\/uploads\/2017\/03\/DSC_4143-300x200.jpg 300w, https:\/\/katolicka-gimnazija.hr\/wp-content\/uploads\/2017\/03\/DSC_4143-768x512.jpg 768w, https:\/\/katolicka-gimnazija.hr\/wp-content\/uploads\/2017\/03\/DSC_4143-1024x683.jpg 1024w, https:\/\/katolicka-gimnazija.hr\/wp-content\/uploads\/2017\/03\/DSC_4143-360x240.jpg 360w, https:\/\/katolicka-gimnazija.hr\/wp-content\/uploads\/2017\/03\/DSC_4143-750x500.jpg 750w, https:\/\/katolicka-gimnazija.hr\/wp-content\/uploads\/2017\/03\/DSC_4143-400x267.jpg 400w, https:\/\/katolicka-gimnazija.hr\/wp-content\/uploads\/2017\/03\/DSC_4143-430x287.jpg 430w, https:\/\/katolicka-gimnazija.hr\/wp-content\/uploads\/2017\/03\/DSC_4143-150x100.jpg 150w, https:\/\/katolicka-gimnazija.hr\/wp-content\/uploads\/2017\/03\/DSC_4143-100x67.jpg 100w\" sizes=\"auto, (max-width: 300px) 100vw, 300px\" \/><\/a>\n\t\t\t<\/div><\/figure><figure class='gallery-item'>\n\t\t\t<div class='gallery-icon landscape'>\n\t\t\t\t<a href='https:\/\/katolicka-gimnazija.hr\/wp-content\/uploads\/2017\/03\/DSC_4150.jpg'><img loading=\"lazy\" decoding=\"async\" width=\"300\" height=\"200\" src=\"https:\/\/katolicka-gimnazija.hr\/wp-content\/uploads\/2017\/03\/DSC_4150-300x200.jpg\" class=\"attachment-medium size-medium\" alt=\"\" srcset=\"https:\/\/katolicka-gimnazija.hr\/wp-content\/uploads\/2017\/03\/DSC_4150-300x200.jpg 300w, https:\/\/katolicka-gimnazija.hr\/wp-content\/uploads\/2017\/03\/DSC_4150-768x512.jpg 768w, https:\/\/katolicka-gimnazija.hr\/wp-content\/uploads\/2017\/03\/DSC_4150-1024x683.jpg 1024w, https:\/\/katolicka-gimnazija.hr\/wp-content\/uploads\/2017\/03\/DSC_4150-360x240.jpg 360w, https:\/\/katolicka-gimnazija.hr\/wp-content\/uploads\/2017\/03\/DSC_4150-750x500.jpg 750w, https:\/\/katolicka-gimnazija.hr\/wp-content\/uploads\/2017\/03\/DSC_4150-400x267.jpg 400w, https:\/\/katolicka-gimnazija.hr\/wp-content\/uploads\/2017\/03\/DSC_4150-430x287.jpg 430w, https:\/\/katolicka-gimnazija.hr\/wp-content\/uploads\/2017\/03\/DSC_4150-150x100.jpg 150w, https:\/\/katolicka-gimnazija.hr\/wp-content\/uploads\/2017\/03\/DSC_4150-100x67.jpg 100w\" sizes=\"auto, (max-width: 300px) 100vw, 300px\" \/><\/a>\n\t\t\t<\/div><\/figure><figure class='gallery-item'>\n\t\t\t<div class='gallery-icon landscape'>\n\t\t\t\t<a href='https:\/\/katolicka-gimnazija.hr\/wp-content\/uploads\/2017\/03\/DSC_4153.jpg'><img loading=\"lazy\" decoding=\"async\" width=\"300\" height=\"200\" src=\"https:\/\/katolicka-gimnazija.hr\/wp-content\/uploads\/2017\/03\/DSC_4153-300x200.jpg\" class=\"attachment-medium size-medium\" alt=\"\" srcset=\"https:\/\/katolicka-gimnazija.hr\/wp-content\/uploads\/2017\/03\/DSC_4153-300x200.jpg 300w, https:\/\/katolicka-gimnazija.hr\/wp-content\/uploads\/2017\/03\/DSC_4153-768x512.jpg 768w, https:\/\/katolicka-gimnazija.hr\/wp-content\/uploads\/2017\/03\/DSC_4153-1024x683.jpg 1024w, https:\/\/katolicka-gimnazija.hr\/wp-content\/uploads\/2017\/03\/DSC_4153-360x240.jpg 360w, https:\/\/katolicka-gimnazija.hr\/wp-content\/uploads\/2017\/03\/DSC_4153-750x500.jpg 750w, https:\/\/katolicka-gimnazija.hr\/wp-content\/uploads\/2017\/03\/DSC_4153-400x267.jpg 400w, https:\/\/katolicka-gimnazija.hr\/wp-content\/uploads\/2017\/03\/DSC_4153-430x287.jpg 430w, https:\/\/katolicka-gimnazija.hr\/wp-content\/uploads\/2017\/03\/DSC_4153-150x100.jpg 150w, https:\/\/katolicka-gimnazija.hr\/wp-content\/uploads\/2017\/03\/DSC_4153-100x67.jpg 100w\" sizes=\"auto, (max-width: 300px) 100vw, 300px\" \/><\/a>\n\t\t\t<\/div><\/figure><figure class='gallery-item'>\n\t\t\t<div class='gallery-icon landscape'>\n\t\t\t\t<a href='https:\/\/katolicka-gimnazija.hr\/wp-content\/uploads\/2017\/03\/DSC_4154.jpg'><img loading=\"lazy\" decoding=\"async\" width=\"300\" height=\"200\" src=\"https:\/\/katolicka-gimnazija.hr\/wp-content\/uploads\/2017\/03\/DSC_4154-300x200.jpg\" class=\"attachment-medium size-medium\" alt=\"\" srcset=\"https:\/\/katolicka-gimnazija.hr\/wp-content\/uploads\/2017\/03\/DSC_4154-300x200.jpg 300w, https:\/\/katolicka-gimnazija.hr\/wp-content\/uploads\/2017\/03\/DSC_4154-768x512.jpg 768w, https:\/\/katolicka-gimnazija.hr\/wp-content\/uploads\/2017\/03\/DSC_4154-1024x683.jpg 1024w, https:\/\/katolicka-gimnazija.hr\/wp-content\/uploads\/2017\/03\/DSC_4154-360x240.jpg 360w, https:\/\/katolicka-gimnazija.hr\/wp-content\/uploads\/2017\/03\/DSC_4154-750x500.jpg 750w, https:\/\/katolicka-gimnazija.hr\/wp-content\/uploads\/2017\/03\/DSC_4154-400x267.jpg 400w, https:\/\/katolicka-gimnazija.hr\/wp-content\/uploads\/2017\/03\/DSC_4154-430x287.jpg 430w, https:\/\/katolicka-gimnazija.hr\/wp-content\/uploads\/2017\/03\/DSC_4154-150x100.jpg 150w, https:\/\/katolicka-gimnazija.hr\/wp-content\/uploads\/2017\/03\/DSC_4154-100x67.jpg 100w\" sizes=\"auto, (max-width: 300px) 100vw, 300px\" \/><\/a>\n\t\t\t<\/div><\/figure><figure class='gallery-item'>\n\t\t\t<div class='gallery-icon landscape'>\n\t\t\t\t<a href='https:\/\/katolicka-gimnazija.hr\/wp-content\/uploads\/2017\/03\/DSC_4158.jpg'><img loading=\"lazy\" decoding=\"async\" width=\"300\" height=\"200\" src=\"https:\/\/katolicka-gimnazija.hr\/wp-content\/uploads\/2017\/03\/DSC_4158-300x200.jpg\" class=\"attachment-medium size-medium\" alt=\"\" srcset=\"https:\/\/katolicka-gimnazija.hr\/wp-content\/uploads\/2017\/03\/DSC_4158-300x200.jpg 300w, https:\/\/katolicka-gimnazija.hr\/wp-content\/uploads\/2017\/03\/DSC_4158-768x512.jpg 768w, https:\/\/katolicka-gimnazija.hr\/wp-content\/uploads\/2017\/03\/DSC_4158-1024x683.jpg 1024w, https:\/\/katolicka-gimnazija.hr\/wp-content\/uploads\/2017\/03\/DSC_4158-360x240.jpg 360w, https:\/\/katolicka-gimnazija.hr\/wp-content\/uploads\/2017\/03\/DSC_4158-750x500.jpg 750w, https:\/\/katolicka-gimnazija.hr\/wp-content\/uploads\/2017\/03\/DSC_4158-400x267.jpg 400w, https:\/\/katolicka-gimnazija.hr\/wp-content\/uploads\/2017\/03\/DSC_4158-430x287.jpg 430w, https:\/\/katolicka-gimnazija.hr\/wp-content\/uploads\/2017\/03\/DSC_4158-150x100.jpg 150w, https:\/\/katolicka-gimnazija.hr\/wp-content\/uploads\/2017\/03\/DSC_4158-100x67.jpg 100w\" sizes=\"auto, (max-width: 300px) 100vw, 300px\" \/><\/a>\n\t\t\t<\/div><\/figure><figure class='gallery-item'>\n\t\t\t<div class='gallery-icon landscape'>\n\t\t\t\t<a href='https:\/\/katolicka-gimnazija.hr\/wp-content\/uploads\/2017\/03\/DSC_4159.jpg'><img loading=\"lazy\" decoding=\"async\" width=\"300\" height=\"200\" src=\"https:\/\/katolicka-gimnazija.hr\/wp-content\/uploads\/2017\/03\/DSC_4159-300x200.jpg\" class=\"attachment-medium size-medium\" alt=\"\" srcset=\"https:\/\/katolicka-gimnazija.hr\/wp-content\/uploads\/2017\/03\/DSC_4159-300x200.jpg 300w, https:\/\/katolicka-gimnazija.hr\/wp-content\/uploads\/2017\/03\/DSC_4159-768x512.jpg 768w, https:\/\/katolicka-gimnazija.hr\/wp-content\/uploads\/2017\/03\/DSC_4159-1024x683.jpg 1024w, https:\/\/katolicka-gimnazija.hr\/wp-content\/uploads\/2017\/03\/DSC_4159-360x240.jpg 360w, https:\/\/katolicka-gimnazija.hr\/wp-content\/uploads\/2017\/03\/DSC_4159-750x500.jpg 750w, https:\/\/katolicka-gimnazija.hr\/wp-content\/uploads\/2017\/03\/DSC_4159-400x267.jpg 400w, https:\/\/katolicka-gimnazija.hr\/wp-content\/uploads\/2017\/03\/DSC_4159-430x287.jpg 430w, https:\/\/katolicka-gimnazija.hr\/wp-content\/uploads\/2017\/03\/DSC_4159-150x100.jpg 150w, https:\/\/katolicka-gimnazija.hr\/wp-content\/uploads\/2017\/03\/DSC_4159-100x67.jpg 100w\" sizes=\"auto, (max-width: 300px) 100vw, 300px\" \/><\/a>\n\t\t\t<\/div><\/figure><figure class='gallery-item'>\n\t\t\t<div class='gallery-icon landscape'>\n\t\t\t\t<a href='https:\/\/katolicka-gimnazija.hr\/wp-content\/uploads\/2017\/03\/DSC_4162.jpg'><img loading=\"lazy\" decoding=\"async\" width=\"300\" height=\"200\" src=\"https:\/\/katolicka-gimnazija.hr\/wp-content\/uploads\/2017\/03\/DSC_4162-300x200.jpg\" class=\"attachment-medium size-medium\" alt=\"\" srcset=\"https:\/\/katolicka-gimnazija.hr\/wp-content\/uploads\/2017\/03\/DSC_4162-300x200.jpg 300w, https:\/\/katolicka-gimnazija.hr\/wp-content\/uploads\/2017\/03\/DSC_4162-768x512.jpg 768w, https:\/\/katolicka-gimnazija.hr\/wp-content\/uploads\/2017\/03\/DSC_4162-1024x683.jpg 1024w, https:\/\/katolicka-gimnazija.hr\/wp-content\/uploads\/2017\/03\/DSC_4162-360x240.jpg 360w, https:\/\/katolicka-gimnazija.hr\/wp-content\/uploads\/2017\/03\/DSC_4162-750x500.jpg 750w, https:\/\/katolicka-gimnazija.hr\/wp-content\/uploads\/2017\/03\/DSC_4162-400x267.jpg 400w, https:\/\/katolicka-gimnazija.hr\/wp-content\/uploads\/2017\/03\/DSC_4162-430x287.jpg 430w, https:\/\/katolicka-gimnazija.hr\/wp-content\/uploads\/2017\/03\/DSC_4162-150x100.jpg 150w, https:\/\/katolicka-gimnazija.hr\/wp-content\/uploads\/2017\/03\/DSC_4162-100x67.jpg 100w\" sizes=\"auto, (max-width: 300px) 100vw, 300px\" \/><\/a>\n\t\t\t<\/div><\/figure><figure class='gallery-item'>\n\t\t\t<div class='gallery-icon landscape'>\n\t\t\t\t<a href='https:\/\/katolicka-gimnazija.hr\/wp-content\/uploads\/2017\/03\/DSC_4178.jpg'><img loading=\"lazy\" decoding=\"async\" width=\"300\" height=\"200\" src=\"https:\/\/katolicka-gimnazija.hr\/wp-content\/uploads\/2017\/03\/DSC_4178-300x200.jpg\" class=\"attachment-medium size-medium\" alt=\"\" srcset=\"https:\/\/katolicka-gimnazija.hr\/wp-content\/uploads\/2017\/03\/DSC_4178-300x200.jpg 300w, https:\/\/katolicka-gimnazija.hr\/wp-content\/uploads\/2017\/03\/DSC_4178-768x512.jpg 768w, https:\/\/katolicka-gimnazija.hr\/wp-content\/uploads\/2017\/03\/DSC_4178-1024x683.jpg 1024w, https:\/\/katolicka-gimnazija.hr\/wp-content\/uploads\/2017\/03\/DSC_4178-360x240.jpg 360w, https:\/\/katolicka-gimnazija.hr\/wp-content\/uploads\/2017\/03\/DSC_4178-750x500.jpg 750w, https:\/\/katolicka-gimnazija.hr\/wp-content\/uploads\/2017\/03\/DSC_4178-400x267.jpg 400w, https:\/\/katolicka-gimnazija.hr\/wp-content\/uploads\/2017\/03\/DSC_4178-430x287.jpg 430w, https:\/\/katolicka-gimnazija.hr\/wp-content\/uploads\/2017\/03\/DSC_4178-150x100.jpg 150w, https:\/\/katolicka-gimnazija.hr\/wp-content\/uploads\/2017\/03\/DSC_4178-100x67.jpg 100w\" sizes=\"auto, (max-width: 300px) 100vw, 300px\" \/><\/a>\n\t\t\t<\/div><\/figure><figure class='gallery-item'>\n\t\t\t<div class='gallery-icon landscape'>\n\t\t\t\t<a href='https:\/\/katolicka-gimnazija.hr\/wp-content\/uploads\/2017\/03\/DSC_4182.jpg'><img loading=\"lazy\" decoding=\"async\" width=\"300\" height=\"200\" src=\"https:\/\/katolicka-gimnazija.hr\/wp-content\/uploads\/2017\/03\/DSC_4182-300x200.jpg\" class=\"attachment-medium size-medium\" alt=\"\" srcset=\"https:\/\/katolicka-gimnazija.hr\/wp-content\/uploads\/2017\/03\/DSC_4182-300x200.jpg 300w, https:\/\/katolicka-gimnazija.hr\/wp-content\/uploads\/2017\/03\/DSC_4182-768x512.jpg 768w, https:\/\/katolicka-gimnazija.hr\/wp-content\/uploads\/2017\/03\/DSC_4182-1024x683.jpg 1024w, https:\/\/katolicka-gimnazija.hr\/wp-content\/uploads\/2017\/03\/DSC_4182-360x240.jpg 360w, https:\/\/katolicka-gimnazija.hr\/wp-content\/uploads\/2017\/03\/DSC_4182-750x500.jpg 750w, https:\/\/katolicka-gimnazija.hr\/wp-content\/uploads\/2017\/03\/DSC_4182-400x267.jpg 400w, https:\/\/katolicka-gimnazija.hr\/wp-content\/uploads\/2017\/03\/DSC_4182-430x287.jpg 430w, https:\/\/katolicka-gimnazija.hr\/wp-content\/uploads\/2017\/03\/DSC_4182-150x100.jpg 150w, https:\/\/katolicka-gimnazija.hr\/wp-content\/uploads\/2017\/03\/DSC_4182-100x67.jpg 100w\" sizes=\"auto, (max-width: 300px) 100vw, 300px\" \/><\/a>\n\t\t\t<\/div><\/figure><figure class='gallery-item'>\n\t\t\t<div class='gallery-icon landscape'>\n\t\t\t\t<a href='https:\/\/katolicka-gimnazija.hr\/wp-content\/uploads\/2017\/03\/DSC_4186.jpg'><img loading=\"lazy\" decoding=\"async\" width=\"300\" height=\"200\" src=\"https:\/\/katolicka-gimnazija.hr\/wp-content\/uploads\/2017\/03\/DSC_4186-300x200.jpg\" class=\"attachment-medium size-medium\" alt=\"\" srcset=\"https:\/\/katolicka-gimnazija.hr\/wp-content\/uploads\/2017\/03\/DSC_4186-300x200.jpg 300w, https:\/\/katolicka-gimnazija.hr\/wp-content\/uploads\/2017\/03\/DSC_4186-768x512.jpg 768w, https:\/\/katolicka-gimnazija.hr\/wp-content\/uploads\/2017\/03\/DSC_4186-1024x683.jpg 1024w, https:\/\/katolicka-gimnazija.hr\/wp-content\/uploads\/2017\/03\/DSC_4186-360x240.jpg 360w, https:\/\/katolicka-gimnazija.hr\/wp-content\/uploads\/2017\/03\/DSC_4186-750x500.jpg 750w, https:\/\/katolicka-gimnazija.hr\/wp-content\/uploads\/2017\/03\/DSC_4186-400x267.jpg 400w, https:\/\/katolicka-gimnazija.hr\/wp-content\/uploads\/2017\/03\/DSC_4186-430x287.jpg 430w, https:\/\/katolicka-gimnazija.hr\/wp-content\/uploads\/2017\/03\/DSC_4186-150x100.jpg 150w, https:\/\/katolicka-gimnazija.hr\/wp-content\/uploads\/2017\/03\/DSC_4186-100x67.jpg 100w\" sizes=\"auto, (max-width: 300px) 100vw, 300px\" \/><\/a>\n\t\t\t<\/div><\/figure><figure class='gallery-item'>\n\t\t\t<div class='gallery-icon landscape'>\n\t\t\t\t<a href='https:\/\/katolicka-gimnazija.hr\/wp-content\/uploads\/2017\/03\/DSC_4194.jpg'><img loading=\"lazy\" decoding=\"async\" width=\"300\" height=\"200\" src=\"https:\/\/katolicka-gimnazija.hr\/wp-content\/uploads\/2017\/03\/DSC_4194-300x200.jpg\" class=\"attachment-medium size-medium\" alt=\"\" srcset=\"https:\/\/katolicka-gimnazija.hr\/wp-content\/uploads\/2017\/03\/DSC_4194-300x200.jpg 300w, https:\/\/katolicka-gimnazija.hr\/wp-content\/uploads\/2017\/03\/DSC_4194-768x512.jpg 768w, https:\/\/katolicka-gimnazija.hr\/wp-content\/uploads\/2017\/03\/DSC_4194-1024x683.jpg 1024w, https:\/\/katolicka-gimnazija.hr\/wp-content\/uploads\/2017\/03\/DSC_4194-360x240.jpg 360w, https:\/\/katolicka-gimnazija.hr\/wp-content\/uploads\/2017\/03\/DSC_4194-750x500.jpg 750w, https:\/\/katolicka-gimnazija.hr\/wp-content\/uploads\/2017\/03\/DSC_4194-400x267.jpg 400w, https:\/\/katolicka-gimnazija.hr\/wp-content\/uploads\/2017\/03\/DSC_4194-430x287.jpg 430w, https:\/\/katolicka-gimnazija.hr\/wp-content\/uploads\/2017\/03\/DSC_4194-150x100.jpg 150w, https:\/\/katolicka-gimnazija.hr\/wp-content\/uploads\/2017\/03\/DSC_4194-100x67.jpg 100w\" sizes=\"auto, (max-width: 300px) 100vw, 300px\" \/><\/a>\n\t\t\t<\/div><\/figure><figure class='gallery-item'>\n\t\t\t<div class='gallery-icon landscape'>\n\t\t\t\t<a href='https:\/\/katolicka-gimnazija.hr\/wp-content\/uploads\/2017\/03\/DSC_4199.jpg'><img loading=\"lazy\" decoding=\"async\" width=\"300\" height=\"200\" src=\"https:\/\/katolicka-gimnazija.hr\/wp-content\/uploads\/2017\/03\/DSC_4199-300x200.jpg\" class=\"attachment-medium size-medium\" alt=\"\" srcset=\"https:\/\/katolicka-gimnazija.hr\/wp-content\/uploads\/2017\/03\/DSC_4199-300x200.jpg 300w, https:\/\/katolicka-gimnazija.hr\/wp-content\/uploads\/2017\/03\/DSC_4199-768x512.jpg 768w, https:\/\/katolicka-gimnazija.hr\/wp-content\/uploads\/2017\/03\/DSC_4199-1024x683.jpg 1024w, https:\/\/katolicka-gimnazija.hr\/wp-content\/uploads\/2017\/03\/DSC_4199-360x240.jpg 360w, https:\/\/katolicka-gimnazija.hr\/wp-content\/uploads\/2017\/03\/DSC_4199-750x500.jpg 750w, https:\/\/katolicka-gimnazija.hr\/wp-content\/uploads\/2017\/03\/DSC_4199-400x267.jpg 400w, https:\/\/katolicka-gimnazija.hr\/wp-content\/uploads\/2017\/03\/DSC_4199-430x287.jpg 430w, https:\/\/katolicka-gimnazija.hr\/wp-content\/uploads\/2017\/03\/DSC_4199-150x100.jpg 150w, https:\/\/katolicka-gimnazija.hr\/wp-content\/uploads\/2017\/03\/DSC_4199-100x67.jpg 100w\" sizes=\"auto, (max-width: 300px) 100vw, 300px\" \/><\/a>\n\t\t\t<\/div><\/figure><figure class='gallery-item'>\n\t\t\t<div class='gallery-icon landscape'>\n\t\t\t\t<a href='https:\/\/katolicka-gimnazija.hr\/wp-content\/uploads\/2017\/03\/DSC_4212.jpg'><img loading=\"lazy\" decoding=\"async\" width=\"300\" height=\"200\" src=\"https:\/\/katolicka-gimnazija.hr\/wp-content\/uploads\/2017\/03\/DSC_4212-300x200.jpg\" class=\"attachment-medium size-medium\" alt=\"\" srcset=\"https:\/\/katolicka-gimnazija.hr\/wp-content\/uploads\/2017\/03\/DSC_4212-300x200.jpg 300w, https:\/\/katolicka-gimnazija.hr\/wp-content\/uploads\/2017\/03\/DSC_4212-768x512.jpg 768w, https:\/\/katolicka-gimnazija.hr\/wp-content\/uploads\/2017\/03\/DSC_4212-1024x683.jpg 1024w, https:\/\/katolicka-gimnazija.hr\/wp-content\/uploads\/2017\/03\/DSC_4212-360x240.jpg 360w, https:\/\/katolicka-gimnazija.hr\/wp-content\/uploads\/2017\/03\/DSC_4212-750x500.jpg 750w, https:\/\/katolicka-gimnazija.hr\/wp-content\/uploads\/2017\/03\/DSC_4212-400x267.jpg 400w, https:\/\/katolicka-gimnazija.hr\/wp-content\/uploads\/2017\/03\/DSC_4212-430x287.jpg 430w, https:\/\/katolicka-gimnazija.hr\/wp-content\/uploads\/2017\/03\/DSC_4212-150x100.jpg 150w, https:\/\/katolicka-gimnazija.hr\/wp-content\/uploads\/2017\/03\/DSC_4212-100x67.jpg 100w\" sizes=\"auto, (max-width: 300px) 100vw, 300px\" \/><\/a>\n\t\t\t<\/div><\/figure><figure class='gallery-item'>\n\t\t\t<div class='gallery-icon landscape'>\n\t\t\t\t<a href='https:\/\/katolicka-gimnazija.hr\/wp-content\/uploads\/2017\/03\/DSC_4215.jpg'><img loading=\"lazy\" decoding=\"async\" width=\"300\" height=\"200\" src=\"https:\/\/katolicka-gimnazija.hr\/wp-content\/uploads\/2017\/03\/DSC_4215-300x200.jpg\" class=\"attachment-medium size-medium\" alt=\"\" srcset=\"https:\/\/katolicka-gimnazija.hr\/wp-content\/uploads\/2017\/03\/DSC_4215-300x200.jpg 300w, https:\/\/katolicka-gimnazija.hr\/wp-content\/uploads\/2017\/03\/DSC_4215-768x512.jpg 768w, https:\/\/katolicka-gimnazija.hr\/wp-content\/uploads\/2017\/03\/DSC_4215-1024x683.jpg 1024w, https:\/\/katolicka-gimnazija.hr\/wp-content\/uploads\/2017\/03\/DSC_4215-360x240.jpg 360w, https:\/\/katolicka-gimnazija.hr\/wp-content\/uploads\/2017\/03\/DSC_4215-750x500.jpg 750w, https:\/\/katolicka-gimnazija.hr\/wp-content\/uploads\/2017\/03\/DSC_4215-400x267.jpg 400w, https:\/\/katolicka-gimnazija.hr\/wp-content\/uploads\/2017\/03\/DSC_4215-430x287.jpg 430w, https:\/\/katolicka-gimnazija.hr\/wp-content\/uploads\/2017\/03\/DSC_4215-150x100.jpg 150w, https:\/\/katolicka-gimnazija.hr\/wp-content\/uploads\/2017\/03\/DSC_4215-100x67.jpg 100w\" sizes=\"auto, (max-width: 300px) 100vw, 300px\" \/><\/a>\n\t\t\t<\/div><\/figure><figure class='gallery-item'>\n\t\t\t<div class='gallery-icon landscape'>\n\t\t\t\t<a href='https:\/\/katolicka-gimnazija.hr\/wp-content\/uploads\/2017\/03\/DSC_4218.jpg'><img loading=\"lazy\" decoding=\"async\" width=\"300\" height=\"200\" src=\"https:\/\/katolicka-gimnazija.hr\/wp-content\/uploads\/2017\/03\/DSC_4218-300x200.jpg\" class=\"attachment-medium size-medium\" alt=\"\" srcset=\"https:\/\/katolicka-gimnazija.hr\/wp-content\/uploads\/2017\/03\/DSC_4218-300x200.jpg 300w, https:\/\/katolicka-gimnazija.hr\/wp-content\/uploads\/2017\/03\/DSC_4218-768x512.jpg 768w, https:\/\/katolicka-gimnazija.hr\/wp-content\/uploads\/2017\/03\/DSC_4218-1024x683.jpg 1024w, https:\/\/katolicka-gimnazija.hr\/wp-content\/uploads\/2017\/03\/DSC_4218-360x240.jpg 360w, https:\/\/katolicka-gimnazija.hr\/wp-content\/uploads\/2017\/03\/DSC_4218-750x500.jpg 750w, https:\/\/katolicka-gimnazija.hr\/wp-content\/uploads\/2017\/03\/DSC_4218-400x267.jpg 400w, https:\/\/katolicka-gimnazija.hr\/wp-content\/uploads\/2017\/03\/DSC_4218-430x287.jpg 430w, https:\/\/katolicka-gimnazija.hr\/wp-content\/uploads\/2017\/03\/DSC_4218-150x100.jpg 150w, https:\/\/katolicka-gimnazija.hr\/wp-content\/uploads\/2017\/03\/DSC_4218-100x67.jpg 100w\" sizes=\"auto, (max-width: 300px) 100vw, 300px\" \/><\/a>\n\t\t\t<\/div><\/figure><figure class='gallery-item'>\n\t\t\t<div class='gallery-icon landscape'>\n\t\t\t\t<a href='https:\/\/katolicka-gimnazija.hr\/wp-content\/uploads\/2017\/03\/DSC_4231.jpg'><img loading=\"lazy\" decoding=\"async\" width=\"300\" height=\"200\" src=\"https:\/\/katolicka-gimnazija.hr\/wp-content\/uploads\/2017\/03\/DSC_4231-300x200.jpg\" class=\"attachment-medium size-medium\" alt=\"\" srcset=\"https:\/\/katolicka-gimnazija.hr\/wp-content\/uploads\/2017\/03\/DSC_4231-300x200.jpg 300w, https:\/\/katolicka-gimnazija.hr\/wp-content\/uploads\/2017\/03\/DSC_4231-768x512.jpg 768w, https:\/\/katolicka-gimnazija.hr\/wp-content\/uploads\/2017\/03\/DSC_4231-1024x683.jpg 1024w, https:\/\/katolicka-gimnazija.hr\/wp-content\/uploads\/2017\/03\/DSC_4231-360x240.jpg 360w, https:\/\/katolicka-gimnazija.hr\/wp-content\/uploads\/2017\/03\/DSC_4231-750x500.jpg 750w, https:\/\/katolicka-gimnazija.hr\/wp-content\/uploads\/2017\/03\/DSC_4231-400x267.jpg 400w, https:\/\/katolicka-gimnazija.hr\/wp-content\/uploads\/2017\/03\/DSC_4231-430x287.jpg 430w, https:\/\/katolicka-gimnazija.hr\/wp-content\/uploads\/2017\/03\/DSC_4231-150x100.jpg 150w, https:\/\/katolicka-gimnazija.hr\/wp-content\/uploads\/2017\/03\/DSC_4231-100x67.jpg 100w\" sizes=\"auto, (max-width: 300px) 100vw, 300px\" \/><\/a>\n\t\t\t<\/div><\/figure><figure class='gallery-item'>\n\t\t\t<div class='gallery-icon landscape'>\n\t\t\t\t<a href='https:\/\/katolicka-gimnazija.hr\/wp-content\/uploads\/2017\/03\/DSC_4234.jpg'><img loading=\"lazy\" decoding=\"async\" width=\"300\" height=\"200\" src=\"https:\/\/katolicka-gimnazija.hr\/wp-content\/uploads\/2017\/03\/DSC_4234-300x200.jpg\" class=\"attachment-medium size-medium\" alt=\"\" srcset=\"https:\/\/katolicka-gimnazija.hr\/wp-content\/uploads\/2017\/03\/DSC_4234-300x200.jpg 300w, https:\/\/katolicka-gimnazija.hr\/wp-content\/uploads\/2017\/03\/DSC_4234-768x512.jpg 768w, https:\/\/katolicka-gimnazija.hr\/wp-content\/uploads\/2017\/03\/DSC_4234-1024x683.jpg 1024w, https:\/\/katolicka-gimnazija.hr\/wp-content\/uploads\/2017\/03\/DSC_4234-360x240.jpg 360w, https:\/\/katolicka-gimnazija.hr\/wp-content\/uploads\/2017\/03\/DSC_4234-750x500.jpg 750w, https:\/\/katolicka-gimnazija.hr\/wp-content\/uploads\/2017\/03\/DSC_4234-400x267.jpg 400w, https:\/\/katolicka-gimnazija.hr\/wp-content\/uploads\/2017\/03\/DSC_4234-430x287.jpg 430w, https:\/\/katolicka-gimnazija.hr\/wp-content\/uploads\/2017\/03\/DSC_4234-150x100.jpg 150w, https:\/\/katolicka-gimnazija.hr\/wp-content\/uploads\/2017\/03\/DSC_4234-100x67.jpg 100w\" sizes=\"auto, (max-width: 300px) 100vw, 300px\" \/><\/a>\n\t\t\t<\/div><\/figure><figure class='gallery-item'>\n\t\t\t<div class='gallery-icon landscape'>\n\t\t\t\t<a href='https:\/\/katolicka-gimnazija.hr\/wp-content\/uploads\/2017\/03\/DSC_4235.jpg'><img loading=\"lazy\" decoding=\"async\" width=\"300\" height=\"200\" src=\"https:\/\/katolicka-gimnazija.hr\/wp-content\/uploads\/2017\/03\/DSC_4235-300x200.jpg\" class=\"attachment-medium size-medium\" alt=\"\" srcset=\"https:\/\/katolicka-gimnazija.hr\/wp-content\/uploads\/2017\/03\/DSC_4235-300x200.jpg 300w, https:\/\/katolicka-gimnazija.hr\/wp-content\/uploads\/2017\/03\/DSC_4235-768x512.jpg 768w, https:\/\/katolicka-gimnazija.hr\/wp-content\/uploads\/2017\/03\/DSC_4235-1024x683.jpg 1024w, https:\/\/katolicka-gimnazija.hr\/wp-content\/uploads\/2017\/03\/DSC_4235-360x240.jpg 360w, https:\/\/katolicka-gimnazija.hr\/wp-content\/uploads\/2017\/03\/DSC_4235-750x500.jpg 750w, https:\/\/katolicka-gimnazija.hr\/wp-content\/uploads\/2017\/03\/DSC_4235-400x267.jpg 400w, https:\/\/katolicka-gimnazija.hr\/wp-content\/uploads\/2017\/03\/DSC_4235-430x287.jpg 430w, https:\/\/katolicka-gimnazija.hr\/wp-content\/uploads\/2017\/03\/DSC_4235-150x100.jpg 150w, https:\/\/katolicka-gimnazija.hr\/wp-content\/uploads\/2017\/03\/DSC_4235-100x67.jpg 100w\" sizes=\"auto, (max-width: 300px) 100vw, 300px\" \/><\/a>\n\t\t\t<\/div><\/figure><figure class='gallery-item'>\n\t\t\t<div class='gallery-icon landscape'>\n\t\t\t\t<a href='https:\/\/katolicka-gimnazija.hr\/wp-content\/uploads\/2017\/03\/DSC_4254.jpg'><img loading=\"lazy\" decoding=\"async\" width=\"300\" height=\"200\" src=\"https:\/\/katolicka-gimnazija.hr\/wp-content\/uploads\/2017\/03\/DSC_4254-300x200.jpg\" class=\"attachment-medium size-medium\" alt=\"\" srcset=\"https:\/\/katolicka-gimnazija.hr\/wp-content\/uploads\/2017\/03\/DSC_4254-300x200.jpg 300w, https:\/\/katolicka-gimnazija.hr\/wp-content\/uploads\/2017\/03\/DSC_4254-768x512.jpg 768w, https:\/\/katolicka-gimnazija.hr\/wp-content\/uploads\/2017\/03\/DSC_4254-1024x683.jpg 1024w, https:\/\/katolicka-gimnazija.hr\/wp-content\/uploads\/2017\/03\/DSC_4254-360x240.jpg 360w, https:\/\/katolicka-gimnazija.hr\/wp-content\/uploads\/2017\/03\/DSC_4254-750x500.jpg 750w, https:\/\/katolicka-gimnazija.hr\/wp-content\/uploads\/2017\/03\/DSC_4254-400x267.jpg 400w, https:\/\/katolicka-gimnazija.hr\/wp-content\/uploads\/2017\/03\/DSC_4254-430x287.jpg 430w, https:\/\/katolicka-gimnazija.hr\/wp-content\/uploads\/2017\/03\/DSC_4254-150x100.jpg 150w, https:\/\/katolicka-gimnazija.hr\/wp-content\/uploads\/2017\/03\/DSC_4254-100x67.jpg 100w\" sizes=\"auto, (max-width: 300px) 100vw, 300px\" \/><\/a>\n\t\t\t<\/div><\/figure><figure class='gallery-item'>\n\t\t\t<div class='gallery-icon landscape'>\n\t\t\t\t<a href='https:\/\/katolicka-gimnazija.hr\/wp-content\/uploads\/2017\/03\/DSC_4260.jpg'><img loading=\"lazy\" decoding=\"async\" width=\"300\" height=\"200\" src=\"https:\/\/katolicka-gimnazija.hr\/wp-content\/uploads\/2017\/03\/DSC_4260-300x200.jpg\" class=\"attachment-medium size-medium\" alt=\"\" srcset=\"https:\/\/katolicka-gimnazija.hr\/wp-content\/uploads\/2017\/03\/DSC_4260-300x200.jpg 300w, https:\/\/katolicka-gimnazija.hr\/wp-content\/uploads\/2017\/03\/DSC_4260-768x512.jpg 768w, https:\/\/katolicka-gimnazija.hr\/wp-content\/uploads\/2017\/03\/DSC_4260-1024x683.jpg 1024w, https:\/\/katolicka-gimnazija.hr\/wp-content\/uploads\/2017\/03\/DSC_4260-360x240.jpg 360w, https:\/\/katolicka-gimnazija.hr\/wp-content\/uploads\/2017\/03\/DSC_4260-750x500.jpg 750w, https:\/\/katolicka-gimnazija.hr\/wp-content\/uploads\/2017\/03\/DSC_4260-400x267.jpg 400w, https:\/\/katolicka-gimnazija.hr\/wp-content\/uploads\/2017\/03\/DSC_4260-430x287.jpg 430w, https:\/\/katolicka-gimnazija.hr\/wp-content\/uploads\/2017\/03\/DSC_4260-150x100.jpg 150w, https:\/\/katolicka-gimnazija.hr\/wp-content\/uploads\/2017\/03\/DSC_4260-100x67.jpg 100w\" sizes=\"auto, (max-width: 300px) 100vw, 300px\" \/><\/a>\n\t\t\t<\/div><\/figure><figure class='gallery-item'>\n\t\t\t<div class='gallery-icon landscape'>\n\t\t\t\t<a href='https:\/\/katolicka-gimnazija.hr\/wp-content\/uploads\/2017\/03\/DSC_4271.jpg'><img loading=\"lazy\" decoding=\"async\" width=\"300\" height=\"200\" src=\"https:\/\/katolicka-gimnazija.hr\/wp-content\/uploads\/2017\/03\/DSC_4271-300x200.jpg\" class=\"attachment-medium size-medium\" alt=\"\" srcset=\"https:\/\/katolicka-gimnazija.hr\/wp-content\/uploads\/2017\/03\/DSC_4271-300x200.jpg 300w, https:\/\/katolicka-gimnazija.hr\/wp-content\/uploads\/2017\/03\/DSC_4271-768x512.jpg 768w, https:\/\/katolicka-gimnazija.hr\/wp-content\/uploads\/2017\/03\/DSC_4271-1024x683.jpg 1024w, https:\/\/katolicka-gimnazija.hr\/wp-content\/uploads\/2017\/03\/DSC_4271-360x240.jpg 360w, https:\/\/katolicka-gimnazija.hr\/wp-content\/uploads\/2017\/03\/DSC_4271-750x500.jpg 750w, https:\/\/katolicka-gimnazija.hr\/wp-content\/uploads\/2017\/03\/DSC_4271-400x267.jpg 400w, https:\/\/katolicka-gimnazija.hr\/wp-content\/uploads\/2017\/03\/DSC_4271-430x287.jpg 430w, https:\/\/katolicka-gimnazija.hr\/wp-content\/uploads\/2017\/03\/DSC_4271-150x100.jpg 150w, https:\/\/katolicka-gimnazija.hr\/wp-content\/uploads\/2017\/03\/DSC_4271-100x67.jpg 100w\" sizes=\"auto, (max-width: 300px) 100vw, 300px\" \/><\/a>\n\t\t\t<\/div><\/figure><figure class='gallery-item'>\n\t\t\t<div class='gallery-icon landscape'>\n\t\t\t\t<a href='https:\/\/katolicka-gimnazija.hr\/wp-content\/uploads\/2017\/03\/DSC_4322.jpg'><img loading=\"lazy\" decoding=\"async\" width=\"300\" height=\"200\" src=\"https:\/\/katolicka-gimnazija.hr\/wp-content\/uploads\/2017\/03\/DSC_4322-300x200.jpg\" class=\"attachment-medium size-medium\" alt=\"\" srcset=\"https:\/\/katolicka-gimnazija.hr\/wp-content\/uploads\/2017\/03\/DSC_4322-300x200.jpg 300w, https:\/\/katolicka-gimnazija.hr\/wp-content\/uploads\/2017\/03\/DSC_4322-768x512.jpg 768w, https:\/\/katolicka-gimnazija.hr\/wp-content\/uploads\/2017\/03\/DSC_4322-1024x683.jpg 1024w, https:\/\/katolicka-gimnazija.hr\/wp-content\/uploads\/2017\/03\/DSC_4322-360x240.jpg 360w, https:\/\/katolicka-gimnazija.hr\/wp-content\/uploads\/2017\/03\/DSC_4322-750x500.jpg 750w, https:\/\/katolicka-gimnazija.hr\/wp-content\/uploads\/2017\/03\/DSC_4322-400x267.jpg 400w, https:\/\/katolicka-gimnazija.hr\/wp-content\/uploads\/2017\/03\/DSC_4322-430x287.jpg 430w, https:\/\/katolicka-gimnazija.hr\/wp-content\/uploads\/2017\/03\/DSC_4322-150x100.jpg 150w, https:\/\/katolicka-gimnazija.hr\/wp-content\/uploads\/2017\/03\/DSC_4322-100x67.jpg 100w\" sizes=\"auto, (max-width: 300px) 100vw, 300px\" \/><\/a>\n\t\t\t<\/div><\/figure><figure class='gallery-item'>\n\t\t\t<div class='gallery-icon landscape'>\n\t\t\t\t<a href='https:\/\/katolicka-gimnazija.hr\/wp-content\/uploads\/2017\/03\/DSC_4330.jpg'><img loading=\"lazy\" decoding=\"async\" width=\"300\" height=\"200\" src=\"https:\/\/katolicka-gimnazija.hr\/wp-content\/uploads\/2017\/03\/DSC_4330-300x200.jpg\" class=\"attachment-medium size-medium\" alt=\"\" srcset=\"https:\/\/katolicka-gimnazija.hr\/wp-content\/uploads\/2017\/03\/DSC_4330-300x200.jpg 300w, https:\/\/katolicka-gimnazija.hr\/wp-content\/uploads\/2017\/03\/DSC_4330-768x512.jpg 768w, https:\/\/katolicka-gimnazija.hr\/wp-content\/uploads\/2017\/03\/DSC_4330-1024x683.jpg 1024w, https:\/\/katolicka-gimnazija.hr\/wp-content\/uploads\/2017\/03\/DSC_4330-360x240.jpg 360w, https:\/\/katolicka-gimnazija.hr\/wp-content\/uploads\/2017\/03\/DSC_4330-750x500.jpg 750w, https:\/\/katolicka-gimnazija.hr\/wp-content\/uploads\/2017\/03\/DSC_4330-400x267.jpg 400w, https:\/\/katolicka-gimnazija.hr\/wp-content\/uploads\/2017\/03\/DSC_4330-430x287.jpg 430w, https:\/\/katolicka-gimnazija.hr\/wp-content\/uploads\/2017\/03\/DSC_4330-150x100.jpg 150w, https:\/\/katolicka-gimnazija.hr\/wp-content\/uploads\/2017\/03\/DSC_4330-100x67.jpg 100w\" sizes=\"auto, (max-width: 300px) 100vw, 300px\" \/><\/a>\n\t\t\t<\/div><\/figure><figure class='gallery-item'>\n\t\t\t<div class='gallery-icon landscape'>\n\t\t\t\t<a href='https:\/\/katolicka-gimnazija.hr\/wp-content\/uploads\/2017\/03\/DSC_4386.jpg'><img loading=\"lazy\" decoding=\"async\" width=\"300\" height=\"200\" src=\"https:\/\/katolicka-gimnazija.hr\/wp-content\/uploads\/2017\/03\/DSC_4386-300x200.jpg\" class=\"attachment-medium size-medium\" alt=\"\" srcset=\"https:\/\/katolicka-gimnazija.hr\/wp-content\/uploads\/2017\/03\/DSC_4386-300x200.jpg 300w, https:\/\/katolicka-gimnazija.hr\/wp-content\/uploads\/2017\/03\/DSC_4386-768x512.jpg 768w, https:\/\/katolicka-gimnazija.hr\/wp-content\/uploads\/2017\/03\/DSC_4386-1024x683.jpg 1024w, https:\/\/katolicka-gimnazija.hr\/wp-content\/uploads\/2017\/03\/DSC_4386-360x240.jpg 360w, https:\/\/katolicka-gimnazija.hr\/wp-content\/uploads\/2017\/03\/DSC_4386-750x500.jpg 750w, https:\/\/katolicka-gimnazija.hr\/wp-content\/uploads\/2017\/03\/DSC_4386-400x267.jpg 400w, https:\/\/katolicka-gimnazija.hr\/wp-content\/uploads\/2017\/03\/DSC_4386-430x287.jpg 430w, https:\/\/katolicka-gimnazija.hr\/wp-content\/uploads\/2017\/03\/DSC_4386-150x100.jpg 150w, https:\/\/katolicka-gimnazija.hr\/wp-content\/uploads\/2017\/03\/DSC_4386-100x67.jpg 100w\" sizes=\"auto, (max-width: 300px) 100vw, 300px\" \/><\/a>\n\t\t\t<\/div><\/figure><figure class='gallery-item'>\n\t\t\t<div class='gallery-icon landscape'>\n\t\t\t\t<a href='https:\/\/katolicka-gimnazija.hr\/wp-content\/uploads\/2017\/03\/DSC_4388.jpg'><img loading=\"lazy\" decoding=\"async\" width=\"300\" height=\"200\" src=\"https:\/\/katolicka-gimnazija.hr\/wp-content\/uploads\/2017\/03\/DSC_4388-300x200.jpg\" class=\"attachment-medium size-medium\" alt=\"\" srcset=\"https:\/\/katolicka-gimnazija.hr\/wp-content\/uploads\/2017\/03\/DSC_4388-300x200.jpg 300w, https:\/\/katolicka-gimnazija.hr\/wp-content\/uploads\/2017\/03\/DSC_4388-768x512.jpg 768w, https:\/\/katolicka-gimnazija.hr\/wp-content\/uploads\/2017\/03\/DSC_4388-1024x683.jpg 1024w, https:\/\/katolicka-gimnazija.hr\/wp-content\/uploads\/2017\/03\/DSC_4388-360x240.jpg 360w, https:\/\/katolicka-gimnazija.hr\/wp-content\/uploads\/2017\/03\/DSC_4388-750x500.jpg 750w, https:\/\/katolicka-gimnazija.hr\/wp-content\/uploads\/2017\/03\/DSC_4388-400x267.jpg 400w, https:\/\/katolicka-gimnazija.hr\/wp-content\/uploads\/2017\/03\/DSC_4388-430x287.jpg 430w, https:\/\/katolicka-gimnazija.hr\/wp-content\/uploads\/2017\/03\/DSC_4388-150x100.jpg 150w, https:\/\/katolicka-gimnazija.hr\/wp-content\/uploads\/2017\/03\/DSC_4388-100x67.jpg 100w\" sizes=\"auto, (max-width: 300px) 100vw, 300px\" \/><\/a>\n\t\t\t<\/div><\/figure><figure class='gallery-item'>\n\t\t\t<div class='gallery-icon landscape'>\n\t\t\t\t<a href='https:\/\/katolicka-gimnazija.hr\/wp-content\/uploads\/2017\/03\/DSC_4401.jpg'><img loading=\"lazy\" decoding=\"async\" width=\"300\" height=\"200\" src=\"https:\/\/katolicka-gimnazija.hr\/wp-content\/uploads\/2017\/03\/DSC_4401-300x200.jpg\" class=\"attachment-medium size-medium\" alt=\"\" srcset=\"https:\/\/katolicka-gimnazija.hr\/wp-content\/uploads\/2017\/03\/DSC_4401-300x200.jpg 300w, https:\/\/katolicka-gimnazija.hr\/wp-content\/uploads\/2017\/03\/DSC_4401-768x512.jpg 768w, https:\/\/katolicka-gimnazija.hr\/wp-content\/uploads\/2017\/03\/DSC_4401-1024x683.jpg 1024w, https:\/\/katolicka-gimnazija.hr\/wp-content\/uploads\/2017\/03\/DSC_4401-360x240.jpg 360w, https:\/\/katolicka-gimnazija.hr\/wp-content\/uploads\/2017\/03\/DSC_4401-750x500.jpg 750w, https:\/\/katolicka-gimnazija.hr\/wp-content\/uploads\/2017\/03\/DSC_4401-400x267.jpg 400w, https:\/\/katolicka-gimnazija.hr\/wp-content\/uploads\/2017\/03\/DSC_4401-430x287.jpg 430w, https:\/\/katolicka-gimnazija.hr\/wp-content\/uploads\/2017\/03\/DSC_4401-150x100.jpg 150w, https:\/\/katolicka-gimnazija.hr\/wp-content\/uploads\/2017\/03\/DSC_4401-100x67.jpg 100w\" sizes=\"auto, (max-width: 300px) 100vw, 300px\" \/><\/a>\n\t\t\t<\/div><\/figure><figure class='gallery-item'>\n\t\t\t<div class='gallery-icon landscape'>\n\t\t\t\t<a href='https:\/\/katolicka-gimnazija.hr\/wp-content\/uploads\/2017\/03\/DSC_4417.jpg'><img loading=\"lazy\" decoding=\"async\" width=\"300\" height=\"200\" src=\"https:\/\/katolicka-gimnazija.hr\/wp-content\/uploads\/2017\/03\/DSC_4417-300x200.jpg\" class=\"attachment-medium size-medium\" alt=\"\" srcset=\"https:\/\/katolicka-gimnazija.hr\/wp-content\/uploads\/2017\/03\/DSC_4417-300x200.jpg 300w, https:\/\/katolicka-gimnazija.hr\/wp-content\/uploads\/2017\/03\/DSC_4417-768x512.jpg 768w, https:\/\/katolicka-gimnazija.hr\/wp-content\/uploads\/2017\/03\/DSC_4417-1024x683.jpg 1024w, https:\/\/katolicka-gimnazija.hr\/wp-content\/uploads\/2017\/03\/DSC_4417-360x240.jpg 360w, https:\/\/katolicka-gimnazija.hr\/wp-content\/uploads\/2017\/03\/DSC_4417-750x500.jpg 750w, https:\/\/katolicka-gimnazija.hr\/wp-content\/uploads\/2017\/03\/DSC_4417-400x267.jpg 400w, https:\/\/katolicka-gimnazija.hr\/wp-content\/uploads\/2017\/03\/DSC_4417-430x287.jpg 430w, https:\/\/katolicka-gimnazija.hr\/wp-content\/uploads\/2017\/03\/DSC_4417-150x100.jpg 150w, https:\/\/katolicka-gimnazija.hr\/wp-content\/uploads\/2017\/03\/DSC_4417-100x67.jpg 100w\" sizes=\"auto, (max-width: 300px) 100vw, 300px\" \/><\/a>\n\t\t\t<\/div><\/figure><figure class='gallery-item'>\n\t\t\t<div class='gallery-icon landscape'>\n\t\t\t\t<a href='https:\/\/katolicka-gimnazija.hr\/wp-content\/uploads\/2017\/03\/DSC_4534.jpg'><img loading=\"lazy\" decoding=\"async\" width=\"300\" height=\"200\" src=\"https:\/\/katolicka-gimnazija.hr\/wp-content\/uploads\/2017\/03\/DSC_4534-300x200.jpg\" class=\"attachment-medium size-medium\" alt=\"\" srcset=\"https:\/\/katolicka-gimnazija.hr\/wp-content\/uploads\/2017\/03\/DSC_4534-300x200.jpg 300w, https:\/\/katolicka-gimnazija.hr\/wp-content\/uploads\/2017\/03\/DSC_4534-768x512.jpg 768w, https:\/\/katolicka-gimnazija.hr\/wp-content\/uploads\/2017\/03\/DSC_4534-1024x683.jpg 1024w, https:\/\/katolicka-gimnazija.hr\/wp-content\/uploads\/2017\/03\/DSC_4534-360x240.jpg 360w, https:\/\/katolicka-gimnazija.hr\/wp-content\/uploads\/2017\/03\/DSC_4534-750x500.jpg 750w, https:\/\/katolicka-gimnazija.hr\/wp-content\/uploads\/2017\/03\/DSC_4534-400x267.jpg 400w, https:\/\/katolicka-gimnazija.hr\/wp-content\/uploads\/2017\/03\/DSC_4534-430x287.jpg 430w, https:\/\/katolicka-gimnazija.hr\/wp-content\/uploads\/2017\/03\/DSC_4534-150x100.jpg 150w, https:\/\/katolicka-gimnazija.hr\/wp-content\/uploads\/2017\/03\/DSC_4534-100x67.jpg 100w\" sizes=\"auto, (max-width: 300px) 100vw, 300px\" \/><\/a>\n\t\t\t<\/div><\/figure><figure class='gallery-item'>\n\t\t\t<div class='gallery-icon landscape'>\n\t\t\t\t<a href='https:\/\/katolicka-gimnazija.hr\/wp-content\/uploads\/2017\/03\/DSC_4543.jpg'><img loading=\"lazy\" decoding=\"async\" width=\"300\" height=\"200\" src=\"https:\/\/katolicka-gimnazija.hr\/wp-content\/uploads\/2017\/03\/DSC_4543-300x200.jpg\" class=\"attachment-medium size-medium\" alt=\"\" srcset=\"https:\/\/katolicka-gimnazija.hr\/wp-content\/uploads\/2017\/03\/DSC_4543-300x200.jpg 300w, https:\/\/katolicka-gimnazija.hr\/wp-content\/uploads\/2017\/03\/DSC_4543-768x512.jpg 768w, https:\/\/katolicka-gimnazija.hr\/wp-content\/uploads\/2017\/03\/DSC_4543-1024x683.jpg 1024w, https:\/\/katolicka-gimnazija.hr\/wp-content\/uploads\/2017\/03\/DSC_4543-360x240.jpg 360w, https:\/\/katolicka-gimnazija.hr\/wp-content\/uploads\/2017\/03\/DSC_4543-750x500.jpg 750w, https:\/\/katolicka-gimnazija.hr\/wp-content\/uploads\/2017\/03\/DSC_4543-400x267.jpg 400w, https:\/\/katolicka-gimnazija.hr\/wp-content\/uploads\/2017\/03\/DSC_4543-430x287.jpg 430w, https:\/\/katolicka-gimnazija.hr\/wp-content\/uploads\/2017\/03\/DSC_4543-150x100.jpg 150w, https:\/\/katolicka-gimnazija.hr\/wp-content\/uploads\/2017\/03\/DSC_4543-100x67.jpg 100w\" sizes=\"auto, (max-width: 300px) 100vw, 300px\" \/><\/a>\n\t\t\t<\/div><\/figure><figure class='gallery-item'>\n\t\t\t<div class='gallery-icon landscape'>\n\t\t\t\t<a href='https:\/\/katolicka-gimnazija.hr\/wp-content\/uploads\/2017\/03\/DSC_4553.jpg'><img loading=\"lazy\" decoding=\"async\" width=\"300\" height=\"200\" src=\"https:\/\/katolicka-gimnazija.hr\/wp-content\/uploads\/2017\/03\/DSC_4553-300x200.jpg\" class=\"attachment-medium size-medium\" alt=\"\" srcset=\"https:\/\/katolicka-gimnazija.hr\/wp-content\/uploads\/2017\/03\/DSC_4553-300x200.jpg 300w, https:\/\/katolicka-gimnazija.hr\/wp-content\/uploads\/2017\/03\/DSC_4553-768x512.jpg 768w, https:\/\/katolicka-gimnazija.hr\/wp-content\/uploads\/2017\/03\/DSC_4553-1024x683.jpg 1024w, https:\/\/katolicka-gimnazija.hr\/wp-content\/uploads\/2017\/03\/DSC_4553-360x240.jpg 360w, https:\/\/katolicka-gimnazija.hr\/wp-content\/uploads\/2017\/03\/DSC_4553-750x500.jpg 750w, https:\/\/katolicka-gimnazija.hr\/wp-content\/uploads\/2017\/03\/DSC_4553-400x267.jpg 400w, https:\/\/katolicka-gimnazija.hr\/wp-content\/uploads\/2017\/03\/DSC_4553-430x287.jpg 430w, https:\/\/katolicka-gimnazija.hr\/wp-content\/uploads\/2017\/03\/DSC_4553-150x100.jpg 150w, https:\/\/katolicka-gimnazija.hr\/wp-content\/uploads\/2017\/03\/DSC_4553-100x67.jpg 100w\" sizes=\"auto, (max-width: 300px) 100vw, 300px\" \/><\/a>\n\t\t\t<\/div><\/figure><figure class='gallery-item'>\n\t\t\t<div class='gallery-icon landscape'>\n\t\t\t\t<a href='https:\/\/katolicka-gimnazija.hr\/wp-content\/uploads\/2017\/03\/DSC_4564.jpg'><img loading=\"lazy\" decoding=\"async\" width=\"300\" height=\"200\" src=\"https:\/\/katolicka-gimnazija.hr\/wp-content\/uploads\/2017\/03\/DSC_4564-300x200.jpg\" class=\"attachment-medium size-medium\" alt=\"\" srcset=\"https:\/\/katolicka-gimnazija.hr\/wp-content\/uploads\/2017\/03\/DSC_4564-300x200.jpg 300w, https:\/\/katolicka-gimnazija.hr\/wp-content\/uploads\/2017\/03\/DSC_4564-768x512.jpg 768w, https:\/\/katolicka-gimnazija.hr\/wp-content\/uploads\/2017\/03\/DSC_4564-1024x683.jpg 1024w, https:\/\/katolicka-gimnazija.hr\/wp-content\/uploads\/2017\/03\/DSC_4564-360x240.jpg 360w, https:\/\/katolicka-gimnazija.hr\/wp-content\/uploads\/2017\/03\/DSC_4564-750x500.jpg 750w, https:\/\/katolicka-gimnazija.hr\/wp-content\/uploads\/2017\/03\/DSC_4564-400x267.jpg 400w, https:\/\/katolicka-gimnazija.hr\/wp-content\/uploads\/2017\/03\/DSC_4564-430x287.jpg 430w, https:\/\/katolicka-gimnazija.hr\/wp-content\/uploads\/2017\/03\/DSC_4564-150x100.jpg 150w, https:\/\/katolicka-gimnazija.hr\/wp-content\/uploads\/2017\/03\/DSC_4564-100x67.jpg 100w\" sizes=\"auto, (max-width: 300px) 100vw, 300px\" \/><\/a>\n\t\t\t<\/div><\/figure>\n\t\t<\/div>\n\n","protected":false},"excerpt":{"rendered":"<p>I ove je godine na\u0161a \u0161kola bila doma\u0107inom Biskupijskog natjecanja iz vjeronauka u kojem je sudjelovalo vi\u0161e od 80 srednjo\u0161kolaca iz 20 srednjih \u0161kola s podru\u010dja \u010dak \u0161est razli\u010ditih \u017eupanija. Isto tako u Katoli\u010dkoj osnovnoj \u0161koli natjecalo se 40 osnovno\u0161kolaca. Predstavnici na\u0161e \u0161kole Jelena Dori\u0107, Mijo Radi\u0107, Ru\u017eica Antolovi\u0107 i Mihaela Filipovi\u0107 prevo\u0111eni mentorom Marijanom [&hellip;]<\/p>\n","protected":false},"author":1,"featured_media":8789,"comment_status":"closed","ping_status":"closed","sticky":false,"template":"","format":"standard","meta":{"footnotes":""},"categories":[2],"tags":[],"class_list":["post-8755","post","type-post","status-publish","format-standard","has-post-thumbnail","hentry","category-vijesti"],"_links":{"self":[{"href":"https:\/\/katolicka-gimnazija.hr\/index.php\/wp-json\/wp\/v2\/posts\/8755","targetHints":{"allow":["GET"]}}],"collection":[{"href":"https:\/\/katolicka-gimnazija.hr\/index.php\/wp-json\/wp\/v2\/posts"}],"about":[{"href":"https:\/\/katolicka-gimnazija.hr\/index.php\/wp-json\/wp\/v2\/types\/post"}],"author":[{"embeddable":true,"href":"https:\/\/katolicka-gimnazija.hr\/index.php\/wp-json\/wp\/v2\/users\/1"}],"replies":[{"embeddable":true,"href":"https:\/\/katolicka-gimnazija.hr\/index.php\/wp-json\/wp\/v2\/comments?post=8755"}],"version-history":[{"count":3,"href":"https:\/\/katolicka-gimnazija.hr\/index.php\/wp-json\/wp\/v2\/posts\/8755\/revisions"}],"predecessor-version":[{"id":14895,"href":"https:\/\/katolicka-gimnazija.hr\/index.php\/wp-json\/wp\/v2\/posts\/8755\/revisions\/14895"}],"wp:featuredmedia":[{"embeddable":true,"href":"https:\/\/katolicka-gimnazija.hr\/index.php\/wp-json\/wp\/v2\/media\/8789"}],"wp:attachment":[{"href":"https:\/\/katolicka-gimnazija.hr\/index.php\/wp-json\/wp\/v2\/media?parent=8755"}],"wp:term":[{"taxonomy":"category","embeddable":true,"href":"https:\/\/katolicka-gimnazija.hr\/index.php\/wp-json\/wp\/v2\/categories?post=8755"},{"taxonomy":"post_tag","embeddable":true,"href":"https:\/\/katolicka-gimnazija.hr\/index.php\/wp-json\/wp\/v2\/tags?post=8755"}],"curies":[{"name":"wp","href":"https:\/\/api.w.org\/{rel}","templated":true}]}}