{"id":8824,"date":"2017-03-04T13:05:50","date_gmt":"2017-03-04T13:05:50","guid":{"rendered":"http:\/\/katolicka-gimnazija.hr\/?p=8824"},"modified":"2018-12-28T13:55:23","modified_gmt":"2018-12-28T13:55:23","slug":"zakljucci-s-1-sjednice-razrednog-vijeca-razrednog-odjela-4-a","status":"publish","type":"post","link":"https:\/\/katolicka-gimnazija.hr\/index.php\/2017\/03\/04\/zakljucci-s-1-sjednice-razrednog-vijeca-razrednog-odjela-4-a\/","title":{"rendered":"Zaklju\u010dci s 1. sjednice Razrednog vije\u0107a razrednog odjela 4.a"},"content":{"rendered":"<p><em>Zaklju\u010dci s 1. sjednice Razrednog vije\u0107a razrednog odjela 4.a Katoli\u010dke gimnazije s pravom javnosti u \u0161kolskoj godini 2016.\/2017.<\/em><\/p>\n<p>&nbsp;<\/p>\n<p>Na 1. sjednici Razrednog \u00a0vije\u0107a razrednog odjela 4.a Katoli\u010dke gimnazije s pravom javnosti odr\u017eanoj dana 2. o\u017eujka 2017. godine:<\/p>\n<ol>\n<li>Usvojen je Zapisnik s prethodne sjednice Razrednog vije\u0107a Katoli\u010dke gimnazije s pravom javnosti odr\u017eane dana 29. kolovoza 2016. godine bez primjedbi.<\/li>\n<\/ol>\n<ol start=\"2\">\n<li>Izre\u010dena je pedago\u0161ka mjera ukor <em>(informacija ograni\u010dena)<\/em>, u\u010deniku razrednog odjela 4.a, zbog te\u017eeg neprihvatljivog pona\u0161anja <em>(informacija ograni\u010dena)<\/em>.<\/li>\n<\/ol>\n<ol start=\"3\">\n<li>Izvijestilo se o malonogometnom turniru, koji \u0107e se provesti u humanitarnoj akciji Nisi sam&#8221; 2017.<\/li>\n<\/ol>\n","protected":false},"excerpt":{"rendered":"<p>Zaklju\u010dci s 1. sjednice Razrednog vije\u0107a razrednog odjela 4.a Katoli\u010dke gimnazije s pravom javnosti u \u0161kolskoj godini 2016.\/2017. &nbsp; Na 1. sjednici Razrednog \u00a0vije\u0107a razrednog odjela 4.a Katoli\u010dke gimnazije s pravom javnosti odr\u017eanoj dana 2. o\u017eujka 2017. godine: Usvojen je Zapisnik s prethodne sjednice Razrednog vije\u0107a Katoli\u010dke gimnazije s pravom javnosti odr\u017eane dana 29. kolovoza [&hellip;]<\/p>\n","protected":false},"author":1,"featured_media":0,"comment_status":"closed","ping_status":"closed","sticky":false,"template":"","format":"standard","meta":{"footnotes":""},"categories":[2],"tags":[],"class_list":["post-8824","post","type-post","status-publish","format-standard","hentry","category-vijesti"],"_links":{"self":[{"href":"https:\/\/katolicka-gimnazija.hr\/index.php\/wp-json\/wp\/v2\/posts\/8824","targetHints":{"allow":["GET"]}}],"collection":[{"href":"https:\/\/katolicka-gimnazija.hr\/index.php\/wp-json\/wp\/v2\/posts"}],"about":[{"href":"https:\/\/katolicka-gimnazija.hr\/index.php\/wp-json\/wp\/v2\/types\/post"}],"author":[{"embeddable":true,"href":"https:\/\/katolicka-gimnazija.hr\/index.php\/wp-json\/wp\/v2\/users\/1"}],"replies":[{"embeddable":true,"href":"https:\/\/katolicka-gimnazija.hr\/index.php\/wp-json\/wp\/v2\/comments?post=8824"}],"version-history":[{"count":2,"href":"https:\/\/katolicka-gimnazija.hr\/index.php\/wp-json\/wp\/v2\/posts\/8824\/revisions"}],"predecessor-version":[{"id":14890,"href":"https:\/\/katolicka-gimnazija.hr\/index.php\/wp-json\/wp\/v2\/posts\/8824\/revisions\/14890"}],"wp:attachment":[{"href":"https:\/\/katolicka-gimnazija.hr\/index.php\/wp-json\/wp\/v2\/media?parent=8824"}],"wp:term":[{"taxonomy":"category","embeddable":true,"href":"https:\/\/katolicka-gimnazija.hr\/index.php\/wp-json\/wp\/v2\/categories?post=8824"},{"taxonomy":"post_tag","embeddable":true,"href":"https:\/\/katolicka-gimnazija.hr\/index.php\/wp-json\/wp\/v2\/tags?post=8824"}],"curies":[{"name":"wp","href":"https:\/\/api.w.org\/{rel}","templated":true}]}}