{"id":8825,"date":"2017-03-04T13:05:25","date_gmt":"2017-03-04T13:05:25","guid":{"rendered":"http:\/\/katolicka-gimnazija.hr\/?p=8825"},"modified":"2018-12-28T13:55:39","modified_gmt":"2018-12-28T13:55:39","slug":"zakljucci-s-8-sjednice-razrednog-vijeca","status":"publish","type":"post","link":"https:\/\/katolicka-gimnazija.hr\/index.php\/2017\/03\/04\/zakljucci-s-8-sjednice-razrednog-vijeca\/","title":{"rendered":"Zaklju\u010dci s 8. sjednice Razrednog vije\u0107a"},"content":{"rendered":"<p><em>Zaklju\u010dci s 8. sjednice Razrednog vije\u0107a razrednih odjela <\/em><em>1.a, 1.b, 2.a, 2.b, 3.a i 3.b <\/em><em>Katoli\u010dke gimnazije s pravom javnosti u \u0161kolskoj godini 2015.\/2016.<\/em><\/p>\n<p>&nbsp;<\/p>\n<p>Na 8. sjednici Razrednog vije\u0107a razrednih odjela 1.a, 1.b, 2.a, 2.b, 3.a i 3.b Katoli\u010dke gimnazije s pravom javnosti odr\u017eanoj dana 29. kolovoza 2016. godine:<\/p>\n<ol>\n<li>Usvojen je Zapisnik s prethodne sjednice Razrednog vije\u0107a Katoli\u010dke gimnazije s pravom javnosti odr\u017eane dana 30. lipnja 2016. godine bez primjedbi.<\/li>\n<\/ol>\n<ol start=\"2\">\n<li>Utvr\u0111ene su ocjene iz vladanja u\u010denicima od 1. do 3. razreda nakon polaganja popravnog ispita na prijedlog razrednika.<\/li>\n<\/ol>\n<ol start=\"3\">\n<li>Analiziralo se utvr\u0111ene zaklju\u010dne ocjene iz nastavnih predmeta i uspjeh u\u010denika od 1. do 3. razreda nakon polaganja popravnog ispita.<\/li>\n<\/ol>\n<ol start=\"4\">\n<li>Nije se raspravljalo o temama koje nisu na dnevnom redu.<\/li>\n<\/ol>\n","protected":false},"excerpt":{"rendered":"<p>Zaklju\u010dci s 8. sjednice Razrednog vije\u0107a razrednih odjela 1.a, 1.b, 2.a, 2.b, 3.a i 3.b Katoli\u010dke gimnazije s pravom javnosti u \u0161kolskoj godini 2015.\/2016. &nbsp; Na 8. sjednici Razrednog vije\u0107a razrednih odjela 1.a, 1.b, 2.a, 2.b, 3.a i 3.b Katoli\u010dke gimnazije s pravom javnosti odr\u017eanoj dana 29. kolovoza 2016. godine: Usvojen je Zapisnik s prethodne [&hellip;]<\/p>\n","protected":false},"author":1,"featured_media":0,"comment_status":"closed","ping_status":"closed","sticky":false,"template":"","format":"standard","meta":{"footnotes":""},"categories":[2],"tags":[],"class_list":["post-8825","post","type-post","status-publish","format-standard","hentry","category-vijesti"],"_links":{"self":[{"href":"https:\/\/katolicka-gimnazija.hr\/index.php\/wp-json\/wp\/v2\/posts\/8825","targetHints":{"allow":["GET"]}}],"collection":[{"href":"https:\/\/katolicka-gimnazija.hr\/index.php\/wp-json\/wp\/v2\/posts"}],"about":[{"href":"https:\/\/katolicka-gimnazija.hr\/index.php\/wp-json\/wp\/v2\/types\/post"}],"author":[{"embeddable":true,"href":"https:\/\/katolicka-gimnazija.hr\/index.php\/wp-json\/wp\/v2\/users\/1"}],"replies":[{"embeddable":true,"href":"https:\/\/katolicka-gimnazija.hr\/index.php\/wp-json\/wp\/v2\/comments?post=8825"}],"version-history":[{"count":2,"href":"https:\/\/katolicka-gimnazija.hr\/index.php\/wp-json\/wp\/v2\/posts\/8825\/revisions"}],"predecessor-version":[{"id":14891,"href":"https:\/\/katolicka-gimnazija.hr\/index.php\/wp-json\/wp\/v2\/posts\/8825\/revisions\/14891"}],"wp:attachment":[{"href":"https:\/\/katolicka-gimnazija.hr\/index.php\/wp-json\/wp\/v2\/media?parent=8825"}],"wp:term":[{"taxonomy":"category","embeddable":true,"href":"https:\/\/katolicka-gimnazija.hr\/index.php\/wp-json\/wp\/v2\/categories?post=8825"},{"taxonomy":"post_tag","embeddable":true,"href":"https:\/\/katolicka-gimnazija.hr\/index.php\/wp-json\/wp\/v2\/tags?post=8825"}],"curies":[{"name":"wp","href":"https:\/\/api.w.org\/{rel}","templated":true}]}}