{"id":8830,"date":"2017-03-05T07:28:41","date_gmt":"2017-03-05T07:28:41","guid":{"rendered":"http:\/\/katolicka-gimnazija.hr\/?p=8830"},"modified":"2018-12-28T13:55:05","modified_gmt":"2018-12-28T13:55:05","slug":"sesti-humanitarni-malonogometni-turnir-nisi-sam-ispunio-ocekivanja","status":"publish","type":"post","link":"https:\/\/katolicka-gimnazija.hr\/index.php\/2017\/03\/05\/sesti-humanitarni-malonogometni-turnir-nisi-sam-ispunio-ocekivanja\/","title":{"rendered":"\u0160esti humanitarni malonogometni turnir NISI SAM ispunio o\u010dekivanja"},"content":{"rendered":"<p><a href=\"http:\/\/katolicka-gimnazija.hr\/wp-content\/uploads\/2017\/03\/nisisam1.jpg\"><img loading=\"lazy\" decoding=\"async\" class=\"alignleft wp-image-8831 size-medium\" src=\"http:\/\/katolicka-gimnazija.hr\/wp-content\/uploads\/2017\/03\/nisisam1-300x200.jpg\" alt=\"nisisam1\" width=\"300\" height=\"200\" srcset=\"https:\/\/katolicka-gimnazija.hr\/wp-content\/uploads\/2017\/03\/nisisam1-300x200.jpg 300w, https:\/\/katolicka-gimnazija.hr\/wp-content\/uploads\/2017\/03\/nisisam1-768x512.jpg 768w, https:\/\/katolicka-gimnazija.hr\/wp-content\/uploads\/2017\/03\/nisisam1-1024x683.jpg 1024w, https:\/\/katolicka-gimnazija.hr\/wp-content\/uploads\/2017\/03\/nisisam1-360x240.jpg 360w, https:\/\/katolicka-gimnazija.hr\/wp-content\/uploads\/2017\/03\/nisisam1-750x500.jpg 750w, https:\/\/katolicka-gimnazija.hr\/wp-content\/uploads\/2017\/03\/nisisam1-400x267.jpg 400w, https:\/\/katolicka-gimnazija.hr\/wp-content\/uploads\/2017\/03\/nisisam1-430x287.jpg 430w, https:\/\/katolicka-gimnazija.hr\/wp-content\/uploads\/2017\/03\/nisisam1-150x100.jpg 150w, https:\/\/katolicka-gimnazija.hr\/wp-content\/uploads\/2017\/03\/nisisam1-100x67.jpg 100w, https:\/\/katolicka-gimnazija.hr\/wp-content\/uploads\/2017\/03\/nisisam1.jpg 1500w\" sizes=\"auto, (max-width: 300px) 100vw, 300px\" \/><\/a><\/p>\n<p><strong>Ove godine turnir\u00a0<em>Niste sami za obitelj \u010catak<\/em><\/strong><\/p>\n<p>Humanitarni malonogometni turnir<em> &#8220;Nisi sam&#8221;<\/em>\u00a0odr\u017eava se \u0161estu godinu za redom s ciljem pomo\u0107i potrebitima u na\u0161oj biskupiji. Ove godine\u00a0organizirali smo \u0161iru humanitarnu akciju za trinaesto\u010dlanu obitelj \u010catak iz Hrnjevca kojoj se, osim navedenog turnira koji je glavni dio projekta Katoli\u010dke gimnazije, nadopunjujemo prikupljanjem hrane, odje\u0107e i obu\u0107e, ali samo u okvirima Katoli\u010dkog odgojno-obrazovnog centra (Katoli\u010dke gimnazije i Katoli\u010dke osnovne \u0161kole). Prikupljanje financijskih sredstava od fizi\u010dkih i pravnih osoba traje do 31. o\u017eujka 2017. godine, a onda \u0107emo financijski direktno pomo\u0107i u opremanju i obnovi ku\u0107e u kojoj \u017eivi obitelj \u010catak. Kako svake godine poma\u017eemo u korizmeno vrijeme, uklju\u010den je i <em>Caritas<\/em> te Po\u017ee\u0161ka biskupija. Ove godine, kao i pro\u0161le, poma\u017ee i <em>Javna ustanova sportski objekti<\/em> koja nam je ustupila dvoranski prostor za odr\u017eavanje turnira.<\/p>\n<p>Turnir se odr\u017eao 4. o\u017eujka 2017. u gradskoj Sportskoj dvorani Tomislav Pirc u vremenskom razdoblju od 7:30 do 16:30 sati. Sudjelovalo je 12 ekipa, odnosno 150 igra\u010da iz \u010detiri \u017eupanije. Ulaznica koja se prodavala iznosila je 10 kuna, a sav prihod s turnira uklju\u010den je u kompletnu humanitarnu akciju za obitelj \u010catak. Turnir je slu\u017ebeno otvorio i zatvorio u ime ravnatelja Katoli\u010dke gimnazije prof. Ivana Bedeni\u010di\u0107a prefekt Kolegija i vjerou\u010ditelj vl\u010d. Marijan Paveli\u0107.<\/p>\n<p><a href=\"http:\/\/katolicka-gimnazija.hr\/wp-content\/uploads\/2017\/03\/nisisam2.jpg\"><img loading=\"lazy\" decoding=\"async\" class=\"alignright wp-image-8832 size-medium\" src=\"http:\/\/katolicka-gimnazija.hr\/wp-content\/uploads\/2017\/03\/nisisam2-300x200.jpg\" alt=\"nisisam2\" width=\"300\" height=\"200\" srcset=\"https:\/\/katolicka-gimnazija.hr\/wp-content\/uploads\/2017\/03\/nisisam2-300x200.jpg 300w, https:\/\/katolicka-gimnazija.hr\/wp-content\/uploads\/2017\/03\/nisisam2-768x512.jpg 768w, https:\/\/katolicka-gimnazija.hr\/wp-content\/uploads\/2017\/03\/nisisam2-1024x683.jpg 1024w, https:\/\/katolicka-gimnazija.hr\/wp-content\/uploads\/2017\/03\/nisisam2-360x240.jpg 360w, https:\/\/katolicka-gimnazija.hr\/wp-content\/uploads\/2017\/03\/nisisam2-750x500.jpg 750w, https:\/\/katolicka-gimnazija.hr\/wp-content\/uploads\/2017\/03\/nisisam2-400x267.jpg 400w, https:\/\/katolicka-gimnazija.hr\/wp-content\/uploads\/2017\/03\/nisisam2-430x287.jpg 430w, https:\/\/katolicka-gimnazija.hr\/wp-content\/uploads\/2017\/03\/nisisam2-150x100.jpg 150w, https:\/\/katolicka-gimnazija.hr\/wp-content\/uploads\/2017\/03\/nisisam2-100x67.jpg 100w, https:\/\/katolicka-gimnazija.hr\/wp-content\/uploads\/2017\/03\/nisisam2.jpg 1500w\" sizes=\"auto, (max-width: 300px) 100vw, 300px\" \/><\/a><\/p>\n<p><strong>Najmla\u0111i i najstariji za jedan cilj<\/strong><\/p>\n<p>Najbolja ekipa i pobjednik turnira ekipa je Donji Miholjac koja je u finalu pobijedila Hajduk iz Pakraca rezultatom 2:1. Tre\u0107e mjesto je pripalo po\u017ee\u0161koj Slavoniji pobijedom nad HNK Cibalija iz Vinkovaca rezultatom 3:0, dok je <em>fair play<\/em> ekipa NO Limit iz Virovitice. Najbolji strijelac turnira s \u010dak 10 postignutih pogodaka je Ivano Kolarevi\u0107 iz HNK Cibalije. Najboljim vratarom progla\u0161en je Patrik Juri\u0161i\u0107 iz drugoplasirane ekipe Hajduka iz Pakraca dok je najbolji igra\u010d iz pobjedni\u010dke ekipe Donjeg Miholjca Jona Je\u017ei\u0107. Suci dana\u0161njeg humanitarnog turira bili su Ivan Mautner i Danijel Ra\u0111enovi\u0107 koji su odli\u010dno odsudili utakmice u kojima su igrali igra\u010di 2008. godi\u0161ta i mla\u0111i. Pehare za prva \u010detiri mjesta i fair play ekipu dodijelili su vl\u010d. Marijan Paveli\u0107, voditelj organizacije humanitarnog turnira prof. Mario Ragu\u017e, ravnateljica O\u0161 Julija Kempfa Kornelija Sabljak i profesorica matematike i informatike u Katoli\u010dkoj gimnaziji Katarina Soldo Obu\u0107ina. Najboljim pojedincima nagrade su uru\u010dili biv\u0161i u\u010denici Katoli\u010dke gimnazije u Po\u017eegi koji od prvoga turnira sudjeluju u organizaciji, a to su Emi Majin, Ana Grgi\u0107 i Ivan \u010culjak.<\/p>\n<p><strong>Odgajati za solidarnost<\/strong><\/p>\n<p>Upravo je i cilj ovoga projekta da na\u0161i u\u010denici kroz humanitarne akcije stvore navike humanosti i budu pravi izdanak Katoli\u010dkih \u0161kola i odgoja u njima. Mo\u017eemo zahvaliti i Po\u017ee\u0161koj biskupiji te ocu biskupu, <em>Caritasu<\/em>, <em>Javnoj ustanovi Sportski objekti<\/em>, svim ekipama i njihovim trenerima koji su sudjelovali, u\u010denicima i djelatnicima katoli\u010dkih i gradskih osnovnih \u0161kola i svima drugima koji prate na\u0161e ve\u0107 tradicionalne humanitarne akcije. Zahvala ide i svim fizi\u010dkim i pravnim osobama koji su ove godine kroz kupnju ulaznica i donacije preko ra\u010duna ponovno pokazali da imaju veliko srce za potrebite. Turnir je kao glavni dio akcije zavr\u0161io s dobrim dijelom prikupljenih sredstava. Akcija i dalje traje, kako smo najavljivali, do 31. o\u017eujka 2017., a do toga datuma i fizi\u010dke i pravne osobe mogu jo\u0161 pomo\u0107i obitelji \u010catak uplatom na ra\u010dun: Hr5623400091510840763. Kao i pro\u0161le godine, po zavr\u0161etku akcije nakon mjesec dana objavit \u0107emo kompletan prihod ovogodi\u0161nje akcije na internetskim stranicama Katoli\u010dke gimnazije.<\/p>\n<p><iframe loading=\"lazy\"  id=\"_ytid_86076\"  width=\"640\" height=\"360\"  data-origwidth=\"640\" data-origheight=\"360\" src=\"https:\/\/www.youtube.com\/embed\/RHwiV6uIDQg?enablejsapi=1&#038;autoplay=0&#038;cc_load_policy=0&#038;cc_lang_pref=&#038;iv_load_policy=1&#038;loop=0&#038;rel=1&#038;fs=1&#038;playsinline=0&#038;autohide=2&#038;theme=dark&#038;color=red&#038;controls=1&#038;disablekb=0&#038;\" class=\"__youtube_prefs__  epyt-is-override  no-lazyload\" title=\"YouTube player\"  allow=\"fullscreen; accelerometer; autoplay; clipboard-write; encrypted-media; gyroscope; picture-in-picture; web-share\" referrerpolicy=\"strict-origin-when-cross-origin\" allowfullscreen data-no-lazy=\"1\" data-skipgform_ajax_framebjll=\"\"><\/iframe><\/p>\n","protected":false},"excerpt":{"rendered":"<p>Ove godine turnir\u00a0Niste sami za obitelj \u010catak Humanitarni malonogometni turnir &#8220;Nisi sam&#8221;\u00a0odr\u017eava se \u0161estu godinu za redom s ciljem pomo\u0107i potrebitima u na\u0161oj biskupiji. Ove godine\u00a0organizirali smo \u0161iru humanitarnu akciju za trinaesto\u010dlanu obitelj \u010catak iz Hrnjevca kojoj se, osim navedenog turnira koji je glavni dio projekta Katoli\u010dke gimnazije, nadopunjujemo prikupljanjem hrane, odje\u0107e i obu\u0107e, ali [&hellip;]<\/p>\n","protected":false},"author":1,"featured_media":8832,"comment_status":"closed","ping_status":"closed","sticky":false,"template":"","format":"standard","meta":{"footnotes":""},"categories":[2],"tags":[],"class_list":["post-8830","post","type-post","status-publish","format-standard","has-post-thumbnail","hentry","category-vijesti"],"_links":{"self":[{"href":"https:\/\/katolicka-gimnazija.hr\/index.php\/wp-json\/wp\/v2\/posts\/8830","targetHints":{"allow":["GET"]}}],"collection":[{"href":"https:\/\/katolicka-gimnazija.hr\/index.php\/wp-json\/wp\/v2\/posts"}],"about":[{"href":"https:\/\/katolicka-gimnazija.hr\/index.php\/wp-json\/wp\/v2\/types\/post"}],"author":[{"embeddable":true,"href":"https:\/\/katolicka-gimnazija.hr\/index.php\/wp-json\/wp\/v2\/users\/1"}],"replies":[{"embeddable":true,"href":"https:\/\/katolicka-gimnazija.hr\/index.php\/wp-json\/wp\/v2\/comments?post=8830"}],"version-history":[{"count":5,"href":"https:\/\/katolicka-gimnazija.hr\/index.php\/wp-json\/wp\/v2\/posts\/8830\/revisions"}],"predecessor-version":[{"id":14889,"href":"https:\/\/katolicka-gimnazija.hr\/index.php\/wp-json\/wp\/v2\/posts\/8830\/revisions\/14889"}],"wp:featuredmedia":[{"embeddable":true,"href":"https:\/\/katolicka-gimnazija.hr\/index.php\/wp-json\/wp\/v2\/media\/8832"}],"wp:attachment":[{"href":"https:\/\/katolicka-gimnazija.hr\/index.php\/wp-json\/wp\/v2\/media?parent=8830"}],"wp:term":[{"taxonomy":"category","embeddable":true,"href":"https:\/\/katolicka-gimnazija.hr\/index.php\/wp-json\/wp\/v2\/categories?post=8830"},{"taxonomy":"post_tag","embeddable":true,"href":"https:\/\/katolicka-gimnazija.hr\/index.php\/wp-json\/wp\/v2\/tags?post=8830"}],"curies":[{"name":"wp","href":"https:\/\/api.w.org\/{rel}","templated":true}]}}