{"id":8854,"date":"2017-03-05T10:48:28","date_gmt":"2017-03-05T10:48:28","guid":{"rendered":"http:\/\/katolicka-gimnazija.hr\/?p=8854"},"modified":"2018-12-28T13:54:55","modified_gmt":"2018-12-28T13:54:55","slug":"8-zimska-skola-fizike","status":"publish","type":"post","link":"https:\/\/katolicka-gimnazija.hr\/index.php\/2017\/03\/05\/8-zimska-skola-fizike\/","title":{"rendered":"8. Zimska \u0161kola fizike"},"content":{"rendered":"<p><a href=\"http:\/\/katolicka-gimnazija.hr\/wp-content\/uploads\/2017\/03\/DSCN0923.jpg\"><img loading=\"lazy\" decoding=\"async\" class=\"wp-image-8860 size-medium alignleft\" src=\"http:\/\/katolicka-gimnazija.hr\/wp-content\/uploads\/2017\/03\/DSCN0923-300x225.jpg\" alt=\"DSCN0923\" width=\"300\" height=\"225\" srcset=\"https:\/\/katolicka-gimnazija.hr\/wp-content\/uploads\/2017\/03\/DSCN0923-300x225.jpg 300w, https:\/\/katolicka-gimnazija.hr\/wp-content\/uploads\/2017\/03\/DSCN0923-768x576.jpg 768w, https:\/\/katolicka-gimnazija.hr\/wp-content\/uploads\/2017\/03\/DSCN0923-1024x768.jpg 1024w, https:\/\/katolicka-gimnazija.hr\/wp-content\/uploads\/2017\/03\/DSCN0923-360x270.jpg 360w, https:\/\/katolicka-gimnazija.hr\/wp-content\/uploads\/2017\/03\/DSCN0923-750x563.jpg 750w, https:\/\/katolicka-gimnazija.hr\/wp-content\/uploads\/2017\/03\/DSCN0923-400x300.jpg 400w, https:\/\/katolicka-gimnazija.hr\/wp-content\/uploads\/2017\/03\/DSCN0923-430x323.jpg 430w, https:\/\/katolicka-gimnazija.hr\/wp-content\/uploads\/2017\/03\/DSCN0923-150x113.jpg 150w, https:\/\/katolicka-gimnazija.hr\/wp-content\/uploads\/2017\/03\/DSCN0923-100x75.jpg 100w, https:\/\/katolicka-gimnazija.hr\/wp-content\/uploads\/2017\/03\/DSCN0923.jpg 1600w\" sizes=\"auto, (max-width: 300px) 100vw, 300px\" \/><\/a>Dana 4. o\u017eujka 2017. odr\u017eana je 8. Zimska \u0161kola fizike u Gimnaziji u Po\u017eegi s ciljem pove\u0107anja interesa za fiziku, ali i za ostale prirodne predmete. Na doga\u0111aju su sudjelovali i u\u010denici Katoli\u010dke gimnazije s pravom javnosti: Jakov Margeta, Marko \u0160ar\u010devi\u0107, Danijel Bari\u0161i\u0107, Patricija Mandi\u0107, Marko \u0110oki\u0107, Antonio Lipovac, Valentina Pavli\u010devi\u0107 i Lovro Pavlovi\u0107. Svojim sudjelovanjem pokazali su da i fizika ima zna\u010dajnu ulogu u obrazovanju te da ih mo\u017ee osposobiti za izazove budu\u0107nosti. Sudjelovali su na dva plenarna izlaganja: \u201eZvuk na Zemlji i drugim svjetovima\u201c, dr.sc. Atonio Peto\u0161i\u0107, FER Zagreb, i \u201ePorijeklo kemijskih elemenata\u201c, akademik Milko Jak\u0161i\u0107, IRB Zagreb, te tri radionice. U\u010denici Valentina Pavli\u010devi\u0107 i Lovro Pavlovi\u0107 bili su zajedno s profesorima Ivanom \u0160ari\u0107em (Katoli\u010dka osnovna \u0161kola) i Leonardom \u0110akovi\u0107em voditelji radionice pod nazivom \u201eNeka bude svjetlost\u201c. Osim na\u0161ih u\u010denika, sudjelovali su i u\u010denici iz ostalih osnovnih i srednjih \u0161kola Po\u017ee\u0161ko-slavonske \u017eupanije.<\/p>\n<div id='gallery-1' class='gallery galleryid-8854 gallery-columns-3 gallery-size-medium'><figure class='gallery-item'>\n\t\t\t<div class='gallery-icon landscape'>\n\t\t\t\t<a href='https:\/\/katolicka-gimnazija.hr\/wp-content\/uploads\/2017\/03\/DSCN0912.jpg'><img loading=\"lazy\" decoding=\"async\" width=\"300\" height=\"225\" src=\"https:\/\/katolicka-gimnazija.hr\/wp-content\/uploads\/2017\/03\/DSCN0912-300x225.jpg\" class=\"attachment-medium size-medium\" alt=\"\" srcset=\"https:\/\/katolicka-gimnazija.hr\/wp-content\/uploads\/2017\/03\/DSCN0912-300x225.jpg 300w, https:\/\/katolicka-gimnazija.hr\/wp-content\/uploads\/2017\/03\/DSCN0912-768x576.jpg 768w, https:\/\/katolicka-gimnazija.hr\/wp-content\/uploads\/2017\/03\/DSCN0912-1024x768.jpg 1024w, https:\/\/katolicka-gimnazija.hr\/wp-content\/uploads\/2017\/03\/DSCN0912-360x270.jpg 360w, https:\/\/katolicka-gimnazija.hr\/wp-content\/uploads\/2017\/03\/DSCN0912-750x563.jpg 750w, https:\/\/katolicka-gimnazija.hr\/wp-content\/uploads\/2017\/03\/DSCN0912-400x300.jpg 400w, https:\/\/katolicka-gimnazija.hr\/wp-content\/uploads\/2017\/03\/DSCN0912-430x323.jpg 430w, https:\/\/katolicka-gimnazija.hr\/wp-content\/uploads\/2017\/03\/DSCN0912-150x113.jpg 150w, https:\/\/katolicka-gimnazija.hr\/wp-content\/uploads\/2017\/03\/DSCN0912-100x75.jpg 100w, https:\/\/katolicka-gimnazija.hr\/wp-content\/uploads\/2017\/03\/DSCN0912.jpg 1600w\" sizes=\"auto, (max-width: 300px) 100vw, 300px\" \/><\/a>\n\t\t\t<\/div><\/figure><figure class='gallery-item'>\n\t\t\t<div class='gallery-icon landscape'>\n\t\t\t\t<a href='https:\/\/katolicka-gimnazija.hr\/wp-content\/uploads\/2017\/03\/DSCN0924.jpg'><img loading=\"lazy\" decoding=\"async\" width=\"300\" height=\"225\" src=\"https:\/\/katolicka-gimnazija.hr\/wp-content\/uploads\/2017\/03\/DSCN0924-300x225.jpg\" class=\"attachment-medium size-medium\" alt=\"\" srcset=\"https:\/\/katolicka-gimnazija.hr\/wp-content\/uploads\/2017\/03\/DSCN0924-300x225.jpg 300w, https:\/\/katolicka-gimnazija.hr\/wp-content\/uploads\/2017\/03\/DSCN0924-768x576.jpg 768w, https:\/\/katolicka-gimnazija.hr\/wp-content\/uploads\/2017\/03\/DSCN0924-1024x768.jpg 1024w, https:\/\/katolicka-gimnazija.hr\/wp-content\/uploads\/2017\/03\/DSCN0924-360x270.jpg 360w, https:\/\/katolicka-gimnazija.hr\/wp-content\/uploads\/2017\/03\/DSCN0924-750x563.jpg 750w, https:\/\/katolicka-gimnazija.hr\/wp-content\/uploads\/2017\/03\/DSCN0924-400x300.jpg 400w, https:\/\/katolicka-gimnazija.hr\/wp-content\/uploads\/2017\/03\/DSCN0924-430x323.jpg 430w, https:\/\/katolicka-gimnazija.hr\/wp-content\/uploads\/2017\/03\/DSCN0924-150x113.jpg 150w, https:\/\/katolicka-gimnazija.hr\/wp-content\/uploads\/2017\/03\/DSCN0924-100x75.jpg 100w, https:\/\/katolicka-gimnazija.hr\/wp-content\/uploads\/2017\/03\/DSCN0924.jpg 1600w\" sizes=\"auto, (max-width: 300px) 100vw, 300px\" \/><\/a>\n\t\t\t<\/div><\/figure><figure class='gallery-item'>\n\t\t\t<div class='gallery-icon landscape'>\n\t\t\t\t<a href='https:\/\/katolicka-gimnazija.hr\/wp-content\/uploads\/2017\/03\/DSCN0922.jpg'><img loading=\"lazy\" decoding=\"async\" width=\"300\" height=\"225\" src=\"https:\/\/katolicka-gimnazija.hr\/wp-content\/uploads\/2017\/03\/DSCN0922-300x225.jpg\" class=\"attachment-medium size-medium\" alt=\"\" srcset=\"https:\/\/katolicka-gimnazija.hr\/wp-content\/uploads\/2017\/03\/DSCN0922-300x225.jpg 300w, https:\/\/katolicka-gimnazija.hr\/wp-content\/uploads\/2017\/03\/DSCN0922-768x576.jpg 768w, https:\/\/katolicka-gimnazija.hr\/wp-content\/uploads\/2017\/03\/DSCN0922-1024x768.jpg 1024w, https:\/\/katolicka-gimnazija.hr\/wp-content\/uploads\/2017\/03\/DSCN0922-360x270.jpg 360w, https:\/\/katolicka-gimnazija.hr\/wp-content\/uploads\/2017\/03\/DSCN0922-750x563.jpg 750w, https:\/\/katolicka-gimnazija.hr\/wp-content\/uploads\/2017\/03\/DSCN0922-400x300.jpg 400w, https:\/\/katolicka-gimnazija.hr\/wp-content\/uploads\/2017\/03\/DSCN0922-430x323.jpg 430w, https:\/\/katolicka-gimnazija.hr\/wp-content\/uploads\/2017\/03\/DSCN0922-150x113.jpg 150w, https:\/\/katolicka-gimnazija.hr\/wp-content\/uploads\/2017\/03\/DSCN0922-100x75.jpg 100w, https:\/\/katolicka-gimnazija.hr\/wp-content\/uploads\/2017\/03\/DSCN0922.jpg 1600w\" sizes=\"auto, (max-width: 300px) 100vw, 300px\" \/><\/a>\n\t\t\t<\/div><\/figure><figure class='gallery-item'>\n\t\t\t<div class='gallery-icon landscape'>\n\t\t\t\t<a href='https:\/\/katolicka-gimnazija.hr\/wp-content\/uploads\/2017\/03\/DSCN0911.jpg'><img loading=\"lazy\" decoding=\"async\" width=\"300\" height=\"225\" src=\"https:\/\/katolicka-gimnazija.hr\/wp-content\/uploads\/2017\/03\/DSCN0911-300x225.jpg\" class=\"attachment-medium size-medium\" alt=\"\" srcset=\"https:\/\/katolicka-gimnazija.hr\/wp-content\/uploads\/2017\/03\/DSCN0911-300x225.jpg 300w, https:\/\/katolicka-gimnazija.hr\/wp-content\/uploads\/2017\/03\/DSCN0911-768x576.jpg 768w, https:\/\/katolicka-gimnazija.hr\/wp-content\/uploads\/2017\/03\/DSCN0911-1024x768.jpg 1024w, https:\/\/katolicka-gimnazija.hr\/wp-content\/uploads\/2017\/03\/DSCN0911-360x270.jpg 360w, https:\/\/katolicka-gimnazija.hr\/wp-content\/uploads\/2017\/03\/DSCN0911-750x563.jpg 750w, https:\/\/katolicka-gimnazija.hr\/wp-content\/uploads\/2017\/03\/DSCN0911-400x300.jpg 400w, https:\/\/katolicka-gimnazija.hr\/wp-content\/uploads\/2017\/03\/DSCN0911-430x323.jpg 430w, https:\/\/katolicka-gimnazija.hr\/wp-content\/uploads\/2017\/03\/DSCN0911-150x113.jpg 150w, https:\/\/katolicka-gimnazija.hr\/wp-content\/uploads\/2017\/03\/DSCN0911-100x75.jpg 100w, https:\/\/katolicka-gimnazija.hr\/wp-content\/uploads\/2017\/03\/DSCN0911.jpg 1600w\" sizes=\"auto, (max-width: 300px) 100vw, 300px\" \/><\/a>\n\t\t\t<\/div><\/figure><figure class='gallery-item'>\n\t\t\t<div class='gallery-icon landscape'>\n\t\t\t\t<a href='https:\/\/katolicka-gimnazija.hr\/wp-content\/uploads\/2017\/03\/DSCN0918.jpg'><img loading=\"lazy\" decoding=\"async\" width=\"300\" height=\"225\" src=\"https:\/\/katolicka-gimnazija.hr\/wp-content\/uploads\/2017\/03\/DSCN0918-300x225.jpg\" class=\"attachment-medium size-medium\" alt=\"\" srcset=\"https:\/\/katolicka-gimnazija.hr\/wp-content\/uploads\/2017\/03\/DSCN0918-300x225.jpg 300w, https:\/\/katolicka-gimnazija.hr\/wp-content\/uploads\/2017\/03\/DSCN0918-768x576.jpg 768w, https:\/\/katolicka-gimnazija.hr\/wp-content\/uploads\/2017\/03\/DSCN0918-1024x768.jpg 1024w, https:\/\/katolicka-gimnazija.hr\/wp-content\/uploads\/2017\/03\/DSCN0918-360x270.jpg 360w, https:\/\/katolicka-gimnazija.hr\/wp-content\/uploads\/2017\/03\/DSCN0918-750x563.jpg 750w, https:\/\/katolicka-gimnazija.hr\/wp-content\/uploads\/2017\/03\/DSCN0918-400x300.jpg 400w, https:\/\/katolicka-gimnazija.hr\/wp-content\/uploads\/2017\/03\/DSCN0918-430x323.jpg 430w, https:\/\/katolicka-gimnazija.hr\/wp-content\/uploads\/2017\/03\/DSCN0918-150x113.jpg 150w, https:\/\/katolicka-gimnazija.hr\/wp-content\/uploads\/2017\/03\/DSCN0918-100x75.jpg 100w, https:\/\/katolicka-gimnazija.hr\/wp-content\/uploads\/2017\/03\/DSCN0918.jpg 1600w\" sizes=\"auto, (max-width: 300px) 100vw, 300px\" \/><\/a>\n\t\t\t<\/div><\/figure><figure class='gallery-item'>\n\t\t\t<div class='gallery-icon landscape'>\n\t\t\t\t<a href='https:\/\/katolicka-gimnazija.hr\/wp-content\/uploads\/2017\/03\/DSCN0919.jpg'><img loading=\"lazy\" decoding=\"async\" width=\"300\" height=\"225\" src=\"https:\/\/katolicka-gimnazija.hr\/wp-content\/uploads\/2017\/03\/DSCN0919-300x225.jpg\" class=\"attachment-medium size-medium\" alt=\"\" srcset=\"https:\/\/katolicka-gimnazija.hr\/wp-content\/uploads\/2017\/03\/DSCN0919-300x225.jpg 300w, https:\/\/katolicka-gimnazija.hr\/wp-content\/uploads\/2017\/03\/DSCN0919-768x576.jpg 768w, https:\/\/katolicka-gimnazija.hr\/wp-content\/uploads\/2017\/03\/DSCN0919-1024x768.jpg 1024w, https:\/\/katolicka-gimnazija.hr\/wp-content\/uploads\/2017\/03\/DSCN0919-360x270.jpg 360w, https:\/\/katolicka-gimnazija.hr\/wp-content\/uploads\/2017\/03\/DSCN0919-750x563.jpg 750w, https:\/\/katolicka-gimnazija.hr\/wp-content\/uploads\/2017\/03\/DSCN0919-400x300.jpg 400w, https:\/\/katolicka-gimnazija.hr\/wp-content\/uploads\/2017\/03\/DSCN0919-430x323.jpg 430w, https:\/\/katolicka-gimnazija.hr\/wp-content\/uploads\/2017\/03\/DSCN0919-150x113.jpg 150w, https:\/\/katolicka-gimnazija.hr\/wp-content\/uploads\/2017\/03\/DSCN0919-100x75.jpg 100w, https:\/\/katolicka-gimnazija.hr\/wp-content\/uploads\/2017\/03\/DSCN0919.jpg 1600w\" sizes=\"auto, (max-width: 300px) 100vw, 300px\" \/><\/a>\n\t\t\t<\/div><\/figure>\n\t\t<\/div>\n\n","protected":false},"excerpt":{"rendered":"<p>Dana 4. o\u017eujka 2017. odr\u017eana je 8. Zimska \u0161kola fizike u Gimnaziji u Po\u017eegi s ciljem pove\u0107anja interesa za fiziku, ali i za ostale prirodne predmete. Na doga\u0111aju su sudjelovali i u\u010denici Katoli\u010dke gimnazije s pravom javnosti: Jakov Margeta, Marko \u0160ar\u010devi\u0107, Danijel Bari\u0161i\u0107, Patricija Mandi\u0107, Marko \u0110oki\u0107, Antonio Lipovac, Valentina Pavli\u010devi\u0107 i Lovro Pavlovi\u0107. Svojim [&hellip;]<\/p>\n","protected":false},"author":20,"featured_media":8860,"comment_status":"closed","ping_status":"closed","sticky":false,"template":"","format":"standard","meta":{"footnotes":""},"categories":[2],"tags":[],"class_list":["post-8854","post","type-post","status-publish","format-standard","has-post-thumbnail","hentry","category-vijesti"],"_links":{"self":[{"href":"https:\/\/katolicka-gimnazija.hr\/index.php\/wp-json\/wp\/v2\/posts\/8854","targetHints":{"allow":["GET"]}}],"collection":[{"href":"https:\/\/katolicka-gimnazija.hr\/index.php\/wp-json\/wp\/v2\/posts"}],"about":[{"href":"https:\/\/katolicka-gimnazija.hr\/index.php\/wp-json\/wp\/v2\/types\/post"}],"author":[{"embeddable":true,"href":"https:\/\/katolicka-gimnazija.hr\/index.php\/wp-json\/wp\/v2\/users\/20"}],"replies":[{"embeddable":true,"href":"https:\/\/katolicka-gimnazija.hr\/index.php\/wp-json\/wp\/v2\/comments?post=8854"}],"version-history":[{"count":3,"href":"https:\/\/katolicka-gimnazija.hr\/index.php\/wp-json\/wp\/v2\/posts\/8854\/revisions"}],"predecessor-version":[{"id":14888,"href":"https:\/\/katolicka-gimnazija.hr\/index.php\/wp-json\/wp\/v2\/posts\/8854\/revisions\/14888"}],"wp:featuredmedia":[{"embeddable":true,"href":"https:\/\/katolicka-gimnazija.hr\/index.php\/wp-json\/wp\/v2\/media\/8860"}],"wp:attachment":[{"href":"https:\/\/katolicka-gimnazija.hr\/index.php\/wp-json\/wp\/v2\/media?parent=8854"}],"wp:term":[{"taxonomy":"category","embeddable":true,"href":"https:\/\/katolicka-gimnazija.hr\/index.php\/wp-json\/wp\/v2\/categories?post=8854"},{"taxonomy":"post_tag","embeddable":true,"href":"https:\/\/katolicka-gimnazija.hr\/index.php\/wp-json\/wp\/v2\/tags?post=8854"}],"curies":[{"name":"wp","href":"https:\/\/api.w.org\/{rel}","templated":true}]}}