{"id":8939,"date":"2017-03-18T09:45:36","date_gmt":"2017-03-18T09:45:36","guid":{"rendered":"http:\/\/katolicka-gimnazija.hr\/?p=8939"},"modified":"2018-12-28T13:53:27","modified_gmt":"2018-12-28T13:53:27","slug":"djevojke-kg-a-odlicne-trece-na-regionalnom-natjecanju-u-futsalu","status":"publish","type":"post","link":"https:\/\/katolicka-gimnazija.hr\/index.php\/2017\/03\/18\/djevojke-kg-a-odlicne-trece-na-regionalnom-natjecanju-u-futsalu\/","title":{"rendered":"DJEVOJKE\u00a0 KG-a ODLI\u010cNE TRE\u0106E NA REGIONALNOM NATJECANJU U FUTSALU"},"content":{"rendered":"<p>Ovaj se \u010detvrtak, 16. o\u017eujka u Slavonskom Brodu odr\u017ealo poluzavr\u0161no natjecanje \u0161kolskih sportskih klubova regije istok. Sudjelovale su \u010detiri \u0161kole predstavnice \u010detiriju \u017eupanija: I. gimnazija Osijek (\u0160SK Gymnicus), \u017dupanja (Obrtni\u010dko-industrijska \u0161kola \u017dupanja), Slavonski Brod (\u0160SK Olympia) i Katoli\u010dka gimnazija Po\u017eega (\u0160\u0160D KKG). U\u010denice KG-a izborile su se za pehar i osvojile 3. mjesto.<\/p>\n<p>U prvoj utakmici na\u0161e su djevojke pora\u017eene sa 4:0 od ekipe iz \u017dupanje, dok su u drugoj utakmici djevojke pobijedile predstavnice Brodsko-posavske \u017eupanije s rezultatom 4:2. Reprezentaciju KG-a ove su godine \u010dinile kapetanica Tara Stipanovi\u0107, Iva Budimir, Ela E\u0161egovi\u0107, Valentina Bunjevac, Patricija Mandi\u0107, Martina Pand\u017ea Brni\u0107 i golmanica Monika Kova\u010devi\u0107. Tara Stipanovi\u0107 postigla je 3 gola dok je jedan pogodak postigla Patricija Mandi\u0107. Djevojke su dale svoj maksimum bore\u0107i se za boje \u0161kole i postigle vrlo dobar uspjeh uzimaju\u0107i u obzir nedostatak na\u0161e iskusne napada\u010dice Marije Frani\u0107 koja je izostala zbog zdravstvenih problema.<\/p>\n<p>Budu\u0107i da u na\u0161oj \u0161koli nema igra\u010dica koje se aktivno bave malim nogometom, ovaj uspjeh ima poseban zna\u010daj, dok su ostale ekipe imale ve\u0107i broj igra\u010dica koje aktivno sudjeluju u trena\u017enim procesima i utakmicama nogometne igre. \u010cestitke na\u0161im djevojkama!<\/p>\n<div id='gallery-1' class='gallery galleryid-8939 gallery-columns-3 gallery-size-medium'><figure class='gallery-item'>\n\t\t\t<div class='gallery-icon landscape'>\n\t\t\t\t<a href='https:\/\/katolicka-gimnazija.hr\/wp-content\/uploads\/2017\/03\/17351077_720638444782759_547269960_n.jpg'><img loading=\"lazy\" decoding=\"async\" width=\"300\" height=\"200\" src=\"https:\/\/katolicka-gimnazija.hr\/wp-content\/uploads\/2017\/03\/17351077_720638444782759_547269960_n-300x200.jpg\" class=\"attachment-medium size-medium\" alt=\"\" srcset=\"https:\/\/katolicka-gimnazija.hr\/wp-content\/uploads\/2017\/03\/17351077_720638444782759_547269960_n-300x200.jpg 300w, https:\/\/katolicka-gimnazija.hr\/wp-content\/uploads\/2017\/03\/17351077_720638444782759_547269960_n-768x512.jpg 768w, https:\/\/katolicka-gimnazija.hr\/wp-content\/uploads\/2017\/03\/17351077_720638444782759_547269960_n-360x240.jpg 360w, https:\/\/katolicka-gimnazija.hr\/wp-content\/uploads\/2017\/03\/17351077_720638444782759_547269960_n-750x500.jpg 750w, https:\/\/katolicka-gimnazija.hr\/wp-content\/uploads\/2017\/03\/17351077_720638444782759_547269960_n-400x267.jpg 400w, https:\/\/katolicka-gimnazija.hr\/wp-content\/uploads\/2017\/03\/17351077_720638444782759_547269960_n-430x287.jpg 430w, https:\/\/katolicka-gimnazija.hr\/wp-content\/uploads\/2017\/03\/17351077_720638444782759_547269960_n-150x100.jpg 150w, https:\/\/katolicka-gimnazija.hr\/wp-content\/uploads\/2017\/03\/17351077_720638444782759_547269960_n-100x67.jpg 100w, https:\/\/katolicka-gimnazija.hr\/wp-content\/uploads\/2017\/03\/17351077_720638444782759_547269960_n.jpg 960w\" sizes=\"auto, (max-width: 300px) 100vw, 300px\" \/><\/a>\n\t\t\t<\/div><\/figure><figure class='gallery-item'>\n\t\t\t<div class='gallery-icon landscape'>\n\t\t\t\t<a href='https:\/\/katolicka-gimnazija.hr\/wp-content\/uploads\/2017\/03\/17360626_720638454782758_929109153_n.jpg'><img loading=\"lazy\" decoding=\"async\" width=\"300\" height=\"200\" src=\"https:\/\/katolicka-gimnazija.hr\/wp-content\/uploads\/2017\/03\/17360626_720638454782758_929109153_n-300x200.jpg\" class=\"attachment-medium size-medium\" alt=\"\" srcset=\"https:\/\/katolicka-gimnazija.hr\/wp-content\/uploads\/2017\/03\/17360626_720638454782758_929109153_n-300x200.jpg 300w, https:\/\/katolicka-gimnazija.hr\/wp-content\/uploads\/2017\/03\/17360626_720638454782758_929109153_n-768x512.jpg 768w, https:\/\/katolicka-gimnazija.hr\/wp-content\/uploads\/2017\/03\/17360626_720638454782758_929109153_n-360x240.jpg 360w, https:\/\/katolicka-gimnazija.hr\/wp-content\/uploads\/2017\/03\/17360626_720638454782758_929109153_n-750x500.jpg 750w, https:\/\/katolicka-gimnazija.hr\/wp-content\/uploads\/2017\/03\/17360626_720638454782758_929109153_n-400x267.jpg 400w, https:\/\/katolicka-gimnazija.hr\/wp-content\/uploads\/2017\/03\/17360626_720638454782758_929109153_n-430x287.jpg 430w, https:\/\/katolicka-gimnazija.hr\/wp-content\/uploads\/2017\/03\/17360626_720638454782758_929109153_n-150x100.jpg 150w, https:\/\/katolicka-gimnazija.hr\/wp-content\/uploads\/2017\/03\/17360626_720638454782758_929109153_n-100x67.jpg 100w, https:\/\/katolicka-gimnazija.hr\/wp-content\/uploads\/2017\/03\/17360626_720638454782758_929109153_n.jpg 960w\" sizes=\"auto, (max-width: 300px) 100vw, 300px\" \/><\/a>\n\t\t\t<\/div><\/figure><figure class='gallery-item'>\n\t\t\t<div class='gallery-icon landscape'>\n\t\t\t\t<a href='https:\/\/katolicka-gimnazija.hr\/wp-content\/uploads\/2017\/03\/17391759_720638524782751_765383211_n.jpg'><img loading=\"lazy\" decoding=\"async\" width=\"300\" height=\"200\" src=\"https:\/\/katolicka-gimnazija.hr\/wp-content\/uploads\/2017\/03\/17391759_720638524782751_765383211_n-300x200.jpg\" class=\"attachment-medium size-medium\" alt=\"\" srcset=\"https:\/\/katolicka-gimnazija.hr\/wp-content\/uploads\/2017\/03\/17391759_720638524782751_765383211_n-300x200.jpg 300w, https:\/\/katolicka-gimnazija.hr\/wp-content\/uploads\/2017\/03\/17391759_720638524782751_765383211_n-768x512.jpg 768w, https:\/\/katolicka-gimnazija.hr\/wp-content\/uploads\/2017\/03\/17391759_720638524782751_765383211_n-360x240.jpg 360w, https:\/\/katolicka-gimnazija.hr\/wp-content\/uploads\/2017\/03\/17391759_720638524782751_765383211_n-750x500.jpg 750w, https:\/\/katolicka-gimnazija.hr\/wp-content\/uploads\/2017\/03\/17391759_720638524782751_765383211_n-400x267.jpg 400w, https:\/\/katolicka-gimnazija.hr\/wp-content\/uploads\/2017\/03\/17391759_720638524782751_765383211_n-430x287.jpg 430w, https:\/\/katolicka-gimnazija.hr\/wp-content\/uploads\/2017\/03\/17391759_720638524782751_765383211_n-150x100.jpg 150w, https:\/\/katolicka-gimnazija.hr\/wp-content\/uploads\/2017\/03\/17391759_720638524782751_765383211_n-100x67.jpg 100w, https:\/\/katolicka-gimnazija.hr\/wp-content\/uploads\/2017\/03\/17391759_720638524782751_765383211_n.jpg 960w\" sizes=\"auto, (max-width: 300px) 100vw, 300px\" \/><\/a>\n\t\t\t<\/div><\/figure><figure class='gallery-item'>\n\t\t\t<div class='gallery-icon landscape'>\n\t\t\t\t<a href='https:\/\/katolicka-gimnazija.hr\/wp-content\/uploads\/2017\/03\/17392069_720638331449437_1777076334_n-e1489830159229.jpg'><img loading=\"lazy\" decoding=\"async\" width=\"300\" height=\"200\" src=\"https:\/\/katolicka-gimnazija.hr\/wp-content\/uploads\/2017\/03\/17392069_720638331449437_1777076334_n-e1489830159229-300x200.jpg\" class=\"attachment-medium size-medium\" alt=\"\" srcset=\"https:\/\/katolicka-gimnazija.hr\/wp-content\/uploads\/2017\/03\/17392069_720638331449437_1777076334_n-e1489830159229-300x200.jpg 300w, https:\/\/katolicka-gimnazija.hr\/wp-content\/uploads\/2017\/03\/17392069_720638331449437_1777076334_n-e1489830159229-360x240.jpg 360w, https:\/\/katolicka-gimnazija.hr\/wp-content\/uploads\/2017\/03\/17392069_720638331449437_1777076334_n-e1489830159229-400x266.jpg 400w, https:\/\/katolicka-gimnazija.hr\/wp-content\/uploads\/2017\/03\/17392069_720638331449437_1777076334_n-e1489830159229-430x286.jpg 430w, https:\/\/katolicka-gimnazija.hr\/wp-content\/uploads\/2017\/03\/17392069_720638331449437_1777076334_n-e1489830159229-150x100.jpg 150w, https:\/\/katolicka-gimnazija.hr\/wp-content\/uploads\/2017\/03\/17392069_720638331449437_1777076334_n-e1489830159229-100x67.jpg 100w, https:\/\/katolicka-gimnazija.hr\/wp-content\/uploads\/2017\/03\/17392069_720638331449437_1777076334_n-e1489830159229-768x511.jpg 768w, https:\/\/katolicka-gimnazija.hr\/wp-content\/uploads\/2017\/03\/17392069_720638331449437_1777076334_n-e1489830159229-750x499.jpg 750w, https:\/\/katolicka-gimnazija.hr\/wp-content\/uploads\/2017\/03\/17392069_720638331449437_1777076334_n-e1489830159229.jpg 960w\" sizes=\"auto, (max-width: 300px) 100vw, 300px\" \/><\/a>\n\t\t\t<\/div><\/figure><figure class='gallery-item'>\n\t\t\t<div class='gallery-icon landscape'>\n\t\t\t\t<a href='https:\/\/katolicka-gimnazija.hr\/wp-content\/uploads\/2017\/03\/17361092_720638511449419_1144330510_n.jpg'><img loading=\"lazy\" decoding=\"async\" width=\"300\" height=\"200\" src=\"https:\/\/katolicka-gimnazija.hr\/wp-content\/uploads\/2017\/03\/17361092_720638511449419_1144330510_n-300x200.jpg\" class=\"attachment-medium size-medium\" alt=\"\" srcset=\"https:\/\/katolicka-gimnazija.hr\/wp-content\/uploads\/2017\/03\/17361092_720638511449419_1144330510_n-300x200.jpg 300w, https:\/\/katolicka-gimnazija.hr\/wp-content\/uploads\/2017\/03\/17361092_720638511449419_1144330510_n-768x512.jpg 768w, https:\/\/katolicka-gimnazija.hr\/wp-content\/uploads\/2017\/03\/17361092_720638511449419_1144330510_n-360x240.jpg 360w, https:\/\/katolicka-gimnazija.hr\/wp-content\/uploads\/2017\/03\/17361092_720638511449419_1144330510_n-750x500.jpg 750w, https:\/\/katolicka-gimnazija.hr\/wp-content\/uploads\/2017\/03\/17361092_720638511449419_1144330510_n-400x267.jpg 400w, https:\/\/katolicka-gimnazija.hr\/wp-content\/uploads\/2017\/03\/17361092_720638511449419_1144330510_n-430x287.jpg 430w, https:\/\/katolicka-gimnazija.hr\/wp-content\/uploads\/2017\/03\/17361092_720638511449419_1144330510_n-150x100.jpg 150w, https:\/\/katolicka-gimnazija.hr\/wp-content\/uploads\/2017\/03\/17361092_720638511449419_1144330510_n-100x67.jpg 100w, https:\/\/katolicka-gimnazija.hr\/wp-content\/uploads\/2017\/03\/17361092_720638511449419_1144330510_n.jpg 960w\" sizes=\"auto, (max-width: 300px) 100vw, 300px\" \/><\/a>\n\t\t\t<\/div><\/figure><figure class='gallery-item'>\n\t\t\t<div class='gallery-icon landscape'>\n\t\t\t\t<a href='https:\/\/katolicka-gimnazija.hr\/wp-content\/uploads\/2017\/03\/17392122_720638328116104_1121518316_n.jpg'><img loading=\"lazy\" decoding=\"async\" width=\"300\" height=\"200\" src=\"https:\/\/katolicka-gimnazija.hr\/wp-content\/uploads\/2017\/03\/17392122_720638328116104_1121518316_n-300x200.jpg\" class=\"attachment-medium size-medium\" alt=\"\" srcset=\"https:\/\/katolicka-gimnazija.hr\/wp-content\/uploads\/2017\/03\/17392122_720638328116104_1121518316_n-300x200.jpg 300w, https:\/\/katolicka-gimnazija.hr\/wp-content\/uploads\/2017\/03\/17392122_720638328116104_1121518316_n-768x512.jpg 768w, https:\/\/katolicka-gimnazija.hr\/wp-content\/uploads\/2017\/03\/17392122_720638328116104_1121518316_n-360x240.jpg 360w, https:\/\/katolicka-gimnazija.hr\/wp-content\/uploads\/2017\/03\/17392122_720638328116104_1121518316_n-750x500.jpg 750w, https:\/\/katolicka-gimnazija.hr\/wp-content\/uploads\/2017\/03\/17392122_720638328116104_1121518316_n-400x267.jpg 400w, https:\/\/katolicka-gimnazija.hr\/wp-content\/uploads\/2017\/03\/17392122_720638328116104_1121518316_n-430x287.jpg 430w, https:\/\/katolicka-gimnazija.hr\/wp-content\/uploads\/2017\/03\/17392122_720638328116104_1121518316_n-150x100.jpg 150w, https:\/\/katolicka-gimnazija.hr\/wp-content\/uploads\/2017\/03\/17392122_720638328116104_1121518316_n-100x67.jpg 100w, https:\/\/katolicka-gimnazija.hr\/wp-content\/uploads\/2017\/03\/17392122_720638328116104_1121518316_n.jpg 960w\" sizes=\"auto, (max-width: 300px) 100vw, 300px\" \/><\/a>\n\t\t\t<\/div><\/figure><figure class='gallery-item'>\n\t\t\t<div class='gallery-icon landscape'>\n\t\t\t\t<a href='https:\/\/katolicka-gimnazija.hr\/wp-content\/uploads\/2017\/03\/17360903_720638541449416_1712398477_n.jpg'><img loading=\"lazy\" decoding=\"async\" width=\"300\" height=\"200\" src=\"https:\/\/katolicka-gimnazija.hr\/wp-content\/uploads\/2017\/03\/17360903_720638541449416_1712398477_n-300x200.jpg\" class=\"attachment-medium size-medium\" alt=\"\" srcset=\"https:\/\/katolicka-gimnazija.hr\/wp-content\/uploads\/2017\/03\/17360903_720638541449416_1712398477_n-300x200.jpg 300w, https:\/\/katolicka-gimnazija.hr\/wp-content\/uploads\/2017\/03\/17360903_720638541449416_1712398477_n-768x512.jpg 768w, https:\/\/katolicka-gimnazija.hr\/wp-content\/uploads\/2017\/03\/17360903_720638541449416_1712398477_n-360x240.jpg 360w, https:\/\/katolicka-gimnazija.hr\/wp-content\/uploads\/2017\/03\/17360903_720638541449416_1712398477_n-750x500.jpg 750w, https:\/\/katolicka-gimnazija.hr\/wp-content\/uploads\/2017\/03\/17360903_720638541449416_1712398477_n-400x267.jpg 400w, https:\/\/katolicka-gimnazija.hr\/wp-content\/uploads\/2017\/03\/17360903_720638541449416_1712398477_n-430x287.jpg 430w, https:\/\/katolicka-gimnazija.hr\/wp-content\/uploads\/2017\/03\/17360903_720638541449416_1712398477_n-150x100.jpg 150w, https:\/\/katolicka-gimnazija.hr\/wp-content\/uploads\/2017\/03\/17360903_720638541449416_1712398477_n-100x67.jpg 100w, https:\/\/katolicka-gimnazija.hr\/wp-content\/uploads\/2017\/03\/17360903_720638541449416_1712398477_n.jpg 960w\" sizes=\"auto, (max-width: 300px) 100vw, 300px\" \/><\/a>\n\t\t\t<\/div><\/figure><figure class='gallery-item'>\n\t\t\t<div class='gallery-icon landscape'>\n\t\t\t\t<a href='https:\/\/katolicka-gimnazija.hr\/wp-content\/uploads\/2017\/03\/17361207_720638531449417_730117121_n-e1489830253201.jpg'><img loading=\"lazy\" decoding=\"async\" width=\"300\" height=\"212\" src=\"https:\/\/katolicka-gimnazija.hr\/wp-content\/uploads\/2017\/03\/17361207_720638531449417_730117121_n-e1489830253201-300x212.jpg\" class=\"attachment-medium size-medium\" alt=\"\" srcset=\"https:\/\/katolicka-gimnazija.hr\/wp-content\/uploads\/2017\/03\/17361207_720638531449417_730117121_n-e1489830253201-300x212.jpg 300w, https:\/\/katolicka-gimnazija.hr\/wp-content\/uploads\/2017\/03\/17361207_720638531449417_730117121_n-e1489830253201-360x254.jpg 360w, https:\/\/katolicka-gimnazija.hr\/wp-content\/uploads\/2017\/03\/17361207_720638531449417_730117121_n-e1489830253201-750x529.jpg 750w, https:\/\/katolicka-gimnazija.hr\/wp-content\/uploads\/2017\/03\/17361207_720638531449417_730117121_n-e1489830253201-400x282.jpg 400w, https:\/\/katolicka-gimnazija.hr\/wp-content\/uploads\/2017\/03\/17361207_720638531449417_730117121_n-e1489830253201-430x304.jpg 430w, https:\/\/katolicka-gimnazija.hr\/wp-content\/uploads\/2017\/03\/17361207_720638531449417_730117121_n-e1489830253201-150x106.jpg 150w, https:\/\/katolicka-gimnazija.hr\/wp-content\/uploads\/2017\/03\/17361207_720638531449417_730117121_n-e1489830253201-100x71.jpg 100w, https:\/\/katolicka-gimnazija.hr\/wp-content\/uploads\/2017\/03\/17361207_720638531449417_730117121_n-e1489830253201.jpg 765w\" sizes=\"auto, (max-width: 300px) 100vw, 300px\" \/><\/a>\n\t\t\t<\/div><\/figure>\n\t\t<\/div>\n\n<p>&nbsp;<\/p>\n<p>&nbsp; <\/p>\n","protected":false},"excerpt":{"rendered":"<p>Ovaj se \u010detvrtak, 16. o\u017eujka u Slavonskom Brodu odr\u017ealo poluzavr\u0161no natjecanje \u0161kolskih sportskih klubova regije istok. Sudjelovale su \u010detiri \u0161kole predstavnice \u010detiriju \u017eupanija: I. gimnazija Osijek (\u0160SK Gymnicus), \u017dupanja (Obrtni\u010dko-industrijska \u0161kola \u017dupanja), Slavonski Brod (\u0160SK Olympia) i Katoli\u010dka gimnazija Po\u017eega (\u0160\u0160D KKG). U\u010denice KG-a izborile su se za pehar i osvojile 3. mjesto. U prvoj [&hellip;]<\/p>\n","protected":false},"author":1,"featured_media":8944,"comment_status":"closed","ping_status":"closed","sticky":false,"template":"","format":"standard","meta":{"footnotes":""},"categories":[4,2],"tags":[],"class_list":["post-8939","post","type-post","status-publish","format-standard","has-post-thumbnail","hentry","category-fotogalerije","category-vijesti"],"_links":{"self":[{"href":"https:\/\/katolicka-gimnazija.hr\/index.php\/wp-json\/wp\/v2\/posts\/8939","targetHints":{"allow":["GET"]}}],"collection":[{"href":"https:\/\/katolicka-gimnazija.hr\/index.php\/wp-json\/wp\/v2\/posts"}],"about":[{"href":"https:\/\/katolicka-gimnazija.hr\/index.php\/wp-json\/wp\/v2\/types\/post"}],"author":[{"embeddable":true,"href":"https:\/\/katolicka-gimnazija.hr\/index.php\/wp-json\/wp\/v2\/users\/1"}],"replies":[{"embeddable":true,"href":"https:\/\/katolicka-gimnazija.hr\/index.php\/wp-json\/wp\/v2\/comments?post=8939"}],"version-history":[{"count":2,"href":"https:\/\/katolicka-gimnazija.hr\/index.php\/wp-json\/wp\/v2\/posts\/8939\/revisions"}],"predecessor-version":[{"id":14877,"href":"https:\/\/katolicka-gimnazija.hr\/index.php\/wp-json\/wp\/v2\/posts\/8939\/revisions\/14877"}],"wp:featuredmedia":[{"embeddable":true,"href":"https:\/\/katolicka-gimnazija.hr\/index.php\/wp-json\/wp\/v2\/media\/8944"}],"wp:attachment":[{"href":"https:\/\/katolicka-gimnazija.hr\/index.php\/wp-json\/wp\/v2\/media?parent=8939"}],"wp:term":[{"taxonomy":"category","embeddable":true,"href":"https:\/\/katolicka-gimnazija.hr\/index.php\/wp-json\/wp\/v2\/categories?post=8939"},{"taxonomy":"post_tag","embeddable":true,"href":"https:\/\/katolicka-gimnazija.hr\/index.php\/wp-json\/wp\/v2\/tags?post=8939"}],"curies":[{"name":"wp","href":"https:\/\/api.w.org\/{rel}","templated":true}]}}