{"id":8964,"date":"2017-03-27T20:12:52","date_gmt":"2017-03-27T20:12:52","guid":{"rendered":"http:\/\/katolicka-gimnazija.hr\/?p=8964"},"modified":"2018-12-28T13:53:01","modified_gmt":"2018-12-28T13:53:01","slug":"pozega-nova-tocka-na-kvizaskoj-karti-hrvatske","status":"publish","type":"post","link":"https:\/\/katolicka-gimnazija.hr\/index.php\/2017\/03\/27\/pozega-nova-tocka-na-kvizaskoj-karti-hrvatske\/","title":{"rendered":"Po\u017eega &#8211; nova to\u010dka na kviza\u0161koj karti Hrvatske"},"content":{"rendered":"<p><strong><em>\u201eU Po\u017ee\u0161tini postoje izvanredni kviza\u0161i s kojima mi se nije svejedno nadmetati.\u201c Morana Zibar<\/em><\/strong><\/p>\n<p>Grad dobrih vina od davnina i jo\u0161 bolje \u010dokolade mogao bi, na\u017ealost, i nadamo se da ne\u0107e, u skoroj budu\u0107nosti ostati samo gradom dobrih vina. Zadnjih nekoliko godina \u0161irom Hrvatske, a i dalje, promotor slavonske Atene jesu Big Bend Po\u017eega, pojedini sporta\u0161i i odlika\u0161i, a unazad godinu dana i udruga Kvizoljupci Zlatne doline koji su nova, a pokazalo se i najfrekventnija to\u010dka na kviza\u0161koj karti Hrvatske. Okupljeni s po\u010detka oko nekolicine entuzijasta i zaljubljenika u kviza\u0161ki tip natjecanja, ponajprije Hrvoja Vlahova i Tomislava Bleiziffera, danas su dru\u017eenja po\u017ee\u0161kih kvizoljubaca jedno od nezaobilaznih mjese\u010dnih doga\u0111anja u \u017eivotu ovoga maloga grada.<\/p>\n<p><a href=\"http:\/\/katolicka-gimnazija.hr\/wp-content\/uploads\/2017\/03\/DSC_0024.jpg\"><img loading=\"lazy\" decoding=\"async\" class=\"alignleft wp-image-8979 size-medium\" src=\"http:\/\/katolicka-gimnazija.hr\/wp-content\/uploads\/2017\/03\/DSC_0024-300x200.jpg\" alt=\"DSC_0024\" width=\"300\" height=\"200\" srcset=\"https:\/\/katolicka-gimnazija.hr\/wp-content\/uploads\/2017\/03\/DSC_0024-300x200.jpg 300w, https:\/\/katolicka-gimnazija.hr\/wp-content\/uploads\/2017\/03\/DSC_0024-768x512.jpg 768w, https:\/\/katolicka-gimnazija.hr\/wp-content\/uploads\/2017\/03\/DSC_0024-1024x683.jpg 1024w, https:\/\/katolicka-gimnazija.hr\/wp-content\/uploads\/2017\/03\/DSC_0024-360x240.jpg 360w, https:\/\/katolicka-gimnazija.hr\/wp-content\/uploads\/2017\/03\/DSC_0024-750x500.jpg 750w, https:\/\/katolicka-gimnazija.hr\/wp-content\/uploads\/2017\/03\/DSC_0024-400x267.jpg 400w, https:\/\/katolicka-gimnazija.hr\/wp-content\/uploads\/2017\/03\/DSC_0024-430x287.jpg 430w, https:\/\/katolicka-gimnazija.hr\/wp-content\/uploads\/2017\/03\/DSC_0024-150x100.jpg 150w, https:\/\/katolicka-gimnazija.hr\/wp-content\/uploads\/2017\/03\/DSC_0024-100x67.jpg 100w, https:\/\/katolicka-gimnazija.hr\/wp-content\/uploads\/2017\/03\/DSC_0024.jpg 1500w\" sizes=\"auto, (max-width: 300px) 100vw, 300px\" \/><\/a>Tako je u petak, 17. o\u017eujka u po\u017ee\u0161koj Kazali\u0161noj kavani odr\u017ean devetnaesti po redu pub kviz u autorstvu Tomislava Bleiziffera. Ovo ekipno kviza\u0161ko natjecanje u poznavanju op\u0107ega znanja sastojao se od 60 pitanja ravnomjerno raspore\u0111enih u svim podru\u010djima znanja &#8211; od sporta i filma do kulture i umjetnosti, od \u017eutog tiska i interneta do znanosti i povijesti, itd. Upravo te ve\u010deri nadmetale su se 22 tro\u010dlane ekipe. Osim znanja ekipe se zasigurno odlikuju i nadme\u0107u \u010desto originalnim imenima kao \u0161to su Rokeri s Orljavu, Mu\u010dki provokatori, Bitno je sudjelovati, Tri skaka\u010da, Bradate agave, Uzmi srednju ponudu ili Maccabi \u010camagajevci (iz \u010camagajevaca, naravno; op. a).<\/p>\n<p>Povodom 19. po\u017ee\u0161kog pub kviza, ali i kao najava spektakularnog doga\u0111aja za Po\u017eegu &#8211; SOVA-e iliti Spring Open Vallis Aurea, prvog otvorenog prvenstva grada Po\u017eege u kviza\u0161kom znanju koje \u0107e okupiti kremu hrvatske kviz scene poput Deana Kotige, Morane Zibar ili Kre\u0161imira Su\u010devi\u0107a Me\u0111erala, imali smo priliku razgovarati s gospodinom Hrvojem Vlahovom, jednim od glavnih pokreta\u010da ovog jedinstvenog doga\u0111anja.<strong>\u00a0 <\/strong><\/p>\n<p><strong>\u00a0<\/strong><\/p>\n<p><strong><a href=\"http:\/\/katolicka-gimnazija.hr\/wp-content\/uploads\/2017\/03\/13103257_10206175902616602_141555359575068195_n.jpg\"><img loading=\"lazy\" decoding=\"async\" class=\"alignright wp-image-8965 size-medium\" src=\"http:\/\/katolicka-gimnazija.hr\/wp-content\/uploads\/2017\/03\/13103257_10206175902616602_141555359575068195_n-300x200.jpg\" alt=\"13103257_10206175902616602_141555359575068195_n\" width=\"300\" height=\"200\" srcset=\"https:\/\/katolicka-gimnazija.hr\/wp-content\/uploads\/2017\/03\/13103257_10206175902616602_141555359575068195_n-300x200.jpg 300w, https:\/\/katolicka-gimnazija.hr\/wp-content\/uploads\/2017\/03\/13103257_10206175902616602_141555359575068195_n-768x511.jpg 768w, https:\/\/katolicka-gimnazija.hr\/wp-content\/uploads\/2017\/03\/13103257_10206175902616602_141555359575068195_n-360x240.jpg 360w, https:\/\/katolicka-gimnazija.hr\/wp-content\/uploads\/2017\/03\/13103257_10206175902616602_141555359575068195_n-750x499.jpg 750w, https:\/\/katolicka-gimnazija.hr\/wp-content\/uploads\/2017\/03\/13103257_10206175902616602_141555359575068195_n-400x266.jpg 400w, https:\/\/katolicka-gimnazija.hr\/wp-content\/uploads\/2017\/03\/13103257_10206175902616602_141555359575068195_n-430x286.jpg 430w, https:\/\/katolicka-gimnazija.hr\/wp-content\/uploads\/2017\/03\/13103257_10206175902616602_141555359575068195_n-150x100.jpg 150w, https:\/\/katolicka-gimnazija.hr\/wp-content\/uploads\/2017\/03\/13103257_10206175902616602_141555359575068195_n-100x67.jpg 100w, https:\/\/katolicka-gimnazija.hr\/wp-content\/uploads\/2017\/03\/13103257_10206175902616602_141555359575068195_n.jpg 960w\" sizes=\"auto, (max-width: 300px) 100vw, 300px\" \/><\/a>Gospodine Vlahov, do sada smo imali priliku dosta saznati o po\u017ee\u0161kom pub kvizu. Znamo da ste jedan od glavnih pokreta\u010da i onih koji rade na tome da po\u017ee\u0161ki pub kviz i dalje dobro \u017eivi, ali i napreduje. Zanima nas je li vam danas poznato kako je po\u017ee\u0161ka javnost reagirala na ovaj danas tako popularan i mnogima nezaobilazan dru\u0161tveni doga\u0111aj?<\/strong><\/p>\n<p><em>Smatram da je reagirala i vi\u0161e nego pozitivno, a o tomu govore i same brojke. Naime, otkad \u00a0smo pokrenuli ovaj kviz, otprilike prije godinu i pol dana, bilo nas je tridesetak natjecatelja dok nas se danas na mjese\u010dnom pub kvizu, kao i ve\u010deras, zna okupiti i sedamdesetak. <\/em><\/p>\n<p><strong>Mo\u017eemo li re\u0107i da je pub kviz novi po\u017ee\u0161ki brend ili da \u0107e to postati? <\/strong><\/p>\n<p><em>Mislim da je to ve\u0107 postao. Ne toliko koliko ga cijenimo mi ovdje u Po\u017eegi, nego se danas za na\u0161u udrugu zna u cijeloj Hrvatskoj. Naprimjer, kad god netko iz Po\u017eege do\u0111e kao natjecatelj u Potjeru, upravo lovci \u010desto spominju odli\u010dnu kviz scenu u Po\u017eegi, dakle, hvale nas. Kao \u0161to i sami znate, u tijeku su pripreme za organizaciju SOVA-e, jednog velikog turnira koji \u0107e se odr\u017eati 1. i 2. travnja te ovom prilikom pozivamo sve da kao kibiceri do\u0111u popratiti taj n<a href=\"http:\/\/katolicka-gimnazija.hr\/wp-content\/uploads\/2017\/03\/99b4984e4a04a1489970998a7a6eea4a.jpg\"><img loading=\"lazy\" decoding=\"async\" class=\"alignleft wp-image-8986 size-medium\" src=\"http:\/\/katolicka-gimnazija.hr\/wp-content\/uploads\/2017\/03\/99b4984e4a04a1489970998a7a6eea4a-300x156.jpg\" alt=\"99b4984e4a04a1489970998a7a6eea4a\" width=\"300\" height=\"156\" srcset=\"https:\/\/katolicka-gimnazija.hr\/wp-content\/uploads\/2017\/03\/99b4984e4a04a1489970998a7a6eea4a-300x156.jpg 300w, https:\/\/katolicka-gimnazija.hr\/wp-content\/uploads\/2017\/03\/99b4984e4a04a1489970998a7a6eea4a-360x188.jpg 360w, https:\/\/katolicka-gimnazija.hr\/wp-content\/uploads\/2017\/03\/99b4984e4a04a1489970998a7a6eea4a-400x209.jpg 400w, https:\/\/katolicka-gimnazija.hr\/wp-content\/uploads\/2017\/03\/99b4984e4a04a1489970998a7a6eea4a-430x224.jpg 430w, https:\/\/katolicka-gimnazija.hr\/wp-content\/uploads\/2017\/03\/99b4984e4a04a1489970998a7a6eea4a-150x78.jpg 150w, https:\/\/katolicka-gimnazija.hr\/wp-content\/uploads\/2017\/03\/99b4984e4a04a1489970998a7a6eea4a-100x52.jpg 100w, https:\/\/katolicka-gimnazija.hr\/wp-content\/uploads\/2017\/03\/99b4984e4a04a1489970998a7a6eea4a.jpg 560w\" sizes=\"auto, (max-width: 300px) 100vw, 300px\" \/><\/a>a\u0161 prvi turnir. Upravo to je dokaz da smo ve\u0107 pri samom po\u010detku iza\u0161li iz okvira Po\u017ee\u0161ko-slavonske \u017eupanije i da nas prepoznaju i mnogo dalje. U svakom slu\u010daju ovo me \u010dini jako ponosnim i, bez la\u017ene skromnosti, ovo je uistinu dobro \u0161to smo pokrenuli, odaziv ljudi je odli\u010dan, reakcije sa svih strana su pozitivne. Imamo i facebook grupu Kvizoljupci Zlatne doline koja ima skoro petsto \u010dlanova i to ne samo iz Hrvatske nego i iz susjednih zemalja.<\/em><\/p>\n<p><strong>Imate li kakvu potporu od prvih ljudi grada ili je sve ovo na ple\u0107ima pojedinaca?<\/strong><\/p>\n<p><em>Najve\u0107u potporu trebamo zapravo za natjecanja kao \u0161to su Spring Open Vallis Aurea koji nam je pred vratima. Postoje pojedinci i neke ustanove koje nam zasad poma\u017eu, no najvi\u0161e je toga na nama samima.<\/em><\/p>\n<p><strong>Gdje je danas po\u017ee\u0161ki pub kviz na nacionalnoj kviza\u0161koj sceni?<\/strong><\/p>\n<p><em>Moje mi\u0161ljenje je da je na\u0161 pub kviz jedan od najkvalitetnijih u Hrvatskoj. I sama \u010dinjenica da na na\u0161 pub kviz redovito dolaze ekipe iz Nove Gradi\u0161ke ili Osijeka. Sjesti u auto, voziti se pet sati, odigrati kviz pa se opet vra\u0107ati natrag mislim da dosta govori o kvaliteti ovog na\u0161eg kviza. A \u0161to se ti\u010de broja natjecatelja, mi smo po broju stanovnika i sudionika u kvizu daleko najja\u010da i najmasovnija pub kviz scena u Hrvatskoj.<\/em><\/p>\n<p><strong>\u00a0<\/strong><strong>Jedan je va\u0161 kviza\u0161 svojedobno izjavio da je u biti kviza\u0161tvo natjecanje u poznavanju beskorisnih podataka. Je li to skroz to\u010dno?<\/strong><\/p>\n<p><em><a href=\"http:\/\/katolicka-gimnazija.hr\/wp-content\/uploads\/2017\/03\/DSC_0008.jpg\"><img loading=\"lazy\" decoding=\"async\" class=\"alignright wp-image-8972 size-medium\" src=\"http:\/\/katolicka-gimnazija.hr\/wp-content\/uploads\/2017\/03\/DSC_0008-300x200.jpg\" alt=\"DSC_0008\" width=\"300\" height=\"200\" srcset=\"https:\/\/katolicka-gimnazija.hr\/wp-content\/uploads\/2017\/03\/DSC_0008-300x200.jpg 300w, https:\/\/katolicka-gimnazija.hr\/wp-content\/uploads\/2017\/03\/DSC_0008-768x512.jpg 768w, https:\/\/katolicka-gimnazija.hr\/wp-content\/uploads\/2017\/03\/DSC_0008-1024x683.jpg 1024w, https:\/\/katolicka-gimnazija.hr\/wp-content\/uploads\/2017\/03\/DSC_0008-360x240.jpg 360w, https:\/\/katolicka-gimnazija.hr\/wp-content\/uploads\/2017\/03\/DSC_0008-750x500.jpg 750w, https:\/\/katolicka-gimnazija.hr\/wp-content\/uploads\/2017\/03\/DSC_0008-400x267.jpg 400w, https:\/\/katolicka-gimnazija.hr\/wp-content\/uploads\/2017\/03\/DSC_0008-430x287.jpg 430w, https:\/\/katolicka-gimnazija.hr\/wp-content\/uploads\/2017\/03\/DSC_0008-150x100.jpg 150w, https:\/\/katolicka-gimnazija.hr\/wp-content\/uploads\/2017\/03\/DSC_0008-100x67.jpg 100w, https:\/\/katolicka-gimnazija.hr\/wp-content\/uploads\/2017\/03\/DSC_0008.jpg 1500w\" sizes=\"auto, (max-width: 300px) 100vw, 300px\" \/><\/a>To je jedan na\u0161 kolega izvukao staru izreku koja govori tipa ono za\u0161to bi vam bilo bitno tko je bio prvi ili posljednji rimski car i sl. Ja se ne sla\u017eem s tom izjavom (predrasudom) i mislim da je ona zapravo u su\u0161tini ironi\u010dnog i \u0161aljivog karaktera. Meni je kviz dosta pomogao, a vjerujem i brojnim drugim kolegama, ne samo da tu budemo me\u0111u boljima, nego i da nau\u010dimo ne\u0161to novo. No, sve je to manje va\u017eno jer tu smo zapravo prije svega zbog dru\u017eenja. Mnogi od nas ve\u0107 su bili na TV- kvizovima, neki su osvojili zna\u010dajnije nov\u010dane iznose i mislim da op\u0107enito znanje bilo koje vrste, pa i ovo \u0161iroko op\u0107e znanje (koje neki i smatraju beskorisnim), mo\u017ee pomo\u0107i u raznim sferama \u017eivota.<\/em><\/p>\n<p><strong>Pri\u010da se da se ljudi ovdje ne samo natje\u010du i ne\u0161to nau\u010de, ve\u0107 i dobro zabave. No, ima li me\u0111u grupama rivalstva i bude li ponekad pravih natjecateljskih tenzija?<\/strong><\/p>\n<p><em>Rivalstvo sigurno postoji, ali tenzija&#8230; U svakom slu\u010daju ve\u010deras je devetnaesti pub kviz koji se odr\u017eava u Po\u017eegi i ni u jedom slu\u010daju dosad se nije dogodila ni najmanja tenzija, sva\u0111a, neka \u017eustrija diskusija, dakle, sve rje\u0161avamo prijateljski jer prvenstveno se sastajemo zbog dru\u017eenja, puno manje je va\u017eno tko \u0107e koje mjesto zauzeti.<\/em><\/p>\n<p><strong>Ve\u010deras se natje\u010de preko 20 ekipa, to je gotovo 70 ljudi. Tko mo\u017ee sudjelovati, postoji li neki kriterij za sudjelovanje?<\/strong><\/p>\n<p><em><a href=\"http:\/\/katolicka-gimnazija.hr\/wp-content\/uploads\/2017\/03\/DSC_0009.jpg\"><img loading=\"lazy\" decoding=\"async\" class=\"alignright wp-image-8973 size-medium\" src=\"http:\/\/katolicka-gimnazija.hr\/wp-content\/uploads\/2017\/03\/DSC_0009-300x200.jpg\" alt=\"DSC_0009\" width=\"300\" height=\"200\" srcset=\"https:\/\/katolicka-gimnazija.hr\/wp-content\/uploads\/2017\/03\/DSC_0009-300x200.jpg 300w, https:\/\/katolicka-gimnazija.hr\/wp-content\/uploads\/2017\/03\/DSC_0009-768x512.jpg 768w, https:\/\/katolicka-gimnazija.hr\/wp-content\/uploads\/2017\/03\/DSC_0009-1024x683.jpg 1024w, https:\/\/katolicka-gimnazija.hr\/wp-content\/uploads\/2017\/03\/DSC_0009-360x240.jpg 360w, https:\/\/katolicka-gimnazija.hr\/wp-content\/uploads\/2017\/03\/DSC_0009-750x500.jpg 750w, https:\/\/katolicka-gimnazija.hr\/wp-content\/uploads\/2017\/03\/DSC_0009-400x267.jpg 400w, https:\/\/katolicka-gimnazija.hr\/wp-content\/uploads\/2017\/03\/DSC_0009-430x287.jpg 430w, https:\/\/katolicka-gimnazija.hr\/wp-content\/uploads\/2017\/03\/DSC_0009-150x100.jpg 150w, https:\/\/katolicka-gimnazija.hr\/wp-content\/uploads\/2017\/03\/DSC_0009-100x67.jpg 100w, https:\/\/katolicka-gimnazija.hr\/wp-content\/uploads\/2017\/03\/DSC_0009.jpg 1500w\" sizes=\"auto, (max-width: 300px) 100vw, 300px\" \/><\/a>Sudjelovati zapravo mo\u017ee svatko, nitko nije ograni\u010den ni na jedan na\u010din, osim \u0161to ne prakticiramo da sudjeluju premlade osobe, recimo ispod 16 godina. Ne toliko zbog godina nego je jednostavno potrebno da barem zavr\u0161e prva dva razreda srednje \u0161kole da se bar ne\u0161to znanja nakupi, da svima bude interesantno i da svi budu podjednaki. Svatko sam bira s kim \u0107e sudjelovati u natjecanju. Danas su prijavljene 22 ekipe, to je ponovno sedamdesetak ljudi. Dolazimo i u situaciju da nam je \u010dak problemati\u010dno s prostorom, da se moramo malo naguravati. U svakom slu\u010daju, puno je vi\u0161e ekipa nego \u0161to smo mi na po\u010detku planirali \u0161to nas \u010dini izrazito ponosnima.<\/em><\/p>\n<p><strong>Vidimo da me\u0111u vama ozbiljnijim kviza\u0161ima ima i mla\u0111ih ekipa. \u0160to Vama kao profesoru to govori i mo\u017ee li ovakav tip dru\u017eenja mladima postati vikend-alternativa?<\/strong><\/p>\n<p><em>Ja vjerujem da mo\u017ee. Ovdje redovito po svakom kvizu bude po pet ili \u0161est ekipa koje imaju ispod osamnaest godina, uglavnom maturanti i tre\u0107i razredi srednjih \u0161kola, ali i bruco\u0161i. Mislim da je to mladima dobar izvor zanimacije i meni je izrazito drago \u0161to se mladi uklju\u010duju. \u010cesto su prvo zapo\u010dinjali kao dio publike pa se i sami oku\u0161ali, a sad ve\u0107 postoje i mladi koji su ozbiljnija konkurencija starijim i ozbiljnijim kviza\u0161ima. Oni nerijetko zauzmu mjesto u sredini tablice \u0161to je za tu dob i iskustvo odli\u010dan rezultat.<\/em><\/p>\n<p><strong>Postoji li trema kod vas ve\u0107 ozbiljnijih kviza\u0161a i ima li ona utjecaj na zavr\u0161ni rezultat?<\/strong><\/p>\n<p><em>Vjerovatno ima treme i zasigurno je izra\u017eenija kod ljudi koji su prvi puta na ovakovom tipu doga\u0111anja, ali ta trema se jednostavno najbolje mo\u017ee rije\u0161iti samim sudjelovanjem, ne postoji drugi na\u010din. Jednostavno se baciti u vatru i vidjeti kakvi ste.<\/em><\/p>\n<p><strong>Pred vama je SOVA, prvi Spring Open Vallis Aurea. \u0160to to zna\u010di za Po\u017eegu? \u0160to i koga o\u010dekujete 1. i\u00a0 2. travnja i je li sve spremno?<\/strong><\/p>\n<p><em><a href=\"http:\/\/katolicka-gimnazija.hr\/wp-content\/uploads\/2017\/03\/40480.jpeg\"><img loading=\"lazy\" decoding=\"async\" class=\"alignright wp-image-8987 size-medium\" src=\"http:\/\/katolicka-gimnazija.hr\/wp-content\/uploads\/2017\/03\/40480-300x200.jpeg\" alt=\"40480\" width=\"300\" height=\"200\" srcset=\"https:\/\/katolicka-gimnazija.hr\/wp-content\/uploads\/2017\/03\/40480-300x200.jpeg 300w, https:\/\/katolicka-gimnazija.hr\/wp-content\/uploads\/2017\/03\/40480-768x511.jpeg 768w, https:\/\/katolicka-gimnazija.hr\/wp-content\/uploads\/2017\/03\/40480-360x240.jpeg 360w, https:\/\/katolicka-gimnazija.hr\/wp-content\/uploads\/2017\/03\/40480-750x500.jpeg 750w, https:\/\/katolicka-gimnazija.hr\/wp-content\/uploads\/2017\/03\/40480-400x266.jpeg 400w, https:\/\/katolicka-gimnazija.hr\/wp-content\/uploads\/2017\/03\/40480-430x286.jpeg 430w, https:\/\/katolicka-gimnazija.hr\/wp-content\/uploads\/2017\/03\/40480-150x100.jpeg 150w, https:\/\/katolicka-gimnazija.hr\/wp-content\/uploads\/2017\/03\/40480-100x67.jpeg 100w, https:\/\/katolicka-gimnazija.hr\/wp-content\/uploads\/2017\/03\/40480.jpeg 1000w\" sizes=\"auto, (max-width: 300px) 100vw, 300px\" \/><\/a>Mislim da ovo zna\u010di za Po\u017eegu, opet bez la\u017ene skromnosti, jako puno. O\u010dekujemo dolazak svih lovaca iz Potjere i mnogih drugih ponajboljih hrvatskih kviza\u0161a. O\u010dekujemo zaista jak turnir i mislim da je to za Po\u017eegu vrlo dobra stvar, ne samo u smislu kviza\u0161tva nego i usmislu promocije na\u0161eg grda i na\u0161e \u017eupanije. Ovakve se stvari obi\u010dno spremaju do zadnjeg trenutka jer ovakav tip natjecanja se ne vi\u0111a \u010desto. Vjerujem da \u0107e biti jako kvalitetno i mi \u0107emo se potruditi da svojim doma\u0107instvom i kvalitetom pitanja napravimo tako da i gosti budu i vi\u0161e nego zadovoljni, a, kao \u0161to rekoh, o\u010dekujemo ponajbolje hrvatske kviza\u0161e. O\u010dekujemo ljude iz Zadra, Vinkovaca, Osijeka i ljude iz dvije susjedne zemlje, no to nije jo\u0161 sto posto sigurno.<\/em><\/p>\n<p>&nbsp;<\/p>\n<p><strong>Rije\u010d-dvije od dva-tri kviza\u0161a<\/strong><\/p>\n<p><strong>Monika i <em>Zlatne harpije<\/em><\/strong><\/p>\n<p>Da ovakav tip doga\u0111anja nije samo za starije dokazala nam je jedna srednjo\u0161kolka, Monika.<\/p>\n<p><a href=\"http:\/\/katolicka-gimnazija.hr\/wp-content\/uploads\/2017\/03\/DSC_0011-1.jpg\"><img loading=\"lazy\" decoding=\"async\" class=\"alignleft wp-image-8974 size-medium\" src=\"http:\/\/katolicka-gimnazija.hr\/wp-content\/uploads\/2017\/03\/DSC_0011-1-300x200.jpg\" alt=\"DSC_0011\" width=\"300\" height=\"200\" srcset=\"https:\/\/katolicka-gimnazija.hr\/wp-content\/uploads\/2017\/03\/DSC_0011-1-300x200.jpg 300w, https:\/\/katolicka-gimnazija.hr\/wp-content\/uploads\/2017\/03\/DSC_0011-1-768x512.jpg 768w, https:\/\/katolicka-gimnazija.hr\/wp-content\/uploads\/2017\/03\/DSC_0011-1-1024x683.jpg 1024w, https:\/\/katolicka-gimnazija.hr\/wp-content\/uploads\/2017\/03\/DSC_0011-1-360x240.jpg 360w, https:\/\/katolicka-gimnazija.hr\/wp-content\/uploads\/2017\/03\/DSC_0011-1-750x500.jpg 750w, https:\/\/katolicka-gimnazija.hr\/wp-content\/uploads\/2017\/03\/DSC_0011-1-400x267.jpg 400w, https:\/\/katolicka-gimnazija.hr\/wp-content\/uploads\/2017\/03\/DSC_0011-1-430x287.jpg 430w, https:\/\/katolicka-gimnazija.hr\/wp-content\/uploads\/2017\/03\/DSC_0011-1-150x100.jpg 150w, https:\/\/katolicka-gimnazija.hr\/wp-content\/uploads\/2017\/03\/DSC_0011-1-100x67.jpg 100w, https:\/\/katolicka-gimnazija.hr\/wp-content\/uploads\/2017\/03\/DSC_0011-1.jpg 1500w\" sizes=\"auto, (max-width: 300px) 100vw, 300px\" \/><\/a>Monika je gimnazijalka koja se ve\u0107 \u0161esti put natje\u010de zajedno s jo\u0161 dvije srednjo\u0161kolke u ekipi Zlatne harpije. <em>\u201eIdeja za ime do\u0161la je od serije Igra prijestolja. Tamo je bila jedna grupa koja se tako\u0111er zvala Harpije pa smo mi na to jo\u0161 dodali Zlatne.\u201c<\/em> objasnila nam je Monika. Na pitanje prate li neke druge kvizove i pripremaju li se za po\u017ee\u0161ki pub kviz, odgovara da neke posebne pripreme ne postoje, a da zbog premalo slobodnog vremena uspije pogledati tek neki TV-kviz. U ekipi Zlatne harpije Monika je zadu\u017eena za znanje iz povijesti i pop-kulture, dok joj, ka\u017ee, ne le\u017ei geografija i definitivno ne pitanja s brojevima.<\/p>\n<p>Kao \u0161to smo i pretpostavili, djevojkama su ovakva natjecanja uz dru\u017eenje prvenstveno radi dobre zabave. Upravo je njihov primjer i svjedo\u010danstvo, kao \u0161to smo i pretpostavljali, dokaz da ovakav tip dru\u017eenja mo\u017ee postati vikend-alternativa mladima.\u00a0Za kraj smo ju zamolili da komentira po\u017ee\u0161ki pub kviz. <em>\u201eMislim da je ovaj kviz vrlo kvalitetan i da je vrlo korisno \u0161to se organizira ovakav tip natjecanja u znanju koje bi nama, osobito mladima, moglo koristiti u budu\u0107nosti.\u201c<\/em><\/p>\n<p><strong>Ivor i <em>Bradate agave<\/em><\/strong><\/p>\n<p><a href=\"http:\/\/katolicka-gimnazija.hr\/wp-content\/uploads\/2017\/03\/DSC_0014.jpg\"><img loading=\"lazy\" decoding=\"async\" class=\"wp-image-8975 size-medium alignright\" src=\"http:\/\/katolicka-gimnazija.hr\/wp-content\/uploads\/2017\/03\/DSC_0014-300x200.jpg\" alt=\"DSC_0014\" width=\"300\" height=\"200\" srcset=\"https:\/\/katolicka-gimnazija.hr\/wp-content\/uploads\/2017\/03\/DSC_0014-300x200.jpg 300w, https:\/\/katolicka-gimnazija.hr\/wp-content\/uploads\/2017\/03\/DSC_0014-768x512.jpg 768w, https:\/\/katolicka-gimnazija.hr\/wp-content\/uploads\/2017\/03\/DSC_0014-1024x683.jpg 1024w, https:\/\/katolicka-gimnazija.hr\/wp-content\/uploads\/2017\/03\/DSC_0014-360x240.jpg 360w, https:\/\/katolicka-gimnazija.hr\/wp-content\/uploads\/2017\/03\/DSC_0014-750x500.jpg 750w, https:\/\/katolicka-gimnazija.hr\/wp-content\/uploads\/2017\/03\/DSC_0014-400x267.jpg 400w, https:\/\/katolicka-gimnazija.hr\/wp-content\/uploads\/2017\/03\/DSC_0014-430x287.jpg 430w, https:\/\/katolicka-gimnazija.hr\/wp-content\/uploads\/2017\/03\/DSC_0014-150x100.jpg 150w, https:\/\/katolicka-gimnazija.hr\/wp-content\/uploads\/2017\/03\/DSC_0014-100x67.jpg 100w, https:\/\/katolicka-gimnazija.hr\/wp-content\/uploads\/2017\/03\/DSC_0014.jpg 1500w\" sizes=\"auto, (max-width: 300px) 100vw, 300px\" \/><\/a>Razgovarali smo i s Ivorom koji se zajedno s prijateljima Lukom i Stjepanom natje\u010de u ekipi <em>Bradate agave<\/em>. I njima je ideja bila smisliti neko originalno ime pa su si, budu\u0107i da su sva trojica bradati, dali upravo to ime. \u201eTo je jednostavno tako nelogi\u010dno i blesavo i ba\u0161 nam se zato svidjelo.\u201c pojasnio je Ivor. Za razliku od ipak ne\u0161to mla\u0111e Monike, Ivor, profesor povijesti, dosta vi\u0161e prati kvizove, pogotovo dok je studirao u Zagrebu. Sam ka\u017ee da je sav u kvizovima no dosada nije sudjelovao niti u jednom TV-kvizu, a trenutno skuplja hrabrost za <em>Potjeru<\/em>. Budu\u0107i da je zavr\u0161io povijest, povijest mu je ja\u010da strana, a kao humanist ne voli prirodnoslovne stvari i sport.<\/p>\n<p><strong>Dario i <em>Bitno je sudjelovati<\/em><\/strong><\/p>\n<p><a href=\"http:\/\/katolicka-gimnazija.hr\/wp-content\/uploads\/2017\/03\/DSC_0015.jpg\"><img loading=\"lazy\" decoding=\"async\" class=\"wp-image-8976 size-medium alignleft\" src=\"http:\/\/katolicka-gimnazija.hr\/wp-content\/uploads\/2017\/03\/DSC_0015-300x200.jpg\" alt=\"DSC_0015\" width=\"300\" height=\"200\" srcset=\"https:\/\/katolicka-gimnazija.hr\/wp-content\/uploads\/2017\/03\/DSC_0015-300x200.jpg 300w, https:\/\/katolicka-gimnazija.hr\/wp-content\/uploads\/2017\/03\/DSC_0015-768x512.jpg 768w, https:\/\/katolicka-gimnazija.hr\/wp-content\/uploads\/2017\/03\/DSC_0015-1024x683.jpg 1024w, https:\/\/katolicka-gimnazija.hr\/wp-content\/uploads\/2017\/03\/DSC_0015-360x240.jpg 360w, https:\/\/katolicka-gimnazija.hr\/wp-content\/uploads\/2017\/03\/DSC_0015-750x500.jpg 750w, https:\/\/katolicka-gimnazija.hr\/wp-content\/uploads\/2017\/03\/DSC_0015-400x267.jpg 400w, https:\/\/katolicka-gimnazija.hr\/wp-content\/uploads\/2017\/03\/DSC_0015-430x287.jpg 430w, https:\/\/katolicka-gimnazija.hr\/wp-content\/uploads\/2017\/03\/DSC_0015-150x100.jpg 150w, https:\/\/katolicka-gimnazija.hr\/wp-content\/uploads\/2017\/03\/DSC_0015-100x67.jpg 100w, https:\/\/katolicka-gimnazija.hr\/wp-content\/uploads\/2017\/03\/DSC_0015.jpg 1500w\" sizes=\"auto, (max-width: 300px) 100vw, 300px\" \/><\/a>Za kraj smo razgovarali s najstarijim od ovih na\u0161ih troje kviza\u0161a, Dariom, koji se natje\u010de u ekipi <em>Bitno je sudjelovati<\/em>. On je sa svojim prijateljima kvizoljupcima od samoga po\u010detka uz Vlahova i Bleiziffera, ali i jedan od najaktivnijih kviza\u0161a u facebook grupi <em>Kvizoljupci Zlatne doline<\/em>. Ime njegove ekipe poznata je fraza tako karakteristi\u010dna upravo za kviza\u0161ko natjecanje. Oni su ve\u0107 iskusna ekipa koja se natje\u010de isklju\u010divo radi dobrog dru\u017eenja i iznimno su sretni \u0161to je pub kviz u Po\u017eegi za\u017eivio ovakvim intenzitetom. Dario, koji je, kako ka\u017ee, najja\u010di u sportu i geografiji, a ne preferira nove ra\u010dunalne igrice ili mitologiju, tako\u0111er nije nastupao u novijim kvizovima. Sudjeluje na po\u017ee\u0161kim pub kvizovima prije svega kako bi nau\u010dio ne\u0161to novo, provjerio svoje znanje, ali i kvalitetno proveo slobodno vrijeme. <em>\u201eOvaj kviz je definitivno dobra stvar za na\u0161 grad, ali i za sve nas koji sudjelujemo.\u201c<\/em> zaklju\u010dio je Dario.<\/p>\n<p>&nbsp;<\/p>\n<p><strong>Do\u0111ite na SOVA-u i kibicirajte do mile volje<\/strong><\/p>\n<p><a href=\"http:\/\/katolicka-gimnazija.hr\/wp-content\/uploads\/2017\/03\/13335782_10206417423134464_364593949234844919_n.jpg\" rel=\"attachment wp-att-8966\"><img loading=\"lazy\" decoding=\"async\" class=\"size-medium wp-image-8966 alignright\" src=\"http:\/\/katolicka-gimnazija.hr\/wp-content\/uploads\/2017\/03\/13335782_10206417423134464_364593949234844919_n-300x200.jpg\" alt=\"13335782_10206417423134464_364593949234844919_n\" width=\"300\" height=\"200\" srcset=\"https:\/\/katolicka-gimnazija.hr\/wp-content\/uploads\/2017\/03\/13335782_10206417423134464_364593949234844919_n-300x200.jpg 300w, https:\/\/katolicka-gimnazija.hr\/wp-content\/uploads\/2017\/03\/13335782_10206417423134464_364593949234844919_n-768x512.jpg 768w, https:\/\/katolicka-gimnazija.hr\/wp-content\/uploads\/2017\/03\/13335782_10206417423134464_364593949234844919_n-360x240.jpg 360w, https:\/\/katolicka-gimnazija.hr\/wp-content\/uploads\/2017\/03\/13335782_10206417423134464_364593949234844919_n-750x500.jpg 750w, https:\/\/katolicka-gimnazija.hr\/wp-content\/uploads\/2017\/03\/13335782_10206417423134464_364593949234844919_n-400x267.jpg 400w, https:\/\/katolicka-gimnazija.hr\/wp-content\/uploads\/2017\/03\/13335782_10206417423134464_364593949234844919_n-430x287.jpg 430w, https:\/\/katolicka-gimnazija.hr\/wp-content\/uploads\/2017\/03\/13335782_10206417423134464_364593949234844919_n-150x100.jpg 150w, https:\/\/katolicka-gimnazija.hr\/wp-content\/uploads\/2017\/03\/13335782_10206417423134464_364593949234844919_n-100x67.jpg 100w, https:\/\/katolicka-gimnazija.hr\/wp-content\/uploads\/2017\/03\/13335782_10206417423134464_364593949234844919_n.jpg 960w\" sizes=\"auto, (max-width: 300px) 100vw, 300px\" \/><\/a>Koliko bi gradu Po\u017eegi trebala zna\u010diti ovakva dru\u017eenja koja se za sada odvijaju u po\u017ee\u0161koj <em>Kazali\u0161noj kavani<\/em> pokazuje i izjava Morane Zibar, lovkinje u kvizu Potjera, koja je rekla da joj nije svejedno kada netko od kandidata dolazi iz Po\u017ee\u0161tine jer tamo &#8221;obitavaju&#8221; izvanredni kviza\u0161i u kojima zasigurno postoji velik potencijal i mogu\u0107nost jo\u0161 ve\u0107eg napretka. Nadamo se da \u0107e ovaj razgovor s po\u017ee\u0161kim kviza\u0161ima motivirati neke od vas za posjet idu\u0107em pub kvizu ili, jo\u0161 bolje, SOVA-i, gdje \u0107ete mo\u017eda najprije nastupiti kao kibiceri (promatra\u010di), a onda jednom i kao natjecatelji. Organizatorima SOVA-e \u017eelimo puno uspjeha u nadi da \u0107e ovaj doga\u0111aj postati i ostati nova to\u010dka na hrvatskoj kviza\u0161koj sceni. I zavr\u0161imo jo\u0161 jednom prigodnom &#8211; <em>Dobro je la\u0161titi mozak trenjem uz druge mozgove (Michel de Montaigne).<\/em><\/p>\n<div id='gallery-1' class='gallery galleryid-8964 gallery-columns-3 gallery-size-medium'><figure class='gallery-item'>\n\t\t\t<div class='gallery-icon landscape'>\n\t\t\t\t<a href='https:\/\/katolicka-gimnazija.hr\/wp-content\/uploads\/2017\/03\/DSC_0011-1.jpg'><img loading=\"lazy\" decoding=\"async\" width=\"300\" height=\"200\" src=\"https:\/\/katolicka-gimnazija.hr\/wp-content\/uploads\/2017\/03\/DSC_0011-1-300x200.jpg\" class=\"attachment-medium size-medium\" alt=\"\" srcset=\"https:\/\/katolicka-gimnazija.hr\/wp-content\/uploads\/2017\/03\/DSC_0011-1-300x200.jpg 300w, https:\/\/katolicka-gimnazija.hr\/wp-content\/uploads\/2017\/03\/DSC_0011-1-768x512.jpg 768w, https:\/\/katolicka-gimnazija.hr\/wp-content\/uploads\/2017\/03\/DSC_0011-1-1024x683.jpg 1024w, https:\/\/katolicka-gimnazija.hr\/wp-content\/uploads\/2017\/03\/DSC_0011-1-360x240.jpg 360w, https:\/\/katolicka-gimnazija.hr\/wp-content\/uploads\/2017\/03\/DSC_0011-1-750x500.jpg 750w, https:\/\/katolicka-gimnazija.hr\/wp-content\/uploads\/2017\/03\/DSC_0011-1-400x267.jpg 400w, https:\/\/katolicka-gimnazija.hr\/wp-content\/uploads\/2017\/03\/DSC_0011-1-430x287.jpg 430w, https:\/\/katolicka-gimnazija.hr\/wp-content\/uploads\/2017\/03\/DSC_0011-1-150x100.jpg 150w, https:\/\/katolicka-gimnazija.hr\/wp-content\/uploads\/2017\/03\/DSC_0011-1-100x67.jpg 100w, https:\/\/katolicka-gimnazija.hr\/wp-content\/uploads\/2017\/03\/DSC_0011-1.jpg 1500w\" sizes=\"auto, (max-width: 300px) 100vw, 300px\" \/><\/a>\n\t\t\t<\/div><\/figure><figure class='gallery-item'>\n\t\t\t<div class='gallery-icon landscape'>\n\t\t\t\t<a href='https:\/\/katolicka-gimnazija.hr\/wp-content\/uploads\/2017\/03\/14915326_10211093366950072_4148479523718805827_n.jpg'><img loading=\"lazy\" decoding=\"async\" width=\"300\" height=\"200\" src=\"https:\/\/katolicka-gimnazija.hr\/wp-content\/uploads\/2017\/03\/14915326_10211093366950072_4148479523718805827_n-300x200.jpg\" class=\"attachment-medium size-medium\" alt=\"\" srcset=\"https:\/\/katolicka-gimnazija.hr\/wp-content\/uploads\/2017\/03\/14915326_10211093366950072_4148479523718805827_n-300x200.jpg 300w, https:\/\/katolicka-gimnazija.hr\/wp-content\/uploads\/2017\/03\/14915326_10211093366950072_4148479523718805827_n-768x512.jpg 768w, https:\/\/katolicka-gimnazija.hr\/wp-content\/uploads\/2017\/03\/14915326_10211093366950072_4148479523718805827_n-360x240.jpg 360w, https:\/\/katolicka-gimnazija.hr\/wp-content\/uploads\/2017\/03\/14915326_10211093366950072_4148479523718805827_n-750x500.jpg 750w, https:\/\/katolicka-gimnazija.hr\/wp-content\/uploads\/2017\/03\/14915326_10211093366950072_4148479523718805827_n-400x267.jpg 400w, https:\/\/katolicka-gimnazija.hr\/wp-content\/uploads\/2017\/03\/14915326_10211093366950072_4148479523718805827_n-430x287.jpg 430w, https:\/\/katolicka-gimnazija.hr\/wp-content\/uploads\/2017\/03\/14915326_10211093366950072_4148479523718805827_n-150x100.jpg 150w, https:\/\/katolicka-gimnazija.hr\/wp-content\/uploads\/2017\/03\/14915326_10211093366950072_4148479523718805827_n-100x67.jpg 100w, https:\/\/katolicka-gimnazija.hr\/wp-content\/uploads\/2017\/03\/14915326_10211093366950072_4148479523718805827_n.jpg 960w\" sizes=\"auto, (max-width: 300px) 100vw, 300px\" \/><\/a>\n\t\t\t<\/div><\/figure><figure class='gallery-item'>\n\t\t\t<div class='gallery-icon landscape'>\n\t\t\t\t<a href='https:\/\/katolicka-gimnazija.hr\/wp-content\/uploads\/2017\/03\/DSC_0014.jpg'><img loading=\"lazy\" decoding=\"async\" width=\"300\" height=\"200\" src=\"https:\/\/katolicka-gimnazija.hr\/wp-content\/uploads\/2017\/03\/DSC_0014-300x200.jpg\" class=\"attachment-medium size-medium\" alt=\"\" srcset=\"https:\/\/katolicka-gimnazija.hr\/wp-content\/uploads\/2017\/03\/DSC_0014-300x200.jpg 300w, https:\/\/katolicka-gimnazija.hr\/wp-content\/uploads\/2017\/03\/DSC_0014-768x512.jpg 768w, https:\/\/katolicka-gimnazija.hr\/wp-content\/uploads\/2017\/03\/DSC_0014-1024x683.jpg 1024w, https:\/\/katolicka-gimnazija.hr\/wp-content\/uploads\/2017\/03\/DSC_0014-360x240.jpg 360w, https:\/\/katolicka-gimnazija.hr\/wp-content\/uploads\/2017\/03\/DSC_0014-750x500.jpg 750w, https:\/\/katolicka-gimnazija.hr\/wp-content\/uploads\/2017\/03\/DSC_0014-400x267.jpg 400w, https:\/\/katolicka-gimnazija.hr\/wp-content\/uploads\/2017\/03\/DSC_0014-430x287.jpg 430w, https:\/\/katolicka-gimnazija.hr\/wp-content\/uploads\/2017\/03\/DSC_0014-150x100.jpg 150w, https:\/\/katolicka-gimnazija.hr\/wp-content\/uploads\/2017\/03\/DSC_0014-100x67.jpg 100w, https:\/\/katolicka-gimnazija.hr\/wp-content\/uploads\/2017\/03\/DSC_0014.jpg 1500w\" sizes=\"auto, (max-width: 300px) 100vw, 300px\" \/><\/a>\n\t\t\t<\/div><\/figure><figure class='gallery-item'>\n\t\t\t<div class='gallery-icon landscape'>\n\t\t\t\t<a href='https:\/\/katolicka-gimnazija.hr\/wp-content\/uploads\/2017\/03\/CSC_0065.jpg'><img loading=\"lazy\" decoding=\"async\" width=\"300\" height=\"200\" src=\"https:\/\/katolicka-gimnazija.hr\/wp-content\/uploads\/2017\/03\/CSC_0065-300x200.jpg\" class=\"attachment-medium size-medium\" alt=\"\" srcset=\"https:\/\/katolicka-gimnazija.hr\/wp-content\/uploads\/2017\/03\/CSC_0065-300x200.jpg 300w, https:\/\/katolicka-gimnazija.hr\/wp-content\/uploads\/2017\/03\/CSC_0065-768x512.jpg 768w, https:\/\/katolicka-gimnazija.hr\/wp-content\/uploads\/2017\/03\/CSC_0065-1024x683.jpg 1024w, https:\/\/katolicka-gimnazija.hr\/wp-content\/uploads\/2017\/03\/CSC_0065-360x240.jpg 360w, https:\/\/katolicka-gimnazija.hr\/wp-content\/uploads\/2017\/03\/CSC_0065-750x500.jpg 750w, https:\/\/katolicka-gimnazija.hr\/wp-content\/uploads\/2017\/03\/CSC_0065-400x267.jpg 400w, https:\/\/katolicka-gimnazija.hr\/wp-content\/uploads\/2017\/03\/CSC_0065-430x287.jpg 430w, https:\/\/katolicka-gimnazija.hr\/wp-content\/uploads\/2017\/03\/CSC_0065-150x100.jpg 150w, https:\/\/katolicka-gimnazija.hr\/wp-content\/uploads\/2017\/03\/CSC_0065-100x67.jpg 100w, https:\/\/katolicka-gimnazija.hr\/wp-content\/uploads\/2017\/03\/CSC_0065.jpg 1500w\" sizes=\"auto, (max-width: 300px) 100vw, 300px\" \/><\/a>\n\t\t\t<\/div><\/figure><figure class='gallery-item'>\n\t\t\t<div class='gallery-icon landscape'>\n\t\t\t\t<a href='https:\/\/katolicka-gimnazija.hr\/wp-content\/uploads\/2017\/03\/DSC_0007.jpg'><img loading=\"lazy\" decoding=\"async\" width=\"300\" height=\"200\" src=\"https:\/\/katolicka-gimnazija.hr\/wp-content\/uploads\/2017\/03\/DSC_0007-300x200.jpg\" class=\"attachment-medium size-medium\" alt=\"\" srcset=\"https:\/\/katolicka-gimnazija.hr\/wp-content\/uploads\/2017\/03\/DSC_0007-300x200.jpg 300w, https:\/\/katolicka-gimnazija.hr\/wp-content\/uploads\/2017\/03\/DSC_0007-768x512.jpg 768w, https:\/\/katolicka-gimnazija.hr\/wp-content\/uploads\/2017\/03\/DSC_0007-1024x683.jpg 1024w, https:\/\/katolicka-gimnazija.hr\/wp-content\/uploads\/2017\/03\/DSC_0007-360x240.jpg 360w, https:\/\/katolicka-gimnazija.hr\/wp-content\/uploads\/2017\/03\/DSC_0007-750x500.jpg 750w, https:\/\/katolicka-gimnazija.hr\/wp-content\/uploads\/2017\/03\/DSC_0007-400x267.jpg 400w, https:\/\/katolicka-gimnazija.hr\/wp-content\/uploads\/2017\/03\/DSC_0007-430x287.jpg 430w, https:\/\/katolicka-gimnazija.hr\/wp-content\/uploads\/2017\/03\/DSC_0007-150x100.jpg 150w, https:\/\/katolicka-gimnazija.hr\/wp-content\/uploads\/2017\/03\/DSC_0007-100x67.jpg 100w, https:\/\/katolicka-gimnazija.hr\/wp-content\/uploads\/2017\/03\/DSC_0007.jpg 1500w\" sizes=\"auto, (max-width: 300px) 100vw, 300px\" \/><\/a>\n\t\t\t<\/div><\/figure><figure class='gallery-item'>\n\t\t\t<div class='gallery-icon landscape'>\n\t\t\t\t<a href='https:\/\/katolicka-gimnazija.hr\/wp-content\/uploads\/2017\/03\/13103257_10206175902616602_141555359575068195_n.jpg'><img loading=\"lazy\" decoding=\"async\" width=\"300\" height=\"200\" src=\"https:\/\/katolicka-gimnazija.hr\/wp-content\/uploads\/2017\/03\/13103257_10206175902616602_141555359575068195_n-300x200.jpg\" class=\"attachment-medium size-medium\" alt=\"\" srcset=\"https:\/\/katolicka-gimnazija.hr\/wp-content\/uploads\/2017\/03\/13103257_10206175902616602_141555359575068195_n-300x200.jpg 300w, https:\/\/katolicka-gimnazija.hr\/wp-content\/uploads\/2017\/03\/13103257_10206175902616602_141555359575068195_n-768x511.jpg 768w, https:\/\/katolicka-gimnazija.hr\/wp-content\/uploads\/2017\/03\/13103257_10206175902616602_141555359575068195_n-360x240.jpg 360w, https:\/\/katolicka-gimnazija.hr\/wp-content\/uploads\/2017\/03\/13103257_10206175902616602_141555359575068195_n-750x499.jpg 750w, https:\/\/katolicka-gimnazija.hr\/wp-content\/uploads\/2017\/03\/13103257_10206175902616602_141555359575068195_n-400x266.jpg 400w, https:\/\/katolicka-gimnazija.hr\/wp-content\/uploads\/2017\/03\/13103257_10206175902616602_141555359575068195_n-430x286.jpg 430w, https:\/\/katolicka-gimnazija.hr\/wp-content\/uploads\/2017\/03\/13103257_10206175902616602_141555359575068195_n-150x100.jpg 150w, https:\/\/katolicka-gimnazija.hr\/wp-content\/uploads\/2017\/03\/13103257_10206175902616602_141555359575068195_n-100x67.jpg 100w, https:\/\/katolicka-gimnazija.hr\/wp-content\/uploads\/2017\/03\/13103257_10206175902616602_141555359575068195_n.jpg 960w\" sizes=\"auto, (max-width: 300px) 100vw, 300px\" \/><\/a>\n\t\t\t<\/div><\/figure><figure class='gallery-item'>\n\t\t\t<div class='gallery-icon landscape'>\n\t\t\t\t<a href='https:\/\/katolicka-gimnazija.hr\/wp-content\/uploads\/2017\/03\/13335782_10206417423134464_364593949234844919_n.jpg'><img loading=\"lazy\" decoding=\"async\" width=\"300\" height=\"200\" src=\"https:\/\/katolicka-gimnazija.hr\/wp-content\/uploads\/2017\/03\/13335782_10206417423134464_364593949234844919_n-300x200.jpg\" class=\"attachment-medium size-medium\" alt=\"\" srcset=\"https:\/\/katolicka-gimnazija.hr\/wp-content\/uploads\/2017\/03\/13335782_10206417423134464_364593949234844919_n-300x200.jpg 300w, https:\/\/katolicka-gimnazija.hr\/wp-content\/uploads\/2017\/03\/13335782_10206417423134464_364593949234844919_n-768x512.jpg 768w, https:\/\/katolicka-gimnazija.hr\/wp-content\/uploads\/2017\/03\/13335782_10206417423134464_364593949234844919_n-360x240.jpg 360w, https:\/\/katolicka-gimnazija.hr\/wp-content\/uploads\/2017\/03\/13335782_10206417423134464_364593949234844919_n-750x500.jpg 750w, https:\/\/katolicka-gimnazija.hr\/wp-content\/uploads\/2017\/03\/13335782_10206417423134464_364593949234844919_n-400x267.jpg 400w, https:\/\/katolicka-gimnazija.hr\/wp-content\/uploads\/2017\/03\/13335782_10206417423134464_364593949234844919_n-430x287.jpg 430w, https:\/\/katolicka-gimnazija.hr\/wp-content\/uploads\/2017\/03\/13335782_10206417423134464_364593949234844919_n-150x100.jpg 150w, https:\/\/katolicka-gimnazija.hr\/wp-content\/uploads\/2017\/03\/13335782_10206417423134464_364593949234844919_n-100x67.jpg 100w, https:\/\/katolicka-gimnazija.hr\/wp-content\/uploads\/2017\/03\/13335782_10206417423134464_364593949234844919_n.jpg 960w\" sizes=\"auto, (max-width: 300px) 100vw, 300px\" \/><\/a>\n\t\t\t<\/div><\/figure><figure class='gallery-item'>\n\t\t\t<div class='gallery-icon landscape'>\n\t\t\t\t<a href='https:\/\/katolicka-gimnazija.hr\/wp-content\/uploads\/2017\/03\/DSC_0008.jpg'><img loading=\"lazy\" decoding=\"async\" width=\"300\" height=\"200\" src=\"https:\/\/katolicka-gimnazija.hr\/wp-content\/uploads\/2017\/03\/DSC_0008-300x200.jpg\" class=\"attachment-medium size-medium\" alt=\"\" srcset=\"https:\/\/katolicka-gimnazija.hr\/wp-content\/uploads\/2017\/03\/DSC_0008-300x200.jpg 300w, https:\/\/katolicka-gimnazija.hr\/wp-content\/uploads\/2017\/03\/DSC_0008-768x512.jpg 768w, https:\/\/katolicka-gimnazija.hr\/wp-content\/uploads\/2017\/03\/DSC_0008-1024x683.jpg 1024w, https:\/\/katolicka-gimnazija.hr\/wp-content\/uploads\/2017\/03\/DSC_0008-360x240.jpg 360w, https:\/\/katolicka-gimnazija.hr\/wp-content\/uploads\/2017\/03\/DSC_0008-750x500.jpg 750w, https:\/\/katolicka-gimnazija.hr\/wp-content\/uploads\/2017\/03\/DSC_0008-400x267.jpg 400w, https:\/\/katolicka-gimnazija.hr\/wp-content\/uploads\/2017\/03\/DSC_0008-430x287.jpg 430w, https:\/\/katolicka-gimnazija.hr\/wp-content\/uploads\/2017\/03\/DSC_0008-150x100.jpg 150w, https:\/\/katolicka-gimnazija.hr\/wp-content\/uploads\/2017\/03\/DSC_0008-100x67.jpg 100w, https:\/\/katolicka-gimnazija.hr\/wp-content\/uploads\/2017\/03\/DSC_0008.jpg 1500w\" sizes=\"auto, (max-width: 300px) 100vw, 300px\" \/><\/a>\n\t\t\t<\/div><\/figure><figure class='gallery-item'>\n\t\t\t<div class='gallery-icon landscape'>\n\t\t\t\t<a href='https:\/\/katolicka-gimnazija.hr\/wp-content\/uploads\/2017\/03\/DSC_0024.jpg'><img loading=\"lazy\" decoding=\"async\" width=\"300\" height=\"200\" src=\"https:\/\/katolicka-gimnazija.hr\/wp-content\/uploads\/2017\/03\/DSC_0024-300x200.jpg\" class=\"attachment-medium size-medium\" alt=\"\" srcset=\"https:\/\/katolicka-gimnazija.hr\/wp-content\/uploads\/2017\/03\/DSC_0024-300x200.jpg 300w, https:\/\/katolicka-gimnazija.hr\/wp-content\/uploads\/2017\/03\/DSC_0024-768x512.jpg 768w, https:\/\/katolicka-gimnazija.hr\/wp-content\/uploads\/2017\/03\/DSC_0024-1024x683.jpg 1024w, https:\/\/katolicka-gimnazija.hr\/wp-content\/uploads\/2017\/03\/DSC_0024-360x240.jpg 360w, https:\/\/katolicka-gimnazija.hr\/wp-content\/uploads\/2017\/03\/DSC_0024-750x500.jpg 750w, https:\/\/katolicka-gimnazija.hr\/wp-content\/uploads\/2017\/03\/DSC_0024-400x267.jpg 400w, https:\/\/katolicka-gimnazija.hr\/wp-content\/uploads\/2017\/03\/DSC_0024-430x287.jpg 430w, https:\/\/katolicka-gimnazija.hr\/wp-content\/uploads\/2017\/03\/DSC_0024-150x100.jpg 150w, https:\/\/katolicka-gimnazija.hr\/wp-content\/uploads\/2017\/03\/DSC_0024-100x67.jpg 100w, https:\/\/katolicka-gimnazija.hr\/wp-content\/uploads\/2017\/03\/DSC_0024.jpg 1500w\" sizes=\"auto, (max-width: 300px) 100vw, 300px\" \/><\/a>\n\t\t\t<\/div><\/figure><figure class='gallery-item'>\n\t\t\t<div class='gallery-icon landscape'>\n\t\t\t\t<a href='https:\/\/katolicka-gimnazija.hr\/wp-content\/uploads\/2017\/03\/DSC_0033.jpg'><img loading=\"lazy\" decoding=\"async\" width=\"300\" height=\"200\" src=\"https:\/\/katolicka-gimnazija.hr\/wp-content\/uploads\/2017\/03\/DSC_0033-300x200.jpg\" class=\"attachment-medium size-medium\" alt=\"\" srcset=\"https:\/\/katolicka-gimnazija.hr\/wp-content\/uploads\/2017\/03\/DSC_0033-300x200.jpg 300w, https:\/\/katolicka-gimnazija.hr\/wp-content\/uploads\/2017\/03\/DSC_0033-768x512.jpg 768w, https:\/\/katolicka-gimnazija.hr\/wp-content\/uploads\/2017\/03\/DSC_0033-1024x683.jpg 1024w, https:\/\/katolicka-gimnazija.hr\/wp-content\/uploads\/2017\/03\/DSC_0033-360x240.jpg 360w, https:\/\/katolicka-gimnazija.hr\/wp-content\/uploads\/2017\/03\/DSC_0033-750x500.jpg 750w, https:\/\/katolicka-gimnazija.hr\/wp-content\/uploads\/2017\/03\/DSC_0033-400x267.jpg 400w, https:\/\/katolicka-gimnazija.hr\/wp-content\/uploads\/2017\/03\/DSC_0033-430x287.jpg 430w, https:\/\/katolicka-gimnazija.hr\/wp-content\/uploads\/2017\/03\/DSC_0033-150x100.jpg 150w, https:\/\/katolicka-gimnazija.hr\/wp-content\/uploads\/2017\/03\/DSC_0033-100x67.jpg 100w, https:\/\/katolicka-gimnazija.hr\/wp-content\/uploads\/2017\/03\/DSC_0033.jpg 1500w\" sizes=\"auto, (max-width: 300px) 100vw, 300px\" \/><\/a>\n\t\t\t<\/div><\/figure><figure class='gallery-item'>\n\t\t\t<div class='gallery-icon landscape'>\n\t\t\t\t<a href='https:\/\/katolicka-gimnazija.hr\/wp-content\/uploads\/2017\/03\/DSC_0015.jpg'><img loading=\"lazy\" decoding=\"async\" width=\"300\" height=\"200\" src=\"https:\/\/katolicka-gimnazija.hr\/wp-content\/uploads\/2017\/03\/DSC_0015-300x200.jpg\" class=\"attachment-medium size-medium\" alt=\"\" srcset=\"https:\/\/katolicka-gimnazija.hr\/wp-content\/uploads\/2017\/03\/DSC_0015-300x200.jpg 300w, https:\/\/katolicka-gimnazija.hr\/wp-content\/uploads\/2017\/03\/DSC_0015-768x512.jpg 768w, https:\/\/katolicka-gimnazija.hr\/wp-content\/uploads\/2017\/03\/DSC_0015-1024x683.jpg 1024w, https:\/\/katolicka-gimnazija.hr\/wp-content\/uploads\/2017\/03\/DSC_0015-360x240.jpg 360w, https:\/\/katolicka-gimnazija.hr\/wp-content\/uploads\/2017\/03\/DSC_0015-750x500.jpg 750w, https:\/\/katolicka-gimnazija.hr\/wp-content\/uploads\/2017\/03\/DSC_0015-400x267.jpg 400w, https:\/\/katolicka-gimnazija.hr\/wp-content\/uploads\/2017\/03\/DSC_0015-430x287.jpg 430w, https:\/\/katolicka-gimnazija.hr\/wp-content\/uploads\/2017\/03\/DSC_0015-150x100.jpg 150w, https:\/\/katolicka-gimnazija.hr\/wp-content\/uploads\/2017\/03\/DSC_0015-100x67.jpg 100w, https:\/\/katolicka-gimnazija.hr\/wp-content\/uploads\/2017\/03\/DSC_0015.jpg 1500w\" sizes=\"auto, (max-width: 300px) 100vw, 300px\" \/><\/a>\n\t\t\t<\/div><\/figure><figure class='gallery-item'>\n\t\t\t<div class='gallery-icon landscape'>\n\t\t\t\t<a href='https:\/\/katolicka-gimnazija.hr\/wp-content\/uploads\/2017\/03\/DSC_0026.jpg'><img loading=\"lazy\" decoding=\"async\" width=\"300\" height=\"200\" src=\"https:\/\/katolicka-gimnazija.hr\/wp-content\/uploads\/2017\/03\/DSC_0026-300x200.jpg\" class=\"attachment-medium size-medium\" alt=\"\" srcset=\"https:\/\/katolicka-gimnazija.hr\/wp-content\/uploads\/2017\/03\/DSC_0026-300x200.jpg 300w, https:\/\/katolicka-gimnazija.hr\/wp-content\/uploads\/2017\/03\/DSC_0026-768x512.jpg 768w, https:\/\/katolicka-gimnazija.hr\/wp-content\/uploads\/2017\/03\/DSC_0026-1024x683.jpg 1024w, https:\/\/katolicka-gimnazija.hr\/wp-content\/uploads\/2017\/03\/DSC_0026-360x240.jpg 360w, https:\/\/katolicka-gimnazija.hr\/wp-content\/uploads\/2017\/03\/DSC_0026-750x500.jpg 750w, https:\/\/katolicka-gimnazija.hr\/wp-content\/uploads\/2017\/03\/DSC_0026-400x267.jpg 400w, https:\/\/katolicka-gimnazija.hr\/wp-content\/uploads\/2017\/03\/DSC_0026-430x287.jpg 430w, https:\/\/katolicka-gimnazija.hr\/wp-content\/uploads\/2017\/03\/DSC_0026-150x100.jpg 150w, https:\/\/katolicka-gimnazija.hr\/wp-content\/uploads\/2017\/03\/DSC_0026-100x67.jpg 100w, https:\/\/katolicka-gimnazija.hr\/wp-content\/uploads\/2017\/03\/DSC_0026.jpg 1500w\" sizes=\"auto, (max-width: 300px) 100vw, 300px\" \/><\/a>\n\t\t\t<\/div><\/figure><figure class='gallery-item'>\n\t\t\t<div class='gallery-icon landscape'>\n\t\t\t\t<a href='https:\/\/katolicka-gimnazija.hr\/wp-content\/uploads\/2017\/03\/DSC_0009.jpg'><img loading=\"lazy\" decoding=\"async\" width=\"300\" height=\"200\" src=\"https:\/\/katolicka-gimnazija.hr\/wp-content\/uploads\/2017\/03\/DSC_0009-300x200.jpg\" class=\"attachment-medium size-medium\" alt=\"\" srcset=\"https:\/\/katolicka-gimnazija.hr\/wp-content\/uploads\/2017\/03\/DSC_0009-300x200.jpg 300w, https:\/\/katolicka-gimnazija.hr\/wp-content\/uploads\/2017\/03\/DSC_0009-768x512.jpg 768w, https:\/\/katolicka-gimnazija.hr\/wp-content\/uploads\/2017\/03\/DSC_0009-1024x683.jpg 1024w, https:\/\/katolicka-gimnazija.hr\/wp-content\/uploads\/2017\/03\/DSC_0009-360x240.jpg 360w, https:\/\/katolicka-gimnazija.hr\/wp-content\/uploads\/2017\/03\/DSC_0009-750x500.jpg 750w, https:\/\/katolicka-gimnazija.hr\/wp-content\/uploads\/2017\/03\/DSC_0009-400x267.jpg 400w, https:\/\/katolicka-gimnazija.hr\/wp-content\/uploads\/2017\/03\/DSC_0009-430x287.jpg 430w, https:\/\/katolicka-gimnazija.hr\/wp-content\/uploads\/2017\/03\/DSC_0009-150x100.jpg 150w, https:\/\/katolicka-gimnazija.hr\/wp-content\/uploads\/2017\/03\/DSC_0009-100x67.jpg 100w, https:\/\/katolicka-gimnazija.hr\/wp-content\/uploads\/2017\/03\/DSC_0009.jpg 1500w\" sizes=\"auto, (max-width: 300px) 100vw, 300px\" \/><\/a>\n\t\t\t<\/div><\/figure><figure class='gallery-item'>\n\t\t\t<div class='gallery-icon landscape'>\n\t\t\t\t<a href='https:\/\/katolicka-gimnazija.hr\/wp-content\/uploads\/2017\/03\/DSC_0018.jpg'><img loading=\"lazy\" decoding=\"async\" width=\"300\" height=\"200\" src=\"https:\/\/katolicka-gimnazija.hr\/wp-content\/uploads\/2017\/03\/DSC_0018-300x200.jpg\" class=\"attachment-medium size-medium\" alt=\"\" srcset=\"https:\/\/katolicka-gimnazija.hr\/wp-content\/uploads\/2017\/03\/DSC_0018-300x200.jpg 300w, https:\/\/katolicka-gimnazija.hr\/wp-content\/uploads\/2017\/03\/DSC_0018-768x512.jpg 768w, https:\/\/katolicka-gimnazija.hr\/wp-content\/uploads\/2017\/03\/DSC_0018-1024x683.jpg 1024w, https:\/\/katolicka-gimnazija.hr\/wp-content\/uploads\/2017\/03\/DSC_0018-360x240.jpg 360w, https:\/\/katolicka-gimnazija.hr\/wp-content\/uploads\/2017\/03\/DSC_0018-750x500.jpg 750w, https:\/\/katolicka-gimnazija.hr\/wp-content\/uploads\/2017\/03\/DSC_0018-400x267.jpg 400w, https:\/\/katolicka-gimnazija.hr\/wp-content\/uploads\/2017\/03\/DSC_0018-430x287.jpg 430w, https:\/\/katolicka-gimnazija.hr\/wp-content\/uploads\/2017\/03\/DSC_0018-150x100.jpg 150w, https:\/\/katolicka-gimnazija.hr\/wp-content\/uploads\/2017\/03\/DSC_0018-100x67.jpg 100w, https:\/\/katolicka-gimnazija.hr\/wp-content\/uploads\/2017\/03\/DSC_0018.jpg 1500w\" sizes=\"auto, (max-width: 300px) 100vw, 300px\" \/><\/a>\n\t\t\t<\/div><\/figure><figure class='gallery-item'>\n\t\t\t<div class='gallery-icon landscape'>\n\t\t\t\t<a href='https:\/\/katolicka-gimnazija.hr\/wp-content\/uploads\/2017\/03\/DSC_0005.jpg'><img loading=\"lazy\" decoding=\"async\" width=\"300\" height=\"200\" src=\"https:\/\/katolicka-gimnazija.hr\/wp-content\/uploads\/2017\/03\/DSC_0005-300x200.jpg\" class=\"attachment-medium size-medium\" alt=\"\" srcset=\"https:\/\/katolicka-gimnazija.hr\/wp-content\/uploads\/2017\/03\/DSC_0005-300x200.jpg 300w, https:\/\/katolicka-gimnazija.hr\/wp-content\/uploads\/2017\/03\/DSC_0005-768x512.jpg 768w, https:\/\/katolicka-gimnazija.hr\/wp-content\/uploads\/2017\/03\/DSC_0005-1024x683.jpg 1024w, https:\/\/katolicka-gimnazija.hr\/wp-content\/uploads\/2017\/03\/DSC_0005-360x240.jpg 360w, https:\/\/katolicka-gimnazija.hr\/wp-content\/uploads\/2017\/03\/DSC_0005-750x500.jpg 750w, https:\/\/katolicka-gimnazija.hr\/wp-content\/uploads\/2017\/03\/DSC_0005-400x267.jpg 400w, https:\/\/katolicka-gimnazija.hr\/wp-content\/uploads\/2017\/03\/DSC_0005-430x287.jpg 430w, https:\/\/katolicka-gimnazija.hr\/wp-content\/uploads\/2017\/03\/DSC_0005-150x100.jpg 150w, https:\/\/katolicka-gimnazija.hr\/wp-content\/uploads\/2017\/03\/DSC_0005-100x67.jpg 100w, https:\/\/katolicka-gimnazija.hr\/wp-content\/uploads\/2017\/03\/DSC_0005.jpg 1500w\" sizes=\"auto, (max-width: 300px) 100vw, 300px\" \/><\/a>\n\t\t\t<\/div><\/figure><figure class='gallery-item'>\n\t\t\t<div class='gallery-icon landscape'>\n\t\t\t\t<a href='https:\/\/katolicka-gimnazija.hr\/wp-content\/uploads\/2017\/03\/DSC_0027.jpg'><img loading=\"lazy\" decoding=\"async\" width=\"300\" height=\"200\" src=\"https:\/\/katolicka-gimnazija.hr\/wp-content\/uploads\/2017\/03\/DSC_0027-300x200.jpg\" class=\"attachment-medium size-medium\" alt=\"\" srcset=\"https:\/\/katolicka-gimnazija.hr\/wp-content\/uploads\/2017\/03\/DSC_0027-300x200.jpg 300w, https:\/\/katolicka-gimnazija.hr\/wp-content\/uploads\/2017\/03\/DSC_0027-768x512.jpg 768w, https:\/\/katolicka-gimnazija.hr\/wp-content\/uploads\/2017\/03\/DSC_0027-1024x683.jpg 1024w, https:\/\/katolicka-gimnazija.hr\/wp-content\/uploads\/2017\/03\/DSC_0027-360x240.jpg 360w, https:\/\/katolicka-gimnazija.hr\/wp-content\/uploads\/2017\/03\/DSC_0027-750x500.jpg 750w, https:\/\/katolicka-gimnazija.hr\/wp-content\/uploads\/2017\/03\/DSC_0027-400x267.jpg 400w, https:\/\/katolicka-gimnazija.hr\/wp-content\/uploads\/2017\/03\/DSC_0027-430x287.jpg 430w, https:\/\/katolicka-gimnazija.hr\/wp-content\/uploads\/2017\/03\/DSC_0027-150x100.jpg 150w, https:\/\/katolicka-gimnazija.hr\/wp-content\/uploads\/2017\/03\/DSC_0027-100x67.jpg 100w, https:\/\/katolicka-gimnazija.hr\/wp-content\/uploads\/2017\/03\/DSC_0027.jpg 1500w\" sizes=\"auto, (max-width: 300px) 100vw, 300px\" \/><\/a>\n\t\t\t<\/div><\/figure><figure class='gallery-item'>\n\t\t\t<div class='gallery-icon landscape'>\n\t\t\t\t<a href='https:\/\/katolicka-gimnazija.hr\/wp-content\/uploads\/2017\/03\/DSC_0034.jpg'><img loading=\"lazy\" decoding=\"async\" width=\"300\" height=\"200\" src=\"https:\/\/katolicka-gimnazija.hr\/wp-content\/uploads\/2017\/03\/DSC_0034-300x200.jpg\" class=\"attachment-medium size-medium\" alt=\"\" srcset=\"https:\/\/katolicka-gimnazija.hr\/wp-content\/uploads\/2017\/03\/DSC_0034-300x200.jpg 300w, https:\/\/katolicka-gimnazija.hr\/wp-content\/uploads\/2017\/03\/DSC_0034-768x512.jpg 768w, https:\/\/katolicka-gimnazija.hr\/wp-content\/uploads\/2017\/03\/DSC_0034-1024x683.jpg 1024w, https:\/\/katolicka-gimnazija.hr\/wp-content\/uploads\/2017\/03\/DSC_0034-360x240.jpg 360w, https:\/\/katolicka-gimnazija.hr\/wp-content\/uploads\/2017\/03\/DSC_0034-750x500.jpg 750w, https:\/\/katolicka-gimnazija.hr\/wp-content\/uploads\/2017\/03\/DSC_0034-400x267.jpg 400w, https:\/\/katolicka-gimnazija.hr\/wp-content\/uploads\/2017\/03\/DSC_0034-430x287.jpg 430w, https:\/\/katolicka-gimnazija.hr\/wp-content\/uploads\/2017\/03\/DSC_0034-150x100.jpg 150w, https:\/\/katolicka-gimnazija.hr\/wp-content\/uploads\/2017\/03\/DSC_0034-100x67.jpg 100w, https:\/\/katolicka-gimnazija.hr\/wp-content\/uploads\/2017\/03\/DSC_0034.jpg 1500w\" sizes=\"auto, (max-width: 300px) 100vw, 300px\" \/><\/a>\n\t\t\t<\/div><\/figure><figure class='gallery-item'>\n\t\t\t<div class='gallery-icon landscape'>\n\t\t\t\t<a href='https:\/\/katolicka-gimnazija.hr\/wp-content\/uploads\/2017\/03\/DSC_0028.jpg'><img loading=\"lazy\" decoding=\"async\" width=\"300\" height=\"200\" src=\"https:\/\/katolicka-gimnazija.hr\/wp-content\/uploads\/2017\/03\/DSC_0028-300x200.jpg\" class=\"attachment-medium size-medium\" alt=\"\" srcset=\"https:\/\/katolicka-gimnazija.hr\/wp-content\/uploads\/2017\/03\/DSC_0028-300x200.jpg 300w, https:\/\/katolicka-gimnazija.hr\/wp-content\/uploads\/2017\/03\/DSC_0028-768x512.jpg 768w, https:\/\/katolicka-gimnazija.hr\/wp-content\/uploads\/2017\/03\/DSC_0028-1024x683.jpg 1024w, https:\/\/katolicka-gimnazija.hr\/wp-content\/uploads\/2017\/03\/DSC_0028-360x240.jpg 360w, https:\/\/katolicka-gimnazija.hr\/wp-content\/uploads\/2017\/03\/DSC_0028-750x500.jpg 750w, https:\/\/katolicka-gimnazija.hr\/wp-content\/uploads\/2017\/03\/DSC_0028-400x267.jpg 400w, https:\/\/katolicka-gimnazija.hr\/wp-content\/uploads\/2017\/03\/DSC_0028-430x287.jpg 430w, https:\/\/katolicka-gimnazija.hr\/wp-content\/uploads\/2017\/03\/DSC_0028-150x100.jpg 150w, https:\/\/katolicka-gimnazija.hr\/wp-content\/uploads\/2017\/03\/DSC_0028-100x67.jpg 100w, https:\/\/katolicka-gimnazija.hr\/wp-content\/uploads\/2017\/03\/DSC_0028.jpg 1500w\" sizes=\"auto, (max-width: 300px) 100vw, 300px\" \/><\/a>\n\t\t\t<\/div><\/figure><figure class='gallery-item'>\n\t\t\t<div class='gallery-icon landscape'>\n\t\t\t\t<a href='https:\/\/katolicka-gimnazija.hr\/wp-content\/uploads\/2017\/03\/DSC_0006-1.jpg'><img loading=\"lazy\" decoding=\"async\" width=\"300\" height=\"200\" src=\"https:\/\/katolicka-gimnazija.hr\/wp-content\/uploads\/2017\/03\/DSC_0006-1-300x200.jpg\" class=\"attachment-medium size-medium\" alt=\"\" srcset=\"https:\/\/katolicka-gimnazija.hr\/wp-content\/uploads\/2017\/03\/DSC_0006-1-300x200.jpg 300w, https:\/\/katolicka-gimnazija.hr\/wp-content\/uploads\/2017\/03\/DSC_0006-1-768x512.jpg 768w, https:\/\/katolicka-gimnazija.hr\/wp-content\/uploads\/2017\/03\/DSC_0006-1-1024x683.jpg 1024w, https:\/\/katolicka-gimnazija.hr\/wp-content\/uploads\/2017\/03\/DSC_0006-1-360x240.jpg 360w, https:\/\/katolicka-gimnazija.hr\/wp-content\/uploads\/2017\/03\/DSC_0006-1-750x500.jpg 750w, https:\/\/katolicka-gimnazija.hr\/wp-content\/uploads\/2017\/03\/DSC_0006-1-400x267.jpg 400w, https:\/\/katolicka-gimnazija.hr\/wp-content\/uploads\/2017\/03\/DSC_0006-1-430x287.jpg 430w, https:\/\/katolicka-gimnazija.hr\/wp-content\/uploads\/2017\/03\/DSC_0006-1-150x100.jpg 150w, https:\/\/katolicka-gimnazija.hr\/wp-content\/uploads\/2017\/03\/DSC_0006-1-100x67.jpg 100w, https:\/\/katolicka-gimnazija.hr\/wp-content\/uploads\/2017\/03\/DSC_0006-1.jpg 1500w\" sizes=\"auto, (max-width: 300px) 100vw, 300px\" \/><\/a>\n\t\t\t<\/div><\/figure><figure class='gallery-item'>\n\t\t\t<div class='gallery-icon landscape'>\n\t\t\t\t<a href='https:\/\/katolicka-gimnazija.hr\/wp-content\/uploads\/2017\/03\/DSC_0035.jpg'><img loading=\"lazy\" decoding=\"async\" width=\"300\" height=\"200\" src=\"https:\/\/katolicka-gimnazija.hr\/wp-content\/uploads\/2017\/03\/DSC_0035-300x200.jpg\" class=\"attachment-medium size-medium\" alt=\"\" srcset=\"https:\/\/katolicka-gimnazija.hr\/wp-content\/uploads\/2017\/03\/DSC_0035-300x200.jpg 300w, https:\/\/katolicka-gimnazija.hr\/wp-content\/uploads\/2017\/03\/DSC_0035-768x512.jpg 768w, https:\/\/katolicka-gimnazija.hr\/wp-content\/uploads\/2017\/03\/DSC_0035-1024x683.jpg 1024w, https:\/\/katolicka-gimnazija.hr\/wp-content\/uploads\/2017\/03\/DSC_0035-360x240.jpg 360w, https:\/\/katolicka-gimnazija.hr\/wp-content\/uploads\/2017\/03\/DSC_0035-750x500.jpg 750w, https:\/\/katolicka-gimnazija.hr\/wp-content\/uploads\/2017\/03\/DSC_0035-400x267.jpg 400w, https:\/\/katolicka-gimnazija.hr\/wp-content\/uploads\/2017\/03\/DSC_0035-430x287.jpg 430w, https:\/\/katolicka-gimnazija.hr\/wp-content\/uploads\/2017\/03\/DSC_0035-150x100.jpg 150w, https:\/\/katolicka-gimnazija.hr\/wp-content\/uploads\/2017\/03\/DSC_0035-100x67.jpg 100w, https:\/\/katolicka-gimnazija.hr\/wp-content\/uploads\/2017\/03\/DSC_0035.jpg 1500w\" sizes=\"auto, (max-width: 300px) 100vw, 300px\" \/><\/a>\n\t\t\t<\/div><\/figure>\n\t\t<\/div>\n\n<p>&nbsp;<\/p>\n<p>&nbsp;<\/p>\n<p><strong>\u00a0<\/strong><\/p>\n<p>&nbsp; <\/p>\n","protected":false},"excerpt":{"rendered":"<p>\u201eU Po\u017ee\u0161tini postoje izvanredni kviza\u0161i s kojima mi se nije svejedno nadmetati.\u201c Morana Zibar Grad dobrih vina od davnina i jo\u0161 bolje \u010dokolade mogao bi, na\u017ealost, i nadamo se da ne\u0107e, u skoroj budu\u0107nosti ostati samo gradom dobrih vina. Zadnjih nekoliko godina \u0161irom Hrvatske, a i dalje, promotor slavonske Atene jesu Big Bend Po\u017eega, pojedini [&hellip;]<\/p>\n","protected":false},"author":50,"featured_media":8987,"comment_status":"closed","ping_status":"closed","sticky":false,"template":"","format":"standard","meta":{"footnotes":""},"categories":[4,2],"tags":[],"class_list":["post-8964","post","type-post","status-publish","format-standard","has-post-thumbnail","hentry","category-fotogalerije","category-vijesti"],"_links":{"self":[{"href":"https:\/\/katolicka-gimnazija.hr\/index.php\/wp-json\/wp\/v2\/posts\/8964","targetHints":{"allow":["GET"]}}],"collection":[{"href":"https:\/\/katolicka-gimnazija.hr\/index.php\/wp-json\/wp\/v2\/posts"}],"about":[{"href":"https:\/\/katolicka-gimnazija.hr\/index.php\/wp-json\/wp\/v2\/types\/post"}],"author":[{"embeddable":true,"href":"https:\/\/katolicka-gimnazija.hr\/index.php\/wp-json\/wp\/v2\/users\/50"}],"replies":[{"embeddable":true,"href":"https:\/\/katolicka-gimnazija.hr\/index.php\/wp-json\/wp\/v2\/comments?post=8964"}],"version-history":[{"count":2,"href":"https:\/\/katolicka-gimnazija.hr\/index.php\/wp-json\/wp\/v2\/posts\/8964\/revisions"}],"predecessor-version":[{"id":14875,"href":"https:\/\/katolicka-gimnazija.hr\/index.php\/wp-json\/wp\/v2\/posts\/8964\/revisions\/14875"}],"wp:featuredmedia":[{"embeddable":true,"href":"https:\/\/katolicka-gimnazija.hr\/index.php\/wp-json\/wp\/v2\/media\/8987"}],"wp:attachment":[{"href":"https:\/\/katolicka-gimnazija.hr\/index.php\/wp-json\/wp\/v2\/media?parent=8964"}],"wp:term":[{"taxonomy":"category","embeddable":true,"href":"https:\/\/katolicka-gimnazija.hr\/index.php\/wp-json\/wp\/v2\/categories?post=8964"},{"taxonomy":"post_tag","embeddable":true,"href":"https:\/\/katolicka-gimnazija.hr\/index.php\/wp-json\/wp\/v2\/tags?post=8964"}],"curies":[{"name":"wp","href":"https:\/\/api.w.org\/{rel}","templated":true}]}}