{"id":9229,"date":"2017-04-04T16:31:59","date_gmt":"2017-04-04T16:31:59","guid":{"rendered":"http:\/\/katolicka-gimnazija.hr\/?p=9229"},"modified":"2018-12-28T13:51:20","modified_gmt":"2018-12-28T13:51:20","slug":"zakljucci-s-5-sjednice-nastavnickog-vijeca","status":"publish","type":"post","link":"https:\/\/katolicka-gimnazija.hr\/index.php\/2017\/04\/04\/zakljucci-s-5-sjednice-nastavnickog-vijeca\/","title":{"rendered":"Zaklju\u010dci s 5. sjednice Nastavni\u010dkog vije\u0107a"},"content":{"rendered":"<p>Na 5. sjednici Nastavni\u010dkog vije\u0107a Katoli\u010dke gimnazije s pravom javnosti odr\u017eanoj dana 29. o\u017eujka 2017. godine:<\/p>\n<ol>\n<li>Usvojen je Zapisnik s prethodne sjednice Nastavni\u010dkog vije\u0107a Katoli\u010dke gimnazije s pravom javnosti odr\u017eane dana 6. velja\u010de 2017. godine bez primjedbi.<\/li>\n<\/ol>\n<ol start=\"2\">\n<li>Izvijestilo se o vi\u0161ednevnoj izvanu\u010dioni\u010dkoj nastavi koja se provodi u sklopu razmjene u\u010denika iz Vipave (Republika Slovenija) te je najavljen dolazak u\u010denika i profesora iz Vipave u Katoli\u010dku gimnaziju s pravom javnosti, nakon \u0161to su u\u010denici i profesor Katoli\u010dke gimnazije s pravom javnosti boravili u Vipavi.<\/li>\n<\/ol>\n<ol start=\"3\">\n<li>Izvijestilo se o kvizu te je predstavljen plan i program kviza u\u010denika 8. razreda osnovnih \u0161kola Po\u017ee\u0161ko-slavonske \u017eupanije u organizaciji Katoli\u010dke gimnazije s pravom javnosti povodom obilje\u017eavanja 10. obljetnice osnivanja Katoli\u010dke gimnazije s pravom javnosti.<\/li>\n<\/ol>\n<ol start=\"4\">\n<li>Izvijestilo se o sve\u010danoj akademiji te je predstavljen plan i program sve\u010dane akademije 26. travnja 2017. povodom obilje\u017eavanja 10. obljetnice osnivanja Katoli\u010dke gimnazije s pravom javnosti i dogovoreno je da se toga dana nastava izvr\u0161ava u poslijepodnevnom dijelu dana.<\/li>\n<\/ol>\n<ol start=\"5\">\n<li>Imenovano je Povjerenstvo za organizaciju te su predlo\u017eeni voditelji radionica i aktivnosti Dana otvorenih vrata Katoli\u010dke gimnazije s pravom javnosti 2017.<\/li>\n<\/ol>\n<ol start=\"6\">\n<li>Izvijestilo se o vi\u0161ednevnoj izvanu\u010dioni\u010dkoj nastavi koja \u0107e se provoditi u sklopu projekta Eko-kamp Belli te je predstavljen plan i program projekta Eko-kamp Belli.<\/li>\n<\/ol>\n<ol start=\"7\">\n<li>Nije se raspravljalo o temama koje nisu na dnevnom redu.<\/li>\n<\/ol>\n","protected":false},"excerpt":{"rendered":"<p>Na 5. sjednici Nastavni\u010dkog vije\u0107a Katoli\u010dke gimnazije s pravom javnosti odr\u017eanoj dana 29. o\u017eujka 2017. godine: Usvojen je Zapisnik s prethodne sjednice Nastavni\u010dkog vije\u0107a Katoli\u010dke gimnazije s pravom javnosti odr\u017eane dana 6. velja\u010de 2017. godine bez primjedbi. Izvijestilo se o vi\u0161ednevnoj izvanu\u010dioni\u010dkoj nastavi koja se provodi u sklopu razmjene u\u010denika iz Vipave (Republika Slovenija) te [&hellip;]<\/p>\n","protected":false},"author":39,"featured_media":0,"comment_status":"closed","ping_status":"closed","sticky":false,"template":"","format":"standard","meta":{"footnotes":""},"categories":[2],"tags":[],"class_list":["post-9229","post","type-post","status-publish","format-standard","hentry","category-vijesti"],"_links":{"self":[{"href":"https:\/\/katolicka-gimnazija.hr\/index.php\/wp-json\/wp\/v2\/posts\/9229","targetHints":{"allow":["GET"]}}],"collection":[{"href":"https:\/\/katolicka-gimnazija.hr\/index.php\/wp-json\/wp\/v2\/posts"}],"about":[{"href":"https:\/\/katolicka-gimnazija.hr\/index.php\/wp-json\/wp\/v2\/types\/post"}],"author":[{"embeddable":true,"href":"https:\/\/katolicka-gimnazija.hr\/index.php\/wp-json\/wp\/v2\/users\/39"}],"replies":[{"embeddable":true,"href":"https:\/\/katolicka-gimnazija.hr\/index.php\/wp-json\/wp\/v2\/comments?post=9229"}],"version-history":[{"count":2,"href":"https:\/\/katolicka-gimnazija.hr\/index.php\/wp-json\/wp\/v2\/posts\/9229\/revisions"}],"predecessor-version":[{"id":14867,"href":"https:\/\/katolicka-gimnazija.hr\/index.php\/wp-json\/wp\/v2\/posts\/9229\/revisions\/14867"}],"wp:attachment":[{"href":"https:\/\/katolicka-gimnazija.hr\/index.php\/wp-json\/wp\/v2\/media?parent=9229"}],"wp:term":[{"taxonomy":"category","embeddable":true,"href":"https:\/\/katolicka-gimnazija.hr\/index.php\/wp-json\/wp\/v2\/categories?post=9229"},{"taxonomy":"post_tag","embeddable":true,"href":"https:\/\/katolicka-gimnazija.hr\/index.php\/wp-json\/wp\/v2\/tags?post=9229"}],"curies":[{"name":"wp","href":"https:\/\/api.w.org\/{rel}","templated":true}]}}