{"id":93,"date":"2015-09-11T07:23:17","date_gmt":"2015-09-11T07:23:17","guid":{"rendered":"http:\/\/katolicka-gimnazija.hr\/?p=93"},"modified":"2018-12-28T15:12:40","modified_gmt":"2018-12-28T15:12:40","slug":"zajednickom-setnjom-obiljezili-hod","status":"publish","type":"post","link":"https:\/\/katolicka-gimnazija.hr\/index.php\/2015\/09\/11\/zajednickom-setnjom-obiljezili-hod\/","title":{"rendered":"Zajedni\u010dkom \u0161etnjom obilje\u017eili HOD"},"content":{"rendered":"<p><a href=\"http:\/\/katolicka-gimnazija.hr\/wp-content\/uploads\/2015\/09\/HOO1.jpg\"><img loading=\"lazy\" decoding=\"async\" class=\"alignleft size-medium wp-image-95\" src=\"http:\/\/katolicka-gimnazija.hr\/wp-content\/uploads\/2015\/09\/HOO1-300x200.jpg\" alt=\"HOO1\" width=\"300\" height=\"200\" srcset=\"https:\/\/katolicka-gimnazija.hr\/wp-content\/uploads\/2015\/09\/HOO1-300x200.jpg 300w, https:\/\/katolicka-gimnazija.hr\/wp-content\/uploads\/2015\/09\/HOO1-400x267.jpg 400w, https:\/\/katolicka-gimnazija.hr\/wp-content\/uploads\/2015\/09\/HOO1-430x287.jpg 430w, https:\/\/katolicka-gimnazija.hr\/wp-content\/uploads\/2015\/09\/HOO1-150x100.jpg 150w, https:\/\/katolicka-gimnazija.hr\/wp-content\/uploads\/2015\/09\/HOO1-100x67.jpg 100w, https:\/\/katolicka-gimnazija.hr\/wp-content\/uploads\/2015\/09\/HOO1.jpg 640w\" sizes=\"auto, (max-width: 300px) 100vw, 300px\" \/><\/a>Ameri\u010dki filozof i knji\u017eevnik, Ralph Waldo Emerson, jednom prilikom rekao je: \u201eMalo ljudi zna kako \u0161etati. Potrebna je ustrajnost, standardna odje\u0107a, stare cipele, oko za prirodu, humor, radoznalost, govor, ti\u0161ina i ni\u0161ta posebno.\u201c Zaljubljenici u zdrav \u017eivot, kretanje, sport i svje\u017e zrak zasigurno bi se slo\u017eili s ovom mi\u0161lju.<\/p>\n<p>Upravo su danas zajedni\u010dkom \u0161etnjom gradom Po\u017eegom, obu\u010deni u bijele sportske majice, profesori i u\u010denici Katoli\u010dke gimnazije obilje\u017eili Hrvatski olimpijski dan \u2013 HOD. Na inicijativu profesora tjelesne i zdravstvene kulture, Marija Ragu\u017ea, jedan \u0161kolski sat klupe i katedre zamijenili su svje\u017eim zrakom i sitnom jesenskom ki\u0161om koji su izmamili osmjehe zadovoljstva kako na licima profesora, tako i na licima u\u010denika. Mnogi su se pritom podsjetili kako \u0161etnja u stvari odmara, ali i suputnike zbli\u017eava.<\/p>\n<p><a href=\"http:\/\/katolicka-gimnazija.hr\/wp-content\/uploads\/2015\/09\/HOO3.jpg\"><img loading=\"lazy\" decoding=\"async\" class=\"alignright size-medium wp-image-99\" src=\"http:\/\/katolicka-gimnazija.hr\/wp-content\/uploads\/2015\/09\/HOO3-300x200.jpg\" alt=\"HOO3\" width=\"300\" height=\"200\" srcset=\"https:\/\/katolicka-gimnazija.hr\/wp-content\/uploads\/2015\/09\/HOO3-300x200.jpg 300w, https:\/\/katolicka-gimnazija.hr\/wp-content\/uploads\/2015\/09\/HOO3-400x267.jpg 400w, https:\/\/katolicka-gimnazija.hr\/wp-content\/uploads\/2015\/09\/HOO3-430x287.jpg 430w, https:\/\/katolicka-gimnazija.hr\/wp-content\/uploads\/2015\/09\/HOO3-150x100.jpg 150w, https:\/\/katolicka-gimnazija.hr\/wp-content\/uploads\/2015\/09\/HOO3-100x67.jpg 100w, https:\/\/katolicka-gimnazija.hr\/wp-content\/uploads\/2015\/09\/HOO3.jpg 640w\" sizes=\"auto, (max-width: 300px) 100vw, 300px\" \/><\/a>Na koncu su se svi olimpijci okupili ispred nove sportske dvorane gdje su napravili popularnu milenijsku fotografiju ispisuju\u0107i svojim tijelima kraticu Hrvatskog olimpijskog odbora. <\/p>\n","protected":false},"excerpt":{"rendered":"<p>Ameri\u010dki filozof i knji\u017eevnik, Ralph Waldo Emerson, jednom prilikom rekao je: \u201eMalo ljudi zna kako \u0161etati. Potrebna je ustrajnost, standardna odje\u0107a, stare cipele, oko za prirodu, humor, radoznalost, govor, ti\u0161ina i ni\u0161ta posebno.\u201c Zaljubljenici u zdrav \u017eivot, kretanje, sport i svje\u017e zrak zasigurno bi se slo\u017eili s ovom mi\u0161lju. Upravo su danas zajedni\u010dkom \u0161etnjom gradom [&hellip;]<\/p>\n","protected":false},"author":2,"featured_media":97,"comment_status":"closed","ping_status":"closed","sticky":false,"template":"","format":"standard","meta":{"footnotes":""},"categories":[2],"tags":[89,88,63,90,83,70],"class_list":["post-93","post","type-post","status-publish","format-standard","has-post-thumbnail","hentry","category-vijesti","tag-hod","tag-pozega","tag-razredi","tag-setnja","tag-sport","tag-terenska-nastava"],"_links":{"self":[{"href":"https:\/\/katolicka-gimnazija.hr\/index.php\/wp-json\/wp\/v2\/posts\/93","targetHints":{"allow":["GET"]}}],"collection":[{"href":"https:\/\/katolicka-gimnazija.hr\/index.php\/wp-json\/wp\/v2\/posts"}],"about":[{"href":"https:\/\/katolicka-gimnazija.hr\/index.php\/wp-json\/wp\/v2\/types\/post"}],"author":[{"embeddable":true,"href":"https:\/\/katolicka-gimnazija.hr\/index.php\/wp-json\/wp\/v2\/users\/2"}],"replies":[{"embeddable":true,"href":"https:\/\/katolicka-gimnazija.hr\/index.php\/wp-json\/wp\/v2\/comments?post=93"}],"version-history":[{"count":5,"href":"https:\/\/katolicka-gimnazija.hr\/index.php\/wp-json\/wp\/v2\/posts\/93\/revisions"}],"predecessor-version":[{"id":15239,"href":"https:\/\/katolicka-gimnazija.hr\/index.php\/wp-json\/wp\/v2\/posts\/93\/revisions\/15239"}],"wp:featuredmedia":[{"embeddable":true,"href":"https:\/\/katolicka-gimnazija.hr\/index.php\/wp-json\/wp\/v2\/media\/97"}],"wp:attachment":[{"href":"https:\/\/katolicka-gimnazija.hr\/index.php\/wp-json\/wp\/v2\/media?parent=93"}],"wp:term":[{"taxonomy":"category","embeddable":true,"href":"https:\/\/katolicka-gimnazija.hr\/index.php\/wp-json\/wp\/v2\/categories?post=93"},{"taxonomy":"post_tag","embeddable":true,"href":"https:\/\/katolicka-gimnazija.hr\/index.php\/wp-json\/wp\/v2\/tags?post=93"}],"curies":[{"name":"wp","href":"https:\/\/api.w.org\/{rel}","templated":true}]}}