{"id":9349,"date":"2017-04-09T18:05:31","date_gmt":"2017-04-09T18:05:31","guid":{"rendered":"http:\/\/katolicka-gimnazija.hr\/?p=9349"},"modified":"2018-12-28T13:50:40","modified_gmt":"2018-12-28T13:50:40","slug":"xxx-drzavno-natjecanje-iz-poznavanja-klasicnih-jezika-u-skradinu","status":"publish","type":"post","link":"https:\/\/katolicka-gimnazija.hr\/index.php\/2017\/04\/09\/xxx-drzavno-natjecanje-iz-poznavanja-klasicnih-jezika-u-skradinu\/","title":{"rendered":"\u00a0XXX. Dr\u017eavno natjecanje iz poznavanja klasi\u010dnih jezika u Skradinu"},"content":{"rendered":"<p><em><a href=\"http:\/\/katolicka-gimnazija.hr\/wp-content\/uploads\/2017\/04\/IMG_20170405_174538_141.jpg\"><img loading=\"lazy\" decoding=\"async\" class=\"alignleft wp-image-9355 size-medium\" src=\"http:\/\/katolicka-gimnazija.hr\/wp-content\/uploads\/2017\/04\/IMG_20170405_174538_141-172x300.jpg\" alt=\"IMG_20170405_174538_141\" width=\"172\" height=\"300\" srcset=\"https:\/\/katolicka-gimnazija.hr\/wp-content\/uploads\/2017\/04\/IMG_20170405_174538_141-172x300.jpg 172w, https:\/\/katolicka-gimnazija.hr\/wp-content\/uploads\/2017\/04\/IMG_20170405_174538_141-768x1341.jpg 768w, https:\/\/katolicka-gimnazija.hr\/wp-content\/uploads\/2017\/04\/IMG_20170405_174538_141-586x1024.jpg 586w, https:\/\/katolicka-gimnazija.hr\/wp-content\/uploads\/2017\/04\/IMG_20170405_174538_141-360x629.jpg 360w, https:\/\/katolicka-gimnazija.hr\/wp-content\/uploads\/2017\/04\/IMG_20170405_174538_141-750x1310.jpg 750w, https:\/\/katolicka-gimnazija.hr\/wp-content\/uploads\/2017\/04\/IMG_20170405_174538_141-400x699.jpg 400w, https:\/\/katolicka-gimnazija.hr\/wp-content\/uploads\/2017\/04\/IMG_20170405_174538_141-430x751.jpg 430w, https:\/\/katolicka-gimnazija.hr\/wp-content\/uploads\/2017\/04\/IMG_20170405_174538_141-150x262.jpg 150w, https:\/\/katolicka-gimnazija.hr\/wp-content\/uploads\/2017\/04\/IMG_20170405_174538_141-100x175.jpg 100w, https:\/\/katolicka-gimnazija.hr\/wp-content\/uploads\/2017\/04\/IMG_20170405_174538_141.jpg 1500w\" sizes=\"auto, (max-width: 172px) 100vw, 172px\" \/><\/a>\u00a0<\/em>\u201eDa je klasi\u010dar biti lako, klasi\u010dar bi bio svatko.\u201c re\u010de jednom neki N. N. Ponosni na poziv za sudjelovanje na dr\u017eavnom natjecanju iz latinskog jezika, tim u sastavu Brune \u010ci\u010deka, u\u010denika 3.a razreda i mentorice Ivane Drmi\u0107, krenuo je u ranim jutarnjim satima 29. o\u017eujka putem drevne Scardone. Nakon vi\u0161esatne vo\u017enje autobusom s ekipom iz Slavonije, po dolasku u \u017eivopisno mjesta\u0161ce dana\u0161njeg Skradina, uslijedio je smje\u0161taj i samostalno razgledavanje grada. Uske uli\u010dice, tvr\u0111avica povrh grada i komadi\u0107 velebne rijeke Krke po\u017eeljeli su nam dobrodo\u0161licu.<\/p>\n<p>U poslijepodnevnim satima prisustvovali smo slu\u017ebenom otvorenju jubilarnog 30. dr\u017eavnog natjecanja iz klasi\u010dnih jezika. Uz bogat poetsko-dramski program otvorenja pozdravnu rije\u010d uputili su skradinski gradona\u010delnik, ravnateljica Osnovne \u0161kole \u201eSkradin\u201c (koja nam je bila doma\u0107in) i \u010dlanovi Dr\u017eavnog povjerenstva natjecanja. Tulum je mogao po\u010deti. Ili mo\u017eda ne? Umorni od puta i u i\u0161\u010dekivanju sutra\u0161njeg natjecanja, bacili smo se u carstvo snova.<\/p>\n<p style=\"text-align: left;\"><a href=\"http:\/\/katolicka-gimnazija.hr\/wp-content\/uploads\/2017\/04\/IMG_20170330_150427.jpg\"><img loading=\"lazy\" decoding=\"async\" class=\"alignright wp-image-9353 size-medium\" src=\"http:\/\/katolicka-gimnazija.hr\/wp-content\/uploads\/2017\/04\/IMG_20170330_150427-225x300.jpg\" alt=\"IMG_20170330_150427\" width=\"225\" height=\"300\" srcset=\"https:\/\/katolicka-gimnazija.hr\/wp-content\/uploads\/2017\/04\/IMG_20170330_150427-225x300.jpg 225w, https:\/\/katolicka-gimnazija.hr\/wp-content\/uploads\/2017\/04\/IMG_20170330_150427-768x1024.jpg 768w, https:\/\/katolicka-gimnazija.hr\/wp-content\/uploads\/2017\/04\/IMG_20170330_150427-360x480.jpg 360w, https:\/\/katolicka-gimnazija.hr\/wp-content\/uploads\/2017\/04\/IMG_20170330_150427-750x1000.jpg 750w, https:\/\/katolicka-gimnazija.hr\/wp-content\/uploads\/2017\/04\/IMG_20170330_150427-400x533.jpg 400w, https:\/\/katolicka-gimnazija.hr\/wp-content\/uploads\/2017\/04\/IMG_20170330_150427-430x573.jpg 430w, https:\/\/katolicka-gimnazija.hr\/wp-content\/uploads\/2017\/04\/IMG_20170330_150427-150x200.jpg 150w, https:\/\/katolicka-gimnazija.hr\/wp-content\/uploads\/2017\/04\/IMG_20170330_150427-100x133.jpg 100w, https:\/\/katolicka-gimnazija.hr\/wp-content\/uploads\/2017\/04\/IMG_20170330_150427.jpg 1500w\" sizes=\"auto, (max-width: 225px) 100vw, 225px\" \/><\/a>\u201eDan D\u201c pao je na 30. o\u017eujka. Entuzijazam, ali i strah prisutni su bili na oba fronta. Bruni prvo sudjelovanje na toj razini natjecanja, a profesorici Ivani ponos i nostalgija za u\u010deni\u010dkim danima, rezultirali su kiselim izrazima lica. Dok su se natjecatelji iz cijele Hrvatske znojili s latinskim i gr\u010dkim rje\u010dnicima, mentori su posjetili otok Visovac. Ali izletima tu nije bio kraj. U poslijepodnevnim satima, mentori i u\u010denici posjetili su Nacionalni park Krka. Ve\u0107 umorni i nestrpljivi oko rezultata natjecanja, vratili smo se u Skradin. Gomila u\u010denika i profesora kao stampedo nahrupila je na liste s rezultatima. Na\u0161 Bruno osvojio je izvrsno 10. mjesto u kategoriji latinski jezik za klasi\u010dne gimnazije. Konkurencija se pokazala opakom, ali i mi smo se pokazali dostojnim protivnicima.<\/p>\n<p>Posljednji dan posjetili smo Bribir, utvrdu knezova \u0160ubi\u0107a-Zrinskih te \u0160ibenik, u kojem smo imali vremena ru\u010dati i pro\u0161etati se. Puni dojmova, okupani morskim zrakom i suncem, bogatiji za jedno neprocjenjivo iskustvo, po\u0161li smo u Slavoniju. I jednostavno smo znali, ovu avanturu \u017eelimo ponoviti! <\/p>\n","protected":false},"excerpt":{"rendered":"<p>\u00a0\u201eDa je klasi\u010dar biti lako, klasi\u010dar bi bio svatko.\u201c re\u010de jednom neki N. N. Ponosni na poziv za sudjelovanje na dr\u017eavnom natjecanju iz latinskog jezika, tim u sastavu Brune \u010ci\u010deka, u\u010denika 3.a razreda i mentorice Ivane Drmi\u0107, krenuo je u ranim jutarnjim satima 29. o\u017eujka putem drevne Scardone. Nakon vi\u0161esatne vo\u017enje autobusom s ekipom iz [&hellip;]<\/p>\n","protected":false},"author":56,"featured_media":9353,"comment_status":"closed","ping_status":"closed","sticky":false,"template":"","format":"standard","meta":{"footnotes":""},"categories":[2],"tags":[],"class_list":["post-9349","post","type-post","status-publish","format-standard","has-post-thumbnail","hentry","category-vijesti"],"_links":{"self":[{"href":"https:\/\/katolicka-gimnazija.hr\/index.php\/wp-json\/wp\/v2\/posts\/9349","targetHints":{"allow":["GET"]}}],"collection":[{"href":"https:\/\/katolicka-gimnazija.hr\/index.php\/wp-json\/wp\/v2\/posts"}],"about":[{"href":"https:\/\/katolicka-gimnazija.hr\/index.php\/wp-json\/wp\/v2\/types\/post"}],"author":[{"embeddable":true,"href":"https:\/\/katolicka-gimnazija.hr\/index.php\/wp-json\/wp\/v2\/users\/56"}],"replies":[{"embeddable":true,"href":"https:\/\/katolicka-gimnazija.hr\/index.php\/wp-json\/wp\/v2\/comments?post=9349"}],"version-history":[{"count":2,"href":"https:\/\/katolicka-gimnazija.hr\/index.php\/wp-json\/wp\/v2\/posts\/9349\/revisions"}],"predecessor-version":[{"id":14862,"href":"https:\/\/katolicka-gimnazija.hr\/index.php\/wp-json\/wp\/v2\/posts\/9349\/revisions\/14862"}],"wp:featuredmedia":[{"embeddable":true,"href":"https:\/\/katolicka-gimnazija.hr\/index.php\/wp-json\/wp\/v2\/media\/9353"}],"wp:attachment":[{"href":"https:\/\/katolicka-gimnazija.hr\/index.php\/wp-json\/wp\/v2\/media?parent=9349"}],"wp:term":[{"taxonomy":"category","embeddable":true,"href":"https:\/\/katolicka-gimnazija.hr\/index.php\/wp-json\/wp\/v2\/categories?post=9349"},{"taxonomy":"post_tag","embeddable":true,"href":"https:\/\/katolicka-gimnazija.hr\/index.php\/wp-json\/wp\/v2\/tags?post=9349"}],"curies":[{"name":"wp","href":"https:\/\/api.w.org\/{rel}","templated":true}]}}