{"id":9501,"date":"2017-04-25T21:47:09","date_gmt":"2017-04-25T21:47:09","guid":{"rendered":"http:\/\/katolicka-gimnazija.hr\/?p=9501"},"modified":"2018-12-28T13:49:33","modified_gmt":"2018-12-28T13:49:33","slug":"akademija","status":"publish","type":"post","link":"https:\/\/katolicka-gimnazija.hr\/index.php\/2017\/04\/25\/akademija\/","title":{"rendered":"Akademija"},"content":{"rendered":"<p><a href=\"http:\/\/katolicka-gimnazija.hr\/wp-content\/uploads\/2017\/04\/DSC_1799.jpg\" rel=\"attachment wp-att-9502\"><img loading=\"lazy\" decoding=\"async\" class=\"alignright wp-image-9502 size-thumbnail\" src=\"http:\/\/katolicka-gimnazija.hr\/wp-content\/uploads\/2017\/04\/DSC_1799-150x150.jpg\" alt=\"DSC_1799\" width=\"150\" height=\"150\" \/><\/a>Po\u0161tovani i dragi uzvanici!<\/p>\n<p>Nadam se da ne\u0107u zlorabiti va\u0161e strpljenje ako vam oduzmem nekoliko protokolarnih trenutaka i pozovem vas da promislite koju o \u0161koli i \u0161kolstvu. Tako i jest zami\u0161ljena ova Akademija. Da nas podsjeti i odu\u0161evi, ali prije svega da nas stalno i iznova upu\u0107uje na svrhu na\u0161eg bivanja i djelovanja.<\/p>\n<p>Poslu\u017eit \u0107u se mi\u0161lju na\u0161eg vrlog sve\u0107enika, znanstvenika i teologa, dr. Ivice Ragu\u017ea, koji u svojim Epimetejama ukazuje, izaziva i poziva govore\u0107i ovako:<\/p>\n<p>\u201e\u2026izvorna ideja sveu\u010dili\u0161noga, (a ja \u0107u, mutatis mutandis dodati, obrazovnog i odgojnog) jo\u0161 od Platonove akademije, jest bezinteresna, beskorisna posveta znanju (a ja nagla\u0161avam i odgoju)\u2026Sveu\u010dili\u0161te (a ja dodajem:\u0161kola) treba biti mjesto slobode, mjesto slobodnih ljudi\u2026Danas\u2026prevladava ideologija skupljanja bodova, ideologija koja potiskuje sadr\u017eaj znanja i sve reducira na \u201ekompetencije\u201c \u2026gdje se vi\u0161e nitko ne posve\u0107uje odre\u0111enoj stvari zbog nje same, gdje vi\u0161e nema fascinacije znanjem, gdje se pokre\u0107u studiji, kolegiji koji se slizuju s duhom vremena\u2026gdje se vi\u0161e ne njeguje \u201enesuvremeni\u201c duh, duh protiv ovog vremena\u2026\u201c<!--more--><\/p>\n<p>Na tragu tog razmi\u0161ljanja zahvaljujem prije svega i najvi\u0161e osniva\u010du na\u0161e Katoli\u010dke gimnazije, ocu Biskupu. Hvala \u0161to ste se odva\u017eili i mnoge od nas potakli na stvaranje oaze koja \u017eeli njegovati duh svevremenosti uronjen u otajstvo Stvoritelja, a potpuno razdan na korist ljudima!<\/p>\n<p>Svjedo\u010dim i znam da je pet stotina \u0111aka koji su upisali na\u0161u gimnaziju osjetilo dah zanesenosti i ljubavi, posve\u0107enosti poslu i potpunom predanju stvarnosti koja nas pro\u017eima i nadvisuje u osobi Krista. Neka to sjeme bude plodom na\u0161e nove, preporo\u0111ene Slavonije i Hrvatske!<\/p>\n<p>Pozdravljam pre\u010dasnog Ivicu \u017duljevi\u0107a i zahvaljujem na svemu \u0161to \u010dini za \u0161kolu. Pritom molim da mi oprosti telefonske pozive u dobra i lo\u0161a vremena.<\/p>\n<p>\u017delim ovdje zahvaliti i svojim prethodnicima (koji su zaslu\u017eniji i po mnogo\u010demu kompetentniji od mene) \u2013 vele\u010dasnom Mariju Sani\u0107u koji je boj izvojevao s pravnim sustavom u nastajanju na\u0161e \u0161kole, vele\u010dasnom Pavlu Filipovi\u0107u koji je stvorio bratstvo i zajedni\u0161tvo u zbornici i razredima i vele\u010dasnom Robertu Mokrom koji nas je dignuo na vi\u0161u i zahtjevniju razinu u mnogo\u010demu.<\/p>\n<p>Zahvaljujem na suradnji i bratskoj pomo\u0107i svim sve\u0107enicima (posebno \u017eupnicima!) i vjerou\u010diteljima koji djelom dokazuju \u0161to jest \u017eiva i djelotvorna zajednica.<\/p>\n<p>Moram se ovdje spomenuti i profesora, na \u010delu s po\u0161tovanim kolegom Pavlom Buci\u0107em iz na\u0161e susjedne Gimnazije koji su nam u po\u010decima svojim iskustvom, znanjem i ljubavlju prisko\u010dili u pomo\u0107 i pomogli nam stati na\u00a0 noge.<\/p>\n<p>Zahvaljujem i svim profesorima ostalih \u0161kola (osnovnih i srednjih) koji su nam obrazovali i odgojili na\u0161 po\u017ee\u0161ki profesorski kadar.<\/p>\n<p>Zahvaljujem svim institucijama (gradona\u010delniku, muzeju, knji\u017enici, turisti\u010dkim zajednicama, kolegama ravnateljima srednjih i osnovnih \u0161kola, veleu\u010dili\u0161tu) koje nam poma\u017eu na na\u0161em putu. Neke gestom i rije\u010dju, neke djelom. Ali sve, ba\u0161 sve vas osje\u0107am bra\u0107om i prijateljima. Hvala vam na tom daru!<\/p>\n<p>Posebna hvala gospodinu \u017eupanu, Alojzu Toma\u0161evi\u0107u i pro\u010delnici, Vesni Vla\u0161i\u0107 kao i prate\u0107im slu\u017ebama.<\/p>\n<p>Pozdravljam s posebnim po\u0161tovanjem ravnatelja \u0160kofijske gimnazije Vipava, g. Vladimira An\u017eela (i profesoricu Ivicu!) i po\u0161tovanog gospodina protojereja staurofora Slobodana Lali\u0107a, ravnatelja Srpske pravoslavne gimnazije u Zagrebu s kojima \u017eelimo graditi suradnju i prijateljstvo uva\u017eavaju\u0107i i po\u0161tuju\u0107i njihove posebnosti i nude\u0107i im svoju originalnost.<\/p>\n<p>Na kraju, pozdravljam, grlim i volim svoju \u0161kolsku zajednicu (profesore, stru\u010dne slu\u017ebe, \u010dlanove vije\u0107a i odbora, u\u010denike, roditelje) koja me uvijek iznova odu\u0161evljava, poti\u010de i bodri.<\/p>\n<p>Svima vama koji ste se danas okupili da zajedno proslavimo ovu desetu obljetnicu na\u0161e \u0161kole jedno veliko, toplo, ljudsko HVALA!<\/p>\n<p>A sada, moja \u0161kolska la\u0111o, \u00a0kli\u010dem s Preradovi\u0107em: \u201eRaspni jedra, pru\u017ei vesla, plovi dan i no\u0107!!<\/p>\n<p>Duc in altum! <\/p>\n","protected":false},"excerpt":{"rendered":"<p>Po\u0161tovani i dragi uzvanici! Nadam se da ne\u0107u zlorabiti va\u0161e strpljenje ako vam oduzmem nekoliko protokolarnih trenutaka i pozovem vas da promislite koju o \u0161koli i \u0161kolstvu. Tako i jest zami\u0161ljena ova Akademija. Da nas podsjeti i odu\u0161evi, ali prije svega da nas stalno i iznova upu\u0107uje na svrhu na\u0161eg bivanja i djelovanja. Poslu\u017eit \u0107u [&hellip;]<\/p>\n","protected":false},"author":41,"featured_media":0,"comment_status":"closed","ping_status":"closed","sticky":false,"template":"","format":"standard","meta":{"footnotes":""},"categories":[179],"tags":[],"class_list":["post-9501","post","type-post","status-publish","format-standard","hentry","category-rijec-ravnatelja"],"_links":{"self":[{"href":"https:\/\/katolicka-gimnazija.hr\/index.php\/wp-json\/wp\/v2\/posts\/9501","targetHints":{"allow":["GET"]}}],"collection":[{"href":"https:\/\/katolicka-gimnazija.hr\/index.php\/wp-json\/wp\/v2\/posts"}],"about":[{"href":"https:\/\/katolicka-gimnazija.hr\/index.php\/wp-json\/wp\/v2\/types\/post"}],"author":[{"embeddable":true,"href":"https:\/\/katolicka-gimnazija.hr\/index.php\/wp-json\/wp\/v2\/users\/41"}],"replies":[{"embeddable":true,"href":"https:\/\/katolicka-gimnazija.hr\/index.php\/wp-json\/wp\/v2\/comments?post=9501"}],"version-history":[{"count":3,"href":"https:\/\/katolicka-gimnazija.hr\/index.php\/wp-json\/wp\/v2\/posts\/9501\/revisions"}],"predecessor-version":[{"id":14855,"href":"https:\/\/katolicka-gimnazija.hr\/index.php\/wp-json\/wp\/v2\/posts\/9501\/revisions\/14855"}],"wp:attachment":[{"href":"https:\/\/katolicka-gimnazija.hr\/index.php\/wp-json\/wp\/v2\/media?parent=9501"}],"wp:term":[{"taxonomy":"category","embeddable":true,"href":"https:\/\/katolicka-gimnazija.hr\/index.php\/wp-json\/wp\/v2\/categories?post=9501"},{"taxonomy":"post_tag","embeddable":true,"href":"https:\/\/katolicka-gimnazija.hr\/index.php\/wp-json\/wp\/v2\/tags?post=9501"}],"curies":[{"name":"wp","href":"https:\/\/api.w.org\/{rel}","templated":true}]}}