{"id":9723,"date":"2017-05-03T05:48:11","date_gmt":"2017-05-03T05:48:11","guid":{"rendered":"http:\/\/katolicka-gimnazija.hr\/?p=9723"},"modified":"2018-12-28T13:48:33","modified_gmt":"2018-12-28T13:48:33","slug":"3-susret-kazladovaca","status":"publish","type":"post","link":"https:\/\/katolicka-gimnazija.hr\/index.php\/2017\/05\/03\/3-susret-kazladovaca\/","title":{"rendered":"3. susret KaZLaDovaca"},"content":{"rendered":"<p>U tjednu u kojem su \u010dinili ki\u010dmu Sve\u010dane Akademije i Dana otvorenih vrata, glumci \u0161kolske dramske dru\u017eine predstavljali su nas i na 3. KaZlaDu &#8211; Kazali\u0161nom susretu dramskih skupina Po\u017ee\u0161ko-slavonske \u017eupanije \u2013 \u010diji je organizator Gradsko kazali\u0161te Po\u017eega na \u010delu s ravnateljicom Valentinom Neferovi\u0107. Ove se godine na KaZlaDu moglo pogledati 25 pojedina\u010dnih i skupnih izvedbi u\u010denika osnovnih i sre<a href=\"http:\/\/katolicka-gimnazija.hr\/wp-content\/uploads\/2017\/05\/DSC_0002.jpg\"><img loading=\"lazy\" decoding=\"async\" class=\"alignright wp-image-9725 size-medium\" src=\"http:\/\/katolicka-gimnazija.hr\/wp-content\/uploads\/2017\/05\/DSC_0002-300x200.jpg\" alt=\"DSC_0002\" width=\"300\" height=\"200\" srcset=\"https:\/\/katolicka-gimnazija.hr\/wp-content\/uploads\/2017\/05\/DSC_0002-300x200.jpg 300w, https:\/\/katolicka-gimnazija.hr\/wp-content\/uploads\/2017\/05\/DSC_0002-768x512.jpg 768w, https:\/\/katolicka-gimnazija.hr\/wp-content\/uploads\/2017\/05\/DSC_0002-1024x683.jpg 1024w, https:\/\/katolicka-gimnazija.hr\/wp-content\/uploads\/2017\/05\/DSC_0002-360x240.jpg 360w, https:\/\/katolicka-gimnazija.hr\/wp-content\/uploads\/2017\/05\/DSC_0002-750x500.jpg 750w, https:\/\/katolicka-gimnazija.hr\/wp-content\/uploads\/2017\/05\/DSC_0002-400x267.jpg 400w, https:\/\/katolicka-gimnazija.hr\/wp-content\/uploads\/2017\/05\/DSC_0002-430x287.jpg 430w, https:\/\/katolicka-gimnazija.hr\/wp-content\/uploads\/2017\/05\/DSC_0002-150x100.jpg 150w, https:\/\/katolicka-gimnazija.hr\/wp-content\/uploads\/2017\/05\/DSC_0002-100x67.jpg 100w\" sizes=\"auto, (max-width: 300px) 100vw, 300px\" \/><\/a>dnjih \u0161kola.<\/p>\n<p>Plan je bio da \u0161kolu predstavlja Kabanica, no zbog izostanka glavnoga glumca, Petra Petrovi\u0107a, \u0161kolu je ove godine predstavila Romana Ronta sa svojom izvrsnom Gostioni\u010darkom Mirandolinom talijanskog komediografa Carla Goldonija. Iako su na\u0161i dramci dan prije na Danu otvorenih vrata uspjeli izvesti Kabanicu s izvrsnom zamjenom za glavnoga glumca, Domagojem Zubovi\u0107em, zajedni\u010dki su donijeli odluku da \u0107e predstavu radije prikazati u video obliku. Na\u0161e je glumce i ovom prigodom pratila prof. Marijana.<\/p>\n<p>Stru\u010dni \u017eiri u sastavu Ines \u0160kufli\u0107 Horvat, dramska pedagoginja, Alen Biskupovi\u0107, doc.dr.sc. teatrologije i kazali\u0161ni kriti\u010dar, Ilijana Lon\u010dar, plesna pedagoginja i po\u017ee\u0161ka glumica Marijana Matokovi\u0107 potvrdio je odluke stru\u010dnoga \u017eirija sa \u017dupanijskoga LiDraNa te su Anabelu Suli\u0107 i Ru\u017eicu Maurus nagradili za najbolje pojedina\u010dne nastupe te Karla Kap\u010devi\u0107a\u00a0za skupni. Priznanja im je uru\u010dila Vesna Vla\u0161i\u0107, pro\u010delnica Upravnog odjela za dru\u0161tvene djelatnosti Po\u017ee\u0161ko-slavonske \u017eupanije.<\/p>\n<p><a href=\"http:\/\/katolicka-gimnazija.hr\/wp-content\/uploads\/2017\/05\/kazlado3.jpg\"><img loading=\"lazy\" decoding=\"async\" class=\"alignleft wp-image-9724 size-medium\" src=\"http:\/\/katolicka-gimnazija.hr\/wp-content\/uploads\/2017\/05\/kazlado3-300x189.jpg\" alt=\"kazlado3\" width=\"300\" height=\"189\" srcset=\"https:\/\/katolicka-gimnazija.hr\/wp-content\/uploads\/2017\/05\/kazlado3-300x189.jpg 300w, https:\/\/katolicka-gimnazija.hr\/wp-content\/uploads\/2017\/05\/kazlado3-768x483.jpg 768w, https:\/\/katolicka-gimnazija.hr\/wp-content\/uploads\/2017\/05\/kazlado3-360x226.jpg 360w, https:\/\/katolicka-gimnazija.hr\/wp-content\/uploads\/2017\/05\/kazlado3-750x472.jpg 750w, https:\/\/katolicka-gimnazija.hr\/wp-content\/uploads\/2017\/05\/kazlado3-400x252.jpg 400w, https:\/\/katolicka-gimnazija.hr\/wp-content\/uploads\/2017\/05\/kazlado3-430x270.jpg 430w, https:\/\/katolicka-gimnazija.hr\/wp-content\/uploads\/2017\/05\/kazlado3-150x94.jpg 150w, https:\/\/katolicka-gimnazija.hr\/wp-content\/uploads\/2017\/05\/kazlado3-100x63.jpg 100w, https:\/\/katolicka-gimnazija.hr\/wp-content\/uploads\/2017\/05\/kazlado3.jpg 800w\" sizes=\"auto, (max-width: 300px) 100vw, 300px\" \/><\/a><\/p>\n<p>&nbsp;<\/p>\n<p>&nbsp; <\/p>\n","protected":false},"excerpt":{"rendered":"<p>U tjednu u kojem su \u010dinili ki\u010dmu Sve\u010dane Akademije i Dana otvorenih vrata, glumci \u0161kolske dramske dru\u017eine predstavljali su nas i na 3. KaZlaDu &#8211; Kazali\u0161nom susretu dramskih skupina Po\u017ee\u0161ko-slavonske \u017eupanije \u2013 \u010diji je organizator Gradsko kazali\u0161te Po\u017eega na \u010delu s ravnateljicom Valentinom Neferovi\u0107. Ove se godine na KaZlaDu moglo pogledati 25 pojedina\u010dnih i skupnih [&hellip;]<\/p>\n","protected":false},"author":2,"featured_media":9725,"comment_status":"closed","ping_status":"closed","sticky":false,"template":"","format":"standard","meta":{"footnotes":""},"categories":[2],"tags":[],"class_list":["post-9723","post","type-post","status-publish","format-standard","has-post-thumbnail","hentry","category-vijesti"],"_links":{"self":[{"href":"https:\/\/katolicka-gimnazija.hr\/index.php\/wp-json\/wp\/v2\/posts\/9723","targetHints":{"allow":["GET"]}}],"collection":[{"href":"https:\/\/katolicka-gimnazija.hr\/index.php\/wp-json\/wp\/v2\/posts"}],"about":[{"href":"https:\/\/katolicka-gimnazija.hr\/index.php\/wp-json\/wp\/v2\/types\/post"}],"author":[{"embeddable":true,"href":"https:\/\/katolicka-gimnazija.hr\/index.php\/wp-json\/wp\/v2\/users\/2"}],"replies":[{"embeddable":true,"href":"https:\/\/katolicka-gimnazija.hr\/index.php\/wp-json\/wp\/v2\/comments?post=9723"}],"version-history":[{"count":3,"href":"https:\/\/katolicka-gimnazija.hr\/index.php\/wp-json\/wp\/v2\/posts\/9723\/revisions"}],"predecessor-version":[{"id":14848,"href":"https:\/\/katolicka-gimnazija.hr\/index.php\/wp-json\/wp\/v2\/posts\/9723\/revisions\/14848"}],"wp:featuredmedia":[{"embeddable":true,"href":"https:\/\/katolicka-gimnazija.hr\/index.php\/wp-json\/wp\/v2\/media\/9725"}],"wp:attachment":[{"href":"https:\/\/katolicka-gimnazija.hr\/index.php\/wp-json\/wp\/v2\/media?parent=9723"}],"wp:term":[{"taxonomy":"category","embeddable":true,"href":"https:\/\/katolicka-gimnazija.hr\/index.php\/wp-json\/wp\/v2\/categories?post=9723"},{"taxonomy":"post_tag","embeddable":true,"href":"https:\/\/katolicka-gimnazija.hr\/index.php\/wp-json\/wp\/v2\/tags?post=9723"}],"curies":[{"name":"wp","href":"https:\/\/api.w.org\/{rel}","templated":true}]}}