{"id":9730,"date":"2017-05-03T07:34:46","date_gmt":"2017-05-03T07:34:46","guid":{"rendered":"http:\/\/katolicka-gimnazija.hr\/?p=9730"},"modified":"2018-12-28T13:48:25","modified_gmt":"2018-12-28T13:48:25","slug":"iz-zabave-do-drzavnoga","status":"publish","type":"post","link":"https:\/\/katolicka-gimnazija.hr\/index.php\/2017\/05\/03\/iz-zabave-do-drzavnoga\/","title":{"rendered":"Iz zabave do dr\u017eavnoga"},"content":{"rendered":"<p>Ovo \u0107emo prolje\u0107e pamtiti i po prvim u\u010denicama koje su nas predstavljale na dr\u017eavnom natjecanju u sportu, to\u010dnije badmintonu. Pod vostvom profesora Marija Ragu\u017ea to su bile u\u010denice 2.b razreda Tara Stipanovi\u0107, Iva Budimir, Ela E\u0161egovi\u0107 i Katarina Puhari\u0107 predstavljale. One su se 23. travnja zajedno s Novom Gradi\u0161kom, Na\u0161icama, Orahovicom i susjednom nam gimnazijom zaputile na trodnevni put u Pore\u010d gdje ih je ve\u0107 prvi dan do\u010dekao bogati sve\u010dani program otvorenja.<\/p>\n<p><strong><em>Istarskom rivijerom<\/em><\/strong><\/p>\n<p><a href=\"http:\/\/katolicka-gimnazija.hr\/wp-content\/uploads\/2017\/05\/18073531_742515675928369_1665111875_n.jpg\"><img loading=\"lazy\" decoding=\"async\" class=\"alignright wp-image-9737 size-medium\" src=\"http:\/\/katolicka-gimnazija.hr\/wp-content\/uploads\/2017\/05\/18073531_742515675928369_1665111875_n-300x200.jpg\" alt=\"18073531_742515675928369_1665111875_n\" width=\"300\" height=\"200\" srcset=\"https:\/\/katolicka-gimnazija.hr\/wp-content\/uploads\/2017\/05\/18073531_742515675928369_1665111875_n-300x200.jpg 300w, https:\/\/katolicka-gimnazija.hr\/wp-content\/uploads\/2017\/05\/18073531_742515675928369_1665111875_n-768x511.jpg 768w, https:\/\/katolicka-gimnazija.hr\/wp-content\/uploads\/2017\/05\/18073531_742515675928369_1665111875_n-1024x682.jpg 1024w, https:\/\/katolicka-gimnazija.hr\/wp-content\/uploads\/2017\/05\/18073531_742515675928369_1665111875_n-360x240.jpg 360w, https:\/\/katolicka-gimnazija.hr\/wp-content\/uploads\/2017\/05\/18073531_742515675928369_1665111875_n-750x500.jpg 750w, https:\/\/katolicka-gimnazija.hr\/wp-content\/uploads\/2017\/05\/18073531_742515675928369_1665111875_n-400x266.jpg 400w, https:\/\/katolicka-gimnazija.hr\/wp-content\/uploads\/2017\/05\/18073531_742515675928369_1665111875_n-430x286.jpg 430w, https:\/\/katolicka-gimnazija.hr\/wp-content\/uploads\/2017\/05\/18073531_742515675928369_1665111875_n-150x100.jpg 150w, https:\/\/katolicka-gimnazija.hr\/wp-content\/uploads\/2017\/05\/18073531_742515675928369_1665111875_n-100x67.jpg 100w, https:\/\/katolicka-gimnazija.hr\/wp-content\/uploads\/2017\/05\/18073531_742515675928369_1665111875_n.jpg 1500w\" sizes=\"auto, (max-width: 300px) 100vw, 300px\" \/><\/a>Natjecatelji su bili smje\u0161teni u pore\u010dkom hotelu Delfin dok su se na\u0161e djevojke bile u skupini koja se natjecala u Umagu. Na dr\u017eavnu smotru pozvano je \u0161est \u017eenskih ekipa, a na\u0161e su djevojke bile u skupine s, pokazat \u0107e se, dvije prvoplasirane ekipe iz Zagreba i Velike Gorice u kojima su nastupale hrvatske reprezentativke. Iako \u0107e 5. mjesto podijeliti sa salezijanskom gimnazijom iz Rijeke, u\u010denice su prezadovoljne jer su ve\u0107 ostvarile povijesni uspjeh kad su se iz zabave prijavile na \u017eupanijsku smotru, a zavr\u0161ile na dr\u017eavnoj. Spomenimo da ekipi nije mogla pomo\u0107i ni Katarina Puhari\u0107 koja je sva tri dana prele\u017eala bolesna u svojoj hotelskoj sobi. Djevojke su se, kako ka\u017eu, vratile oboga\u0107ene za jedno lijepo iskustvo te optimisti\u010dne \u010dekaju natjecanja i nove prilike na kojima \u0107e se dokazivati jer su dvije godine jo\u0161 ispred njih.<\/p>\n<p><strong><em>Zadovoljan i ponosan<\/em><\/strong><\/p>\n<p><a href=\"http:\/\/katolicka-gimnazija.hr\/wp-content\/uploads\/2017\/05\/18110713_742515539261716_1803719685_n.jpg\"><img loading=\"lazy\" decoding=\"async\" class=\"alignleft wp-image-9739 size-medium\" src=\"http:\/\/katolicka-gimnazija.hr\/wp-content\/uploads\/2017\/05\/18110713_742515539261716_1803719685_n-300x200.jpg\" alt=\"18110713_742515539261716_1803719685_n\" width=\"300\" height=\"200\" srcset=\"https:\/\/katolicka-gimnazija.hr\/wp-content\/uploads\/2017\/05\/18110713_742515539261716_1803719685_n-300x200.jpg 300w, https:\/\/katolicka-gimnazija.hr\/wp-content\/uploads\/2017\/05\/18110713_742515539261716_1803719685_n-768x511.jpg 768w, https:\/\/katolicka-gimnazija.hr\/wp-content\/uploads\/2017\/05\/18110713_742515539261716_1803719685_n-1024x682.jpg 1024w, https:\/\/katolicka-gimnazija.hr\/wp-content\/uploads\/2017\/05\/18110713_742515539261716_1803719685_n-360x240.jpg 360w, https:\/\/katolicka-gimnazija.hr\/wp-content\/uploads\/2017\/05\/18110713_742515539261716_1803719685_n-750x500.jpg 750w, https:\/\/katolicka-gimnazija.hr\/wp-content\/uploads\/2017\/05\/18110713_742515539261716_1803719685_n-400x266.jpg 400w, https:\/\/katolicka-gimnazija.hr\/wp-content\/uploads\/2017\/05\/18110713_742515539261716_1803719685_n-430x286.jpg 430w, https:\/\/katolicka-gimnazija.hr\/wp-content\/uploads\/2017\/05\/18110713_742515539261716_1803719685_n-150x100.jpg 150w, https:\/\/katolicka-gimnazija.hr\/wp-content\/uploads\/2017\/05\/18110713_742515539261716_1803719685_n-100x67.jpg 100w, https:\/\/katolicka-gimnazija.hr\/wp-content\/uploads\/2017\/05\/18110713_742515539261716_1803719685_n.jpg 1500w\" sizes=\"auto, (max-width: 300px) 100vw, 300px\" \/><\/a>Profesor Ragu\u017e za po\u010detak je istaknuo odli\u010dnu organizaciju i do\u010dek koji ga se posebno dojmio. Ponosan je na na\u0161e cure koje su stigle do dr\u017eavnog natjecanja. Naglasio je kako im dosta toga nije i\u0161lo od ruke \u2013 izostanak Katarine, izostanak \u017edrijeba i ulazak u skupinu u kojoj su bile ekipe koje su na kraju osvojile zlato i srebro. Smatra kako je ovo veliki uspjeh za na\u0161u \u0161kolu te se nada da \u0107e ekipa iz Zagreba u 6. mjesecu na europskom \u0161kolskom natjecanju dostojno predstavljati na\u0161u dr\u017eavu. Pohvalio je svoje u\u010denice za pona\u0161anje i prema njemu, ali i prema ostalim u\u010denicima. Priznao je da je i za njega ovo bilo jo\u0161 jedno sportsko iskustvo na kojem je upoznao brojne kolege s kojima je razmijenio iskustva i o sportu, i o \u0161kolskom sportu, ali i o razvoju \u0161kolskog sporta u njihovim \u017eupanijama.<\/p>\n<div id='gallery-1' class='gallery galleryid-9730 gallery-columns-3 gallery-size-medium'><figure class='gallery-item'>\n\t\t\t<div class='gallery-icon landscape'>\n\t\t\t\t<a href='https:\/\/katolicka-gimnazija.hr\/wp-content\/uploads\/2017\/05\/DSC_0006.jpg'><img loading=\"lazy\" decoding=\"async\" width=\"300\" height=\"200\" src=\"https:\/\/katolicka-gimnazija.hr\/wp-content\/uploads\/2017\/05\/DSC_0006-300x200.jpg\" class=\"attachment-medium size-medium\" alt=\"\" srcset=\"https:\/\/katolicka-gimnazija.hr\/wp-content\/uploads\/2017\/05\/DSC_0006-300x200.jpg 300w, https:\/\/katolicka-gimnazija.hr\/wp-content\/uploads\/2017\/05\/DSC_0006-768x512.jpg 768w, https:\/\/katolicka-gimnazija.hr\/wp-content\/uploads\/2017\/05\/DSC_0006-1024x683.jpg 1024w, https:\/\/katolicka-gimnazija.hr\/wp-content\/uploads\/2017\/05\/DSC_0006-360x240.jpg 360w, https:\/\/katolicka-gimnazija.hr\/wp-content\/uploads\/2017\/05\/DSC_0006-750x500.jpg 750w, https:\/\/katolicka-gimnazija.hr\/wp-content\/uploads\/2017\/05\/DSC_0006-400x267.jpg 400w, https:\/\/katolicka-gimnazija.hr\/wp-content\/uploads\/2017\/05\/DSC_0006-430x287.jpg 430w, https:\/\/katolicka-gimnazija.hr\/wp-content\/uploads\/2017\/05\/DSC_0006-150x100.jpg 150w, https:\/\/katolicka-gimnazija.hr\/wp-content\/uploads\/2017\/05\/DSC_0006-100x67.jpg 100w, https:\/\/katolicka-gimnazija.hr\/wp-content\/uploads\/2017\/05\/DSC_0006.jpg 1500w\" sizes=\"auto, (max-width: 300px) 100vw, 300px\" \/><\/a>\n\t\t\t<\/div><\/figure><figure class='gallery-item'>\n\t\t\t<div class='gallery-icon landscape'>\n\t\t\t\t<a href='https:\/\/katolicka-gimnazija.hr\/wp-content\/uploads\/2017\/05\/DSC_0013.jpg'><img loading=\"lazy\" decoding=\"async\" width=\"300\" height=\"200\" src=\"https:\/\/katolicka-gimnazija.hr\/wp-content\/uploads\/2017\/05\/DSC_0013-300x200.jpg\" class=\"attachment-medium size-medium\" alt=\"\" srcset=\"https:\/\/katolicka-gimnazija.hr\/wp-content\/uploads\/2017\/05\/DSC_0013-300x200.jpg 300w, https:\/\/katolicka-gimnazija.hr\/wp-content\/uploads\/2017\/05\/DSC_0013-768x512.jpg 768w, https:\/\/katolicka-gimnazija.hr\/wp-content\/uploads\/2017\/05\/DSC_0013-1024x683.jpg 1024w, https:\/\/katolicka-gimnazija.hr\/wp-content\/uploads\/2017\/05\/DSC_0013-360x240.jpg 360w, https:\/\/katolicka-gimnazija.hr\/wp-content\/uploads\/2017\/05\/DSC_0013-750x500.jpg 750w, https:\/\/katolicka-gimnazija.hr\/wp-content\/uploads\/2017\/05\/DSC_0013-400x267.jpg 400w, https:\/\/katolicka-gimnazija.hr\/wp-content\/uploads\/2017\/05\/DSC_0013-430x287.jpg 430w, https:\/\/katolicka-gimnazija.hr\/wp-content\/uploads\/2017\/05\/DSC_0013-150x100.jpg 150w, https:\/\/katolicka-gimnazija.hr\/wp-content\/uploads\/2017\/05\/DSC_0013-100x67.jpg 100w, https:\/\/katolicka-gimnazija.hr\/wp-content\/uploads\/2017\/05\/DSC_0013.jpg 1500w\" sizes=\"auto, (max-width: 300px) 100vw, 300px\" \/><\/a>\n\t\t\t<\/div><\/figure><figure class='gallery-item'>\n\t\t\t<div class='gallery-icon landscape'>\n\t\t\t\t<a href='https:\/\/katolicka-gimnazija.hr\/wp-content\/uploads\/2017\/05\/18072823_742515679261702_235901121_n.jpg'><img loading=\"lazy\" decoding=\"async\" width=\"300\" height=\"200\" src=\"https:\/\/katolicka-gimnazija.hr\/wp-content\/uploads\/2017\/05\/18072823_742515679261702_235901121_n-300x200.jpg\" class=\"attachment-medium size-medium\" alt=\"\" srcset=\"https:\/\/katolicka-gimnazija.hr\/wp-content\/uploads\/2017\/05\/18072823_742515679261702_235901121_n-300x200.jpg 300w, https:\/\/katolicka-gimnazija.hr\/wp-content\/uploads\/2017\/05\/18072823_742515679261702_235901121_n-768x511.jpg 768w, https:\/\/katolicka-gimnazija.hr\/wp-content\/uploads\/2017\/05\/18072823_742515679261702_235901121_n-1024x682.jpg 1024w, https:\/\/katolicka-gimnazija.hr\/wp-content\/uploads\/2017\/05\/18072823_742515679261702_235901121_n-360x240.jpg 360w, https:\/\/katolicka-gimnazija.hr\/wp-content\/uploads\/2017\/05\/18072823_742515679261702_235901121_n-750x500.jpg 750w, https:\/\/katolicka-gimnazija.hr\/wp-content\/uploads\/2017\/05\/18072823_742515679261702_235901121_n-400x266.jpg 400w, https:\/\/katolicka-gimnazija.hr\/wp-content\/uploads\/2017\/05\/18072823_742515679261702_235901121_n-430x286.jpg 430w, https:\/\/katolicka-gimnazija.hr\/wp-content\/uploads\/2017\/05\/18072823_742515679261702_235901121_n-150x100.jpg 150w, https:\/\/katolicka-gimnazija.hr\/wp-content\/uploads\/2017\/05\/18072823_742515679261702_235901121_n-100x67.jpg 100w, https:\/\/katolicka-gimnazija.hr\/wp-content\/uploads\/2017\/05\/18072823_742515679261702_235901121_n.jpg 1500w\" sizes=\"auto, (max-width: 300px) 100vw, 300px\" \/><\/a>\n\t\t\t<\/div><\/figure><figure class='gallery-item'>\n\t\t\t<div class='gallery-icon landscape'>\n\t\t\t\t<a href='https:\/\/katolicka-gimnazija.hr\/wp-content\/uploads\/2017\/05\/DSC_0018.jpg'><img loading=\"lazy\" decoding=\"async\" width=\"300\" height=\"200\" src=\"https:\/\/katolicka-gimnazija.hr\/wp-content\/uploads\/2017\/05\/DSC_0018-300x200.jpg\" class=\"attachment-medium size-medium\" alt=\"\" srcset=\"https:\/\/katolicka-gimnazija.hr\/wp-content\/uploads\/2017\/05\/DSC_0018-300x200.jpg 300w, https:\/\/katolicka-gimnazija.hr\/wp-content\/uploads\/2017\/05\/DSC_0018-768x512.jpg 768w, https:\/\/katolicka-gimnazija.hr\/wp-content\/uploads\/2017\/05\/DSC_0018-1024x683.jpg 1024w, https:\/\/katolicka-gimnazija.hr\/wp-content\/uploads\/2017\/05\/DSC_0018-360x240.jpg 360w, https:\/\/katolicka-gimnazija.hr\/wp-content\/uploads\/2017\/05\/DSC_0018-750x500.jpg 750w, https:\/\/katolicka-gimnazija.hr\/wp-content\/uploads\/2017\/05\/DSC_0018-400x267.jpg 400w, https:\/\/katolicka-gimnazija.hr\/wp-content\/uploads\/2017\/05\/DSC_0018-430x287.jpg 430w, https:\/\/katolicka-gimnazija.hr\/wp-content\/uploads\/2017\/05\/DSC_0018-150x100.jpg 150w, https:\/\/katolicka-gimnazija.hr\/wp-content\/uploads\/2017\/05\/DSC_0018-100x67.jpg 100w, https:\/\/katolicka-gimnazija.hr\/wp-content\/uploads\/2017\/05\/DSC_0018.jpg 1500w\" sizes=\"auto, (max-width: 300px) 100vw, 300px\" \/><\/a>\n\t\t\t<\/div><\/figure><figure class='gallery-item'>\n\t\t\t<div class='gallery-icon landscape'>\n\t\t\t\t<a href='https:\/\/katolicka-gimnazija.hr\/wp-content\/uploads\/2017\/05\/18051897_742515382595065_436339997_n.jpg'><img loading=\"lazy\" decoding=\"async\" width=\"300\" height=\"200\" src=\"https:\/\/katolicka-gimnazija.hr\/wp-content\/uploads\/2017\/05\/18051897_742515382595065_436339997_n-300x200.jpg\" class=\"attachment-medium size-medium\" alt=\"\" srcset=\"https:\/\/katolicka-gimnazija.hr\/wp-content\/uploads\/2017\/05\/18051897_742515382595065_436339997_n-300x200.jpg 300w, https:\/\/katolicka-gimnazija.hr\/wp-content\/uploads\/2017\/05\/18051897_742515382595065_436339997_n-768x511.jpg 768w, https:\/\/katolicka-gimnazija.hr\/wp-content\/uploads\/2017\/05\/18051897_742515382595065_436339997_n-1024x682.jpg 1024w, https:\/\/katolicka-gimnazija.hr\/wp-content\/uploads\/2017\/05\/18051897_742515382595065_436339997_n-360x240.jpg 360w, https:\/\/katolicka-gimnazija.hr\/wp-content\/uploads\/2017\/05\/18051897_742515382595065_436339997_n-750x500.jpg 750w, https:\/\/katolicka-gimnazija.hr\/wp-content\/uploads\/2017\/05\/18051897_742515382595065_436339997_n-400x266.jpg 400w, https:\/\/katolicka-gimnazija.hr\/wp-content\/uploads\/2017\/05\/18051897_742515382595065_436339997_n-430x286.jpg 430w, https:\/\/katolicka-gimnazija.hr\/wp-content\/uploads\/2017\/05\/18051897_742515382595065_436339997_n-150x100.jpg 150w, https:\/\/katolicka-gimnazija.hr\/wp-content\/uploads\/2017\/05\/18051897_742515382595065_436339997_n-100x67.jpg 100w, https:\/\/katolicka-gimnazija.hr\/wp-content\/uploads\/2017\/05\/18051897_742515382595065_436339997_n.jpg 1500w\" sizes=\"auto, (max-width: 300px) 100vw, 300px\" \/><\/a>\n\t\t\t<\/div><\/figure><figure class='gallery-item'>\n\t\t\t<div class='gallery-icon landscape'>\n\t\t\t\t<a href='https:\/\/katolicka-gimnazija.hr\/wp-content\/uploads\/2017\/05\/DSC_0010.jpg'><img loading=\"lazy\" decoding=\"async\" width=\"300\" height=\"200\" src=\"https:\/\/katolicka-gimnazija.hr\/wp-content\/uploads\/2017\/05\/DSC_0010-300x200.jpg\" class=\"attachment-medium size-medium\" alt=\"\" srcset=\"https:\/\/katolicka-gimnazija.hr\/wp-content\/uploads\/2017\/05\/DSC_0010-300x200.jpg 300w, https:\/\/katolicka-gimnazija.hr\/wp-content\/uploads\/2017\/05\/DSC_0010-768x512.jpg 768w, https:\/\/katolicka-gimnazija.hr\/wp-content\/uploads\/2017\/05\/DSC_0010-1024x683.jpg 1024w, https:\/\/katolicka-gimnazija.hr\/wp-content\/uploads\/2017\/05\/DSC_0010-360x240.jpg 360w, https:\/\/katolicka-gimnazija.hr\/wp-content\/uploads\/2017\/05\/DSC_0010-750x500.jpg 750w, https:\/\/katolicka-gimnazija.hr\/wp-content\/uploads\/2017\/05\/DSC_0010-400x267.jpg 400w, https:\/\/katolicka-gimnazija.hr\/wp-content\/uploads\/2017\/05\/DSC_0010-430x287.jpg 430w, https:\/\/katolicka-gimnazija.hr\/wp-content\/uploads\/2017\/05\/DSC_0010-150x100.jpg 150w, https:\/\/katolicka-gimnazija.hr\/wp-content\/uploads\/2017\/05\/DSC_0010-100x67.jpg 100w, https:\/\/katolicka-gimnazija.hr\/wp-content\/uploads\/2017\/05\/DSC_0010.jpg 1500w\" sizes=\"auto, (max-width: 300px) 100vw, 300px\" \/><\/a>\n\t\t\t<\/div><\/figure><figure class='gallery-item'>\n\t\t\t<div class='gallery-icon landscape'>\n\t\t\t\t<a href='https:\/\/katolicka-gimnazija.hr\/wp-content\/uploads\/2017\/05\/DSC_0054.jpg'><img loading=\"lazy\" decoding=\"async\" width=\"300\" height=\"200\" src=\"https:\/\/katolicka-gimnazija.hr\/wp-content\/uploads\/2017\/05\/DSC_0054-300x200.jpg\" class=\"attachment-medium size-medium\" alt=\"\" srcset=\"https:\/\/katolicka-gimnazija.hr\/wp-content\/uploads\/2017\/05\/DSC_0054-300x200.jpg 300w, https:\/\/katolicka-gimnazija.hr\/wp-content\/uploads\/2017\/05\/DSC_0054-768x512.jpg 768w, https:\/\/katolicka-gimnazija.hr\/wp-content\/uploads\/2017\/05\/DSC_0054-1024x683.jpg 1024w, https:\/\/katolicka-gimnazija.hr\/wp-content\/uploads\/2017\/05\/DSC_0054-360x240.jpg 360w, https:\/\/katolicka-gimnazija.hr\/wp-content\/uploads\/2017\/05\/DSC_0054-750x500.jpg 750w, https:\/\/katolicka-gimnazija.hr\/wp-content\/uploads\/2017\/05\/DSC_0054-400x267.jpg 400w, https:\/\/katolicka-gimnazija.hr\/wp-content\/uploads\/2017\/05\/DSC_0054-430x287.jpg 430w, https:\/\/katolicka-gimnazija.hr\/wp-content\/uploads\/2017\/05\/DSC_0054-150x100.jpg 150w, https:\/\/katolicka-gimnazija.hr\/wp-content\/uploads\/2017\/05\/DSC_0054-100x67.jpg 100w, https:\/\/katolicka-gimnazija.hr\/wp-content\/uploads\/2017\/05\/DSC_0054.jpg 1500w\" sizes=\"auto, (max-width: 300px) 100vw, 300px\" \/><\/a>\n\t\t\t<\/div><\/figure><figure class='gallery-item'>\n\t\t\t<div class='gallery-icon landscape'>\n\t\t\t\t<a href='https:\/\/katolicka-gimnazija.hr\/wp-content\/uploads\/2017\/05\/18051711_742515455928391_820795557_n.jpg'><img loading=\"lazy\" decoding=\"async\" width=\"300\" height=\"200\" src=\"https:\/\/katolicka-gimnazija.hr\/wp-content\/uploads\/2017\/05\/18051711_742515455928391_820795557_n-300x200.jpg\" class=\"attachment-medium size-medium\" alt=\"\" srcset=\"https:\/\/katolicka-gimnazija.hr\/wp-content\/uploads\/2017\/05\/18051711_742515455928391_820795557_n-300x200.jpg 300w, https:\/\/katolicka-gimnazija.hr\/wp-content\/uploads\/2017\/05\/18051711_742515455928391_820795557_n-768x511.jpg 768w, https:\/\/katolicka-gimnazija.hr\/wp-content\/uploads\/2017\/05\/18051711_742515455928391_820795557_n-1024x682.jpg 1024w, https:\/\/katolicka-gimnazija.hr\/wp-content\/uploads\/2017\/05\/18051711_742515455928391_820795557_n-360x240.jpg 360w, https:\/\/katolicka-gimnazija.hr\/wp-content\/uploads\/2017\/05\/18051711_742515455928391_820795557_n-750x500.jpg 750w, https:\/\/katolicka-gimnazija.hr\/wp-content\/uploads\/2017\/05\/18051711_742515455928391_820795557_n-400x266.jpg 400w, https:\/\/katolicka-gimnazija.hr\/wp-content\/uploads\/2017\/05\/18051711_742515455928391_820795557_n-430x286.jpg 430w, https:\/\/katolicka-gimnazija.hr\/wp-content\/uploads\/2017\/05\/18051711_742515455928391_820795557_n-150x100.jpg 150w, https:\/\/katolicka-gimnazija.hr\/wp-content\/uploads\/2017\/05\/18051711_742515455928391_820795557_n-100x67.jpg 100w, https:\/\/katolicka-gimnazija.hr\/wp-content\/uploads\/2017\/05\/18051711_742515455928391_820795557_n.jpg 1500w\" sizes=\"auto, (max-width: 300px) 100vw, 300px\" \/><\/a>\n\t\t\t<\/div><\/figure><figure class='gallery-item'>\n\t\t\t<div class='gallery-icon landscape'>\n\t\t\t\t<a href='https:\/\/katolicka-gimnazija.hr\/wp-content\/uploads\/2017\/05\/DSC_0128.jpg'><img loading=\"lazy\" decoding=\"async\" width=\"300\" height=\"200\" src=\"https:\/\/katolicka-gimnazija.hr\/wp-content\/uploads\/2017\/05\/DSC_0128-300x200.jpg\" class=\"attachment-medium size-medium\" alt=\"\" srcset=\"https:\/\/katolicka-gimnazija.hr\/wp-content\/uploads\/2017\/05\/DSC_0128-300x200.jpg 300w, https:\/\/katolicka-gimnazija.hr\/wp-content\/uploads\/2017\/05\/DSC_0128-768x512.jpg 768w, https:\/\/katolicka-gimnazija.hr\/wp-content\/uploads\/2017\/05\/DSC_0128-1024x683.jpg 1024w, https:\/\/katolicka-gimnazija.hr\/wp-content\/uploads\/2017\/05\/DSC_0128-360x240.jpg 360w, https:\/\/katolicka-gimnazija.hr\/wp-content\/uploads\/2017\/05\/DSC_0128-750x500.jpg 750w, https:\/\/katolicka-gimnazija.hr\/wp-content\/uploads\/2017\/05\/DSC_0128-400x267.jpg 400w, https:\/\/katolicka-gimnazija.hr\/wp-content\/uploads\/2017\/05\/DSC_0128-430x287.jpg 430w, https:\/\/katolicka-gimnazija.hr\/wp-content\/uploads\/2017\/05\/DSC_0128-150x100.jpg 150w, https:\/\/katolicka-gimnazija.hr\/wp-content\/uploads\/2017\/05\/DSC_0128-100x67.jpg 100w, https:\/\/katolicka-gimnazija.hr\/wp-content\/uploads\/2017\/05\/DSC_0128.jpg 1500w\" sizes=\"auto, (max-width: 300px) 100vw, 300px\" \/><\/a>\n\t\t\t<\/div><\/figure><figure class='gallery-item'>\n\t\t\t<div class='gallery-icon landscape'>\n\t\t\t\t<a href='https:\/\/katolicka-gimnazija.hr\/wp-content\/uploads\/2017\/05\/18136988_742515549261715_1045523551_n.jpg'><img loading=\"lazy\" decoding=\"async\" width=\"300\" height=\"200\" src=\"https:\/\/katolicka-gimnazija.hr\/wp-content\/uploads\/2017\/05\/18136988_742515549261715_1045523551_n-300x200.jpg\" class=\"attachment-medium size-medium\" alt=\"\" srcset=\"https:\/\/katolicka-gimnazija.hr\/wp-content\/uploads\/2017\/05\/18136988_742515549261715_1045523551_n-300x200.jpg 300w, https:\/\/katolicka-gimnazija.hr\/wp-content\/uploads\/2017\/05\/18136988_742515549261715_1045523551_n-768x512.jpg 768w, https:\/\/katolicka-gimnazija.hr\/wp-content\/uploads\/2017\/05\/18136988_742515549261715_1045523551_n-1024x683.jpg 1024w, https:\/\/katolicka-gimnazija.hr\/wp-content\/uploads\/2017\/05\/18136988_742515549261715_1045523551_n-360x240.jpg 360w, https:\/\/katolicka-gimnazija.hr\/wp-content\/uploads\/2017\/05\/18136988_742515549261715_1045523551_n-750x500.jpg 750w, https:\/\/katolicka-gimnazija.hr\/wp-content\/uploads\/2017\/05\/18136988_742515549261715_1045523551_n-400x267.jpg 400w, https:\/\/katolicka-gimnazija.hr\/wp-content\/uploads\/2017\/05\/18136988_742515549261715_1045523551_n-430x287.jpg 430w, https:\/\/katolicka-gimnazija.hr\/wp-content\/uploads\/2017\/05\/18136988_742515549261715_1045523551_n-150x100.jpg 150w, https:\/\/katolicka-gimnazija.hr\/wp-content\/uploads\/2017\/05\/18136988_742515549261715_1045523551_n-100x67.jpg 100w, https:\/\/katolicka-gimnazija.hr\/wp-content\/uploads\/2017\/05\/18136988_742515549261715_1045523551_n.jpg 1500w\" sizes=\"auto, (max-width: 300px) 100vw, 300px\" \/><\/a>\n\t\t\t<\/div><\/figure><figure class='gallery-item'>\n\t\t\t<div class='gallery-icon landscape'>\n\t\t\t\t<a href='https:\/\/katolicka-gimnazija.hr\/wp-content\/uploads\/2017\/05\/18136893_742515552595048_516199979_n.jpg'><img loading=\"lazy\" decoding=\"async\" width=\"300\" height=\"200\" src=\"https:\/\/katolicka-gimnazija.hr\/wp-content\/uploads\/2017\/05\/18136893_742515552595048_516199979_n-300x200.jpg\" class=\"attachment-medium size-medium\" alt=\"\" srcset=\"https:\/\/katolicka-gimnazija.hr\/wp-content\/uploads\/2017\/05\/18136893_742515552595048_516199979_n-300x200.jpg 300w, https:\/\/katolicka-gimnazija.hr\/wp-content\/uploads\/2017\/05\/18136893_742515552595048_516199979_n-768x511.jpg 768w, https:\/\/katolicka-gimnazija.hr\/wp-content\/uploads\/2017\/05\/18136893_742515552595048_516199979_n-1024x682.jpg 1024w, https:\/\/katolicka-gimnazija.hr\/wp-content\/uploads\/2017\/05\/18136893_742515552595048_516199979_n-360x240.jpg 360w, https:\/\/katolicka-gimnazija.hr\/wp-content\/uploads\/2017\/05\/18136893_742515552595048_516199979_n-750x500.jpg 750w, https:\/\/katolicka-gimnazija.hr\/wp-content\/uploads\/2017\/05\/18136893_742515552595048_516199979_n-400x266.jpg 400w, https:\/\/katolicka-gimnazija.hr\/wp-content\/uploads\/2017\/05\/18136893_742515552595048_516199979_n-430x286.jpg 430w, https:\/\/katolicka-gimnazija.hr\/wp-content\/uploads\/2017\/05\/18136893_742515552595048_516199979_n-150x100.jpg 150w, https:\/\/katolicka-gimnazija.hr\/wp-content\/uploads\/2017\/05\/18136893_742515552595048_516199979_n-100x67.jpg 100w, https:\/\/katolicka-gimnazija.hr\/wp-content\/uploads\/2017\/05\/18136893_742515552595048_516199979_n.jpg 1500w\" sizes=\"auto, (max-width: 300px) 100vw, 300px\" \/><\/a>\n\t\t\t<\/div><\/figure><figure class='gallery-item'>\n\t\t\t<div class='gallery-icon landscape'>\n\t\t\t\t<a href='https:\/\/katolicka-gimnazija.hr\/wp-content\/uploads\/2017\/05\/18072435_742515652595038_1766498570_n.jpg'><img loading=\"lazy\" decoding=\"async\" width=\"300\" height=\"200\" src=\"https:\/\/katolicka-gimnazija.hr\/wp-content\/uploads\/2017\/05\/18072435_742515652595038_1766498570_n-300x200.jpg\" class=\"attachment-medium size-medium\" alt=\"\" srcset=\"https:\/\/katolicka-gimnazija.hr\/wp-content\/uploads\/2017\/05\/18072435_742515652595038_1766498570_n-300x200.jpg 300w, https:\/\/katolicka-gimnazija.hr\/wp-content\/uploads\/2017\/05\/18072435_742515652595038_1766498570_n-768x511.jpg 768w, https:\/\/katolicka-gimnazija.hr\/wp-content\/uploads\/2017\/05\/18072435_742515652595038_1766498570_n-1024x682.jpg 1024w, https:\/\/katolicka-gimnazija.hr\/wp-content\/uploads\/2017\/05\/18072435_742515652595038_1766498570_n-360x240.jpg 360w, https:\/\/katolicka-gimnazija.hr\/wp-content\/uploads\/2017\/05\/18072435_742515652595038_1766498570_n-750x500.jpg 750w, https:\/\/katolicka-gimnazija.hr\/wp-content\/uploads\/2017\/05\/18072435_742515652595038_1766498570_n-400x266.jpg 400w, https:\/\/katolicka-gimnazija.hr\/wp-content\/uploads\/2017\/05\/18072435_742515652595038_1766498570_n-430x286.jpg 430w, https:\/\/katolicka-gimnazija.hr\/wp-content\/uploads\/2017\/05\/18072435_742515652595038_1766498570_n-150x100.jpg 150w, https:\/\/katolicka-gimnazija.hr\/wp-content\/uploads\/2017\/05\/18072435_742515652595038_1766498570_n-100x67.jpg 100w, https:\/\/katolicka-gimnazija.hr\/wp-content\/uploads\/2017\/05\/18072435_742515652595038_1766498570_n.jpg 1500w\" sizes=\"auto, (max-width: 300px) 100vw, 300px\" \/><\/a>\n\t\t\t<\/div><\/figure><figure class='gallery-item'>\n\t\t\t<div class='gallery-icon landscape'>\n\t\t\t\t<a href='https:\/\/katolicka-gimnazija.hr\/wp-content\/uploads\/2017\/05\/DSC_0003.jpg'><img loading=\"lazy\" decoding=\"async\" width=\"300\" height=\"200\" src=\"https:\/\/katolicka-gimnazija.hr\/wp-content\/uploads\/2017\/05\/DSC_0003-300x200.jpg\" class=\"attachment-medium size-medium\" alt=\"\" srcset=\"https:\/\/katolicka-gimnazija.hr\/wp-content\/uploads\/2017\/05\/DSC_0003-300x200.jpg 300w, https:\/\/katolicka-gimnazija.hr\/wp-content\/uploads\/2017\/05\/DSC_0003-768x512.jpg 768w, https:\/\/katolicka-gimnazija.hr\/wp-content\/uploads\/2017\/05\/DSC_0003-1024x683.jpg 1024w, https:\/\/katolicka-gimnazija.hr\/wp-content\/uploads\/2017\/05\/DSC_0003-360x240.jpg 360w, https:\/\/katolicka-gimnazija.hr\/wp-content\/uploads\/2017\/05\/DSC_0003-750x500.jpg 750w, https:\/\/katolicka-gimnazija.hr\/wp-content\/uploads\/2017\/05\/DSC_0003-400x267.jpg 400w, https:\/\/katolicka-gimnazija.hr\/wp-content\/uploads\/2017\/05\/DSC_0003-430x287.jpg 430w, https:\/\/katolicka-gimnazija.hr\/wp-content\/uploads\/2017\/05\/DSC_0003-150x100.jpg 150w, https:\/\/katolicka-gimnazija.hr\/wp-content\/uploads\/2017\/05\/DSC_0003-100x67.jpg 100w, https:\/\/katolicka-gimnazija.hr\/wp-content\/uploads\/2017\/05\/DSC_0003.jpg 1500w\" sizes=\"auto, (max-width: 300px) 100vw, 300px\" \/><\/a>\n\t\t\t<\/div><\/figure><figure class='gallery-item'>\n\t\t\t<div class='gallery-icon landscape'>\n\t\t\t\t<a href='https:\/\/katolicka-gimnazija.hr\/wp-content\/uploads\/2017\/05\/18136549_742515389261731_1267428488_n.jpg'><img loading=\"lazy\" decoding=\"async\" width=\"300\" height=\"200\" src=\"https:\/\/katolicka-gimnazija.hr\/wp-content\/uploads\/2017\/05\/18136549_742515389261731_1267428488_n-300x200.jpg\" class=\"attachment-medium size-medium\" alt=\"\" srcset=\"https:\/\/katolicka-gimnazija.hr\/wp-content\/uploads\/2017\/05\/18136549_742515389261731_1267428488_n-300x200.jpg 300w, https:\/\/katolicka-gimnazija.hr\/wp-content\/uploads\/2017\/05\/18136549_742515389261731_1267428488_n-768x511.jpg 768w, https:\/\/katolicka-gimnazija.hr\/wp-content\/uploads\/2017\/05\/18136549_742515389261731_1267428488_n-1024x682.jpg 1024w, https:\/\/katolicka-gimnazija.hr\/wp-content\/uploads\/2017\/05\/18136549_742515389261731_1267428488_n-360x240.jpg 360w, https:\/\/katolicka-gimnazija.hr\/wp-content\/uploads\/2017\/05\/18136549_742515389261731_1267428488_n-750x500.jpg 750w, https:\/\/katolicka-gimnazija.hr\/wp-content\/uploads\/2017\/05\/18136549_742515389261731_1267428488_n-400x266.jpg 400w, https:\/\/katolicka-gimnazija.hr\/wp-content\/uploads\/2017\/05\/18136549_742515389261731_1267428488_n-430x286.jpg 430w, https:\/\/katolicka-gimnazija.hr\/wp-content\/uploads\/2017\/05\/18136549_742515389261731_1267428488_n-150x100.jpg 150w, https:\/\/katolicka-gimnazija.hr\/wp-content\/uploads\/2017\/05\/18136549_742515389261731_1267428488_n-100x67.jpg 100w, https:\/\/katolicka-gimnazija.hr\/wp-content\/uploads\/2017\/05\/18136549_742515389261731_1267428488_n.jpg 1500w\" sizes=\"auto, (max-width: 300px) 100vw, 300px\" \/><\/a>\n\t\t\t<\/div><\/figure><figure class='gallery-item'>\n\t\t\t<div class='gallery-icon landscape'>\n\t\t\t\t<a href='https:\/\/katolicka-gimnazija.hr\/wp-content\/uploads\/2017\/05\/DSC_0023.jpg'><img loading=\"lazy\" decoding=\"async\" width=\"300\" height=\"200\" src=\"https:\/\/katolicka-gimnazija.hr\/wp-content\/uploads\/2017\/05\/DSC_0023-300x200.jpg\" class=\"attachment-medium size-medium\" alt=\"\" srcset=\"https:\/\/katolicka-gimnazija.hr\/wp-content\/uploads\/2017\/05\/DSC_0023-300x200.jpg 300w, https:\/\/katolicka-gimnazija.hr\/wp-content\/uploads\/2017\/05\/DSC_0023-768x512.jpg 768w, https:\/\/katolicka-gimnazija.hr\/wp-content\/uploads\/2017\/05\/DSC_0023-1024x683.jpg 1024w, https:\/\/katolicka-gimnazija.hr\/wp-content\/uploads\/2017\/05\/DSC_0023-360x240.jpg 360w, https:\/\/katolicka-gimnazija.hr\/wp-content\/uploads\/2017\/05\/DSC_0023-750x500.jpg 750w, https:\/\/katolicka-gimnazija.hr\/wp-content\/uploads\/2017\/05\/DSC_0023-400x267.jpg 400w, https:\/\/katolicka-gimnazija.hr\/wp-content\/uploads\/2017\/05\/DSC_0023-430x287.jpg 430w, https:\/\/katolicka-gimnazija.hr\/wp-content\/uploads\/2017\/05\/DSC_0023-150x100.jpg 150w, https:\/\/katolicka-gimnazija.hr\/wp-content\/uploads\/2017\/05\/DSC_0023-100x67.jpg 100w, https:\/\/katolicka-gimnazija.hr\/wp-content\/uploads\/2017\/05\/DSC_0023.jpg 1500w\" sizes=\"auto, (max-width: 300px) 100vw, 300px\" \/><\/a>\n\t\t\t<\/div><\/figure><figure class='gallery-item'>\n\t\t\t<div class='gallery-icon landscape'>\n\t\t\t\t<a href='https:\/\/katolicka-gimnazija.hr\/wp-content\/uploads\/2017\/05\/DSC_0009.jpg'><img loading=\"lazy\" decoding=\"async\" width=\"300\" height=\"200\" src=\"https:\/\/katolicka-gimnazija.hr\/wp-content\/uploads\/2017\/05\/DSC_0009-300x200.jpg\" class=\"attachment-medium size-medium\" alt=\"\" srcset=\"https:\/\/katolicka-gimnazija.hr\/wp-content\/uploads\/2017\/05\/DSC_0009-300x200.jpg 300w, https:\/\/katolicka-gimnazija.hr\/wp-content\/uploads\/2017\/05\/DSC_0009-768x512.jpg 768w, https:\/\/katolicka-gimnazija.hr\/wp-content\/uploads\/2017\/05\/DSC_0009-1024x683.jpg 1024w, https:\/\/katolicka-gimnazija.hr\/wp-content\/uploads\/2017\/05\/DSC_0009-360x240.jpg 360w, https:\/\/katolicka-gimnazija.hr\/wp-content\/uploads\/2017\/05\/DSC_0009-750x500.jpg 750w, https:\/\/katolicka-gimnazija.hr\/wp-content\/uploads\/2017\/05\/DSC_0009-400x267.jpg 400w, https:\/\/katolicka-gimnazija.hr\/wp-content\/uploads\/2017\/05\/DSC_0009-430x287.jpg 430w, https:\/\/katolicka-gimnazija.hr\/wp-content\/uploads\/2017\/05\/DSC_0009-150x100.jpg 150w, https:\/\/katolicka-gimnazija.hr\/wp-content\/uploads\/2017\/05\/DSC_0009-100x67.jpg 100w, https:\/\/katolicka-gimnazija.hr\/wp-content\/uploads\/2017\/05\/DSC_0009.jpg 1500w\" sizes=\"auto, (max-width: 300px) 100vw, 300px\" \/><\/a>\n\t\t\t<\/div><\/figure><figure class='gallery-item'>\n\t\t\t<div class='gallery-icon landscape'>\n\t\t\t\t<a href='https:\/\/katolicka-gimnazija.hr\/wp-content\/uploads\/2017\/05\/DSC_0032.jpg'><img loading=\"lazy\" decoding=\"async\" width=\"300\" height=\"200\" src=\"https:\/\/katolicka-gimnazija.hr\/wp-content\/uploads\/2017\/05\/DSC_0032-300x200.jpg\" class=\"attachment-medium size-medium\" alt=\"\" srcset=\"https:\/\/katolicka-gimnazija.hr\/wp-content\/uploads\/2017\/05\/DSC_0032-300x200.jpg 300w, https:\/\/katolicka-gimnazija.hr\/wp-content\/uploads\/2017\/05\/DSC_0032-768x512.jpg 768w, https:\/\/katolicka-gimnazija.hr\/wp-content\/uploads\/2017\/05\/DSC_0032-1024x683.jpg 1024w, https:\/\/katolicka-gimnazija.hr\/wp-content\/uploads\/2017\/05\/DSC_0032-360x240.jpg 360w, https:\/\/katolicka-gimnazija.hr\/wp-content\/uploads\/2017\/05\/DSC_0032-750x500.jpg 750w, https:\/\/katolicka-gimnazija.hr\/wp-content\/uploads\/2017\/05\/DSC_0032-400x267.jpg 400w, https:\/\/katolicka-gimnazija.hr\/wp-content\/uploads\/2017\/05\/DSC_0032-430x287.jpg 430w, https:\/\/katolicka-gimnazija.hr\/wp-content\/uploads\/2017\/05\/DSC_0032-150x100.jpg 150w, https:\/\/katolicka-gimnazija.hr\/wp-content\/uploads\/2017\/05\/DSC_0032-100x67.jpg 100w, https:\/\/katolicka-gimnazija.hr\/wp-content\/uploads\/2017\/05\/DSC_0032.jpg 1500w\" sizes=\"auto, (max-width: 300px) 100vw, 300px\" \/><\/a>\n\t\t\t<\/div><\/figure><figure class='gallery-item'>\n\t\t\t<div class='gallery-icon landscape'>\n\t\t\t\t<a href='https:\/\/katolicka-gimnazija.hr\/wp-content\/uploads\/2017\/05\/DSC_0065.jpg'><img loading=\"lazy\" decoding=\"async\" width=\"300\" height=\"200\" src=\"https:\/\/katolicka-gimnazija.hr\/wp-content\/uploads\/2017\/05\/DSC_0065-300x200.jpg\" class=\"attachment-medium size-medium\" alt=\"\" srcset=\"https:\/\/katolicka-gimnazija.hr\/wp-content\/uploads\/2017\/05\/DSC_0065-300x200.jpg 300w, https:\/\/katolicka-gimnazija.hr\/wp-content\/uploads\/2017\/05\/DSC_0065-768x512.jpg 768w, https:\/\/katolicka-gimnazija.hr\/wp-content\/uploads\/2017\/05\/DSC_0065-1024x683.jpg 1024w, https:\/\/katolicka-gimnazija.hr\/wp-content\/uploads\/2017\/05\/DSC_0065-360x240.jpg 360w, https:\/\/katolicka-gimnazija.hr\/wp-content\/uploads\/2017\/05\/DSC_0065-750x500.jpg 750w, https:\/\/katolicka-gimnazija.hr\/wp-content\/uploads\/2017\/05\/DSC_0065-400x267.jpg 400w, https:\/\/katolicka-gimnazija.hr\/wp-content\/uploads\/2017\/05\/DSC_0065-430x287.jpg 430w, https:\/\/katolicka-gimnazija.hr\/wp-content\/uploads\/2017\/05\/DSC_0065-150x100.jpg 150w, https:\/\/katolicka-gimnazija.hr\/wp-content\/uploads\/2017\/05\/DSC_0065-100x67.jpg 100w, https:\/\/katolicka-gimnazija.hr\/wp-content\/uploads\/2017\/05\/DSC_0065.jpg 1500w\" sizes=\"auto, (max-width: 300px) 100vw, 300px\" \/><\/a>\n\t\t\t<\/div><\/figure><figure class='gallery-item'>\n\t\t\t<div class='gallery-icon portrait'>\n\t\t\t\t<a href='https:\/\/katolicka-gimnazija.hr\/wp-content\/uploads\/2017\/05\/DSC_0029-e1493796693921.jpg'><img loading=\"lazy\" decoding=\"async\" width=\"200\" height=\"300\" src=\"https:\/\/katolicka-gimnazija.hr\/wp-content\/uploads\/2017\/05\/DSC_0029-e1493796693921-200x300.jpg\" class=\"attachment-medium size-medium\" alt=\"\" srcset=\"https:\/\/katolicka-gimnazija.hr\/wp-content\/uploads\/2017\/05\/DSC_0029-e1493796693921-200x300.jpg 200w, https:\/\/katolicka-gimnazija.hr\/wp-content\/uploads\/2017\/05\/DSC_0029-e1493796693921-768x1152.jpg 768w, https:\/\/katolicka-gimnazija.hr\/wp-content\/uploads\/2017\/05\/DSC_0029-e1493796693921-683x1024.jpg 683w, https:\/\/katolicka-gimnazija.hr\/wp-content\/uploads\/2017\/05\/DSC_0029-e1493796693921-360x540.jpg 360w, https:\/\/katolicka-gimnazija.hr\/wp-content\/uploads\/2017\/05\/DSC_0029-e1493796693921-750x1125.jpg 750w, https:\/\/katolicka-gimnazija.hr\/wp-content\/uploads\/2017\/05\/DSC_0029-e1493796693921-400x600.jpg 400w, https:\/\/katolicka-gimnazija.hr\/wp-content\/uploads\/2017\/05\/DSC_0029-e1493796693921-430x645.jpg 430w, https:\/\/katolicka-gimnazija.hr\/wp-content\/uploads\/2017\/05\/DSC_0029-e1493796693921-150x225.jpg 150w, https:\/\/katolicka-gimnazija.hr\/wp-content\/uploads\/2017\/05\/DSC_0029-e1493796693921-100x150.jpg 100w, https:\/\/katolicka-gimnazija.hr\/wp-content\/uploads\/2017\/05\/DSC_0029-e1493796693921.jpg 1000w\" sizes=\"auto, (max-width: 200px) 100vw, 200px\" \/><\/a>\n\t\t\t<\/div><\/figure><figure class='gallery-item'>\n\t\t\t<div class='gallery-icon landscape'>\n\t\t\t\t<a href='https:\/\/katolicka-gimnazija.hr\/wp-content\/uploads\/2017\/05\/18136651_742515709261699_1424344374_n.jpg'><img loading=\"lazy\" decoding=\"async\" width=\"300\" height=\"200\" src=\"https:\/\/katolicka-gimnazija.hr\/wp-content\/uploads\/2017\/05\/18136651_742515709261699_1424344374_n-300x200.jpg\" class=\"attachment-medium size-medium\" alt=\"\" srcset=\"https:\/\/katolicka-gimnazija.hr\/wp-content\/uploads\/2017\/05\/18136651_742515709261699_1424344374_n-300x200.jpg 300w, https:\/\/katolicka-gimnazija.hr\/wp-content\/uploads\/2017\/05\/18136651_742515709261699_1424344374_n-768x511.jpg 768w, https:\/\/katolicka-gimnazija.hr\/wp-content\/uploads\/2017\/05\/18136651_742515709261699_1424344374_n-1024x682.jpg 1024w, https:\/\/katolicka-gimnazija.hr\/wp-content\/uploads\/2017\/05\/18136651_742515709261699_1424344374_n-360x240.jpg 360w, https:\/\/katolicka-gimnazija.hr\/wp-content\/uploads\/2017\/05\/18136651_742515709261699_1424344374_n-750x500.jpg 750w, https:\/\/katolicka-gimnazija.hr\/wp-content\/uploads\/2017\/05\/18136651_742515709261699_1424344374_n-400x266.jpg 400w, https:\/\/katolicka-gimnazija.hr\/wp-content\/uploads\/2017\/05\/18136651_742515709261699_1424344374_n-430x286.jpg 430w, https:\/\/katolicka-gimnazija.hr\/wp-content\/uploads\/2017\/05\/18136651_742515709261699_1424344374_n-150x100.jpg 150w, https:\/\/katolicka-gimnazija.hr\/wp-content\/uploads\/2017\/05\/18136651_742515709261699_1424344374_n-100x67.jpg 100w, https:\/\/katolicka-gimnazija.hr\/wp-content\/uploads\/2017\/05\/18136651_742515709261699_1424344374_n.jpg 1500w\" sizes=\"auto, (max-width: 300px) 100vw, 300px\" \/><\/a>\n\t\t\t<\/div><\/figure><figure class='gallery-item'>\n\t\t\t<div class='gallery-icon landscape'>\n\t\t\t\t<a href='https:\/\/katolicka-gimnazija.hr\/wp-content\/uploads\/2017\/05\/DSC_0067.jpg'><img loading=\"lazy\" decoding=\"async\" width=\"300\" height=\"200\" src=\"https:\/\/katolicka-gimnazija.hr\/wp-content\/uploads\/2017\/05\/DSC_0067-300x200.jpg\" class=\"attachment-medium size-medium\" alt=\"\" srcset=\"https:\/\/katolicka-gimnazija.hr\/wp-content\/uploads\/2017\/05\/DSC_0067-300x200.jpg 300w, https:\/\/katolicka-gimnazija.hr\/wp-content\/uploads\/2017\/05\/DSC_0067-768x512.jpg 768w, https:\/\/katolicka-gimnazija.hr\/wp-content\/uploads\/2017\/05\/DSC_0067-1024x683.jpg 1024w, https:\/\/katolicka-gimnazija.hr\/wp-content\/uploads\/2017\/05\/DSC_0067-360x240.jpg 360w, https:\/\/katolicka-gimnazija.hr\/wp-content\/uploads\/2017\/05\/DSC_0067-750x500.jpg 750w, https:\/\/katolicka-gimnazija.hr\/wp-content\/uploads\/2017\/05\/DSC_0067-400x267.jpg 400w, https:\/\/katolicka-gimnazija.hr\/wp-content\/uploads\/2017\/05\/DSC_0067-430x287.jpg 430w, https:\/\/katolicka-gimnazija.hr\/wp-content\/uploads\/2017\/05\/DSC_0067-150x100.jpg 150w, https:\/\/katolicka-gimnazija.hr\/wp-content\/uploads\/2017\/05\/DSC_0067-100x67.jpg 100w, https:\/\/katolicka-gimnazija.hr\/wp-content\/uploads\/2017\/05\/DSC_0067.jpg 1500w\" sizes=\"auto, (max-width: 300px) 100vw, 300px\" \/><\/a>\n\t\t\t<\/div><\/figure><figure class='gallery-item'>\n\t\t\t<div class='gallery-icon landscape'>\n\t\t\t\t<a href='https:\/\/katolicka-gimnazija.hr\/wp-content\/uploads\/2017\/05\/DSC_0108.jpg'><img loading=\"lazy\" decoding=\"async\" width=\"300\" height=\"200\" src=\"https:\/\/katolicka-gimnazija.hr\/wp-content\/uploads\/2017\/05\/DSC_0108-300x200.jpg\" class=\"attachment-medium size-medium\" alt=\"\" srcset=\"https:\/\/katolicka-gimnazija.hr\/wp-content\/uploads\/2017\/05\/DSC_0108-300x200.jpg 300w, https:\/\/katolicka-gimnazija.hr\/wp-content\/uploads\/2017\/05\/DSC_0108-768x512.jpg 768w, https:\/\/katolicka-gimnazija.hr\/wp-content\/uploads\/2017\/05\/DSC_0108-1024x683.jpg 1024w, https:\/\/katolicka-gimnazija.hr\/wp-content\/uploads\/2017\/05\/DSC_0108-360x240.jpg 360w, https:\/\/katolicka-gimnazija.hr\/wp-content\/uploads\/2017\/05\/DSC_0108-750x500.jpg 750w, https:\/\/katolicka-gimnazija.hr\/wp-content\/uploads\/2017\/05\/DSC_0108-400x267.jpg 400w, https:\/\/katolicka-gimnazija.hr\/wp-content\/uploads\/2017\/05\/DSC_0108-430x287.jpg 430w, https:\/\/katolicka-gimnazija.hr\/wp-content\/uploads\/2017\/05\/DSC_0108-150x100.jpg 150w, https:\/\/katolicka-gimnazija.hr\/wp-content\/uploads\/2017\/05\/DSC_0108-100x67.jpg 100w, https:\/\/katolicka-gimnazija.hr\/wp-content\/uploads\/2017\/05\/DSC_0108.jpg 1500w\" sizes=\"auto, (max-width: 300px) 100vw, 300px\" \/><\/a>\n\t\t\t<\/div><\/figure><figure class='gallery-item'>\n\t\t\t<div class='gallery-icon landscape'>\n\t\t\t\t<a href='https:\/\/katolicka-gimnazija.hr\/wp-content\/uploads\/2017\/05\/DSC_0007.jpg'><img loading=\"lazy\" decoding=\"async\" width=\"300\" height=\"200\" src=\"https:\/\/katolicka-gimnazija.hr\/wp-content\/uploads\/2017\/05\/DSC_0007-300x200.jpg\" class=\"attachment-medium size-medium\" alt=\"\" srcset=\"https:\/\/katolicka-gimnazija.hr\/wp-content\/uploads\/2017\/05\/DSC_0007-300x200.jpg 300w, https:\/\/katolicka-gimnazija.hr\/wp-content\/uploads\/2017\/05\/DSC_0007-768x512.jpg 768w, https:\/\/katolicka-gimnazija.hr\/wp-content\/uploads\/2017\/05\/DSC_0007-1024x683.jpg 1024w, https:\/\/katolicka-gimnazija.hr\/wp-content\/uploads\/2017\/05\/DSC_0007-360x240.jpg 360w, https:\/\/katolicka-gimnazija.hr\/wp-content\/uploads\/2017\/05\/DSC_0007-750x500.jpg 750w, https:\/\/katolicka-gimnazija.hr\/wp-content\/uploads\/2017\/05\/DSC_0007-400x267.jpg 400w, https:\/\/katolicka-gimnazija.hr\/wp-content\/uploads\/2017\/05\/DSC_0007-430x287.jpg 430w, https:\/\/katolicka-gimnazija.hr\/wp-content\/uploads\/2017\/05\/DSC_0007-150x100.jpg 150w, https:\/\/katolicka-gimnazija.hr\/wp-content\/uploads\/2017\/05\/DSC_0007-100x67.jpg 100w, https:\/\/katolicka-gimnazija.hr\/wp-content\/uploads\/2017\/05\/DSC_0007.jpg 1500w\" sizes=\"auto, (max-width: 300px) 100vw, 300px\" \/><\/a>\n\t\t\t<\/div><\/figure><figure class='gallery-item'>\n\t\t\t<div class='gallery-icon landscape'>\n\t\t\t\t<a href='https:\/\/katolicka-gimnazija.hr\/wp-content\/uploads\/2017\/05\/18143171_742515419261728_1274448222_n.jpg'><img loading=\"lazy\" decoding=\"async\" width=\"300\" height=\"200\" src=\"https:\/\/katolicka-gimnazija.hr\/wp-content\/uploads\/2017\/05\/18143171_742515419261728_1274448222_n-300x200.jpg\" class=\"attachment-medium size-medium\" alt=\"\" srcset=\"https:\/\/katolicka-gimnazija.hr\/wp-content\/uploads\/2017\/05\/18143171_742515419261728_1274448222_n-300x200.jpg 300w, https:\/\/katolicka-gimnazija.hr\/wp-content\/uploads\/2017\/05\/18143171_742515419261728_1274448222_n-768x511.jpg 768w, https:\/\/katolicka-gimnazija.hr\/wp-content\/uploads\/2017\/05\/18143171_742515419261728_1274448222_n-1024x682.jpg 1024w, https:\/\/katolicka-gimnazija.hr\/wp-content\/uploads\/2017\/05\/18143171_742515419261728_1274448222_n-360x240.jpg 360w, https:\/\/katolicka-gimnazija.hr\/wp-content\/uploads\/2017\/05\/18143171_742515419261728_1274448222_n-750x500.jpg 750w, https:\/\/katolicka-gimnazija.hr\/wp-content\/uploads\/2017\/05\/18143171_742515419261728_1274448222_n-400x266.jpg 400w, https:\/\/katolicka-gimnazija.hr\/wp-content\/uploads\/2017\/05\/18143171_742515419261728_1274448222_n-430x286.jpg 430w, https:\/\/katolicka-gimnazija.hr\/wp-content\/uploads\/2017\/05\/18143171_742515419261728_1274448222_n-150x100.jpg 150w, https:\/\/katolicka-gimnazija.hr\/wp-content\/uploads\/2017\/05\/18143171_742515419261728_1274448222_n-100x67.jpg 100w, https:\/\/katolicka-gimnazija.hr\/wp-content\/uploads\/2017\/05\/18143171_742515419261728_1274448222_n.jpg 1500w\" sizes=\"auto, (max-width: 300px) 100vw, 300px\" \/><\/a>\n\t\t\t<\/div><\/figure><figure class='gallery-item'>\n\t\t\t<div class='gallery-icon landscape'>\n\t\t\t\t<a href='https:\/\/katolicka-gimnazija.hr\/wp-content\/uploads\/2017\/05\/DSC_0037.jpg'><img loading=\"lazy\" decoding=\"async\" width=\"300\" height=\"200\" src=\"https:\/\/katolicka-gimnazija.hr\/wp-content\/uploads\/2017\/05\/DSC_0037-300x200.jpg\" class=\"attachment-medium size-medium\" alt=\"\" srcset=\"https:\/\/katolicka-gimnazija.hr\/wp-content\/uploads\/2017\/05\/DSC_0037-300x200.jpg 300w, https:\/\/katolicka-gimnazija.hr\/wp-content\/uploads\/2017\/05\/DSC_0037-768x512.jpg 768w, https:\/\/katolicka-gimnazija.hr\/wp-content\/uploads\/2017\/05\/DSC_0037-1024x683.jpg 1024w, https:\/\/katolicka-gimnazija.hr\/wp-content\/uploads\/2017\/05\/DSC_0037-360x240.jpg 360w, https:\/\/katolicka-gimnazija.hr\/wp-content\/uploads\/2017\/05\/DSC_0037-750x500.jpg 750w, https:\/\/katolicka-gimnazija.hr\/wp-content\/uploads\/2017\/05\/DSC_0037-400x267.jpg 400w, https:\/\/katolicka-gimnazija.hr\/wp-content\/uploads\/2017\/05\/DSC_0037-430x287.jpg 430w, https:\/\/katolicka-gimnazija.hr\/wp-content\/uploads\/2017\/05\/DSC_0037-150x100.jpg 150w, https:\/\/katolicka-gimnazija.hr\/wp-content\/uploads\/2017\/05\/DSC_0037-100x67.jpg 100w, https:\/\/katolicka-gimnazija.hr\/wp-content\/uploads\/2017\/05\/DSC_0037.jpg 1500w\" sizes=\"auto, (max-width: 300px) 100vw, 300px\" \/><\/a>\n\t\t\t<\/div><\/figure><figure class='gallery-item'>\n\t\t\t<div class='gallery-icon landscape'>\n\t\t\t\t<a href='https:\/\/katolicka-gimnazija.hr\/wp-content\/uploads\/2017\/05\/18143054_742515645928372_2091445196_n.jpg'><img loading=\"lazy\" decoding=\"async\" width=\"300\" height=\"200\" src=\"https:\/\/katolicka-gimnazija.hr\/wp-content\/uploads\/2017\/05\/18143054_742515645928372_2091445196_n-300x200.jpg\" class=\"attachment-medium size-medium\" alt=\"\" srcset=\"https:\/\/katolicka-gimnazija.hr\/wp-content\/uploads\/2017\/05\/18143054_742515645928372_2091445196_n-300x200.jpg 300w, https:\/\/katolicka-gimnazija.hr\/wp-content\/uploads\/2017\/05\/18143054_742515645928372_2091445196_n-768x511.jpg 768w, https:\/\/katolicka-gimnazija.hr\/wp-content\/uploads\/2017\/05\/18143054_742515645928372_2091445196_n-1024x682.jpg 1024w, https:\/\/katolicka-gimnazija.hr\/wp-content\/uploads\/2017\/05\/18143054_742515645928372_2091445196_n-360x240.jpg 360w, https:\/\/katolicka-gimnazija.hr\/wp-content\/uploads\/2017\/05\/18143054_742515645928372_2091445196_n-750x500.jpg 750w, https:\/\/katolicka-gimnazija.hr\/wp-content\/uploads\/2017\/05\/18143054_742515645928372_2091445196_n-400x266.jpg 400w, https:\/\/katolicka-gimnazija.hr\/wp-content\/uploads\/2017\/05\/18143054_742515645928372_2091445196_n-430x286.jpg 430w, https:\/\/katolicka-gimnazija.hr\/wp-content\/uploads\/2017\/05\/18143054_742515645928372_2091445196_n-150x100.jpg 150w, https:\/\/katolicka-gimnazija.hr\/wp-content\/uploads\/2017\/05\/18143054_742515645928372_2091445196_n-100x67.jpg 100w, https:\/\/katolicka-gimnazija.hr\/wp-content\/uploads\/2017\/05\/18143054_742515645928372_2091445196_n.jpg 1500w\" sizes=\"auto, (max-width: 300px) 100vw, 300px\" \/><\/a>\n\t\t\t<\/div><\/figure><figure class='gallery-item'>\n\t\t\t<div class='gallery-icon landscape'>\n\t\t\t\t<a href='https:\/\/katolicka-gimnazija.hr\/wp-content\/uploads\/2017\/05\/18136588_742515575928379_546520786_n.jpg'><img loading=\"lazy\" decoding=\"async\" width=\"300\" height=\"200\" src=\"https:\/\/katolicka-gimnazija.hr\/wp-content\/uploads\/2017\/05\/18136588_742515575928379_546520786_n-300x200.jpg\" class=\"attachment-medium size-medium\" alt=\"\" srcset=\"https:\/\/katolicka-gimnazija.hr\/wp-content\/uploads\/2017\/05\/18136588_742515575928379_546520786_n-300x200.jpg 300w, https:\/\/katolicka-gimnazija.hr\/wp-content\/uploads\/2017\/05\/18136588_742515575928379_546520786_n-768x511.jpg 768w, https:\/\/katolicka-gimnazija.hr\/wp-content\/uploads\/2017\/05\/18136588_742515575928379_546520786_n-1024x682.jpg 1024w, https:\/\/katolicka-gimnazija.hr\/wp-content\/uploads\/2017\/05\/18136588_742515575928379_546520786_n-360x240.jpg 360w, https:\/\/katolicka-gimnazija.hr\/wp-content\/uploads\/2017\/05\/18136588_742515575928379_546520786_n-750x500.jpg 750w, https:\/\/katolicka-gimnazija.hr\/wp-content\/uploads\/2017\/05\/18136588_742515575928379_546520786_n-400x266.jpg 400w, https:\/\/katolicka-gimnazija.hr\/wp-content\/uploads\/2017\/05\/18136588_742515575928379_546520786_n-430x286.jpg 430w, https:\/\/katolicka-gimnazija.hr\/wp-content\/uploads\/2017\/05\/18136588_742515575928379_546520786_n-150x100.jpg 150w, https:\/\/katolicka-gimnazija.hr\/wp-content\/uploads\/2017\/05\/18136588_742515575928379_546520786_n-100x67.jpg 100w, https:\/\/katolicka-gimnazija.hr\/wp-content\/uploads\/2017\/05\/18136588_742515575928379_546520786_n.jpg 1500w\" sizes=\"auto, (max-width: 300px) 100vw, 300px\" \/><\/a>\n\t\t\t<\/div><\/figure><figure class='gallery-item'>\n\t\t\t<div class='gallery-icon landscape'>\n\t\t\t\t<a href='https:\/\/katolicka-gimnazija.hr\/wp-content\/uploads\/2017\/05\/18136288_742515392595064_1517709778_n.jpg'><img loading=\"lazy\" decoding=\"async\" width=\"300\" height=\"200\" src=\"https:\/\/katolicka-gimnazija.hr\/wp-content\/uploads\/2017\/05\/18136288_742515392595064_1517709778_n-300x200.jpg\" class=\"attachment-medium size-medium\" alt=\"\" srcset=\"https:\/\/katolicka-gimnazija.hr\/wp-content\/uploads\/2017\/05\/18136288_742515392595064_1517709778_n-300x200.jpg 300w, https:\/\/katolicka-gimnazija.hr\/wp-content\/uploads\/2017\/05\/18136288_742515392595064_1517709778_n-768x511.jpg 768w, https:\/\/katolicka-gimnazija.hr\/wp-content\/uploads\/2017\/05\/18136288_742515392595064_1517709778_n-1024x682.jpg 1024w, https:\/\/katolicka-gimnazija.hr\/wp-content\/uploads\/2017\/05\/18136288_742515392595064_1517709778_n-360x240.jpg 360w, https:\/\/katolicka-gimnazija.hr\/wp-content\/uploads\/2017\/05\/18136288_742515392595064_1517709778_n-750x500.jpg 750w, https:\/\/katolicka-gimnazija.hr\/wp-content\/uploads\/2017\/05\/18136288_742515392595064_1517709778_n-400x266.jpg 400w, https:\/\/katolicka-gimnazija.hr\/wp-content\/uploads\/2017\/05\/18136288_742515392595064_1517709778_n-430x286.jpg 430w, https:\/\/katolicka-gimnazija.hr\/wp-content\/uploads\/2017\/05\/18136288_742515392595064_1517709778_n-150x100.jpg 150w, https:\/\/katolicka-gimnazija.hr\/wp-content\/uploads\/2017\/05\/18136288_742515392595064_1517709778_n-100x67.jpg 100w, https:\/\/katolicka-gimnazija.hr\/wp-content\/uploads\/2017\/05\/18136288_742515392595064_1517709778_n.jpg 1500w\" sizes=\"auto, (max-width: 300px) 100vw, 300px\" \/><\/a>\n\t\t\t<\/div><\/figure><figure class='gallery-item'>\n\t\t\t<div class='gallery-icon landscape'>\n\t\t\t\t<a href='https:\/\/katolicka-gimnazija.hr\/wp-content\/uploads\/2017\/05\/18136692_742515662595037_967340333_n.jpg'><img loading=\"lazy\" decoding=\"async\" width=\"300\" height=\"200\" src=\"https:\/\/katolicka-gimnazija.hr\/wp-content\/uploads\/2017\/05\/18136692_742515662595037_967340333_n-300x200.jpg\" class=\"attachment-medium size-medium\" alt=\"\" srcset=\"https:\/\/katolicka-gimnazija.hr\/wp-content\/uploads\/2017\/05\/18136692_742515662595037_967340333_n-300x200.jpg 300w, https:\/\/katolicka-gimnazija.hr\/wp-content\/uploads\/2017\/05\/18136692_742515662595037_967340333_n-768x511.jpg 768w, https:\/\/katolicka-gimnazija.hr\/wp-content\/uploads\/2017\/05\/18136692_742515662595037_967340333_n-1024x682.jpg 1024w, https:\/\/katolicka-gimnazija.hr\/wp-content\/uploads\/2017\/05\/18136692_742515662595037_967340333_n-360x240.jpg 360w, https:\/\/katolicka-gimnazija.hr\/wp-content\/uploads\/2017\/05\/18136692_742515662595037_967340333_n-750x500.jpg 750w, https:\/\/katolicka-gimnazija.hr\/wp-content\/uploads\/2017\/05\/18136692_742515662595037_967340333_n-400x266.jpg 400w, https:\/\/katolicka-gimnazija.hr\/wp-content\/uploads\/2017\/05\/18136692_742515662595037_967340333_n-430x286.jpg 430w, https:\/\/katolicka-gimnazija.hr\/wp-content\/uploads\/2017\/05\/18136692_742515662595037_967340333_n-150x100.jpg 150w, https:\/\/katolicka-gimnazija.hr\/wp-content\/uploads\/2017\/05\/18136692_742515662595037_967340333_n-100x67.jpg 100w, https:\/\/katolicka-gimnazija.hr\/wp-content\/uploads\/2017\/05\/18136692_742515662595037_967340333_n.jpg 1500w\" sizes=\"auto, (max-width: 300px) 100vw, 300px\" \/><\/a>\n\t\t\t<\/div><\/figure><figure class='gallery-item'>\n\t\t\t<div class='gallery-icon landscape'>\n\t\t\t\t<a href='https:\/\/katolicka-gimnazija.hr\/wp-content\/uploads\/2017\/05\/18073531_742515675928369_1665111875_n.jpg'><img loading=\"lazy\" decoding=\"async\" width=\"300\" height=\"200\" src=\"https:\/\/katolicka-gimnazija.hr\/wp-content\/uploads\/2017\/05\/18073531_742515675928369_1665111875_n-300x200.jpg\" class=\"attachment-medium size-medium\" alt=\"\" srcset=\"https:\/\/katolicka-gimnazija.hr\/wp-content\/uploads\/2017\/05\/18073531_742515675928369_1665111875_n-300x200.jpg 300w, https:\/\/katolicka-gimnazija.hr\/wp-content\/uploads\/2017\/05\/18073531_742515675928369_1665111875_n-768x511.jpg 768w, https:\/\/katolicka-gimnazija.hr\/wp-content\/uploads\/2017\/05\/18073531_742515675928369_1665111875_n-1024x682.jpg 1024w, https:\/\/katolicka-gimnazija.hr\/wp-content\/uploads\/2017\/05\/18073531_742515675928369_1665111875_n-360x240.jpg 360w, https:\/\/katolicka-gimnazija.hr\/wp-content\/uploads\/2017\/05\/18073531_742515675928369_1665111875_n-750x500.jpg 750w, https:\/\/katolicka-gimnazija.hr\/wp-content\/uploads\/2017\/05\/18073531_742515675928369_1665111875_n-400x266.jpg 400w, https:\/\/katolicka-gimnazija.hr\/wp-content\/uploads\/2017\/05\/18073531_742515675928369_1665111875_n-430x286.jpg 430w, https:\/\/katolicka-gimnazija.hr\/wp-content\/uploads\/2017\/05\/18073531_742515675928369_1665111875_n-150x100.jpg 150w, https:\/\/katolicka-gimnazija.hr\/wp-content\/uploads\/2017\/05\/18073531_742515675928369_1665111875_n-100x67.jpg 100w, https:\/\/katolicka-gimnazija.hr\/wp-content\/uploads\/2017\/05\/18073531_742515675928369_1665111875_n.jpg 1500w\" sizes=\"auto, (max-width: 300px) 100vw, 300px\" \/><\/a>\n\t\t\t<\/div><\/figure><figure class='gallery-item'>\n\t\t\t<div class='gallery-icon landscape'>\n\t\t\t\t<a href='https:\/\/katolicka-gimnazija.hr\/wp-content\/uploads\/2017\/05\/18110713_742515539261716_1803719685_n.jpg'><img loading=\"lazy\" decoding=\"async\" width=\"300\" height=\"200\" src=\"https:\/\/katolicka-gimnazija.hr\/wp-content\/uploads\/2017\/05\/18110713_742515539261716_1803719685_n-300x200.jpg\" class=\"attachment-medium size-medium\" alt=\"\" srcset=\"https:\/\/katolicka-gimnazija.hr\/wp-content\/uploads\/2017\/05\/18110713_742515539261716_1803719685_n-300x200.jpg 300w, https:\/\/katolicka-gimnazija.hr\/wp-content\/uploads\/2017\/05\/18110713_742515539261716_1803719685_n-768x511.jpg 768w, https:\/\/katolicka-gimnazija.hr\/wp-content\/uploads\/2017\/05\/18110713_742515539261716_1803719685_n-1024x682.jpg 1024w, https:\/\/katolicka-gimnazija.hr\/wp-content\/uploads\/2017\/05\/18110713_742515539261716_1803719685_n-360x240.jpg 360w, https:\/\/katolicka-gimnazija.hr\/wp-content\/uploads\/2017\/05\/18110713_742515539261716_1803719685_n-750x500.jpg 750w, https:\/\/katolicka-gimnazija.hr\/wp-content\/uploads\/2017\/05\/18110713_742515539261716_1803719685_n-400x266.jpg 400w, https:\/\/katolicka-gimnazija.hr\/wp-content\/uploads\/2017\/05\/18110713_742515539261716_1803719685_n-430x286.jpg 430w, https:\/\/katolicka-gimnazija.hr\/wp-content\/uploads\/2017\/05\/18110713_742515539261716_1803719685_n-150x100.jpg 150w, https:\/\/katolicka-gimnazija.hr\/wp-content\/uploads\/2017\/05\/18110713_742515539261716_1803719685_n-100x67.jpg 100w, https:\/\/katolicka-gimnazija.hr\/wp-content\/uploads\/2017\/05\/18110713_742515539261716_1803719685_n.jpg 1500w\" sizes=\"auto, (max-width: 300px) 100vw, 300px\" \/><\/a>\n\t\t\t<\/div><\/figure><figure class='gallery-item'>\n\t\t\t<div class='gallery-icon landscape'>\n\t\t\t\t<a href='https:\/\/katolicka-gimnazija.hr\/wp-content\/uploads\/2017\/05\/18110659_742515565928380_31155789_n.jpg'><img loading=\"lazy\" decoding=\"async\" width=\"300\" height=\"200\" src=\"https:\/\/katolicka-gimnazija.hr\/wp-content\/uploads\/2017\/05\/18110659_742515565928380_31155789_n-300x200.jpg\" class=\"attachment-medium size-medium\" alt=\"\" srcset=\"https:\/\/katolicka-gimnazija.hr\/wp-content\/uploads\/2017\/05\/18110659_742515565928380_31155789_n-300x200.jpg 300w, https:\/\/katolicka-gimnazija.hr\/wp-content\/uploads\/2017\/05\/18110659_742515565928380_31155789_n-768x511.jpg 768w, https:\/\/katolicka-gimnazija.hr\/wp-content\/uploads\/2017\/05\/18110659_742515565928380_31155789_n-1024x682.jpg 1024w, https:\/\/katolicka-gimnazija.hr\/wp-content\/uploads\/2017\/05\/18110659_742515565928380_31155789_n-360x240.jpg 360w, https:\/\/katolicka-gimnazija.hr\/wp-content\/uploads\/2017\/05\/18110659_742515565928380_31155789_n-750x500.jpg 750w, https:\/\/katolicka-gimnazija.hr\/wp-content\/uploads\/2017\/05\/18110659_742515565928380_31155789_n-400x266.jpg 400w, https:\/\/katolicka-gimnazija.hr\/wp-content\/uploads\/2017\/05\/18110659_742515565928380_31155789_n-430x286.jpg 430w, https:\/\/katolicka-gimnazija.hr\/wp-content\/uploads\/2017\/05\/18110659_742515565928380_31155789_n-150x100.jpg 150w, https:\/\/katolicka-gimnazija.hr\/wp-content\/uploads\/2017\/05\/18110659_742515565928380_31155789_n-100x67.jpg 100w, https:\/\/katolicka-gimnazija.hr\/wp-content\/uploads\/2017\/05\/18110659_742515565928380_31155789_n.jpg 1500w\" sizes=\"auto, (max-width: 300px) 100vw, 300px\" \/><\/a>\n\t\t\t<\/div><\/figure><figure class='gallery-item'>\n\t\t\t<div class='gallery-icon landscape'>\n\t\t\t\t<a href='https:\/\/katolicka-gimnazija.hr\/wp-content\/uploads\/2017\/05\/DSC_0014.jpg'><img loading=\"lazy\" decoding=\"async\" width=\"300\" height=\"200\" src=\"https:\/\/katolicka-gimnazija.hr\/wp-content\/uploads\/2017\/05\/DSC_0014-300x200.jpg\" class=\"attachment-medium size-medium\" alt=\"\" srcset=\"https:\/\/katolicka-gimnazija.hr\/wp-content\/uploads\/2017\/05\/DSC_0014-300x200.jpg 300w, https:\/\/katolicka-gimnazija.hr\/wp-content\/uploads\/2017\/05\/DSC_0014-768x512.jpg 768w, https:\/\/katolicka-gimnazija.hr\/wp-content\/uploads\/2017\/05\/DSC_0014-1024x683.jpg 1024w, https:\/\/katolicka-gimnazija.hr\/wp-content\/uploads\/2017\/05\/DSC_0014-360x240.jpg 360w, https:\/\/katolicka-gimnazija.hr\/wp-content\/uploads\/2017\/05\/DSC_0014-750x500.jpg 750w, https:\/\/katolicka-gimnazija.hr\/wp-content\/uploads\/2017\/05\/DSC_0014-400x267.jpg 400w, https:\/\/katolicka-gimnazija.hr\/wp-content\/uploads\/2017\/05\/DSC_0014-430x287.jpg 430w, https:\/\/katolicka-gimnazija.hr\/wp-content\/uploads\/2017\/05\/DSC_0014-150x100.jpg 150w, https:\/\/katolicka-gimnazija.hr\/wp-content\/uploads\/2017\/05\/DSC_0014-100x67.jpg 100w, https:\/\/katolicka-gimnazija.hr\/wp-content\/uploads\/2017\/05\/DSC_0014.jpg 1500w\" sizes=\"auto, (max-width: 300px) 100vw, 300px\" \/><\/a>\n\t\t\t<\/div><\/figure>\n\t\t<\/div>\n\n","protected":false},"excerpt":{"rendered":"<p>Ovo \u0107emo prolje\u0107e pamtiti i po prvim u\u010denicama koje su nas predstavljale na dr\u017eavnom natjecanju u sportu, to\u010dnije badmintonu. Pod vostvom profesora Marija Ragu\u017ea to su bile u\u010denice 2.b razreda Tara Stipanovi\u0107, Iva Budimir, Ela E\u0161egovi\u0107 i Katarina Puhari\u0107 predstavljale. One su se 23. travnja zajedno s Novom Gradi\u0161kom, Na\u0161icama, Orahovicom i susjednom nam gimnazijom [&hellip;]<\/p>\n","protected":false},"author":1,"featured_media":9737,"comment_status":"closed","ping_status":"closed","sticky":false,"template":"","format":"standard","meta":{"footnotes":""},"categories":[4,2],"tags":[],"class_list":["post-9730","post","type-post","status-publish","format-standard","has-post-thumbnail","hentry","category-fotogalerije","category-vijesti"],"_links":{"self":[{"href":"https:\/\/katolicka-gimnazija.hr\/index.php\/wp-json\/wp\/v2\/posts\/9730","targetHints":{"allow":["GET"]}}],"collection":[{"href":"https:\/\/katolicka-gimnazija.hr\/index.php\/wp-json\/wp\/v2\/posts"}],"about":[{"href":"https:\/\/katolicka-gimnazija.hr\/index.php\/wp-json\/wp\/v2\/types\/post"}],"author":[{"embeddable":true,"href":"https:\/\/katolicka-gimnazija.hr\/index.php\/wp-json\/wp\/v2\/users\/1"}],"replies":[{"embeddable":true,"href":"https:\/\/katolicka-gimnazija.hr\/index.php\/wp-json\/wp\/v2\/comments?post=9730"}],"version-history":[{"count":2,"href":"https:\/\/katolicka-gimnazija.hr\/index.php\/wp-json\/wp\/v2\/posts\/9730\/revisions"}],"predecessor-version":[{"id":14847,"href":"https:\/\/katolicka-gimnazija.hr\/index.php\/wp-json\/wp\/v2\/posts\/9730\/revisions\/14847"}],"wp:featuredmedia":[{"embeddable":true,"href":"https:\/\/katolicka-gimnazija.hr\/index.php\/wp-json\/wp\/v2\/media\/9737"}],"wp:attachment":[{"href":"https:\/\/katolicka-gimnazija.hr\/index.php\/wp-json\/wp\/v2\/media?parent=9730"}],"wp:term":[{"taxonomy":"category","embeddable":true,"href":"https:\/\/katolicka-gimnazija.hr\/index.php\/wp-json\/wp\/v2\/categories?post=9730"},{"taxonomy":"post_tag","embeddable":true,"href":"https:\/\/katolicka-gimnazija.hr\/index.php\/wp-json\/wp\/v2\/tags?post=9730"}],"curies":[{"name":"wp","href":"https:\/\/api.w.org\/{rel}","templated":true}]}}